{"id":309447,"date":"2024-03-25T12:31:47","date_gmt":"2024-03-25T11:31:47","guid":{"rendered":"https:\/\/www.sideaita.it\/?p=309447"},"modified":"2025-06-18T17:03:57","modified_gmt":"2025-06-18T15:03:57","slug":"interview-mit-michael-tisselli-neue-fitness-boutique-in-cesena","status":"publish","type":"post","link":"https:\/\/www.sideaita.it\/de\/2024\/03\/25\/intervista-a-michael-tisselli-nuova-fitness-boutique-a-cesena\/","title":{"rendered":"Interview mit Michael Tisselli - Neue Fitness-Boutique in Cesena"},"content":{"rendered":"<p style=\"text-align: center;\"><strong>In der Via Plauto in Cesena richten wir einen interessanten Raum ein, der dem Training gewidmet ist. Geleitet wird diese innovative Fitnessboutique, die im April er\u00f6ffnet wird, von Michael Tisselli, einem jungen Unternehmer, der seine Leidenschaft f\u00fcr das Training in einen erfolgreichen Beruf verwandelt hat. Wir hatten das Vergn\u00fcgen, uns mit Michael zusammenzusetzen, um \u00fcber sein neues Projekt und seine Vision von k\u00f6rperlichem Training zu sprechen.<\/strong><\/p>\n<p style=\"text-align: left;\"><strong><span style=\"font-size: 110%;\"><em>F: Michael, k\u00f6nnen Sie uns erz\u00e4hlen, wie Sie Ihre Reise in die Fitnesswelt begonnen haben?<\/em><\/span><br \/>\n<\/strong>Mein Abenteuer begann in meiner Garage zu Hause, wo ich ein kleines Fitnessstudio einrichtete. Da ich schon immer eine Leidenschaft f\u00fcr K\u00f6rperkultur hatte, wollte ich einen Raum schaffen, in dem ich meine Leidenschaft mit anderen teilen konnte. Nach Jahren des Engagements und der harten Arbeit konnte ich meinen Traum von der Er\u00f6ffnung dieses neuen Raums verwirklichen.<\/p>\n<p style=\"text-align: left;\"><strong><span style=\"font-size: 110%;\"><em>F: Was sind die wichtigsten Merkmale dieser neuen Realit\u00e4t?<\/em><\/span><br \/>\n<\/strong>Ich dachte an eine Fitness-Boutique, in der auf die kleinsten Details geachtet wird, von der Vollst\u00e4ndigkeit der Ausr\u00fcstung bis zur individuellen Gestaltung der Trainingseinheiten. Wir wollen den Kunden ein H\u00f6chstma\u00df an Qualit\u00e4t bieten, sowohl in Bezug auf das Einzeltraining und die kleinen Gruppen als auch in Bezug auf die Pflege der Umgebung. Die Umgebung ist ein wesentlicher Bestandteil des Trainingserlebnisses. Ich liebe zwar ein spartanisches und intensives Training, bin aber der Meinung, dass dies nicht mit einer ungeeigneten und ungepflegten Umgebung einhergehen muss.<\/p>\n\t<div class=\"img has-hover x md-x lg-x y md-y lg-y\" id=\"image_1699332796\">\n\t\t\t\t\t\t\t\t<div class=\"img-inner dark\" data-no-translation=\"\" >\n\t\t\t<img loading=\"lazy\" decoding=\"async\" width=\"1920\" height=\"1000\" src=\"https:\/\/www.sideaita.it\/wp-content\/uploads\/2024\/03\/zona-living-blog-hybrid-training-michael-tissellii.jpg\" class=\"attachment-original size-original\" alt=\"zona living blog hybrid training michael tissellii\" srcset=\"https:\/\/www.sideaita.it\/wp-content\/uploads\/2024\/03\/zona-living-blog-hybrid-training-michael-tissellii.jpg 1920w, https:\/\/www.sideaita.it\/wp-content\/uploads\/2024\/03\/zona-living-blog-hybrid-training-michael-tissellii-768x400.jpg 768w, https:\/\/www.sideaita.it\/wp-content\/uploads\/2024\/03\/zona-living-blog-hybrid-training-michael-tissellii-1400x729.jpg 1400w, https:\/\/www.sideaita.it\/wp-content\/uploads\/2024\/03\/zona-living-blog-hybrid-training-michael-tissellii-1536x800.jpg 1536w, https:\/\/www.sideaita.it\/wp-content\/uploads\/2024\/03\/zona-living-blog-hybrid-training-michael-tissellii-700x365.jpg 700w\" sizes=\"auto, (max-width: 1920px) 100vw, 1920px\" data-no-translation=\"\" \/>\t\t\t\t\t\t\n\t\t\t\t\t<\/div>\n\t\t\t\t\t\t\t\t\n<style>\n#image_1699332796 {\n  width: 100%;\n}\n<\/style>\n\t<\/div>\n\t\n<p>&nbsp;<\/p>\n<p><strong><span style=\"font-size: 110%;\"><em>F: Welche Art von Training bevorzugen Sie und was sind Ihre Inspirationsquellen?<\/em><\/span><br \/>\n<\/strong>Meine Leidenschaft gilt dem Krafttraining in all seinen Facetten: vom Leistungstraining \u00fcber Wellness bis hin zur \u00c4sthetik. Es ist jedoch wichtig, das Training in einem gr\u00f6\u00dferen Rahmen zu sehen, einschlie\u00dflich der Entwicklung des funktionellen Trainings. Diese Disziplin hat sich im Laufe der Zeit weiterentwickelt und verschiedene Methoden integriert, so dass man heute eher von einem hybriden Training sprechen kann, einem Trend, der Elemente des funktionellen Trainings, des Bodybuildings, des Kraftdreikampfs und des Ausdauertrainings miteinander verbindet. Dieser multidisziplin\u00e4re Ansatz zielt darauf ab, ein komplettes Training anzubieten, das die Ergebnisse optimiert.<\/p>\n\t<div class=\"img has-hover x md-x lg-x y md-y lg-y\" id=\"image_449591002\">\n\t\t\t\t\t\t\t\t<div class=\"img-inner dark\" data-no-translation=\"\" >\n\t\t\t<img loading=\"lazy\" decoding=\"async\" width=\"1920\" height=\"1000\" src=\"https:\/\/www.sideaita.it\/wp-content\/uploads\/2024\/03\/high-performance-blog-hybrid-training-michael-tissellii.jpg\" class=\"attachment-original size-original\" alt=\"high performance blog hybrid training michael tissellii\" srcset=\"https:\/\/www.sideaita.it\/wp-content\/uploads\/2024\/03\/high-performance-blog-hybrid-training-michael-tissellii.jpg 1920w, https:\/\/www.sideaita.it\/wp-content\/uploads\/2024\/03\/high-performance-blog-hybrid-training-michael-tissellii-768x400.jpg 768w, https:\/\/www.sideaita.it\/wp-content\/uploads\/2024\/03\/high-performance-blog-hybrid-training-michael-tissellii-1400x729.jpg 1400w, https:\/\/www.sideaita.it\/wp-content\/uploads\/2024\/03\/high-performance-blog-hybrid-training-michael-tissellii-1536x800.jpg 1536w, https:\/\/www.sideaita.it\/wp-content\/uploads\/2024\/03\/high-performance-blog-hybrid-training-michael-tissellii-700x365.jpg 700w\" sizes=\"auto, (max-width: 1920px) 100vw, 1920px\" data-no-translation=\"\" \/>\t\t\t\t\t\t\n\t\t\t\t\t<\/div>\n\t\t\t\t\t\t\t\t\n<style>\n#image_449591002 {\n  width: 100%;\n}\n<\/style>\n\t<\/div>\n\t\n<p>&nbsp;<\/p>\n<p><strong><span style=\"font-size: 110%;\"><em>F: Wie sehen Sie die Entwicklung von Fitness und k\u00f6rperlichem Training?<\/em><\/span><br \/>\n<\/strong>Die Entwicklung vom funktionellen und \u00fcbergreifenden Training zum Hybridtraining spiegelt eine Erweiterung des Konzepts des Fitness- und Athletiktrainings wider. Wir erleben eine Verlagerung vom rein funktionellen oder spezialisierten Training hin zu einem noch breiteren Ansatz. Diese Entwicklungen gehen auf die Bed\u00fcrfnisse jedes einzelnen Athleten oder Trainierenden ein und unterstreichen die Bedeutung einer ausgewogenen Vorbereitung, die unterschiedlichen k\u00f6rperlichen Herausforderungen gerecht wird. Auch wenn das Krafttraining nach wie vor von zentraler Bedeutung ist, scheint es ebenso wichtig zu sein, die Bewegung zu trainieren.<\/p>\n\t<div class=\"img has-hover x md-x lg-x y md-y lg-y\" id=\"image_783412336\">\n\t\t\t\t\t\t\t\t<div class=\"img-inner dark\" data-no-translation=\"\" >\n\t\t\t<img loading=\"lazy\" decoding=\"async\" width=\"1920\" height=\"1000\" src=\"https:\/\/www.sideaita.it\/wp-content\/uploads\/2024\/03\/outrace-blog-hybrid-training-michael-tisselli.jpg\" class=\"attachment-original size-original\" alt=\"outrace blog hybrid training michael tisselli\" srcset=\"https:\/\/www.sideaita.it\/wp-content\/uploads\/2024\/03\/outrace-blog-hybrid-training-michael-tisselli.jpg 1920w, https:\/\/www.sideaita.it\/wp-content\/uploads\/2024\/03\/outrace-blog-hybrid-training-michael-tisselli-768x400.jpg 768w, https:\/\/www.sideaita.it\/wp-content\/uploads\/2024\/03\/outrace-blog-hybrid-training-michael-tisselli-1400x729.jpg 1400w, https:\/\/www.sideaita.it\/wp-content\/uploads\/2024\/03\/outrace-blog-hybrid-training-michael-tisselli-1536x800.jpg 1536w, https:\/\/www.sideaita.it\/wp-content\/uploads\/2024\/03\/outrace-blog-hybrid-training-michael-tisselli-700x365.jpg 700w\" sizes=\"auto, (max-width: 1920px) 100vw, 1920px\" data-no-translation=\"\" \/>\t\t\t\t\t\t\n\t\t\t\t\t<\/div>\n\t\t\t\t\t\t\t\t\n<style>\n#image_783412336 {\n  width: 100%;\n}\n<\/style>\n\t<\/div>\n\t\n<p>&nbsp;<\/p>\n<p><strong><span style=\"font-size: 110%;\"><em>F: Handelt es sich bei Iron Paradise tats\u00e4chlich um eine Boutique f\u00fcr Krafttraining, die sich durch freie, der Bewegung gewidmete R\u00e4ume auszeichnet? \u00a0\u00a0<\/em><\/span><br \/>\n<\/strong>Ja, ich konnte meine Leidenschaft f\u00fcr das Eisen nicht verleugnen, daher der Name, aber gleichzeitig war es notwendig, einen speziellen Raum mit gepolstertem Kunstrasen f\u00fcr das Bewegungstraining zu schaffen. Das Training der Bewegung geht \u00fcber die Ausf\u00fchrung von \u00dcbungen auf Laufb\u00e4ndern oder \u00e4hnlichen Ger\u00e4ten hinaus.<\/p>\n<p>Es ist wichtig, die grundlegenden Bewegungsmuster zu reaktivieren, die f\u00fcr die Verbesserung des allgemeinen Wohlbefindens und die Optimierung der k\u00f6rperlichen Leistungsf\u00e4higkeit grundlegend sind. Dieser Ansatz erfordert nicht nur aerobe Ausdauer, sondern auch die F\u00e4higkeit, sich im Raum zu bewegen, indem man hochintensive multiplanare \u00dcbungen durchf\u00fchrt. Solche Bewegungen, die mit oder ohne \u00dcberlastungen durchgef\u00fchrt werden k\u00f6nnen, sind entscheidend f\u00fcr eine umfassende Stimulation des K\u00f6rpers, die die Beweglichkeit der Gelenke, die Propriozeption, die Beweglichkeit, das Gleichgewicht, die Koordination und damit die Kraft f\u00f6rdert und h\u00e4ufig wiederherstellt. Auch ein Gro\u00dfteil des psychophysischen Wohlbefindens h\u00e4ngt von diesen Faktoren ab.<\/p>\n\t<div class=\"img has-hover x md-x lg-x y md-y lg-y\" id=\"image_366720748\">\n\t\t\t\t\t\t\t\t<div class=\"img-inner dark\" data-no-translation=\"\" >\n\t\t\t<img loading=\"lazy\" decoding=\"async\" width=\"2400\" height=\"750\" src=\"https:\/\/www.sideaita.it\/wp-content\/uploads\/2024\/03\/formato-diverso-zona-living-blog-hybrid-training-michael-tissellii.jpg\" class=\"attachment-original size-original\" alt=\"formato diverso zona living blog hybrid training michael tissellii\" srcset=\"https:\/\/www.sideaita.it\/wp-content\/uploads\/2024\/03\/formato-diverso-zona-living-blog-hybrid-training-michael-tissellii.jpg 2400w, https:\/\/www.sideaita.it\/wp-content\/uploads\/2024\/03\/formato-diverso-zona-living-blog-hybrid-training-michael-tissellii-800x250.jpg 800w, https:\/\/www.sideaita.it\/wp-content\/uploads\/2024\/03\/formato-diverso-zona-living-blog-hybrid-training-michael-tissellii-1400x438.jpg 1400w, https:\/\/www.sideaita.it\/wp-content\/uploads\/2024\/03\/formato-diverso-zona-living-blog-hybrid-training-michael-tissellii-768x240.jpg 768w, https:\/\/www.sideaita.it\/wp-content\/uploads\/2024\/03\/formato-diverso-zona-living-blog-hybrid-training-michael-tissellii-1536x480.jpg 1536w, https:\/\/www.sideaita.it\/wp-content\/uploads\/2024\/03\/formato-diverso-zona-living-blog-hybrid-training-michael-tissellii-2048x640.jpg 2048w, https:\/\/www.sideaita.it\/wp-content\/uploads\/2024\/03\/formato-diverso-zona-living-blog-hybrid-training-michael-tissellii-700x219.jpg 700w\" sizes=\"auto, (max-width: 2400px) 100vw, 2400px\" data-no-translation=\"\" \/>\t\t\t\t\t\t\n\t\t\t\t\t<\/div>\n\t\t\t\t\t\t\t\t\n<style>\n#image_366720748 {\n  width: 100%;\n}\n<\/style>\n\t<\/div>\n\t\n<p>&nbsp;<\/p>\n<p><strong><span style=\"font-size: 110%;\"><em>F: Was sind Ihre Ziele f\u00fcr die Zukunft?<\/em><\/span><br \/>\n<\/strong>Mein Hauptziel ist es, eine Gemeinschaft von Menschen zu schaffen, die eine Leidenschaft f\u00fcr Training und k\u00f6rperliches Wohlbefinden teilen. Ich m\u00f6chte auch, dass unsere R\u00e4umlichkeiten nicht nur ein Ort sind, an dem man trainieren kann, sondern auch ein Treffpunkt, an dem man sich motiviert und inspiriert f\u00fchlen kann, einen gesunden, aktiven Lebensstil zu f\u00fchren, bevor man Leistung erbringt. Die Er\u00f6ffnung unserer Fitness-Boutique in Cesena ist nur der Anfang dieser aufregenden Reise.<\/p>\n<p>&nbsp;<\/p>\n<p style=\"text-align: center;\"><em>Sidea und Michael Tisselli<\/em><\/p>\n<a data-animate=\"fadeInRight\" href=\"https:\/\/www.instagram.com\/iron_paradise_ptstudio\/\" target=\"_blank\" class=\"button success is-outline box-shadow-3 expand\" rel=\"noopener\" style=\"border-radius:99px;\">\n\t<i class=\"icon-instagram\" aria-hidden=\"true\"><\/i>\t<span>EISENPARADIES<\/span>\n\t<\/a>\n\n<div class=\"video video-fit mb\" style=\"padding-top:56.25%;\"><p><iframe loading=\"lazy\" title=\"...Vom Render zur Realit\u00e4t...\" width=\"1020\" height=\"574\" src=\"https:\/\/www.youtube.com\/embed\/SC6P_4kbXes?feature=oembed&#038;enablejsapi=1&#038;origin=https:\/\/www.sideaita.it\" frameborder=\"0\" allow=\"accelerometer; autoplay; clipboard-write; encrypted-media; gyroscope; picture-in-picture; web-share\" referrerpolicy=\"strict-origin-when-cross-origin\" allowfullscreen><\/iframe><\/p>\n<\/div>\n\n  <div class=\"banner has-hover\" id=\"banner-371194341\">\n          <div class=\"banner-inner fill\">\n        <div class=\"banner-bg fill\" >\n            <img loading=\"lazy\" decoding=\"async\" width=\"1020\" height=\"319\" src=\"https:\/\/www.sideaita.it\/wp-content\/uploads\/2024\/02\/COPERTINA-MAILING-DISCHI-DA-PL-2--1400x438.jpg\" class=\"bg attachment-large size-large\" alt=\"ABDECKUNG DER POSTWURFSENDUNGEN VON PL 2\" \/>                        <div class=\"overlay\"><\/div>            \n                    <\/div>\n\t\t\n        <div class=\"banner-layers container\">\n            <div class=\"fill banner-link\"><\/div>            \n   <div id=\"text-box-1406635768\" class=\"text-box banner-layer x50 md-x50 lg-x50 y50 md-y50 lg-y50 res-text\">\n                                <div class=\"text-box-content text dark\">\n              \n              <div class=\"text-inner text-center\">\n                  \n\t<div id=\"text-1675821879\" class=\"text\">\n\t\t\n<p><strong>NEWSLETTER SEITEA<\/strong><\/p>\n<p>Abonnieren Sie unseren Newsletter, um Neuigkeiten, Sonderangebote und Einblicke in die Welt von Sidea zu erhalten.<br \/>\n\t\t\n<style>\n#text-1675821879 {\n  font-size: 1.45rem;\n  line-height: 1.25;\n}\n<\/style>\n\t<\/div>\n\t\n<a href=\"http:\/\/eepurl.com\/iD9wQo\" class=\"button white is-outline is-large\" style=\"border-radius:26px;\">\n\t\t<span>JOIN<\/span>\n\t<\/a>\n\n              <\/div>\n           <\/div>\n                            \n<style>\n#text-box-1406635768 {\n  width: 60%;\n}\n#text-box-1406635768 .text-box-content {\n  font-size: 100%;\n}\n<\/style>\n    <\/div>\n \n        <\/div>\n      <\/div>\n\n            \n<style>\n#banner-371194341 {\n  padding-top: 300px;\n  background-color: rgb(0, 0, 0);\n}\n#banner-371194341 .overlay {\n  background-color: rgba(0, 0, 0, 0.669);\n}\n<\/style>\n  <\/div>","protected":false},"excerpt":{"rendered":"<p>In via Plauto, a Cesena, stiamo allestendo un interessante spazio dedicato all\u2019allenamento. A guidare questa innovativa fitness boutique, che aprir\u00e0 ad aprile, \u00e8 Michael Tisselli, un giovane imprenditore che ha trasformato la sua passione per il training in una professione di successo. Abbiamo avuto il piacere di sederci con Michael per discutere del suo nuovo [&#8230;]\n","protected":false},"author":3,"featured_media":313199,"comment_status":"closed","ping_status":"open","sticky":false,"template":"","format":"standard","meta":{"footnotes":""},"categories":[277],"tags":[278],"class_list":["post-309447","post","type-post","status-publish","format-standard","has-post-thumbnail","hentry","category-functional-training","tag-functional-training"],"yoast_head":"<!-- This site is optimized with the Yoast SEO Premium plugin v28.1 (Yoast SEO v28.1) - https:\/\/yoast.com\/product\/yoast-seo-premium-wordpress\/ -->\n<title>Intervista a Michael Tisselli - Nuova Fitness Boutique a Cesena - Sidea | Attrezzatura Fitness Professionale<\/title>\n<meta name=\"description\" content=\"stiamo allestendo un interessante spazio dedicato all\u2019allenamento. A guidare questa innovativa fitness boutique, che aprir\u00e0 ad aprile.\" \/>\n<meta name=\"robots\" content=\"index, follow, max-snippet:-1, max-image-preview:large, max-video-preview:-1\" \/>\n<link rel=\"canonical\" href=\"https:\/\/www.sideaita.it\/de\/2024\/03\/25\/interview-mit-michael-tisselli-neue-fitness-boutique-in-cesena\/\" \/>\n<meta property=\"og:locale\" content=\"de_DE\" \/>\n<meta property=\"og:type\" content=\"article\" \/>\n<meta property=\"og:title\" content=\"Intervista a Michael Tisselli - Nuova Fitness Boutique a Cesena\" \/>\n<meta property=\"og:description\" content=\"stiamo allestendo un interessante spazio dedicato all\u2019allenamento. A guidare questa innovativa fitness boutique, che aprir\u00e0 ad aprile.\" \/>\n<meta property=\"og:url\" content=\"https:\/\/www.sideaita.it\/de\/2024\/03\/25\/interview-mit-michael-tisselli-neue-fitness-boutique-in-cesena\/\" \/>\n<meta property=\"og:site_name\" content=\"Sidea | Attrezzatura Fitness Professionale\" \/>\n<meta property=\"article:publisher\" content=\"https:\/\/www.facebook.com\/sideaita\/\" \/>\n<meta property=\"article:published_time\" content=\"2024-03-25T11:31:47+00:00\" \/>\n<meta property=\"article:modified_time\" content=\"2025-06-18T15:03:57+00:00\" \/>\n<meta property=\"og:image\" content=\"https:\/\/www.sideaita.it\/wp-content\/uploads\/2024\/03\/fitness-boutique-high-performance-sled.jpg\" \/>\n\t<meta property=\"og:image:width\" content=\"1999\" \/>\n\t<meta property=\"og:image:height\" content=\"1333\" \/>\n\t<meta property=\"og:image:type\" content=\"image\/jpeg\" \/>\n<meta name=\"author\" content=\"Sidea\" \/>\n<meta name=\"twitter:card\" content=\"summary_large_image\" \/>\n<meta name=\"twitter:label1\" content=\"Verfasst von\" \/>\n\t<meta name=\"twitter:data1\" content=\"Sidea\" \/>\n\t<meta name=\"twitter:label2\" content=\"Gesch\u00e4tzte Lesezeit\" \/>\n\t<meta name=\"twitter:data2\" content=\"4\u00a0Minuten\" \/>\n<script type=\"application\/ld+json\" class=\"yoast-schema-graph\">{\"@context\":\"https:\\\/\\\/schema.org\",\"@graph\":[{\"@type\":\"Article\",\"@id\":\"https:\\\/\\\/www.sideaita.it\\\/2024\\\/03\\\/25\\\/intervista-a-michael-tisselli-nuova-fitness-boutique-a-cesena\\\/#article\",\"isPartOf\":{\"@id\":\"https:\\\/\\\/www.sideaita.it\\\/2024\\\/03\\\/25\\\/intervista-a-michael-tisselli-nuova-fitness-boutique-a-cesena\\\/\"},\"author\":{\"name\":\"Sidea\",\"@id\":\"https:\\\/\\\/www.sideaita.it\\\/#\\\/schema\\\/person\\\/dffac77f9ef1c6ee0bee663f15d9de31\"},\"headline\":\"Intervista a Michael Tisselli &#8211; Nuova Fitness Boutique a Cesena\",\"datePublished\":\"2024-03-25T11:31:47+00:00\",\"dateModified\":\"2025-06-18T15:03:57+00:00\",\"mainEntityOfPage\":{\"@id\":\"https:\\\/\\\/www.sideaita.it\\\/2024\\\/03\\\/25\\\/intervista-a-michael-tisselli-nuova-fitness-boutique-a-cesena\\\/\"},\"wordCount\":778,\"publisher\":{\"@id\":\"https:\\\/\\\/www.sideaita.it\\\/#organization\"},\"image\":{\"@id\":\"https:\\\/\\\/www.sideaita.it\\\/2024\\\/03\\\/25\\\/intervista-a-michael-tisselli-nuova-fitness-boutique-a-cesena\\\/#primaryimage\"},\"thumbnailUrl\":\"https:\\\/\\\/www.sideaita.it\\\/wp-content\\\/uploads\\\/2024\\\/03\\\/fitness-boutique-high-performance-sled.jpg\",\"keywords\":[\"functional training\"],\"articleSection\":[\"News Functional Training\"],\"inLanguage\":\"de\"},{\"@type\":\"WebPage\",\"@id\":\"https:\\\/\\\/www.sideaita.it\\\/2024\\\/03\\\/25\\\/intervista-a-michael-tisselli-nuova-fitness-boutique-a-cesena\\\/\",\"url\":\"https:\\\/\\\/www.sideaita.it\\\/2024\\\/03\\\/25\\\/intervista-a-michael-tisselli-nuova-fitness-boutique-a-cesena\\\/\",\"name\":\"Intervista a Michael Tisselli - Nuova Fitness Boutique a Cesena - Sidea | Attrezzatura Fitness Professionale\",\"isPartOf\":{\"@id\":\"https:\\\/\\\/www.sideaita.it\\\/#website\"},\"primaryImageOfPage\":{\"@id\":\"https:\\\/\\\/www.sideaita.it\\\/2024\\\/03\\\/25\\\/intervista-a-michael-tisselli-nuova-fitness-boutique-a-cesena\\\/#primaryimage\"},\"image\":{\"@id\":\"https:\\\/\\\/www.sideaita.it\\\/2024\\\/03\\\/25\\\/intervista-a-michael-tisselli-nuova-fitness-boutique-a-cesena\\\/#primaryimage\"},\"thumbnailUrl\":\"https:\\\/\\\/www.sideaita.it\\\/wp-content\\\/uploads\\\/2024\\\/03\\\/fitness-boutique-high-performance-sled.jpg\",\"datePublished\":\"2024-03-25T11:31:47+00:00\",\"dateModified\":\"2025-06-18T15:03:57+00:00\",\"description\":\"stiamo allestendo un interessante spazio dedicato all\u2019allenamento. A guidare questa innovativa fitness boutique, che aprir\u00e0 ad aprile.\",\"breadcrumb\":{\"@id\":\"https:\\\/\\\/www.sideaita.it\\\/2024\\\/03\\\/25\\\/intervista-a-michael-tisselli-nuova-fitness-boutique-a-cesena\\\/#breadcrumb\"},\"inLanguage\":\"de\",\"potentialAction\":[{\"@type\":\"ReadAction\",\"target\":[\"https:\\\/\\\/www.sideaita.it\\\/2024\\\/03\\\/25\\\/intervista-a-michael-tisselli-nuova-fitness-boutique-a-cesena\\\/\"]}]},{\"@type\":\"ImageObject\",\"inLanguage\":\"de\",\"@id\":\"https:\\\/\\\/www.sideaita.it\\\/2024\\\/03\\\/25\\\/intervista-a-michael-tisselli-nuova-fitness-boutique-a-cesena\\\/#primaryimage\",\"url\":\"https:\\\/\\\/www.sideaita.it\\\/wp-content\\\/uploads\\\/2024\\\/03\\\/fitness-boutique-high-performance-sled.jpg\",\"contentUrl\":\"https:\\\/\\\/www.sideaita.it\\\/wp-content\\\/uploads\\\/2024\\\/03\\\/fitness-boutique-high-performance-sled.jpg\",\"width\":1999,\"height\":1333,\"caption\":\"fitness boutique high performance sled\"},{\"@type\":\"BreadcrumbList\",\"@id\":\"https:\\\/\\\/www.sideaita.it\\\/2024\\\/03\\\/25\\\/intervista-a-michael-tisselli-nuova-fitness-boutique-a-cesena\\\/#breadcrumb\",\"itemListElement\":[{\"@type\":\"ListItem\",\"position\":1,\"name\":\"Home\",\"item\":\"https:\\\/\\\/www.sideaita.it\\\/\"},{\"@type\":\"ListItem\",\"position\":2,\"name\":\"Intervista a Michael Tisselli &#8211; Nuova Fitness Boutique a Cesena\"}]},{\"@type\":\"WebSite\",\"@id\":\"https:\\\/\\\/www.sideaita.it\\\/#website\",\"url\":\"https:\\\/\\\/www.sideaita.it\\\/\",\"name\":\"Sidea | Attrezzatura Fitness Professionale\",\"description\":\"SIDEA \u2013 Allenati, diventa pi\u00f9 forte, vivi meglio | Attrezzatura professionale per la preparazione fisica ed il functional training. Nata dalla passione per lo sport, sviluppata per le palestre.\",\"publisher\":{\"@id\":\"https:\\\/\\\/www.sideaita.it\\\/#organization\"},\"potentialAction\":[{\"@type\":\"SearchAction\",\"target\":{\"@type\":\"EntryPoint\",\"urlTemplate\":\"https:\\\/\\\/www.sideaita.it\\\/?s={search_term_string}\"},\"query-input\":{\"@type\":\"PropertyValueSpecification\",\"valueRequired\":true,\"valueName\":\"search_term_string\"}}],\"inLanguage\":\"de\"},{\"@type\":\"Organization\",\"@id\":\"https:\\\/\\\/www.sideaita.it\\\/#organization\",\"name\":\"Sidea Srl\",\"alternateName\":\"Sidea\",\"url\":\"https:\\\/\\\/www.sideaita.it\\\/\",\"logo\":{\"@type\":\"ImageObject\",\"inLanguage\":\"de\",\"@id\":\"https:\\\/\\\/www.sideaita.it\\\/#\\\/schema\\\/logo\\\/image\\\/\",\"url\":\"https:\\\/\\\/www.sideaita.it\\\/wp-content\\\/uploads\\\/2023\\\/06\\\/cropped-logo-solo-s-1440x1440-1.jpg\",\"contentUrl\":\"https:\\\/\\\/www.sideaita.it\\\/wp-content\\\/uploads\\\/2023\\\/06\\\/cropped-logo-solo-s-1440x1440-1.jpg\",\"width\":512,\"height\":512,\"caption\":\"Sidea Srl\"},\"image\":{\"@id\":\"https:\\\/\\\/www.sideaita.it\\\/#\\\/schema\\\/logo\\\/image\\\/\"},\"sameAs\":[\"https:\\\/\\\/www.facebook.com\\\/sideaita\\\/\",\"https:\\\/\\\/www.instagram.com\\\/sidea_fitness\\\/\",\"https:\\\/\\\/www.linkedin.com\\\/company\\\/sideafitness\\\/\",\"https:\\\/\\\/www.pinterest.it\\\/sideafitness\\\/\",\"https:\\\/\\\/www.youtube.com\\\/user\\\/FitnessIT\\\/\",\"https:\\\/\\\/www.tiktok.com\\\/@sidea_fitness\"],\"description\":\"SIDEA \u2013 Allenati, diventa pi\u00f9 forte, vivi meglio | Attrezzatura professionale per la preparazione fisica ed il functional training. Nata dalla passione per lo sport, sviluppata per le palestre.\",\"email\":\"sidea@sideaita.it\",\"legalName\":\"Sidea Srl\",\"vatID\":\"IT02693190403\",\"taxID\":\"IT02693190403\",\"hasMerchantReturnPolicy\":{\"@type\":\"MerchantReturnPolicy\",\"merchantReturnLink\":\"https:\\\/\\\/www.sideaita.it\\\/de\\\/termini-condizioni-di-vendita\\\/\"}},{\"@type\":\"Person\",\"@id\":\"https:\\\/\\\/www.sideaita.it\\\/#\\\/schema\\\/person\\\/dffac77f9ef1c6ee0bee663f15d9de31\",\"name\":\"Sidea\",\"image\":{\"@type\":\"ImageObject\",\"inLanguage\":\"de\",\"@id\":\"https:\\\/\\\/secure.gravatar.com\\\/avatar\\\/1f053fd372d4715dae69f2348830136846525c9c803cd9d3899b193518df4fe1?s=96&d=mm&r=g\",\"url\":\"https:\\\/\\\/secure.gravatar.com\\\/avatar\\\/1f053fd372d4715dae69f2348830136846525c9c803cd9d3899b193518df4fe1?s=96&d=mm&r=g\",\"contentUrl\":\"https:\\\/\\\/secure.gravatar.com\\\/avatar\\\/1f053fd372d4715dae69f2348830136846525c9c803cd9d3899b193518df4fe1?s=96&d=mm&r=g\",\"caption\":\"Sidea\"},\"sameAs\":[\"riccardo\"],\"url\":\"https:\\\/\\\/www.sideaita.it\\\/de\\\/author\\\/gioele\\\/\"}]}<\/script>\n<!-- \/ Yoast SEO Premium plugin. -->","yoast_head_json":{"title":"Interview mit Michael Tisselli - Neue Fitness Boutique in Cesena - Sidea | Professionelle Fitnessger\u00e4te","description":"richten wir einen interessanten Workout-Bereich ein. Wir leiten diese innovative Fitness-Boutique, die im April er\u00f6ffnet wird.","robots":{"index":"index","follow":"follow","max-snippet":"max-snippet:-1","max-image-preview":"max-image-preview:large","max-video-preview":"max-video-preview:-1"},"canonical":"https:\/\/www.sideaita.it\/de\/2024\/03\/25\/interview-mit-michael-tisselli-neue-fitness-boutique-in-cesena\/","og_locale":"de_DE","og_type":"article","og_title":"Intervista a Michael Tisselli - Nuova Fitness Boutique a Cesena","og_description":"stiamo allestendo un interessante spazio dedicato all\u2019allenamento. A guidare questa innovativa fitness boutique, che aprir\u00e0 ad aprile.","og_url":"https:\/\/www.sideaita.it\/de\/2024\/03\/25\/interview-mit-michael-tisselli-neue-fitness-boutique-in-cesena\/","og_site_name":"Sidea | Attrezzatura Fitness Professionale","article_publisher":"https:\/\/www.facebook.com\/sideaita\/","article_published_time":"2024-03-25T11:31:47+00:00","article_modified_time":"2025-06-18T15:03:57+00:00","og_image":[{"width":1999,"height":1333,"url":"https:\/\/www.sideaita.it\/wp-content\/uploads\/2024\/03\/fitness-boutique-high-performance-sled.jpg","type":"image\/jpeg"}],"author":"Sidea","twitter_card":"summary_large_image","twitter_misc":{"Verfasst von":"Sidea","Gesch\u00e4tzte Lesezeit":"4\u00a0Minuten"},"schema":{"@context":"https:\/\/schema.org","@graph":[{"@type":"Article","@id":"https:\/\/www.sideaita.it\/2024\/03\/25\/intervista-a-michael-tisselli-nuova-fitness-boutique-a-cesena\/#article","isPartOf":{"@id":"https:\/\/www.sideaita.it\/2024\/03\/25\/intervista-a-michael-tisselli-nuova-fitness-boutique-a-cesena\/"},"author":{"name":"Sidea","@id":"https:\/\/www.sideaita.it\/#\/schema\/person\/dffac77f9ef1c6ee0bee663f15d9de31"},"headline":"Intervista a Michael Tisselli &#8211; Nuova Fitness Boutique a Cesena","datePublished":"2024-03-25T11:31:47+00:00","dateModified":"2025-06-18T15:03:57+00:00","mainEntityOfPage":{"@id":"https:\/\/www.sideaita.it\/2024\/03\/25\/intervista-a-michael-tisselli-nuova-fitness-boutique-a-cesena\/"},"wordCount":778,"publisher":{"@id":"https:\/\/www.sideaita.it\/#organization"},"image":{"@id":"https:\/\/www.sideaita.it\/2024\/03\/25\/intervista-a-michael-tisselli-nuova-fitness-boutique-a-cesena\/#primaryimage"},"thumbnailUrl":"https:\/\/www.sideaita.it\/wp-content\/uploads\/2024\/03\/fitness-boutique-high-performance-sled.jpg","keywords":["functional training"],"articleSection":["News Functional Training"],"inLanguage":"de"},{"@type":"WebPage","@id":"https:\/\/www.sideaita.it\/2024\/03\/25\/intervista-a-michael-tisselli-nuova-fitness-boutique-a-cesena\/","url":"https:\/\/www.sideaita.it\/2024\/03\/25\/intervista-a-michael-tisselli-nuova-fitness-boutique-a-cesena\/","name":"Interview mit Michael Tisselli - Neue Fitness Boutique in Cesena - Sidea | Professionelle Fitnessger\u00e4te","isPartOf":{"@id":"https:\/\/www.sideaita.it\/#website"},"primaryImageOfPage":{"@id":"https:\/\/www.sideaita.it\/2024\/03\/25\/intervista-a-michael-tisselli-nuova-fitness-boutique-a-cesena\/#primaryimage"},"image":{"@id":"https:\/\/www.sideaita.it\/2024\/03\/25\/intervista-a-michael-tisselli-nuova-fitness-boutique-a-cesena\/#primaryimage"},"thumbnailUrl":"https:\/\/www.sideaita.it\/wp-content\/uploads\/2024\/03\/fitness-boutique-high-performance-sled.jpg","datePublished":"2024-03-25T11:31:47+00:00","dateModified":"2025-06-18T15:03:57+00:00","description":"richten wir einen interessanten Workout-Bereich ein. Wir leiten diese innovative Fitness-Boutique, die im April er\u00f6ffnet wird.","breadcrumb":{"@id":"https:\/\/www.sideaita.it\/2024\/03\/25\/intervista-a-michael-tisselli-nuova-fitness-boutique-a-cesena\/#breadcrumb"},"inLanguage":"de","potentialAction":[{"@type":"ReadAction","target":["https:\/\/www.sideaita.it\/2024\/03\/25\/intervista-a-michael-tisselli-nuova-fitness-boutique-a-cesena\/"]}]},{"@type":"ImageObject","inLanguage":"de","@id":"https:\/\/www.sideaita.it\/2024\/03\/25\/intervista-a-michael-tisselli-nuova-fitness-boutique-a-cesena\/#primaryimage","url":"https:\/\/www.sideaita.it\/wp-content\/uploads\/2024\/03\/fitness-boutique-high-performance-sled.jpg","contentUrl":"https:\/\/www.sideaita.it\/wp-content\/uploads\/2024\/03\/fitness-boutique-high-performance-sled.jpg","width":1999,"height":1333,"caption":"fitness boutique high performance sled"},{"@type":"BreadcrumbList","@id":"https:\/\/www.sideaita.it\/2024\/03\/25\/intervista-a-michael-tisselli-nuova-fitness-boutique-a-cesena\/#breadcrumb","itemListElement":[{"@type":"ListItem","position":1,"name":"Home","item":"https:\/\/www.sideaita.it\/"},{"@type":"ListItem","position":2,"name":"Intervista a Michael Tisselli &#8211; Nuova Fitness Boutique a Cesena"}]},{"@type":"WebSite","@id":"https:\/\/www.sideaita.it\/#website","url":"https:\/\/www.sideaita.it\/","name":"Sidea | Professionelle Fitnessger\u00e4te","description":"SIDEA - Trainieren, st\u00e4rker werden, besser leben | Professionelle Ausr\u00fcstung f\u00fcr k\u00f6rperliche Vorbereitung und funktionelles Training. Geboren aus einer Leidenschaft f\u00fcr den Sport, entwickelt f\u00fcr Fitnessstudios.","publisher":{"@id":"https:\/\/www.sideaita.it\/#organization"},"potentialAction":[{"@type":"SearchAction","target":{"@type":"EntryPoint","urlTemplate":"https:\/\/www.sideaita.it\/?s={search_term_string}"},"query-input":{"@type":"PropertyValueSpecification","valueRequired":true,"valueName":"search_term_string"}}],"inLanguage":"de"},{"@type":"Organization","@id":"https:\/\/www.sideaita.it\/#organization","name":"Sidea Srl","alternateName":"Sidea","url":"https:\/\/www.sideaita.it\/","logo":{"@type":"ImageObject","inLanguage":"de","@id":"https:\/\/www.sideaita.it\/#\/schema\/logo\/image\/","url":"https:\/\/www.sideaita.it\/wp-content\/uploads\/2023\/06\/cropped-logo-solo-s-1440x1440-1.jpg","contentUrl":"https:\/\/www.sideaita.it\/wp-content\/uploads\/2023\/06\/cropped-logo-solo-s-1440x1440-1.jpg","width":512,"height":512,"caption":"Sidea Srl"},"image":{"@id":"https:\/\/www.sideaita.it\/#\/schema\/logo\/image\/"},"sameAs":["https:\/\/www.facebook.com\/sideaita\/","https:\/\/www.instagram.com\/sidea_fitness\/","https:\/\/www.linkedin.com\/company\/sideafitness\/","https:\/\/www.pinterest.it\/sideafitness\/","https:\/\/www.youtube.com\/user\/FitnessIT\/","https:\/\/www.tiktok.com\/@sidea_fitness"],"description":"SIDEA - Trainieren, st\u00e4rker werden, besser leben | Professionelle Ausr\u00fcstung f\u00fcr k\u00f6rperliche Vorbereitung und funktionelles Training. Geboren aus einer Leidenschaft f\u00fcr den Sport, entwickelt f\u00fcr Fitnessstudios.","email":"sidea@sideaita.it","legalName":"Sidea Srl","vatID":"IT02693190403","taxID":"IT02693190403","hasMerchantReturnPolicy":{"@type":"MerchantReturnPolicy","merchantReturnLink":"https:\/\/www.sideaita.it\/de\/termini-condizioni-di-vendita\/"}},{"@type":"Person","@id":"https:\/\/www.sideaita.it\/#\/schema\/person\/dffac77f9ef1c6ee0bee663f15d9de31","name":"Sidea","image":{"@type":"ImageObject","inLanguage":"de","@id":"https:\/\/secure.gravatar.com\/avatar\/1f053fd372d4715dae69f2348830136846525c9c803cd9d3899b193518df4fe1?s=96&d=mm&r=g","url":"https:\/\/secure.gravatar.com\/avatar\/1f053fd372d4715dae69f2348830136846525c9c803cd9d3899b193518df4fe1?s=96&d=mm&r=g","contentUrl":"https:\/\/secure.gravatar.com\/avatar\/1f053fd372d4715dae69f2348830136846525c9c803cd9d3899b193518df4fe1?s=96&d=mm&r=g","caption":"Sidea"},"sameAs":["riccardo"],"url":"https:\/\/www.sideaita.it\/de\/author\/gioele\/"}]}},"_links":{"self":[{"href":"https:\/\/www.sideaita.it\/de\/wp-json\/wp\/v2\/posts\/309447","targetHints":{"allow":["GET"]}}],"collection":[{"href":"https:\/\/www.sideaita.it\/de\/wp-json\/wp\/v2\/posts"}],"about":[{"href":"https:\/\/www.sideaita.it\/de\/wp-json\/wp\/v2\/types\/post"}],"author":[{"embeddable":true,"href":"https:\/\/www.sideaita.it\/de\/wp-json\/wp\/v2\/users\/3"}],"replies":[{"embeddable":true,"href":"https:\/\/www.sideaita.it\/de\/wp-json\/wp\/v2\/comments?post=309447"}],"version-history":[{"count":34,"href":"https:\/\/www.sideaita.it\/de\/wp-json\/wp\/v2\/posts\/309447\/revisions"}],"predecessor-version":[{"id":424367,"href":"https:\/\/www.sideaita.it\/de\/wp-json\/wp\/v2\/posts\/309447\/revisions\/424367"}],"wp:featuredmedia":[{"embeddable":true,"href":"https:\/\/www.sideaita.it\/de\/wp-json\/wp\/v2\/media\/313199"}],"wp:attachment":[{"href":"https:\/\/www.sideaita.it\/de\/wp-json\/wp\/v2\/media?parent=309447"}],"wp:term":[{"taxonomy":"category","embeddable":true,"href":"https:\/\/www.sideaita.it\/de\/wp-json\/wp\/v2\/categories?post=309447"},{"taxonomy":"post_tag","embeddable":true,"href":"https:\/\/www.sideaita.it\/de\/wp-json\/wp\/v2\/tags?post=309447"}],"curies":[{"name":"wp","href":"https:\/\/api.w.org\/{rel}","templated":true}]}}