{"id":320408,"date":"2024-05-15T09:16:11","date_gmt":"2024-05-15T07:16:11","guid":{"rendered":"https:\/\/www.sideaita.it\/?p=320408"},"modified":"2025-06-18T17:03:15","modified_gmt":"2025-06-18T15:03:15","slug":"interview-mit-arianna-comandini-grunderin-und-kunstlerische-leiterin-des-neuen-tanzstudios-in-forli","status":"publish","type":"post","link":"https:\/\/www.sideaita.it\/de\/2024\/05\/15\/intervista-ad-arianna-comandini-fondatrice-e-direttore-artistico-di-new-dance-studio-di-forli\/","title":{"rendered":"Interview mit Arianna Comandini, Gr\u00fcnderin und k\u00fcnstlerische Leiterin des New Dance Studio in Forl\u00ec"},"content":{"rendered":"<p style=\"text-align: left;\"><em>Ganzheitliche Aktivit\u00e4ten mit Musik sind seit Jahrzehnten ein fester Bestandteil des Fitnessangebots von Fitnessstudios. <\/em><\/p>\n<p style=\"text-align: left;\"><em>Die Aerobic-Gymnastik hat ihren Ursprung \u00fcberraschenderweise in einem medizinischen und akademischen Kontext. Es war Dr. Kenneth Cooper, ein Milit\u00e4rarzt, der den Begriff \"Aerobic\" in den 1960er Jahren erstmals pr\u00e4gte. Er entwickelte ein Trainingsprogramm zur Vorbeugung gegen koronare Herzkrankheiten. Coopers Idee wurde sehr schnell popul\u00e4r, verbreitete sich in Fitnessstudios und wurde zu einem weltweiten Ph\u00e4nomen. Der Erfolg von Aerobic war so gro\u00df, dass die Videokassettenindustrie zahlreiche Trainingsprogramme produzierte und verbreitete, die sich in Varianten wie Dance Aerobic, Sportaerobic, Step Aerobic und Water Aerobic unterteilten. Ber\u00fchmte Pers\u00f6nlichkeiten wie die Schauspielerin Jane Fonda machten sich diese Form der Bewegung zu eigen und propagierten sie nicht nur als Trainingsmethode, sondern auch als Lebensstil, was sie zu einem kulturellen Ph\u00e4nomen der 1980er Jahre machte.<\/em><\/p>\n<p style=\"text-align: left;\"><em><strong>Arianna Comandini<\/strong>Die aus Forl\u00ec stammende Arianna besch\u00e4ftigt sich seit mehr als drei\u00dfig Jahren mit ganzheitlicher Stoffwechselfitness auf musikalischer Basis. In Anbetracht der Bedeutung, die diese Art von Angebot in Fitnessstudios und anderswo hat, hielten wir es f\u00fcr interessant, Arianna einige Fragen zu ihren Erfahrungen mit New Dance Studio zu stellen.<\/em><\/p>\n<p>&nbsp;<\/p>\n\t<div class=\"img has-hover x md-x lg-x y md-y lg-y\" id=\"image_175278123\">\n\t\t\t\t\t\t\t\t<div class=\"img-inner dark\" data-no-translation=\"\" >\n\t\t\t<img loading=\"lazy\" decoding=\"async\" width=\"1020\" height=\"510\" src=\"https:\/\/www.sideaita.it\/wp-content\/uploads\/2024\/05\/new-dance-studio-forli-5-1400x700.jpg\" class=\"attachment-large size-large\" alt=\"new dance studio forl\u00ec (5)\" srcset=\"https:\/\/www.sideaita.it\/wp-content\/uploads\/2024\/05\/new-dance-studio-forli-5-1400x700.jpg 1400w, https:\/\/www.sideaita.it\/wp-content\/uploads\/2024\/05\/new-dance-studio-forli-5-800x400.jpg 800w, https:\/\/www.sideaita.it\/wp-content\/uploads\/2024\/05\/new-dance-studio-forli-5-768x384.jpg 768w, https:\/\/www.sideaita.it\/wp-content\/uploads\/2024\/05\/new-dance-studio-forli-5-1536x768.jpg 1536w, https:\/\/www.sideaita.it\/wp-content\/uploads\/2024\/05\/new-dance-studio-forli-5-700x350.jpg 700w, https:\/\/www.sideaita.it\/wp-content\/uploads\/2024\/05\/new-dance-studio-forli-5.jpg 2000w\" sizes=\"auto, (max-width: 1020px) 100vw, 1020px\" data-no-translation=\"\" \/>\t\t\t\t\t\t\n\t\t\t\t\t<\/div>\n\t\t\t\t\t\t\t\t\n<style>\n#image_175278123 {\n  width: 100%;\n}\n<\/style>\n\t<\/div>\n\t\n<p>&nbsp;<\/p>\n<h4><strong>F: Arianna, das New Dance Studio ist ein Ort, der f\u00fcr die Kombination von Tanz, Gymnastik und Fitness bekannt ist. Was hat Sie 2012 dazu bewogen, diese Akademie zu gr\u00fcnden?<\/strong><\/h4>\n<p>Meine Leidenschaft f\u00fcr Tanz und Fitness war der Hauptantrieb. Ich wollte ein Umfeld schaffen, in dem die Energie von Bewegung und Musik zusammenkommt, um das k\u00f6rperliche und geistige Wohlbefinden unserer Sch\u00fcler zu verbessern. Das New Dance Studio wurde gegr\u00fcndet, um einen ganzheitlichen Ansatz zu bieten, bei dem der Unterricht auf die Bed\u00fcrfnisse jedes Einzelnen, unabh\u00e4ngig vom Alter, abgestimmt wird, mit Gruppenunterricht sowie individuellen und ma\u00dfgeschneiderten Minikursen nach Vereinbarung.<\/p>\n<p>&nbsp;<\/p>\n\t<div class=\"img has-hover x md-x lg-x y md-y lg-y\" id=\"image_1405603441\">\n\t\t\t\t\t\t\t\t<div class=\"img-inner dark\" data-no-translation=\"\" >\n\t\t\t<img loading=\"lazy\" decoding=\"async\" width=\"1020\" height=\"510\" src=\"https:\/\/www.sideaita.it\/wp-content\/uploads\/2024\/05\/new-dance-studio-forli-2-1400x700.jpg\" class=\"attachment-large size-large\" alt=\"new dance studio forl\u00ec (2)\" srcset=\"https:\/\/www.sideaita.it\/wp-content\/uploads\/2024\/05\/new-dance-studio-forli-2-1400x700.jpg 1400w, https:\/\/www.sideaita.it\/wp-content\/uploads\/2024\/05\/new-dance-studio-forli-2-800x400.jpg 800w, https:\/\/www.sideaita.it\/wp-content\/uploads\/2024\/05\/new-dance-studio-forli-2-768x384.jpg 768w, https:\/\/www.sideaita.it\/wp-content\/uploads\/2024\/05\/new-dance-studio-forli-2-1536x768.jpg 1536w, https:\/\/www.sideaita.it\/wp-content\/uploads\/2024\/05\/new-dance-studio-forli-2-700x350.jpg 700w, https:\/\/www.sideaita.it\/wp-content\/uploads\/2024\/05\/new-dance-studio-forli-2.jpg 2000w\" sizes=\"auto, (max-width: 1020px) 100vw, 1020px\" data-no-translation=\"\" \/>\t\t\t\t\t\t\n\t\t\t\t\t<\/div>\n\t\t\t\t\t\t\t\t\n<style>\n#image_1405603441 {\n  width: 100%;\n}\n<\/style>\n\t<\/div>\n\t\n<p>&nbsp;<\/p>\n<h4><strong>F: Erz\u00e4hlen Sie uns von Ihrer Arbeitsmethode. Was bedeutet ein ganzheitlicher Ansatz?<\/strong><\/h4>\n<p>Die von uns organisierten Kurse verbinden Bewegung und Musik auf eine Art und Weise, die nicht nur die k\u00f6rperliche Gesundheit durch intensive Aktivit\u00e4t verbessert, sondern auch die geistige Gesundheit durch Spa\u00df und Geselligkeit f\u00f6rdert. Die F\u00e4higkeit, Fitness und Unterhaltung zu verbinden, ist einer der Hauptgr\u00fcnde f\u00fcr den Erfolg dieser Art von Training, das mittlerweile unabh\u00e4ngig von Moden und Jahreszeiten ist.<\/p>\n<p>Ein weiterer grundlegender Aspekt betrifft die Reichhaltigkeit und Differenzierung der Kurse, um unterschiedliche Erfahrungen und Inhalte anzubieten, die den Erwartungen und Interessen der Nutzer entsprechen. In der Tat bieten wir Kurse mit hoher Muskelintensit\u00e4t und aerober Ausdauer, Kurse, die sich durch eine gr\u00f6\u00dfere technische Beteiligung auszeichnen, so genannte \"choreografierte\" Kurse, bei denen \u00dcbungen mit und ohne Ger\u00e4te mit Tanzbewegungen kombiniert werden, und schlie\u00dflich Kurse, die sich durch Techniken wie Myofascial Stretching und Postural Pilates, Mobility und Holistic Workout auszeichnen, um die Verbindung zwischen K\u00f6rper und Geist zu st\u00e4rken.<\/p>\n<p>Schlie\u00dflich, aber wie Sie vielleicht erkannt haben, der wichtigste Aspekt, das Arbeitsteam. Ich bin Arianna Comandini und verf\u00fcge \u00fcber langj\u00e4hrige Erfahrung im Bereich der musikalischen Fitness und des technischen Holistic Workout, Pilates sowie als Pr\u00e4sidentin und k\u00fcnstlerische Leiterin des New Dance Studio. Ich arbeite seit Jahren mit fachkundigen Mitarbeitern zusammen, wie Andrea Guerra im Bereich Toning und funktionelle Fitness, meine Tochter Matilde Toresi, Absolventin der Motorwissenschaften, T\u00e4nzerin und Lehrerin f\u00fcr Choreografien von Modern bis Showtanz und andere Stile wie Hip Hop und musikalische Fitness, auch in Zusammenarbeit mit Ylenia Rizzato, die f\u00fcr Fitnessaktivit\u00e4ten f\u00fcr Kinder zertifiziert ist.<\/p>\n<p>Ein weiteres wichtiges Mitglied des New Dance Studios und Technikerin f\u00fcr Holistic Workout und Pilates ist Daniela Boschi, die seit 2012 dabei ist, und f\u00fcr Country Fitness und Choreographic Step Monica Vallicelli.  Die Differenzierung der Kurse, die F\u00e4higkeit, k\u00f6rperliche Aktivit\u00e4t mit Spa\u00df und Geselligkeit zu verbinden, kann nur durch ein synergetisches und hoch spezialisiertes Team erreicht werden. Das Team, das von einer gemeinsamen Leidenschaft f\u00fcr k\u00f6rperliches Wohlbefinden beseelt ist, muss ein einzigartiges Trainingsumfeld schaffen, in dem Bewegung und Spa\u00df perfekt miteinander verbunden sind. Der Schl\u00fcssel zum Erfolg liegt meines Erachtens in der F\u00e4higkeit, die gleichen Grundideen und den gleichen Enthusiasmus sowie die notwendigen technischen Kenntnisse zu teilen.<\/p>\n<p>&nbsp;<\/p>\n\t<div class=\"img has-hover x md-x lg-x y md-y lg-y\" id=\"image_553430565\">\n\t\t\t\t\t\t\t\t<div class=\"img-inner dark\" data-no-translation=\"\" >\n\t\t\t<img loading=\"lazy\" decoding=\"async\" width=\"1020\" height=\"510\" src=\"https:\/\/www.sideaita.it\/wp-content\/uploads\/2024\/05\/new-dance-studio-forli-4-1400x700.jpg\" class=\"attachment-large size-large\" alt=\"new dance studio forl\u00ec (4)\" srcset=\"https:\/\/www.sideaita.it\/wp-content\/uploads\/2024\/05\/new-dance-studio-forli-4-1400x700.jpg 1400w, https:\/\/www.sideaita.it\/wp-content\/uploads\/2024\/05\/new-dance-studio-forli-4-800x400.jpg 800w, https:\/\/www.sideaita.it\/wp-content\/uploads\/2024\/05\/new-dance-studio-forli-4-768x384.jpg 768w, https:\/\/www.sideaita.it\/wp-content\/uploads\/2024\/05\/new-dance-studio-forli-4-1536x768.jpg 1536w, https:\/\/www.sideaita.it\/wp-content\/uploads\/2024\/05\/new-dance-studio-forli-4-700x350.jpg 700w, https:\/\/www.sideaita.it\/wp-content\/uploads\/2024\/05\/new-dance-studio-forli-4.jpg 2000w\" sizes=\"auto, (max-width: 1020px) 100vw, 1020px\" data-no-translation=\"\" \/>\t\t\t\t\t\t\n\t\t\t\t\t<\/div>\n\t\t\t\t\t\t\t\t\n<style>\n#image_553430565 {\n  width: 100%;\n}\n<\/style>\n\t<\/div>\n\t\n<p>&nbsp;<\/p>\n<h4><strong>F: Der ganzheitliche Ansatz scheint ein wiederkehrendes Thema in Ihrem Studio zu sein. K\u00f6nnen Sie n\u00e4her erl\u00e4utern, wie Sie diesen in das Programm des New Dance Studio integrieren?<\/strong><\/h4>\n<p>Der ganzheitliche Ansatz bedeutet f\u00fcr uns, dass wir nicht nur am K\u00f6rper arbeiten, sondern auch an Geist und Seele. Durch Rhythmus und Bewegung versuchen wir, eine Erfahrung zu schaffen, die Stress abbaut und die geistige Gesundheit f\u00f6rdert. Die Energie, die im Klassenzimmer entsteht, ist ansteckend und schafft eine Gemeinschaft, in der sich alle gegenseitig in einer v\u00f6llig vertrauten Umgebung unterst\u00fctzen.<\/p>\n<p>&nbsp;<\/p>\n\t<div class=\"img has-hover x md-x lg-x y md-y lg-y\" id=\"image_1670476563\">\n\t\t\t\t\t\t\t\t<div class=\"img-inner dark\" data-no-translation=\"\" >\n\t\t\t<img loading=\"lazy\" decoding=\"async\" width=\"1020\" height=\"510\" src=\"https:\/\/www.sideaita.it\/wp-content\/uploads\/2024\/05\/new-dance-studio-forli-1-1400x700.jpg\" class=\"attachment-large size-large\" alt=\"new dance studio forl\u00ec (1)\" srcset=\"https:\/\/www.sideaita.it\/wp-content\/uploads\/2024\/05\/new-dance-studio-forli-1-1400x700.jpg 1400w, https:\/\/www.sideaita.it\/wp-content\/uploads\/2024\/05\/new-dance-studio-forli-1-800x400.jpg 800w, https:\/\/www.sideaita.it\/wp-content\/uploads\/2024\/05\/new-dance-studio-forli-1-768x384.jpg 768w, https:\/\/www.sideaita.it\/wp-content\/uploads\/2024\/05\/new-dance-studio-forli-1-1536x768.jpg 1536w, https:\/\/www.sideaita.it\/wp-content\/uploads\/2024\/05\/new-dance-studio-forli-1-700x350.jpg 700w, https:\/\/www.sideaita.it\/wp-content\/uploads\/2024\/05\/new-dance-studio-forli-1.jpg 2000w\" sizes=\"auto, (max-width: 1020px) 100vw, 1020px\" data-no-translation=\"\" \/>\t\t\t\t\t\t\n\t\t\t\t\t<\/div>\n\t\t\t\t\t\t\t\t\n<style>\n#image_1670476563 {\n  width: 100%;\n}\n<\/style>\n\t<\/div>\n\t\n<p>&nbsp;<\/p>\n<h4><strong>F: Was sind die beliebtesten Aktivit\u00e4ten im New Dance Studio?<\/strong><\/h4>\n<p>Neben Klassikern wie Movida Fitness und Choreographic Step sind auch Country Fitness, Movida &amp; Choreography und Hip Hop unter 15 Jahren sehr beliebt. Wir nutzen popul\u00e4re Musik als Vehikel, um lustige Choreografien auch zu aktuellen Schlagw\u00f6rtern zu kreieren, die das Herz-Kreislauf-System und die Stoffwechselkapazit\u00e4t verbessern. Auf diese Weise wird Bewegung nicht als l\u00e4stige Pflicht, sondern als Vergn\u00fcgen, fast schon als Spiel und Spa\u00df empfunden.<\/p>\n<p>&nbsp;<\/p>\n\t<div class=\"img has-hover x md-x lg-x y md-y lg-y\" id=\"image_1329929276\">\n\t\t\t\t\t\t\t\t<div class=\"img-inner dark\" data-no-translation=\"\" >\n\t\t\t<img loading=\"lazy\" decoding=\"async\" width=\"1020\" height=\"510\" src=\"https:\/\/www.sideaita.it\/wp-content\/uploads\/2024\/05\/new-dance-studio-forli-3-1400x700.jpg\" class=\"attachment-large size-large\" alt=\"new dance studio forl\u00ec (3)\" srcset=\"https:\/\/www.sideaita.it\/wp-content\/uploads\/2024\/05\/new-dance-studio-forli-3-1400x700.jpg 1400w, https:\/\/www.sideaita.it\/wp-content\/uploads\/2024\/05\/new-dance-studio-forli-3-800x400.jpg 800w, https:\/\/www.sideaita.it\/wp-content\/uploads\/2024\/05\/new-dance-studio-forli-3-768x384.jpg 768w, https:\/\/www.sideaita.it\/wp-content\/uploads\/2024\/05\/new-dance-studio-forli-3-1536x768.jpg 1536w, https:\/\/www.sideaita.it\/wp-content\/uploads\/2024\/05\/new-dance-studio-forli-3-700x350.jpg 700w, https:\/\/www.sideaita.it\/wp-content\/uploads\/2024\/05\/new-dance-studio-forli-3.jpg 2000w\" sizes=\"auto, (max-width: 1020px) 100vw, 1020px\" data-no-translation=\"\" \/>\t\t\t\t\t\t\n\t\t\t\t\t<\/div>\n\t\t\t\t\t\t\t\t\n<style>\n#image_1329929276 {\n  width: 100%;\n}\n<\/style>\n\t<\/div>\n\t\n<p>&nbsp;<\/p>\n<h4><strong>F: Wie sehen Ihre Zukunftspl\u00e4ne f\u00fcr das New Dance Studio aus?<\/strong><\/h4>\n<p>Wir sind immer auf der Suche nach neuen Wegen, um uns zu erneuern und zu verbessern. Unsere St\u00e4rke ist es, mit Spa\u00df und Geselligkeit f\u00fcr ein Publikum von 3 bis 99 Jahren zu trainieren. Wir wollen unser Angebot mit neuen Kursen und Workshops erweitern und vielleicht weitere Standorte er\u00f6ffnen.<\/p>\n<p>&nbsp;<\/p>\n<p style=\"text-align: center;\"><em>Danke, Arianna, dass du deine Vision und Leidenschaft mit uns geteilt hast. Es scheint, dass das New Dance Studio wirklich ein besonderer Ort f\u00fcr diejenigen ist, die eine umfassende und bereichernde Fitnesserfahrung suchen.<\/em><\/p>\n<a href=\"https:\/\/www.instagram.com\/newdancestudioforli\/\" target=\"_blank\" class=\"button primary is-outline box-shadow-3 expand\" rel=\"noopener\" style=\"border-radius:99px;\">\n\t<i class=\"icon-instagram\" aria-hidden=\"true\"><\/i>\t<span>NEUES TANZSTUDIO FORLI'<\/span>\n\t<\/a>\n\n\n  <div class=\"banner has-hover\" id=\"banner-362284197\">\n          <div class=\"banner-inner fill\">\n        <div class=\"banner-bg fill\" >\n            <img loading=\"lazy\" decoding=\"async\" width=\"1020\" height=\"319\" src=\"https:\/\/www.sideaita.it\/wp-content\/uploads\/2024\/02\/COPERTINA-MAILING-DISCHI-DA-PL-2--1400x438.jpg\" class=\"bg attachment-large size-large\" alt=\"ABDECKUNG DER POSTWURFSENDUNGEN VON PL 2\" \/>                        <div class=\"overlay\"><\/div>            \n                    <\/div>\n\t\t\n        <div class=\"banner-layers container\">\n            <div class=\"fill banner-link\"><\/div>            \n   <div id=\"text-box-384988988\" class=\"text-box banner-layer x50 md-x50 lg-x50 y50 md-y50 lg-y50 res-text\">\n                                <div class=\"text-box-content text dark\">\n              \n              <div class=\"text-inner text-center\">\n                  \n\t<div id=\"text-4116863825\" class=\"text\">\n\t\t\n<p><strong>NEWSLETTER SEITEA<\/strong><\/p>\n<p>Abonnieren Sie unseren Newsletter, um Neuigkeiten, Sonderangebote und Einblicke in die Welt von Sidea zu erhalten.<br \/>\n\t\t\n<style>\n#text-4116863825 {\n  font-size: 1.45rem;\n  line-height: 1.25;\n}\n<\/style>\n\t<\/div>\n\t\n<a href=\"http:\/\/eepurl.com\/iD9wQo\" class=\"button white is-outline is-large\" style=\"border-radius:26px;\">\n\t\t<span>JOIN<\/span>\n\t<\/a>\n\n              <\/div>\n           <\/div>\n                            \n<style>\n#text-box-384988988 {\n  width: 60%;\n}\n#text-box-384988988 .text-box-content {\n  font-size: 100%;\n}\n<\/style>\n    <\/div>\n \n        <\/div>\n      <\/div>\n\n            \n<style>\n#banner-362284197 {\n  padding-top: 300px;\n  background-color: rgb(0, 0, 0);\n}\n#banner-362284197 .overlay {\n  background-color: rgba(0, 0, 0, 0.669);\n}\n<\/style>\n  <\/div>\n\n\n<p>&nbsp;<\/p>","protected":false},"excerpt":{"rendered":"<p>Le attivit\u00e0 olistiche su base musicale rappresentano da decenni un pilastro nelle offerte di fitness delle palestre. La ginnastica aerobica, in particolare, ha avuto origine in un contesto sorprendentemente medico e accademico. Fu il Dr. Kenneth Cooper, un medico militare, a coniare per primo il termine &#8220;aerobica&#8221; negli anni &#8217;60. Egli svilupp\u00f2 un programma di [&#8230;]\n","protected":false},"author":3,"featured_media":320417,"comment_status":"closed","ping_status":"open","sticky":false,"template":"","format":"standard","meta":{"footnotes":""},"categories":[5190],"tags":[],"class_list":["post-320408","post","type-post","status-publish","format-standard","has-post-thumbnail","hentry","category-lifestyle"],"yoast_head":"<!-- This site is optimized with the Yoast SEO Premium plugin v28.1 (Yoast SEO v28.1) - https:\/\/yoast.com\/product\/yoast-seo-premium-wordpress\/ -->\n<title>Le attivit\u00e0 olistiche su base musicale - Sidea | Attrezzatura Fitness Professionale<\/title>\n<meta name=\"description\" content=\"La ginnastica aerobica, in particolare, ha avuto origine in un contesto sorprendentemente medico e accademico. Fu il Dr. Kenneth...\" \/>\n<meta name=\"robots\" content=\"index, follow, max-snippet:-1, max-image-preview:large, max-video-preview:-1\" \/>\n<link rel=\"canonical\" href=\"https:\/\/www.sideaita.it\/de\/2024\/05\/15\/interview-mit-arianna-comandini-grunderin-und-kunstlerische-leiterin-des-neuen-tanzstudios-in-forli\/\" \/>\n<meta property=\"og:locale\" content=\"de_DE\" \/>\n<meta property=\"og:type\" content=\"article\" \/>\n<meta property=\"og:title\" content=\"Intervista ad Arianna Comandini, Fondatrice e Direttore Artistico di New Dance Studio di Forl\u00ec\" \/>\n<meta property=\"og:description\" content=\"La ginnastica aerobica, in particolare, ha avuto origine in un contesto sorprendentemente medico e accademico. Fu il Dr. Kenneth...\" \/>\n<meta property=\"og:url\" content=\"https:\/\/www.sideaita.it\/de\/2024\/05\/15\/interview-mit-arianna-comandini-grunderin-und-kunstlerische-leiterin-des-neuen-tanzstudios-in-forli\/\" \/>\n<meta property=\"og:site_name\" content=\"Sidea | Attrezzatura Fitness Professionale\" \/>\n<meta property=\"article:publisher\" content=\"https:\/\/www.facebook.com\/sideaita\/\" \/>\n<meta property=\"article:published_time\" content=\"2024-05-15T07:16:11+00:00\" \/>\n<meta property=\"article:modified_time\" content=\"2025-06-18T15:03:15+00:00\" \/>\n<meta property=\"og:image\" content=\"https:\/\/www.sideaita.it\/wp-content\/uploads\/2024\/05\/copertina-blog-new-dance-studio-forli.jpg\" \/>\n\t<meta property=\"og:image:width\" content=\"2000\" \/>\n\t<meta property=\"og:image:height\" content=\"1000\" \/>\n\t<meta property=\"og:image:type\" content=\"image\/jpeg\" \/>\n<meta name=\"author\" content=\"Sidea\" \/>\n<meta name=\"twitter:card\" content=\"summary_large_image\" \/>\n<meta name=\"twitter:label1\" content=\"Verfasst von\" \/>\n\t<meta name=\"twitter:data1\" content=\"Sidea\" \/>\n\t<meta name=\"twitter:label2\" content=\"Gesch\u00e4tzte Lesezeit\" \/>\n\t<meta name=\"twitter:data2\" content=\"6\u00a0Minuten\" \/>\n<script type=\"application\/ld+json\" class=\"yoast-schema-graph\">{\"@context\":\"https:\\\/\\\/schema.org\",\"@graph\":[{\"@type\":\"Article\",\"@id\":\"https:\\\/\\\/www.sideaita.it\\\/2024\\\/05\\\/15\\\/intervista-ad-arianna-comandini-fondatrice-e-direttore-artistico-di-new-dance-studio-di-forli\\\/#article\",\"isPartOf\":{\"@id\":\"https:\\\/\\\/www.sideaita.it\\\/2024\\\/05\\\/15\\\/intervista-ad-arianna-comandini-fondatrice-e-direttore-artistico-di-new-dance-studio-di-forli\\\/\"},\"author\":{\"name\":\"Sidea\",\"@id\":\"https:\\\/\\\/www.sideaita.it\\\/#\\\/schema\\\/person\\\/dffac77f9ef1c6ee0bee663f15d9de31\"},\"headline\":\"Intervista ad Arianna Comandini, Fondatrice e Direttore Artistico di New Dance Studio di Forl\u00ec\",\"datePublished\":\"2024-05-15T07:16:11+00:00\",\"dateModified\":\"2025-06-18T15:03:15+00:00\",\"mainEntityOfPage\":{\"@id\":\"https:\\\/\\\/www.sideaita.it\\\/2024\\\/05\\\/15\\\/intervista-ad-arianna-comandini-fondatrice-e-direttore-artistico-di-new-dance-studio-di-forli\\\/\"},\"wordCount\":1053,\"publisher\":{\"@id\":\"https:\\\/\\\/www.sideaita.it\\\/#organization\"},\"image\":{\"@id\":\"https:\\\/\\\/www.sideaita.it\\\/2024\\\/05\\\/15\\\/intervista-ad-arianna-comandini-fondatrice-e-direttore-artistico-di-new-dance-studio-di-forli\\\/#primaryimage\"},\"thumbnailUrl\":\"https:\\\/\\\/www.sideaita.it\\\/wp-content\\\/uploads\\\/2024\\\/05\\\/copertina-blog-new-dance-studio-forli.jpg\",\"articleSection\":[\"Lifestyle\"],\"inLanguage\":\"de\"},{\"@type\":\"WebPage\",\"@id\":\"https:\\\/\\\/www.sideaita.it\\\/2024\\\/05\\\/15\\\/intervista-ad-arianna-comandini-fondatrice-e-direttore-artistico-di-new-dance-studio-di-forli\\\/\",\"url\":\"https:\\\/\\\/www.sideaita.it\\\/2024\\\/05\\\/15\\\/intervista-ad-arianna-comandini-fondatrice-e-direttore-artistico-di-new-dance-studio-di-forli\\\/\",\"name\":\"Le attivit\u00e0 olistiche su base musicale - Sidea | Attrezzatura Fitness Professionale\",\"isPartOf\":{\"@id\":\"https:\\\/\\\/www.sideaita.it\\\/#website\"},\"primaryImageOfPage\":{\"@id\":\"https:\\\/\\\/www.sideaita.it\\\/2024\\\/05\\\/15\\\/intervista-ad-arianna-comandini-fondatrice-e-direttore-artistico-di-new-dance-studio-di-forli\\\/#primaryimage\"},\"image\":{\"@id\":\"https:\\\/\\\/www.sideaita.it\\\/2024\\\/05\\\/15\\\/intervista-ad-arianna-comandini-fondatrice-e-direttore-artistico-di-new-dance-studio-di-forli\\\/#primaryimage\"},\"thumbnailUrl\":\"https:\\\/\\\/www.sideaita.it\\\/wp-content\\\/uploads\\\/2024\\\/05\\\/copertina-blog-new-dance-studio-forli.jpg\",\"datePublished\":\"2024-05-15T07:16:11+00:00\",\"dateModified\":\"2025-06-18T15:03:15+00:00\",\"description\":\"La ginnastica aerobica, in particolare, ha avuto origine in un contesto sorprendentemente medico e accademico. Fu il Dr. Kenneth...\",\"breadcrumb\":{\"@id\":\"https:\\\/\\\/www.sideaita.it\\\/2024\\\/05\\\/15\\\/intervista-ad-arianna-comandini-fondatrice-e-direttore-artistico-di-new-dance-studio-di-forli\\\/#breadcrumb\"},\"inLanguage\":\"de\",\"potentialAction\":[{\"@type\":\"ReadAction\",\"target\":[\"https:\\\/\\\/www.sideaita.it\\\/2024\\\/05\\\/15\\\/intervista-ad-arianna-comandini-fondatrice-e-direttore-artistico-di-new-dance-studio-di-forli\\\/\"]}]},{\"@type\":\"ImageObject\",\"inLanguage\":\"de\",\"@id\":\"https:\\\/\\\/www.sideaita.it\\\/2024\\\/05\\\/15\\\/intervista-ad-arianna-comandini-fondatrice-e-direttore-artistico-di-new-dance-studio-di-forli\\\/#primaryimage\",\"url\":\"https:\\\/\\\/www.sideaita.it\\\/wp-content\\\/uploads\\\/2024\\\/05\\\/copertina-blog-new-dance-studio-forli.jpg\",\"contentUrl\":\"https:\\\/\\\/www.sideaita.it\\\/wp-content\\\/uploads\\\/2024\\\/05\\\/copertina-blog-new-dance-studio-forli.jpg\",\"width\":2000,\"height\":1000,\"caption\":\"copertina blog new dance studio forl\u00ec\"},{\"@type\":\"BreadcrumbList\",\"@id\":\"https:\\\/\\\/www.sideaita.it\\\/2024\\\/05\\\/15\\\/intervista-ad-arianna-comandini-fondatrice-e-direttore-artistico-di-new-dance-studio-di-forli\\\/#breadcrumb\",\"itemListElement\":[{\"@type\":\"ListItem\",\"position\":1,\"name\":\"Home\",\"item\":\"https:\\\/\\\/www.sideaita.it\\\/\"},{\"@type\":\"ListItem\",\"position\":2,\"name\":\"Intervista ad Arianna Comandini, Fondatrice e Direttore Artistico di New Dance Studio di Forl\u00ec\"}]},{\"@type\":\"WebSite\",\"@id\":\"https:\\\/\\\/www.sideaita.it\\\/#website\",\"url\":\"https:\\\/\\\/www.sideaita.it\\\/\",\"name\":\"Sidea | Attrezzatura Fitness Professionale\",\"description\":\"SIDEA \u2013 Allenati, diventa pi\u00f9 forte, vivi meglio | Attrezzatura professionale per la preparazione fisica ed il functional training. Nata dalla passione per lo sport, sviluppata per le palestre.\",\"publisher\":{\"@id\":\"https:\\\/\\\/www.sideaita.it\\\/#organization\"},\"potentialAction\":[{\"@type\":\"SearchAction\",\"target\":{\"@type\":\"EntryPoint\",\"urlTemplate\":\"https:\\\/\\\/www.sideaita.it\\\/?s={search_term_string}\"},\"query-input\":{\"@type\":\"PropertyValueSpecification\",\"valueRequired\":true,\"valueName\":\"search_term_string\"}}],\"inLanguage\":\"de\"},{\"@type\":\"Organization\",\"@id\":\"https:\\\/\\\/www.sideaita.it\\\/#organization\",\"name\":\"Sidea Srl\",\"alternateName\":\"Sidea\",\"url\":\"https:\\\/\\\/www.sideaita.it\\\/\",\"logo\":{\"@type\":\"ImageObject\",\"inLanguage\":\"de\",\"@id\":\"https:\\\/\\\/www.sideaita.it\\\/#\\\/schema\\\/logo\\\/image\\\/\",\"url\":\"https:\\\/\\\/www.sideaita.it\\\/wp-content\\\/uploads\\\/2023\\\/06\\\/cropped-logo-solo-s-1440x1440-1.jpg\",\"contentUrl\":\"https:\\\/\\\/www.sideaita.it\\\/wp-content\\\/uploads\\\/2023\\\/06\\\/cropped-logo-solo-s-1440x1440-1.jpg\",\"width\":512,\"height\":512,\"caption\":\"Sidea Srl\"},\"image\":{\"@id\":\"https:\\\/\\\/www.sideaita.it\\\/#\\\/schema\\\/logo\\\/image\\\/\"},\"sameAs\":[\"https:\\\/\\\/www.facebook.com\\\/sideaita\\\/\",\"https:\\\/\\\/www.instagram.com\\\/sidea_fitness\\\/\",\"https:\\\/\\\/www.linkedin.com\\\/company\\\/sideafitness\\\/\",\"https:\\\/\\\/www.pinterest.it\\\/sideafitness\\\/\",\"https:\\\/\\\/www.youtube.com\\\/user\\\/FitnessIT\\\/\",\"https:\\\/\\\/www.tiktok.com\\\/@sidea_fitness\"],\"description\":\"SIDEA \u2013 Allenati, diventa pi\u00f9 forte, vivi meglio | Attrezzatura professionale per la preparazione fisica ed il functional training. Nata dalla passione per lo sport, sviluppata per le palestre.\",\"email\":\"sidea@sideaita.it\",\"legalName\":\"Sidea Srl\",\"vatID\":\"IT02693190403\",\"taxID\":\"IT02693190403\",\"hasMerchantReturnPolicy\":{\"@type\":\"MerchantReturnPolicy\",\"merchantReturnLink\":\"https:\\\/\\\/www.sideaita.it\\\/de\\\/termini-condizioni-di-vendita\\\/\"}},{\"@type\":\"Person\",\"@id\":\"https:\\\/\\\/www.sideaita.it\\\/#\\\/schema\\\/person\\\/dffac77f9ef1c6ee0bee663f15d9de31\",\"name\":\"Sidea\",\"image\":{\"@type\":\"ImageObject\",\"inLanguage\":\"de\",\"@id\":\"https:\\\/\\\/secure.gravatar.com\\\/avatar\\\/1f053fd372d4715dae69f2348830136846525c9c803cd9d3899b193518df4fe1?s=96&d=mm&r=g\",\"url\":\"https:\\\/\\\/secure.gravatar.com\\\/avatar\\\/1f053fd372d4715dae69f2348830136846525c9c803cd9d3899b193518df4fe1?s=96&d=mm&r=g\",\"contentUrl\":\"https:\\\/\\\/secure.gravatar.com\\\/avatar\\\/1f053fd372d4715dae69f2348830136846525c9c803cd9d3899b193518df4fe1?s=96&d=mm&r=g\",\"caption\":\"Sidea\"},\"sameAs\":[\"riccardo\"],\"url\":\"https:\\\/\\\/www.sideaita.it\\\/de\\\/author\\\/gioele\\\/\"}]}<\/script>\n<!-- \/ Yoast SEO Premium plugin. -->","yoast_head_json":{"title":"Ganzheitliche Aktivit\u00e4ten auf musikalischer Basis - Sidea | Professional Fitness Equipment","description":"Insbesondere die Aerobic-Gymnastik hat ihren Ursprung \u00fcberraschenderweise in einem medizinischen und akademischen Kontext. Es war Dr. Kenneth ...","robots":{"index":"index","follow":"follow","max-snippet":"max-snippet:-1","max-image-preview":"max-image-preview:large","max-video-preview":"max-video-preview:-1"},"canonical":"https:\/\/www.sideaita.it\/de\/2024\/05\/15\/interview-mit-arianna-comandini-grunderin-und-kunstlerische-leiterin-des-neuen-tanzstudios-in-forli\/","og_locale":"de_DE","og_type":"article","og_title":"Intervista ad Arianna Comandini, Fondatrice e Direttore Artistico di New Dance Studio di Forl\u00ec","og_description":"La ginnastica aerobica, in particolare, ha avuto origine in un contesto sorprendentemente medico e accademico. Fu il Dr. Kenneth...","og_url":"https:\/\/www.sideaita.it\/de\/2024\/05\/15\/interview-mit-arianna-comandini-grunderin-und-kunstlerische-leiterin-des-neuen-tanzstudios-in-forli\/","og_site_name":"Sidea | Attrezzatura Fitness Professionale","article_publisher":"https:\/\/www.facebook.com\/sideaita\/","article_published_time":"2024-05-15T07:16:11+00:00","article_modified_time":"2025-06-18T15:03:15+00:00","og_image":[{"width":2000,"height":1000,"url":"https:\/\/www.sideaita.it\/wp-content\/uploads\/2024\/05\/copertina-blog-new-dance-studio-forli.jpg","type":"image\/jpeg"}],"author":"Sidea","twitter_card":"summary_large_image","twitter_misc":{"Verfasst von":"Sidea","Gesch\u00e4tzte Lesezeit":"6\u00a0Minuten"},"schema":{"@context":"https:\/\/schema.org","@graph":[{"@type":"Article","@id":"https:\/\/www.sideaita.it\/2024\/05\/15\/intervista-ad-arianna-comandini-fondatrice-e-direttore-artistico-di-new-dance-studio-di-forli\/#article","isPartOf":{"@id":"https:\/\/www.sideaita.it\/2024\/05\/15\/intervista-ad-arianna-comandini-fondatrice-e-direttore-artistico-di-new-dance-studio-di-forli\/"},"author":{"name":"Sidea","@id":"https:\/\/www.sideaita.it\/#\/schema\/person\/dffac77f9ef1c6ee0bee663f15d9de31"},"headline":"Intervista ad Arianna Comandini, Fondatrice e Direttore Artistico di New Dance Studio di Forl\u00ec","datePublished":"2024-05-15T07:16:11+00:00","dateModified":"2025-06-18T15:03:15+00:00","mainEntityOfPage":{"@id":"https:\/\/www.sideaita.it\/2024\/05\/15\/intervista-ad-arianna-comandini-fondatrice-e-direttore-artistico-di-new-dance-studio-di-forli\/"},"wordCount":1053,"publisher":{"@id":"https:\/\/www.sideaita.it\/#organization"},"image":{"@id":"https:\/\/www.sideaita.it\/2024\/05\/15\/intervista-ad-arianna-comandini-fondatrice-e-direttore-artistico-di-new-dance-studio-di-forli\/#primaryimage"},"thumbnailUrl":"https:\/\/www.sideaita.it\/wp-content\/uploads\/2024\/05\/copertina-blog-new-dance-studio-forli.jpg","articleSection":["Lifestyle"],"inLanguage":"de"},{"@type":"WebPage","@id":"https:\/\/www.sideaita.it\/2024\/05\/15\/intervista-ad-arianna-comandini-fondatrice-e-direttore-artistico-di-new-dance-studio-di-forli\/","url":"https:\/\/www.sideaita.it\/2024\/05\/15\/intervista-ad-arianna-comandini-fondatrice-e-direttore-artistico-di-new-dance-studio-di-forli\/","name":"Ganzheitliche Aktivit\u00e4ten auf musikalischer Basis - Sidea | Professional Fitness Equipment","isPartOf":{"@id":"https:\/\/www.sideaita.it\/#website"},"primaryImageOfPage":{"@id":"https:\/\/www.sideaita.it\/2024\/05\/15\/intervista-ad-arianna-comandini-fondatrice-e-direttore-artistico-di-new-dance-studio-di-forli\/#primaryimage"},"image":{"@id":"https:\/\/www.sideaita.it\/2024\/05\/15\/intervista-ad-arianna-comandini-fondatrice-e-direttore-artistico-di-new-dance-studio-di-forli\/#primaryimage"},"thumbnailUrl":"https:\/\/www.sideaita.it\/wp-content\/uploads\/2024\/05\/copertina-blog-new-dance-studio-forli.jpg","datePublished":"2024-05-15T07:16:11+00:00","dateModified":"2025-06-18T15:03:15+00:00","description":"Insbesondere die Aerobic-Gymnastik hat ihren Ursprung \u00fcberraschenderweise in einem medizinischen und akademischen Kontext. Es war Dr. Kenneth ...","breadcrumb":{"@id":"https:\/\/www.sideaita.it\/2024\/05\/15\/intervista-ad-arianna-comandini-fondatrice-e-direttore-artistico-di-new-dance-studio-di-forli\/#breadcrumb"},"inLanguage":"de","potentialAction":[{"@type":"ReadAction","target":["https:\/\/www.sideaita.it\/2024\/05\/15\/intervista-ad-arianna-comandini-fondatrice-e-direttore-artistico-di-new-dance-studio-di-forli\/"]}]},{"@type":"ImageObject","inLanguage":"de","@id":"https:\/\/www.sideaita.it\/2024\/05\/15\/intervista-ad-arianna-comandini-fondatrice-e-direttore-artistico-di-new-dance-studio-di-forli\/#primaryimage","url":"https:\/\/www.sideaita.it\/wp-content\/uploads\/2024\/05\/copertina-blog-new-dance-studio-forli.jpg","contentUrl":"https:\/\/www.sideaita.it\/wp-content\/uploads\/2024\/05\/copertina-blog-new-dance-studio-forli.jpg","width":2000,"height":1000,"caption":"copertina blog new dance studio forl\u00ec"},{"@type":"BreadcrumbList","@id":"https:\/\/www.sideaita.it\/2024\/05\/15\/intervista-ad-arianna-comandini-fondatrice-e-direttore-artistico-di-new-dance-studio-di-forli\/#breadcrumb","itemListElement":[{"@type":"ListItem","position":1,"name":"Home","item":"https:\/\/www.sideaita.it\/"},{"@type":"ListItem","position":2,"name":"Intervista ad Arianna Comandini, Fondatrice e Direttore Artistico di New Dance Studio di Forl\u00ec"}]},{"@type":"WebSite","@id":"https:\/\/www.sideaita.it\/#website","url":"https:\/\/www.sideaita.it\/","name":"Sidea | Professionelle Fitnessger\u00e4te","description":"SIDEA - Trainieren, st\u00e4rker werden, besser leben | Professionelle Ausr\u00fcstung f\u00fcr k\u00f6rperliche Vorbereitung und funktionelles Training. Geboren aus einer Leidenschaft f\u00fcr den Sport, entwickelt f\u00fcr Fitnessstudios.","publisher":{"@id":"https:\/\/www.sideaita.it\/#organization"},"potentialAction":[{"@type":"SearchAction","target":{"@type":"EntryPoint","urlTemplate":"https:\/\/www.sideaita.it\/?s={search_term_string}"},"query-input":{"@type":"PropertyValueSpecification","valueRequired":true,"valueName":"search_term_string"}}],"inLanguage":"de"},{"@type":"Organization","@id":"https:\/\/www.sideaita.it\/#organization","name":"Sidea Srl","alternateName":"Sidea","url":"https:\/\/www.sideaita.it\/","logo":{"@type":"ImageObject","inLanguage":"de","@id":"https:\/\/www.sideaita.it\/#\/schema\/logo\/image\/","url":"https:\/\/www.sideaita.it\/wp-content\/uploads\/2023\/06\/cropped-logo-solo-s-1440x1440-1.jpg","contentUrl":"https:\/\/www.sideaita.it\/wp-content\/uploads\/2023\/06\/cropped-logo-solo-s-1440x1440-1.jpg","width":512,"height":512,"caption":"Sidea Srl"},"image":{"@id":"https:\/\/www.sideaita.it\/#\/schema\/logo\/image\/"},"sameAs":["https:\/\/www.facebook.com\/sideaita\/","https:\/\/www.instagram.com\/sidea_fitness\/","https:\/\/www.linkedin.com\/company\/sideafitness\/","https:\/\/www.pinterest.it\/sideafitness\/","https:\/\/www.youtube.com\/user\/FitnessIT\/","https:\/\/www.tiktok.com\/@sidea_fitness"],"description":"SIDEA - Trainieren, st\u00e4rker werden, besser leben | Professionelle Ausr\u00fcstung f\u00fcr k\u00f6rperliche Vorbereitung und funktionelles Training. Geboren aus einer Leidenschaft f\u00fcr den Sport, entwickelt f\u00fcr Fitnessstudios.","email":"sidea@sideaita.it","legalName":"Sidea Srl","vatID":"IT02693190403","taxID":"IT02693190403","hasMerchantReturnPolicy":{"@type":"MerchantReturnPolicy","merchantReturnLink":"https:\/\/www.sideaita.it\/de\/termini-condizioni-di-vendita\/"}},{"@type":"Person","@id":"https:\/\/www.sideaita.it\/#\/schema\/person\/dffac77f9ef1c6ee0bee663f15d9de31","name":"Sidea","image":{"@type":"ImageObject","inLanguage":"de","@id":"https:\/\/secure.gravatar.com\/avatar\/1f053fd372d4715dae69f2348830136846525c9c803cd9d3899b193518df4fe1?s=96&d=mm&r=g","url":"https:\/\/secure.gravatar.com\/avatar\/1f053fd372d4715dae69f2348830136846525c9c803cd9d3899b193518df4fe1?s=96&d=mm&r=g","contentUrl":"https:\/\/secure.gravatar.com\/avatar\/1f053fd372d4715dae69f2348830136846525c9c803cd9d3899b193518df4fe1?s=96&d=mm&r=g","caption":"Sidea"},"sameAs":["riccardo"],"url":"https:\/\/www.sideaita.it\/de\/author\/gioele\/"}]}},"_links":{"self":[{"href":"https:\/\/www.sideaita.it\/de\/wp-json\/wp\/v2\/posts\/320408","targetHints":{"allow":["GET"]}}],"collection":[{"href":"https:\/\/www.sideaita.it\/de\/wp-json\/wp\/v2\/posts"}],"about":[{"href":"https:\/\/www.sideaita.it\/de\/wp-json\/wp\/v2\/types\/post"}],"author":[{"embeddable":true,"href":"https:\/\/www.sideaita.it\/de\/wp-json\/wp\/v2\/users\/3"}],"replies":[{"embeddable":true,"href":"https:\/\/www.sideaita.it\/de\/wp-json\/wp\/v2\/comments?post=320408"}],"version-history":[{"count":17,"href":"https:\/\/www.sideaita.it\/de\/wp-json\/wp\/v2\/posts\/320408\/revisions"}],"predecessor-version":[{"id":424365,"href":"https:\/\/www.sideaita.it\/de\/wp-json\/wp\/v2\/posts\/320408\/revisions\/424365"}],"wp:featuredmedia":[{"embeddable":true,"href":"https:\/\/www.sideaita.it\/de\/wp-json\/wp\/v2\/media\/320417"}],"wp:attachment":[{"href":"https:\/\/www.sideaita.it\/de\/wp-json\/wp\/v2\/media?parent=320408"}],"wp:term":[{"taxonomy":"category","embeddable":true,"href":"https:\/\/www.sideaita.it\/de\/wp-json\/wp\/v2\/categories?post=320408"},{"taxonomy":"post_tag","embeddable":true,"href":"https:\/\/www.sideaita.it\/de\/wp-json\/wp\/v2\/tags?post=320408"}],"curies":[{"name":"wp","href":"https:\/\/api.w.org\/{rel}","templated":true}]}}