{"id":361356,"date":"2024-11-06T10:56:22","date_gmt":"2024-11-06T09:56:22","guid":{"rendered":"https:\/\/www.sideaita.it\/?p=361356"},"modified":"2024-11-06T12:06:52","modified_gmt":"2024-11-06T11:06:52","slug":"interview-mit-simone-randi-die-idee-und-vision-des-projekts-das-neue-fitnessstudio-in-faenza-fur-wellness-und-gemeinschaft","status":"publish","type":"post","link":"https:\/\/www.sideaita.it\/de\/2024\/11\/06\/intervista-a-simone-randi-lidea-e-la-visione-di-il-progetto-la-nuova-palestra-di-faenza-dedicata-a-benessere-e-comunita\/","title":{"rendered":"Interview mit Simone Randi - die Idee und Vision von IL PROGETTO, dem neuen Fitnessstudio in Faenza, das sich dem Wohlbefinden und der Gemeinschaft widmet."},"content":{"rendered":"<p style=\"text-align: left;\"><strong><span style=\"font-size: 110%;\"><em>F: Simone, warum der Name \"THE PROJECT\" und was zeichnet diese neue Initiative aus?<br \/>\n<\/em><\/span><\/strong>Meine Erfahrung in der Fitnesswelt stammt aus dem CrossFit\u00ae, das ich mit Progetto CrossFit\u00ae Faenza erforscht und entwickelt habe. Ich habe die urspr\u00fcngliche Idee von Greg Glassman immer bewundert: ein Konditionierungs- und St\u00e4rkungsprogramm, das auf der Grundlage funktioneller, abwechslungsreicher und hochintensiver Bewegungen ein komplettes Wohlbefinden vermittelt. Aber der wertvollste Teil war immer die Gemeinschaft, die im Fitnessstudio entsteht. THE PROJECT ist mein Traum, einen Raum zu schaffen, der viel mehr ist als nur ein Ort zum Trainieren: Es ist ein Zentrum, in dem jeder Mensch Unterst\u00fctzung, Motivation und die richtigen Werkzeuge findet, um sich k\u00f6rperlich und geistig zu verbessern.<\/p>\n<p style=\"text-align: left;\"><strong><span style=\"font-size: 110%;\"><em>F: Welche T\u00e4tigkeiten \u00fcben Sie aus?<br \/>\n<\/em><\/span><\/strong>Wir bieten eine breite Palette von Aktivit\u00e4ten an, von denen viele von der CrossFit\u00ae-Erfahrung inspiriert sind, und andere, die das allgemeine Wohlbefinden unterst\u00fctzen und verbessern. Wir haben einen Kraftraum, Functional Bodybuilding, Postural, YogaMobility, spezielles Training f\u00fcr M\u00e4dchen, Laufkurse, Crossfight, Krav Maga und ein Kinderprogramm. THE PROJECT bietet Gruppenkurse und ma\u00dfgeschneiderte Programme, die auf die Bed\u00fcrfnisse jedes einzelnen Teilnehmers abgestimmt sind. Auch Outdoor-Aktivit\u00e4ten und die Teilnahme an Veranstaltungen und Wettk\u00e4mpfen sind wichtig: Es geht nicht nur um Leistung, sondern auch um Motivation und pers\u00f6nliches Wohlbefinden.<\/p>\n<p>&nbsp;<\/p>\n\t<div class=\"img has-hover x md-x lg-x y md-y lg-y\" id=\"image_1339960589\">\n\t\t\t\t\t\t\t\t<div class=\"img-inner dark\" data-no-translation=\"\" >\n\t\t\t<img loading=\"lazy\" decoding=\"async\" width=\"1920\" height=\"1080\" src=\"https:\/\/www.sideaita.it\/wp-content\/uploads\/2024\/10\/high-performance-per-gallery-il-progetto-faenza.jpg\" class=\"attachment-original size-original\" alt=\"high performance per gallery - il progetto faenza\" srcset=\"https:\/\/www.sideaita.it\/wp-content\/uploads\/2024\/10\/high-performance-per-gallery-il-progetto-faenza.jpg 1920w, https:\/\/www.sideaita.it\/wp-content\/uploads\/2024\/10\/high-performance-per-gallery-il-progetto-faenza-711x400.jpg 711w, https:\/\/www.sideaita.it\/wp-content\/uploads\/2024\/10\/high-performance-per-gallery-il-progetto-faenza-1400x788.jpg 1400w, https:\/\/www.sideaita.it\/wp-content\/uploads\/2024\/10\/high-performance-per-gallery-il-progetto-faenza-768x432.jpg 768w, https:\/\/www.sideaita.it\/wp-content\/uploads\/2024\/10\/high-performance-per-gallery-il-progetto-faenza-1536x864.jpg 1536w, https:\/\/www.sideaita.it\/wp-content\/uploads\/2024\/10\/high-performance-per-gallery-il-progetto-faenza-700x394.jpg 700w\" sizes=\"auto, (max-width: 1920px) 100vw, 1920px\" data-no-translation=\"\" \/>\t\t\t\t\t\t\n\t\t\t\t\t<\/div>\n\t\t\t\t\t\t\t\t\n<style>\n#image_1339960589 {\n  width: 100%;\n}\n<\/style>\n\t<\/div>\n\t\n<p>&nbsp;<\/p>\n<p><strong><span style=\"font-size: 110%;\"><em>F: Also ein multidisziplin\u00e4rer Ansatz?<br \/>\n<\/em><\/span><\/strong>Auf jeden Fall. Wir haben eine gut gepflegte, integrative und vollst\u00e4ndige Umgebung geschaffen. Obwohl ich das Spartan-Training liebe, glaube ich, dass die Qualit\u00e4t und der Komfort der Umgebung Teil der Erfahrung sind. Hier finden Sie Einzeltraining, Training in kleinen Gruppen sowie eine Vielzahl von Ger\u00e4ten wie Kettlebells, Seile, Ringe, Medizinb\u00e4lle und gro\u00dfe Bereiche, in denen Sie sich frei bewegen k\u00f6nnen. Wir ber\u00fccksichtigen das Konzept des Hybridtrainings, das funktionelles Training, Bodybuilding, Kraftdreikampf und Ausdauer miteinander verbindet, mit dem Ziel, die Ergebnisse zu maximieren und das Training f\u00fcr jeden Einzelnen zu optimieren.<\/p>\n<p><strong><span style=\"font-size: 110%;\"><em>D: C<\/em><\/span><\/strong><strong><span style=\"font-size: 110%;\"><em>ie sehen Sie die Entwicklung der Fitness?\u00a0<\/em><\/span><br \/>\n<\/strong>Fitness wird immer umfassender und ganzheitlicher, weg vom reinen Funktionstraining hin zu einem hybriden Ansatz, der den Bed\u00fcrfnissen jedes einzelnen Sportlers oder Trainierenden gerecht wird. Es ist wichtig, ein Gleichgewicht zwischen Kraft, Beweglichkeit, Ausdauer und Koordination zu finden, um den verschiedenen k\u00f6rperlichen Herausforderungen gerecht zu werden. Beim k\u00f6rperlichen Training geht es heute nicht mehr nur um die St\u00e4rkung der Muskeln, sondern auch um eine vielseitige Bewegung.<\/p>\n<p>&nbsp;<\/p>\n\t<div class=\"img has-hover x md-x lg-x y md-y lg-y\" id=\"image_1582924872\">\n\t\t\t\t\t\t\t\t<div class=\"img-inner dark\" data-no-translation=\"\" >\n\t\t\t<img loading=\"lazy\" decoding=\"async\" width=\"1920\" height=\"1080\" src=\"https:\/\/www.sideaita.it\/wp-content\/uploads\/2024\/10\/high-performance-per-gallery-il-progetto-faenza-1.jpg\" class=\"attachment-original size-original\" alt=\"high performance per gallery - il progetto faenza (1)\" srcset=\"https:\/\/www.sideaita.it\/wp-content\/uploads\/2024\/10\/high-performance-per-gallery-il-progetto-faenza-1.jpg 1920w, https:\/\/www.sideaita.it\/wp-content\/uploads\/2024\/10\/high-performance-per-gallery-il-progetto-faenza-1-711x400.jpg 711w, https:\/\/www.sideaita.it\/wp-content\/uploads\/2024\/10\/high-performance-per-gallery-il-progetto-faenza-1-1400x788.jpg 1400w, https:\/\/www.sideaita.it\/wp-content\/uploads\/2024\/10\/high-performance-per-gallery-il-progetto-faenza-1-768x432.jpg 768w, https:\/\/www.sideaita.it\/wp-content\/uploads\/2024\/10\/high-performance-per-gallery-il-progetto-faenza-1-1536x864.jpg 1536w, https:\/\/www.sideaita.it\/wp-content\/uploads\/2024\/10\/high-performance-per-gallery-il-progetto-faenza-1-700x394.jpg 700w\" sizes=\"auto, (max-width: 1920px) 100vw, 1920px\" data-no-translation=\"\" \/>\t\t\t\t\t\t\n\t\t\t\t\t<\/div>\n\t\t\t\t\t\t\t\t\n<style>\n#image_1582924872 {\n  width: 100%;\n}\n<\/style>\n\t<\/div>\n\t\n<p>&nbsp;<\/p>\n<p><strong><span style=\"font-size: 110%;\"><em>D: <\/em><\/span><\/strong><span style=\"font-size: 110%;\"><em><strong>Das Projekt scheint einen eher \"analogen\" Ansatz zu f\u00f6rdern, im Gegensatz zum wachsenden Trend der Digitalisierung und Vernetzung in der Fitnesswelt. Wie ist Ihr Standpunkt dazu?\u00a0 <\/strong><\/em><\/span>Die zunehmende Digitalisierung im Alltag und im Sport hat viele Menschen dazu veranlasst, bei k\u00f6rperlichen Aktivit\u00e4ten authentischere und \"abgekoppelte\" Erfahrungen zu suchen. Es besteht der weit verbreitete Wunsch, sich von den Bildschirmen zu l\u00f6sen und den K\u00f6rper wieder direkt und ohne digitale Vermittler zu erleben. Das Projekt will ein Ort der \"digitalen Entgiftung\" sein, ein Raum, in dem sich der Einzelne auf den gegenw\u00e4rtigen Moment, auf greifbare und reale Erfahrungen konzentrieren kann. Unsere Vision von Wellness ist eine Antwort auf die Bed\u00fcrfnisse der modernen Welt, die durch Sesshaftigkeit, \u00fcberm\u00e4\u00dfiges Essen und andere Probleme des Lebensstils gekennzeichnet ist. Die Digitalisierung hat der Sesshaftigkeit eine neue Dimension hinzugef\u00fcgt, in der der Geist selbst inaktiv werden kann und in st\u00e4ndiger Verbindung versinkt. F\u00fcr uns bedeutet Wellness, das Gleichgewicht durch Bewegung ohne Ablenkung wiederzuerlangen und die psychophysische Gesundheit in einem authentischen und humanen Kontext zu kultivieren.<\/p>\n<p><strong><span style=\"font-size: 110%;\"><em>F: F\u00f6rdert THE PROJECT also Freir\u00e4ume f\u00fcr den Zugverkehr?\u00a0 <\/em><\/span><br \/>\n<\/strong>Ja, zus\u00e4tzlich zu CrossFit\u00ae wollten wir einen Raum, in dem Bewegung in all ihren Formen trainiert wird. Es geht nicht nur um \u00dcbungen an Maschinen, sondern um die Reaktivierung von Bewegungsmustern, die f\u00fcr das vollst\u00e4ndige Wohlbefinden grundlegend sind. Das Training umfasst hochintensive, multiplanare Bewegungen, mit oder ohne \u00dcberlastungen, um jeden Aspekt der Fitness zu stimulieren: von der Gelenkbeweglichkeit bis zum Gleichgewicht, von der Beweglichkeit bis zur Koordination. Ein Gro\u00dfteil des psychophysischen Wohlbefindens baut auf dieser Grundlage auf.<\/p>\n<p>&nbsp;<\/p>\n\t<div class=\"img has-hover x md-x lg-x y md-y lg-y\" id=\"image_68283378\">\n\t\t\t\t\t\t\t\t<div class=\"img-inner dark\" data-no-translation=\"\" >\n\t\t\t<img loading=\"lazy\" decoding=\"async\" width=\"1920\" height=\"1080\" src=\"https:\/\/www.sideaita.it\/wp-content\/uploads\/2024\/11\/high-performance-per-gallery-il-progetto-faenza-1.jpg\" class=\"attachment-original size-original\" alt=\"high performance per gallery - il progetto faenza (1)\" srcset=\"https:\/\/www.sideaita.it\/wp-content\/uploads\/2024\/11\/high-performance-per-gallery-il-progetto-faenza-1.jpg 1920w, https:\/\/www.sideaita.it\/wp-content\/uploads\/2024\/11\/high-performance-per-gallery-il-progetto-faenza-1-711x400.jpg 711w, https:\/\/www.sideaita.it\/wp-content\/uploads\/2024\/11\/high-performance-per-gallery-il-progetto-faenza-1-1400x788.jpg 1400w, https:\/\/www.sideaita.it\/wp-content\/uploads\/2024\/11\/high-performance-per-gallery-il-progetto-faenza-1-768x432.jpg 768w, https:\/\/www.sideaita.it\/wp-content\/uploads\/2024\/11\/high-performance-per-gallery-il-progetto-faenza-1-1536x864.jpg 1536w, https:\/\/www.sideaita.it\/wp-content\/uploads\/2024\/11\/high-performance-per-gallery-il-progetto-faenza-1-700x394.jpg 700w\" sizes=\"auto, (max-width: 1920px) 100vw, 1920px\" data-no-translation=\"\" \/>\t\t\t\t\t\t\n\t\t\t\t\t<\/div>\n\t\t\t\t\t\t\t\t\n<style>\n#image_68283378 {\n  width: 100%;\n}\n<\/style>\n\t<\/div>\n\t\n<p><strong><span style=\"font-size: 110%;\"><em>F: Welche Ziele haben Sie f\u00fcr die Zukunft?<br \/>\n<\/em><\/span><\/strong>Mein Traum ist es, eine Gemeinschaft zu schaffen, die eine Leidenschaft f\u00fcr k\u00f6rperliches Wohlbefinden und einen aktiven Lebensstil teilt. Ich m\u00f6chte, dass THE PROJECT nicht nur ein Ort ist, an dem man trainieren kann, sondern auch ein Ort der Inspiration, an dem Menschen Motivation und Unterst\u00fctzung finden, um ihre Ziele zu erreichen, wobei Wellness und Gesundheit immer im Mittelpunkt stehen.<\/p>\n<p style=\"text-align: center;\"><em>Sidea und Simone Randi<\/em><\/p>\n<div class=\"video video-fit mb\" style=\"padding-top:56.25%;\"><p><iframe loading=\"lazy\" title=\"DAS PROJEKT powered by Sidea - Sidea Fitness\" width=\"1020\" height=\"574\" src=\"https:\/\/www.youtube.com\/embed\/GHm7WP5eKEM?feature=oembed\" frameborder=\"0\" allow=\"accelerometer; autoplay; clipboard-write; encrypted-media; gyroscope; picture-in-picture; web-share\" referrerpolicy=\"strict-origin-when-cross-origin\" allowfullscreen><\/iframe><\/p>\n<\/div>\n<a href=\"https:\/\/www.instagram.com\/simonerandi81\/\" target=\"_blank\" class=\"button primary is-link is-large box-shadow-3 expand\" rel=\"noopener\" style=\"border-radius:99px;padding:0px 10px 0px 10px;\">\n\t<i class=\"icon-instagram\" aria-hidden=\"true\"><\/i>\t<span>DAS PROJEKT<\/span>\n\t<\/a>\n\n\n  <div class=\"banner has-hover\" id=\"banner-877229715\">\n          <div class=\"banner-inner fill\">\n        <div class=\"banner-bg fill\" >\n            <img loading=\"lazy\" decoding=\"async\" width=\"1020\" height=\"319\" src=\"https:\/\/www.sideaita.it\/wp-content\/uploads\/2024\/02\/COPERTINA-MAILING-DISCHI-DA-PL-2--1400x438.jpg\" class=\"bg attachment-large size-large\" alt=\"ABDECKUNG DER POSTWURFSENDUNGEN VON PL 2\" \/>                        <div class=\"overlay\"><\/div>            \n                    <\/div>\n\t\t\n        <div class=\"banner-layers container\">\n            <div class=\"fill banner-link\"><\/div>            \n   <div id=\"text-box-953060881\" class=\"text-box banner-layer x50 md-x50 lg-x50 y50 md-y50 lg-y50 res-text\">\n                                <div class=\"text-box-content text dark\">\n              \n              <div class=\"text-inner text-center\">\n                  \n\t<div id=\"text-1457431012\" class=\"text\">\n\t\t\n<p><strong>NEWSLETTER SEITEA<\/strong><\/p>\n<p>Abonnieren Sie unseren Newsletter, um Neuigkeiten, Sonderangebote und Einblicke in die Welt von Sidea zu erhalten.<br \/>\n\t\t\n<style>\n#text-1457431012 {\n  font-size: 1.45rem;\n  line-height: 1.25;\n}\n<\/style>\n\t<\/div>\n\t\n<a href=\"http:\/\/eepurl.com\/iD9wQo\" class=\"button white is-outline is-large\" style=\"border-radius:26px;\">\n\t\t<span>JOIN<\/span>\n\t<\/a>\n\n              <\/div>\n           <\/div>\n                            \n<style>\n#text-box-953060881 {\n  width: 60%;\n}\n#text-box-953060881 .text-box-content {\n  font-size: 100%;\n}\n<\/style>\n    <\/div>\n \n        <\/div>\n      <\/div>\n\n            \n<style>\n#banner-877229715 {\n  padding-top: 300px;\n  background-color: rgb(0, 0, 0);\n}\n#banner-877229715 .overlay {\n  background-color: rgba(0, 0, 0, 0.669);\n}\n<\/style>\n  <\/div>\n\n\n<p>&nbsp;<\/p>","protected":false},"excerpt":{"rendered":"<p>D: Simone, perch\u00e9 il nome &#8220;IL PROGETTO&#8221; e cosa caratterizza questa nuova iniziativa? La mia esperienza nel mondo del fitness nasce dal CrossFit\u00ae, che ho esplorato e sviluppato con Progetto CrossFit\u00ae Faenza. Ho sempre ammirato l\u2019idea originale di Greg Glassman: un programma di condizionamento e rafforzamento pensato per dare benessere completo, basato su movimenti funzionali, [&#8230;]\n","protected":false},"author":5607,"featured_media":356007,"comment_status":"closed","ping_status":"open","sticky":false,"template":"","format":"standard","meta":{"footnotes":""},"categories":[4754],"tags":[],"class_list":["post-361356","post","type-post","status-publish","format-standard","has-post-thumbnail","hentry","category-preparazione-atletica"],"yoast_head":"<!-- This site is optimized with the Yoast SEO Premium plugin v28.1 (Yoast SEO v28.1) - https:\/\/yoast.com\/product\/yoast-seo-premium-wordpress\/ -->\n<title>Intervista a Simone Randi - l\u2019idea e la visione di IL PROGETTO,<\/title>\n<meta name=\"description\" content=\"Simone, perch\u00e9 il nome &quot;IL PROGETTO&quot; e cosa caratterizza questa nuova iniziativa? La mia esperienza nel mondo del fitness nasce dal CrossFit\u00ae\" \/>\n<meta name=\"robots\" content=\"index, follow, max-snippet:-1, max-image-preview:large, max-video-preview:-1\" \/>\n<link rel=\"canonical\" href=\"https:\/\/www.sideaita.it\/de\/2024\/11\/06\/interview-mit-simone-randi-die-idee-und-vision-des-projekts-das-neue-fitnessstudio-in-faenza-fur-wellness-und-gemeinschaft\/\" \/>\n<meta property=\"og:locale\" content=\"de_DE\" \/>\n<meta property=\"og:type\" content=\"article\" \/>\n<meta property=\"og:title\" content=\"Intervista a Simone Randi - l\u2019idea e la visione di IL PROGETTO, la nuova palestra di Faenza dedicata a benessere e comunit\u00e0.\" \/>\n<meta property=\"og:description\" content=\"Simone, perch\u00e9 il nome &quot;IL PROGETTO&quot; e cosa caratterizza questa nuova iniziativa? La mia esperienza nel mondo del fitness nasce dal CrossFit\u00ae\" \/>\n<meta property=\"og:url\" content=\"https:\/\/www.sideaita.it\/de\/2024\/11\/06\/interview-mit-simone-randi-die-idee-und-vision-des-projekts-das-neue-fitnessstudio-in-faenza-fur-wellness-und-gemeinschaft\/\" \/>\n<meta property=\"og:site_name\" content=\"Sidea | Attrezzatura Fitness Professionale\" \/>\n<meta property=\"article:publisher\" content=\"https:\/\/www.facebook.com\/sideaita\/\" \/>\n<meta property=\"article:published_time\" content=\"2024-11-06T09:56:22+00:00\" \/>\n<meta property=\"article:modified_time\" content=\"2024-11-06T11:06:52+00:00\" \/>\n<meta property=\"og:image\" content=\"https:\/\/www.sideaita.it\/wp-content\/uploads\/2024\/10\/high-performance-per-gallery-il-progetto-faenza-1.jpg\" \/>\n\t<meta property=\"og:image:width\" content=\"1920\" \/>\n\t<meta property=\"og:image:height\" content=\"1080\" \/>\n\t<meta property=\"og:image:type\" content=\"image\/jpeg\" \/>\n<meta name=\"author\" content=\"Sidea\" \/>\n<meta name=\"twitter:card\" content=\"summary_large_image\" \/>\n<meta name=\"twitter:label1\" content=\"Verfasst von\" \/>\n\t<meta name=\"twitter:data1\" content=\"Sidea\" \/>\n\t<meta name=\"twitter:label2\" content=\"Gesch\u00e4tzte Lesezeit\" \/>\n\t<meta name=\"twitter:data2\" content=\"4\u00a0Minuten\" \/>\n<script type=\"application\/ld+json\" class=\"yoast-schema-graph\">{\"@context\":\"https:\\\/\\\/schema.org\",\"@graph\":[{\"@type\":\"Article\",\"@id\":\"https:\\\/\\\/www.sideaita.it\\\/2024\\\/11\\\/06\\\/intervista-a-simone-randi-lidea-e-la-visione-di-il-progetto-la-nuova-palestra-di-faenza-dedicata-a-benessere-e-comunita\\\/#article\",\"isPartOf\":{\"@id\":\"https:\\\/\\\/www.sideaita.it\\\/2024\\\/11\\\/06\\\/intervista-a-simone-randi-lidea-e-la-visione-di-il-progetto-la-nuova-palestra-di-faenza-dedicata-a-benessere-e-comunita\\\/\"},\"author\":{\"name\":\"Sidea\",\"@id\":\"https:\\\/\\\/www.sideaita.it\\\/#\\\/schema\\\/person\\\/5357f84512389765c40b51ee75281761\"},\"headline\":\"Intervista a Simone Randi &#8211; l\u2019idea e la visione di IL PROGETTO, la nuova palestra di Faenza dedicata a benessere e comunit\u00e0.\",\"datePublished\":\"2024-11-06T09:56:22+00:00\",\"dateModified\":\"2024-11-06T11:06:52+00:00\",\"mainEntityOfPage\":{\"@id\":\"https:\\\/\\\/www.sideaita.it\\\/2024\\\/11\\\/06\\\/intervista-a-simone-randi-lidea-e-la-visione-di-il-progetto-la-nuova-palestra-di-faenza-dedicata-a-benessere-e-comunita\\\/\"},\"wordCount\":841,\"publisher\":{\"@id\":\"https:\\\/\\\/www.sideaita.it\\\/#organization\"},\"image\":{\"@id\":\"https:\\\/\\\/www.sideaita.it\\\/2024\\\/11\\\/06\\\/intervista-a-simone-randi-lidea-e-la-visione-di-il-progetto-la-nuova-palestra-di-faenza-dedicata-a-benessere-e-comunita\\\/#primaryimage\"},\"thumbnailUrl\":\"https:\\\/\\\/www.sideaita.it\\\/wp-content\\\/uploads\\\/2024\\\/10\\\/high-performance-per-gallery-il-progetto-faenza-1.jpg\",\"articleSection\":[\"Preparazione atletica\"],\"inLanguage\":\"de\"},{\"@type\":\"WebPage\",\"@id\":\"https:\\\/\\\/www.sideaita.it\\\/2024\\\/11\\\/06\\\/intervista-a-simone-randi-lidea-e-la-visione-di-il-progetto-la-nuova-palestra-di-faenza-dedicata-a-benessere-e-comunita\\\/\",\"url\":\"https:\\\/\\\/www.sideaita.it\\\/2024\\\/11\\\/06\\\/intervista-a-simone-randi-lidea-e-la-visione-di-il-progetto-la-nuova-palestra-di-faenza-dedicata-a-benessere-e-comunita\\\/\",\"name\":\"Intervista a Simone Randi - l\u2019idea e la visione di IL PROGETTO,\",\"isPartOf\":{\"@id\":\"https:\\\/\\\/www.sideaita.it\\\/#website\"},\"primaryImageOfPage\":{\"@id\":\"https:\\\/\\\/www.sideaita.it\\\/2024\\\/11\\\/06\\\/intervista-a-simone-randi-lidea-e-la-visione-di-il-progetto-la-nuova-palestra-di-faenza-dedicata-a-benessere-e-comunita\\\/#primaryimage\"},\"image\":{\"@id\":\"https:\\\/\\\/www.sideaita.it\\\/2024\\\/11\\\/06\\\/intervista-a-simone-randi-lidea-e-la-visione-di-il-progetto-la-nuova-palestra-di-faenza-dedicata-a-benessere-e-comunita\\\/#primaryimage\"},\"thumbnailUrl\":\"https:\\\/\\\/www.sideaita.it\\\/wp-content\\\/uploads\\\/2024\\\/10\\\/high-performance-per-gallery-il-progetto-faenza-1.jpg\",\"datePublished\":\"2024-11-06T09:56:22+00:00\",\"dateModified\":\"2024-11-06T11:06:52+00:00\",\"description\":\"Simone, perch\u00e9 il nome \\\"IL PROGETTO\\\" e cosa caratterizza questa nuova iniziativa? La mia esperienza nel mondo del fitness nasce dal CrossFit\u00ae\",\"breadcrumb\":{\"@id\":\"https:\\\/\\\/www.sideaita.it\\\/2024\\\/11\\\/06\\\/intervista-a-simone-randi-lidea-e-la-visione-di-il-progetto-la-nuova-palestra-di-faenza-dedicata-a-benessere-e-comunita\\\/#breadcrumb\"},\"inLanguage\":\"de\",\"potentialAction\":[{\"@type\":\"ReadAction\",\"target\":[\"https:\\\/\\\/www.sideaita.it\\\/2024\\\/11\\\/06\\\/intervista-a-simone-randi-lidea-e-la-visione-di-il-progetto-la-nuova-palestra-di-faenza-dedicata-a-benessere-e-comunita\\\/\"]}]},{\"@type\":\"ImageObject\",\"inLanguage\":\"de\",\"@id\":\"https:\\\/\\\/www.sideaita.it\\\/2024\\\/11\\\/06\\\/intervista-a-simone-randi-lidea-e-la-visione-di-il-progetto-la-nuova-palestra-di-faenza-dedicata-a-benessere-e-comunita\\\/#primaryimage\",\"url\":\"https:\\\/\\\/www.sideaita.it\\\/wp-content\\\/uploads\\\/2024\\\/10\\\/high-performance-per-gallery-il-progetto-faenza-1.jpg\",\"contentUrl\":\"https:\\\/\\\/www.sideaita.it\\\/wp-content\\\/uploads\\\/2024\\\/10\\\/high-performance-per-gallery-il-progetto-faenza-1.jpg\",\"width\":1920,\"height\":1080,\"caption\":\"high performance per gallery - il progetto faenza (1)\"},{\"@type\":\"BreadcrumbList\",\"@id\":\"https:\\\/\\\/www.sideaita.it\\\/2024\\\/11\\\/06\\\/intervista-a-simone-randi-lidea-e-la-visione-di-il-progetto-la-nuova-palestra-di-faenza-dedicata-a-benessere-e-comunita\\\/#breadcrumb\",\"itemListElement\":[{\"@type\":\"ListItem\",\"position\":1,\"name\":\"Home\",\"item\":\"https:\\\/\\\/www.sideaita.it\\\/\"},{\"@type\":\"ListItem\",\"position\":2,\"name\":\"Intervista a Simone Randi &#8211; l\u2019idea e la visione di IL PROGETTO, la nuova palestra di Faenza dedicata a benessere e comunit\u00e0.\"}]},{\"@type\":\"WebSite\",\"@id\":\"https:\\\/\\\/www.sideaita.it\\\/#website\",\"url\":\"https:\\\/\\\/www.sideaita.it\\\/\",\"name\":\"Sidea | Attrezzatura Fitness Professionale\",\"description\":\"SIDEA \u2013 Allenati, diventa pi\u00f9 forte, vivi meglio | Attrezzatura professionale per la preparazione fisica ed il functional training. Nata dalla passione per lo sport, sviluppata per le palestre.\",\"publisher\":{\"@id\":\"https:\\\/\\\/www.sideaita.it\\\/#organization\"},\"potentialAction\":[{\"@type\":\"SearchAction\",\"target\":{\"@type\":\"EntryPoint\",\"urlTemplate\":\"https:\\\/\\\/www.sideaita.it\\\/?s={search_term_string}\"},\"query-input\":{\"@type\":\"PropertyValueSpecification\",\"valueRequired\":true,\"valueName\":\"search_term_string\"}}],\"inLanguage\":\"de\"},{\"@type\":\"Organization\",\"@id\":\"https:\\\/\\\/www.sideaita.it\\\/#organization\",\"name\":\"Sidea Srl\",\"alternateName\":\"Sidea\",\"url\":\"https:\\\/\\\/www.sideaita.it\\\/\",\"logo\":{\"@type\":\"ImageObject\",\"inLanguage\":\"de\",\"@id\":\"https:\\\/\\\/www.sideaita.it\\\/#\\\/schema\\\/logo\\\/image\\\/\",\"url\":\"https:\\\/\\\/www.sideaita.it\\\/wp-content\\\/uploads\\\/2023\\\/06\\\/cropped-logo-solo-s-1440x1440-1.jpg\",\"contentUrl\":\"https:\\\/\\\/www.sideaita.it\\\/wp-content\\\/uploads\\\/2023\\\/06\\\/cropped-logo-solo-s-1440x1440-1.jpg\",\"width\":512,\"height\":512,\"caption\":\"Sidea Srl\"},\"image\":{\"@id\":\"https:\\\/\\\/www.sideaita.it\\\/#\\\/schema\\\/logo\\\/image\\\/\"},\"sameAs\":[\"https:\\\/\\\/www.facebook.com\\\/sideaita\\\/\",\"https:\\\/\\\/www.instagram.com\\\/sidea_fitness\\\/\",\"https:\\\/\\\/www.linkedin.com\\\/company\\\/sideafitness\\\/\",\"https:\\\/\\\/www.pinterest.it\\\/sideafitness\\\/\",\"https:\\\/\\\/www.youtube.com\\\/user\\\/FitnessIT\\\/\",\"https:\\\/\\\/www.tiktok.com\\\/@sidea_fitness\"],\"description\":\"SIDEA \u2013 Allenati, diventa pi\u00f9 forte, vivi meglio | Attrezzatura professionale per la preparazione fisica ed il functional training. Nata dalla passione per lo sport, sviluppata per le palestre.\",\"email\":\"sidea@sideaita.it\",\"legalName\":\"Sidea Srl\",\"vatID\":\"IT02693190403\",\"taxID\":\"IT02693190403\",\"hasMerchantReturnPolicy\":{\"@type\":\"MerchantReturnPolicy\",\"merchantReturnLink\":\"https:\\\/\\\/www.sideaita.it\\\/de\\\/termini-condizioni-di-vendita\\\/\"}},{\"@type\":\"Person\",\"@id\":\"https:\\\/\\\/www.sideaita.it\\\/#\\\/schema\\\/person\\\/5357f84512389765c40b51ee75281761\",\"name\":\"Sidea\",\"image\":{\"@type\":\"ImageObject\",\"inLanguage\":\"de\",\"@id\":\"https:\\\/\\\/secure.gravatar.com\\\/avatar\\\/17ed0553a5cf66f6952b8876e4307947047849260b9efb23af5e3ceb2df4c965?s=96&d=mm&r=g\",\"url\":\"https:\\\/\\\/secure.gravatar.com\\\/avatar\\\/17ed0553a5cf66f6952b8876e4307947047849260b9efb23af5e3ceb2df4c965?s=96&d=mm&r=g\",\"contentUrl\":\"https:\\\/\\\/secure.gravatar.com\\\/avatar\\\/17ed0553a5cf66f6952b8876e4307947047849260b9efb23af5e3ceb2df4c965?s=96&d=mm&r=g\",\"caption\":\"Sidea\"},\"sameAs\":[\"https:\\\/\\\/www.sideaita.it\"],\"url\":\"https:\\\/\\\/www.sideaita.it\\\/de\\\/author\\\/sidea\\\/\"}]}<\/script>\n<!-- \/ Yoast SEO Premium plugin. -->","yoast_head_json":{"title":"Interview mit Simone Randi - die Idee und Vision von THE PROJECT,","description":"Simone, warum der Name \"THE PROJECT\" und was zeichnet diese neue Initiative aus? Meine Erfahrung in der Fitnesswelt stammt aus dem CrossFit\u00ae.","robots":{"index":"index","follow":"follow","max-snippet":"max-snippet:-1","max-image-preview":"max-image-preview:large","max-video-preview":"max-video-preview:-1"},"canonical":"https:\/\/www.sideaita.it\/de\/2024\/11\/06\/interview-mit-simone-randi-die-idee-und-vision-des-projekts-das-neue-fitnessstudio-in-faenza-fur-wellness-und-gemeinschaft\/","og_locale":"de_DE","og_type":"article","og_title":"Intervista a Simone Randi - l\u2019idea e la visione di IL PROGETTO, la nuova palestra di Faenza dedicata a benessere e comunit\u00e0.","og_description":"Simone, perch\u00e9 il nome \"IL PROGETTO\" e cosa caratterizza questa nuova iniziativa? La mia esperienza nel mondo del fitness nasce dal CrossFit\u00ae","og_url":"https:\/\/www.sideaita.it\/de\/2024\/11\/06\/interview-mit-simone-randi-die-idee-und-vision-des-projekts-das-neue-fitnessstudio-in-faenza-fur-wellness-und-gemeinschaft\/","og_site_name":"Sidea | Attrezzatura Fitness Professionale","article_publisher":"https:\/\/www.facebook.com\/sideaita\/","article_published_time":"2024-11-06T09:56:22+00:00","article_modified_time":"2024-11-06T11:06:52+00:00","og_image":[{"width":1920,"height":1080,"url":"https:\/\/www.sideaita.it\/wp-content\/uploads\/2024\/10\/high-performance-per-gallery-il-progetto-faenza-1.jpg","type":"image\/jpeg"}],"author":"Sidea","twitter_card":"summary_large_image","twitter_misc":{"Verfasst von":"Sidea","Gesch\u00e4tzte Lesezeit":"4\u00a0Minuten"},"schema":{"@context":"https:\/\/schema.org","@graph":[{"@type":"Article","@id":"https:\/\/www.sideaita.it\/2024\/11\/06\/intervista-a-simone-randi-lidea-e-la-visione-di-il-progetto-la-nuova-palestra-di-faenza-dedicata-a-benessere-e-comunita\/#article","isPartOf":{"@id":"https:\/\/www.sideaita.it\/2024\/11\/06\/intervista-a-simone-randi-lidea-e-la-visione-di-il-progetto-la-nuova-palestra-di-faenza-dedicata-a-benessere-e-comunita\/"},"author":{"name":"Sidea","@id":"https:\/\/www.sideaita.it\/#\/schema\/person\/5357f84512389765c40b51ee75281761"},"headline":"Intervista a Simone Randi &#8211; l\u2019idea e la visione di IL PROGETTO, la nuova palestra di Faenza dedicata a benessere e comunit\u00e0.","datePublished":"2024-11-06T09:56:22+00:00","dateModified":"2024-11-06T11:06:52+00:00","mainEntityOfPage":{"@id":"https:\/\/www.sideaita.it\/2024\/11\/06\/intervista-a-simone-randi-lidea-e-la-visione-di-il-progetto-la-nuova-palestra-di-faenza-dedicata-a-benessere-e-comunita\/"},"wordCount":841,"publisher":{"@id":"https:\/\/www.sideaita.it\/#organization"},"image":{"@id":"https:\/\/www.sideaita.it\/2024\/11\/06\/intervista-a-simone-randi-lidea-e-la-visione-di-il-progetto-la-nuova-palestra-di-faenza-dedicata-a-benessere-e-comunita\/#primaryimage"},"thumbnailUrl":"https:\/\/www.sideaita.it\/wp-content\/uploads\/2024\/10\/high-performance-per-gallery-il-progetto-faenza-1.jpg","articleSection":["Preparazione atletica"],"inLanguage":"de"},{"@type":"WebPage","@id":"https:\/\/www.sideaita.it\/2024\/11\/06\/intervista-a-simone-randi-lidea-e-la-visione-di-il-progetto-la-nuova-palestra-di-faenza-dedicata-a-benessere-e-comunita\/","url":"https:\/\/www.sideaita.it\/2024\/11\/06\/intervista-a-simone-randi-lidea-e-la-visione-di-il-progetto-la-nuova-palestra-di-faenza-dedicata-a-benessere-e-comunita\/","name":"Interview mit Simone Randi - die Idee und Vision von THE PROJECT,","isPartOf":{"@id":"https:\/\/www.sideaita.it\/#website"},"primaryImageOfPage":{"@id":"https:\/\/www.sideaita.it\/2024\/11\/06\/intervista-a-simone-randi-lidea-e-la-visione-di-il-progetto-la-nuova-palestra-di-faenza-dedicata-a-benessere-e-comunita\/#primaryimage"},"image":{"@id":"https:\/\/www.sideaita.it\/2024\/11\/06\/intervista-a-simone-randi-lidea-e-la-visione-di-il-progetto-la-nuova-palestra-di-faenza-dedicata-a-benessere-e-comunita\/#primaryimage"},"thumbnailUrl":"https:\/\/www.sideaita.it\/wp-content\/uploads\/2024\/10\/high-performance-per-gallery-il-progetto-faenza-1.jpg","datePublished":"2024-11-06T09:56:22+00:00","dateModified":"2024-11-06T11:06:52+00:00","description":"Simone, warum der Name \"THE PROJECT\" und was zeichnet diese neue Initiative aus? Meine Erfahrung in der Fitnesswelt stammt aus dem CrossFit\u00ae.","breadcrumb":{"@id":"https:\/\/www.sideaita.it\/2024\/11\/06\/intervista-a-simone-randi-lidea-e-la-visione-di-il-progetto-la-nuova-palestra-di-faenza-dedicata-a-benessere-e-comunita\/#breadcrumb"},"inLanguage":"de","potentialAction":[{"@type":"ReadAction","target":["https:\/\/www.sideaita.it\/2024\/11\/06\/intervista-a-simone-randi-lidea-e-la-visione-di-il-progetto-la-nuova-palestra-di-faenza-dedicata-a-benessere-e-comunita\/"]}]},{"@type":"ImageObject","inLanguage":"de","@id":"https:\/\/www.sideaita.it\/2024\/11\/06\/intervista-a-simone-randi-lidea-e-la-visione-di-il-progetto-la-nuova-palestra-di-faenza-dedicata-a-benessere-e-comunita\/#primaryimage","url":"https:\/\/www.sideaita.it\/wp-content\/uploads\/2024\/10\/high-performance-per-gallery-il-progetto-faenza-1.jpg","contentUrl":"https:\/\/www.sideaita.it\/wp-content\/uploads\/2024\/10\/high-performance-per-gallery-il-progetto-faenza-1.jpg","width":1920,"height":1080,"caption":"high performance per gallery - il progetto faenza (1)"},{"@type":"BreadcrumbList","@id":"https:\/\/www.sideaita.it\/2024\/11\/06\/intervista-a-simone-randi-lidea-e-la-visione-di-il-progetto-la-nuova-palestra-di-faenza-dedicata-a-benessere-e-comunita\/#breadcrumb","itemListElement":[{"@type":"ListItem","position":1,"name":"Home","item":"https:\/\/www.sideaita.it\/"},{"@type":"ListItem","position":2,"name":"Intervista a Simone Randi &#8211; l\u2019idea e la visione di IL PROGETTO, la nuova palestra di Faenza dedicata a benessere e comunit\u00e0."}]},{"@type":"WebSite","@id":"https:\/\/www.sideaita.it\/#website","url":"https:\/\/www.sideaita.it\/","name":"Sidea | Professionelle Fitnessger\u00e4te","description":"SIDEA - Trainieren, st\u00e4rker werden, besser leben | Professionelle Ausr\u00fcstung f\u00fcr k\u00f6rperliche Vorbereitung und funktionelles Training. Geboren aus einer Leidenschaft f\u00fcr den Sport, entwickelt f\u00fcr Fitnessstudios.","publisher":{"@id":"https:\/\/www.sideaita.it\/#organization"},"potentialAction":[{"@type":"SearchAction","target":{"@type":"EntryPoint","urlTemplate":"https:\/\/www.sideaita.it\/?s={search_term_string}"},"query-input":{"@type":"PropertyValueSpecification","valueRequired":true,"valueName":"search_term_string"}}],"inLanguage":"de"},{"@type":"Organization","@id":"https:\/\/www.sideaita.it\/#organization","name":"Sidea Srl","alternateName":"Sidea","url":"https:\/\/www.sideaita.it\/","logo":{"@type":"ImageObject","inLanguage":"de","@id":"https:\/\/www.sideaita.it\/#\/schema\/logo\/image\/","url":"https:\/\/www.sideaita.it\/wp-content\/uploads\/2023\/06\/cropped-logo-solo-s-1440x1440-1.jpg","contentUrl":"https:\/\/www.sideaita.it\/wp-content\/uploads\/2023\/06\/cropped-logo-solo-s-1440x1440-1.jpg","width":512,"height":512,"caption":"Sidea Srl"},"image":{"@id":"https:\/\/www.sideaita.it\/#\/schema\/logo\/image\/"},"sameAs":["https:\/\/www.facebook.com\/sideaita\/","https:\/\/www.instagram.com\/sidea_fitness\/","https:\/\/www.linkedin.com\/company\/sideafitness\/","https:\/\/www.pinterest.it\/sideafitness\/","https:\/\/www.youtube.com\/user\/FitnessIT\/","https:\/\/www.tiktok.com\/@sidea_fitness"],"description":"SIDEA - Trainieren, st\u00e4rker werden, besser leben | Professionelle Ausr\u00fcstung f\u00fcr k\u00f6rperliche Vorbereitung und funktionelles Training. Geboren aus einer Leidenschaft f\u00fcr den Sport, entwickelt f\u00fcr Fitnessstudios.","email":"sidea@sideaita.it","legalName":"Sidea Srl","vatID":"IT02693190403","taxID":"IT02693190403","hasMerchantReturnPolicy":{"@type":"MerchantReturnPolicy","merchantReturnLink":"https:\/\/www.sideaita.it\/de\/termini-condizioni-di-vendita\/"}},{"@type":"Person","@id":"https:\/\/www.sideaita.it\/#\/schema\/person\/5357f84512389765c40b51ee75281761","name":"Sidea","image":{"@type":"ImageObject","inLanguage":"de","@id":"https:\/\/secure.gravatar.com\/avatar\/17ed0553a5cf66f6952b8876e4307947047849260b9efb23af5e3ceb2df4c965?s=96&d=mm&r=g","url":"https:\/\/secure.gravatar.com\/avatar\/17ed0553a5cf66f6952b8876e4307947047849260b9efb23af5e3ceb2df4c965?s=96&d=mm&r=g","contentUrl":"https:\/\/secure.gravatar.com\/avatar\/17ed0553a5cf66f6952b8876e4307947047849260b9efb23af5e3ceb2df4c965?s=96&d=mm&r=g","caption":"Sidea"},"sameAs":["https:\/\/www.sideaita.it"],"url":"https:\/\/www.sideaita.it\/de\/author\/sidea\/"}]}},"_links":{"self":[{"href":"https:\/\/www.sideaita.it\/de\/wp-json\/wp\/v2\/posts\/361356","targetHints":{"allow":["GET"]}}],"collection":[{"href":"https:\/\/www.sideaita.it\/de\/wp-json\/wp\/v2\/posts"}],"about":[{"href":"https:\/\/www.sideaita.it\/de\/wp-json\/wp\/v2\/types\/post"}],"author":[{"embeddable":true,"href":"https:\/\/www.sideaita.it\/de\/wp-json\/wp\/v2\/users\/5607"}],"replies":[{"embeddable":true,"href":"https:\/\/www.sideaita.it\/de\/wp-json\/wp\/v2\/comments?post=361356"}],"version-history":[{"count":22,"href":"https:\/\/www.sideaita.it\/de\/wp-json\/wp\/v2\/posts\/361356\/revisions"}],"predecessor-version":[{"id":361773,"href":"https:\/\/www.sideaita.it\/de\/wp-json\/wp\/v2\/posts\/361356\/revisions\/361773"}],"wp:featuredmedia":[{"embeddable":true,"href":"https:\/\/www.sideaita.it\/de\/wp-json\/wp\/v2\/media\/356007"}],"wp:attachment":[{"href":"https:\/\/www.sideaita.it\/de\/wp-json\/wp\/v2\/media?parent=361356"}],"wp:term":[{"taxonomy":"category","embeddable":true,"href":"https:\/\/www.sideaita.it\/de\/wp-json\/wp\/v2\/categories?post=361356"},{"taxonomy":"post_tag","embeddable":true,"href":"https:\/\/www.sideaita.it\/de\/wp-json\/wp\/v2\/tags?post=361356"}],"curies":[{"name":"wp","href":"https:\/\/api.w.org\/{rel}","templated":true}]}}