{"id":374875,"date":"2024-12-23T12:11:58","date_gmt":"2024-12-23T11:11:58","guid":{"rendered":"https:\/\/www.sideaita.it\/?p=374875"},"modified":"2025-12-19T10:48:12","modified_gmt":"2025-12-19T09:48:12","slug":"interview-mit-andrea-mazzoni-die-vereinbarung-mit-strongfirst-geht-uber-rein-kommerzielle-aspekte-hinaus","status":"publish","type":"post","link":"https:\/\/www.sideaita.it\/de\/2024\/12\/23\/intervista-ad-andrea-mazzoni-lintesa-con-strongfirst-va-oltre-gli-aspetti-puramente-commerciali\/","title":{"rendered":"Interview mit Andrea Mazzoni - die Vereinbarung mit StrongFirst\u00ae geht \u00fcber rein kommerzielle Aspekte hinaus"},"content":{"rendered":"<p style=\"text-align: center;\"><span style=\"font-size: 100%;\">Ab 2025 wird Sidea der offizielle europ\u00e4ische Vertriebspartner von StrongFirst\u00ae Kettlebells sein.\u00a0<\/span><em>Um den Beginn dieser Zusammenarbeit zu feiern, werden wir als technischer Sponsor am StrongFirst OPEN DAY Workshop teilnehmen, einem unverzichtbaren Ereignis, um die Welt der k\u00f6rperlichen Vorbereitung durch Krafttraining und das Studium der sportlichen Bewegung kennenzulernen, das am<br \/>\n2. Februar in Cesena.<\/em><\/p>\n<p style=\"text-align: center;\"><em><strong><a href=\"https:\/\/www.nextlevelstrength.it\/eventi-strongfirst-elenco-generale\/eventi-strongfirst-workshop-2\/\">REGISTER<\/a> <\/strong>und den Artikel gelesen haben, freuen wir uns auf eine ausgezeichnete gemeinsame Ausbildungserfahrung.<br \/>\n<span style=\"font-size: 120%;\"><a href=\"https:\/\/www.sideaita.it\/de\/fitnessgerate\/2208-1-2248-1-strongfirst-kettlebell\/\"><strong>KLICKEN SIE HIER, UM 2208\/1-2248\/1 KETTLEBELL STRONGFIRST ZU KAUFEN\u00a0 \u00a0<\/strong><\/a><\/span><\/em><\/p>\n<p style=\"text-align: left;\"><span style=\"font-size: 115%;\"><em><strong>F: Andrea, ab der zweiten H\u00e4lfte des Jahres 2025 wird Sidea der offizielle europ\u00e4ische Vertriebspartner von StrongFirst\u00ae Kettlebells sein. Wie kam es zu dieser Entscheidung?<\/strong><\/em><\/span><\/p>\n<p>Die StrongFirst\u00ae Kettlebell-Zertifizierung ist zweifellos die exklusivste und prestigetr\u00e4chtigste in der Branche, und Kettlebells mit diesem Label sind weltweit zu einer Ikone des Kettlebell-Trainings geworden. Dar\u00fcber hinaus hat die StrongFirst\u00ae Trainingsschule eine wirklich globale Pr\u00e4senz, mit einer starken Pr\u00e4senz in Europa, Amerika und seit kurzem auch in Asien.<\/p>\n<p>Seit einigen Jahren verfolgt Sidea einen bedeutenden Internationalisierungsprozess, und diese Zusammenarbeit f\u00fcgt sich perfekt in diese Strategie ein und stellt einen nat\u00fcrlichen Schritt zur St\u00e4rkung unserer Pr\u00e4senz auf den internationalen M\u00e4rkten dar.<\/p>\n\t<div class=\"img has-hover x md-x lg-x y md-y lg-y\" id=\"image_552603084\">\n\t\t\t\t\t\t\t\t<div class=\"img-inner dark\" data-no-translation=\"\" >\n\t\t\t<img loading=\"lazy\" decoding=\"async\" width=\"1920\" height=\"1080\" src=\"https:\/\/www.sideaita.it\/wp-content\/uploads\/2024\/12\/andrea-e-fabio-in-showroom.jpg\" class=\"attachment-original size-original\" alt=\"andrea e fabio in showroom\" srcset=\"https:\/\/www.sideaita.it\/wp-content\/uploads\/2024\/12\/andrea-e-fabio-in-showroom.jpg 1920w, https:\/\/www.sideaita.it\/wp-content\/uploads\/2024\/12\/andrea-e-fabio-in-showroom-711x400.jpg 711w, https:\/\/www.sideaita.it\/wp-content\/uploads\/2024\/12\/andrea-e-fabio-in-showroom-1400x788.jpg 1400w, https:\/\/www.sideaita.it\/wp-content\/uploads\/2024\/12\/andrea-e-fabio-in-showroom-768x432.jpg 768w, https:\/\/www.sideaita.it\/wp-content\/uploads\/2024\/12\/andrea-e-fabio-in-showroom-1536x864.jpg 1536w, https:\/\/www.sideaita.it\/wp-content\/uploads\/2024\/12\/andrea-e-fabio-in-showroom-700x394.jpg 700w\" sizes=\"auto, (max-width: 1920px) 100vw, 1920px\" data-no-translation=\"\" \/>\t\t\t\t\t\t\n\t\t\t\t\t<\/div>\n\t\t\t\t\t\t\t\t\n<style>\n#image_552603084 {\n  width: 100%;\n}\n<\/style>\n\t<\/div>\n\t\n<p>&nbsp;<\/p>\n<p><em><span style=\"font-size: 115%;\"><strong>F: Geht die Vereinbarung mit StrongFirst\u00ae \u00fcber rein kommerzielle Aspekte hinaus?<\/strong><\/span><\/em><\/p>\n<p>Ganz genau. Seit mehr als zwanzig Jahren unterst\u00fctzen wir das sportliche Training, die k\u00f6rperliche Vorbereitung und das Wohlbefinden und arbeiten mit den besten Fachleuten auf diesem Gebiet zusammen. StrongFirst\u00ae ist international als die renommierteste \"Schule der Kraft\" anerkannt, und diese Zusammenarbeit beruht auf einem gemeinsamen Grundprinzip: Krafttraining ist die Grundlage aller sportlichen F\u00e4higkeiten, einschlie\u00dflich des psychophysischen Wohlbefindens.<\/p>\n<p>Im Jahr 2010 haben wir bei der von der FIF\u00ae (Italian Fitness Federation) organisierten \"Wellcome Fitness\" Convention ein bahnbrechendes Seminar \u00fcber Kettlebells und funktionelles Training unterst\u00fctzt und die notwendige Ausr\u00fcstung zur Verf\u00fcgung gestellt. Damals gab es StrongFirst\u00ae noch nicht, aber das Seminar wurde von Pavel Tsatsouline, dem Gr\u00fcnder von StrongFirst\u00ae, und Fabio Zonin, dem heutigen Betriebsleiter des Unternehmens, gehalten.<\/p>\n<p>Unsere F\u00fchrungsposition beruht weitgehend auf Forschungs- und Entwicklungsaktivit\u00e4ten, die eng mit der kontinuierlichen Interaktion mit Kunden, Trainern und Ausbildern verbunden sind. Es ist diese Synergie, die unsere st\u00e4ndige Verbesserung m\u00f6glich macht.<\/p>\n<p>&nbsp;<\/p>\n\t<div class=\"img has-hover x md-x lg-x y md-y lg-y\" id=\"image_1016171497\">\n\t\t\t\t\t\t\t\t<div class=\"img-inner dark\" data-no-translation=\"\" >\n\t\t\t<img loading=\"lazy\" decoding=\"async\" width=\"1920\" height=\"1080\" src=\"https:\/\/www.sideaita.it\/wp-content\/uploads\/2024\/12\/Grosseto-2010.jpg\" class=\"attachment-original size-original\" alt=\"Grosseto 2010\" srcset=\"https:\/\/www.sideaita.it\/wp-content\/uploads\/2024\/12\/Grosseto-2010.jpg 1920w, https:\/\/www.sideaita.it\/wp-content\/uploads\/2024\/12\/Grosseto-2010-711x400.jpg 711w, https:\/\/www.sideaita.it\/wp-content\/uploads\/2024\/12\/Grosseto-2010-1400x788.jpg 1400w, https:\/\/www.sideaita.it\/wp-content\/uploads\/2024\/12\/Grosseto-2010-768x432.jpg 768w, https:\/\/www.sideaita.it\/wp-content\/uploads\/2024\/12\/Grosseto-2010-1536x864.jpg 1536w, https:\/\/www.sideaita.it\/wp-content\/uploads\/2024\/12\/Grosseto-2010-700x394.jpg 700w\" sizes=\"auto, (max-width: 1920px) 100vw, 1920px\" data-no-translation=\"\" \/>\t\t\t\t\t\t\n\t\t\t\t\t<\/div>\n\t\t\t\t\t\t\t\t\n<style>\n#image_1016171497 {\n  width: 100%;\n}\n<\/style>\n\t<\/div>\n\t\n<p>&nbsp;<\/p>\n<p><strong><span style=\"font-size: 110%;\"><em>F: \"Low tech\/high concept\" ist einer der vielen Leits\u00e4tze der StrongFirst\u00ae-Methode. Ist er auch f\u00fcr Sidea repr\u00e4sentativ?\u00a0 <\/em><\/span><\/strong><\/p>\n<p>Ja, der Begriff steht f\u00fcr einen Ansatz, bei dem einfache oder wenig komplexe Technologien verwendet werden (low tech), aber mit kreativen, konzeptstarken Ideen (high concept). Im Wesentlichen geht es darum, sich auf die bewusste Nutzung eines Trainingsger\u00e4ts zu konzentrieren und nicht auf seine technische Komplexit\u00e4t. Dieses Prinzip leitet auch unser Design, bei dem die Einfachheit der Technik den Menschen in den Mittelpunkt stellt und das Bewusstsein f\u00fcr k\u00f6rperliche Bewegungen f\u00f6rdert. F\u00fcr uns sind die Gymnastikger\u00e4te ein Accessoire: ein erg\u00e4nzendes Werkzeug, das durch \u00dcberlastungen und sogar destabilisierende L\u00f6sungen den menschlichen Organismus st\u00e4rkt, der der wahre Protagonist und der zentrale Punkt im sportlichen Bereich bleibt.<\/p>\n<p>&nbsp;<\/p>\n\t<div class=\"img has-hover x md-x lg-x y md-y lg-y\" id=\"image_403996558\">\n\t\t\t\t\t\t\t\t<div class=\"img-inner dark\" data-no-translation=\"\" >\n\t\t\t<img loading=\"lazy\" decoding=\"async\" width=\"1920\" height=\"1080\" src=\"https:\/\/www.sideaita.it\/wp-content\/uploads\/2024\/12\/Fabio-in-azione-2-1.jpg\" class=\"attachment-original size-original\" alt=\"Fabio in azione 2\" srcset=\"https:\/\/www.sideaita.it\/wp-content\/uploads\/2024\/12\/Fabio-in-azione-2-1.jpg 1920w, https:\/\/www.sideaita.it\/wp-content\/uploads\/2024\/12\/Fabio-in-azione-2-1-711x400.jpg 711w, https:\/\/www.sideaita.it\/wp-content\/uploads\/2024\/12\/Fabio-in-azione-2-1-1400x788.jpg 1400w, https:\/\/www.sideaita.it\/wp-content\/uploads\/2024\/12\/Fabio-in-azione-2-1-768x432.jpg 768w, https:\/\/www.sideaita.it\/wp-content\/uploads\/2024\/12\/Fabio-in-azione-2-1-1536x864.jpg 1536w, https:\/\/www.sideaita.it\/wp-content\/uploads\/2024\/12\/Fabio-in-azione-2-1-700x394.jpg 700w\" sizes=\"auto, (max-width: 1920px) 100vw, 1920px\" data-no-translation=\"\" \/>\t\t\t\t\t\t\n\t\t\t\t\t<\/div>\n\t\t\t\t\t\t\t\t\n<style>\n#image_403996558 {\n  width: 100%;\n}\n<\/style>\n\t<\/div>\n\t\n<p>&nbsp;<\/p>\n<p><span style=\"font-size: 115%;\"><strong><em>F: Bezieht sich dieses Konzept auch auf die Idee des Sports als Digital Detox?<\/em><\/strong><\/span><\/p>\n<p>Unbedingt. Die zunehmende Technologisierung des Sports und des Alltags hat dazu gef\u00fchrt, dass viele Menschen authentischere und \"abgekoppelte\" Erfahrungen suchen, vor allem, wenn es um k\u00f6rperliche Aktivit\u00e4t geht. Die Idee des Sports als digitales Detox steht f\u00fcr das Bed\u00fcrfnis nach einer R\u00fcckkehr zu echter, unvermittelter k\u00f6rperlicher Aktivit\u00e4t, bei der die Gegenwart und das echte Erlebnis im Mittelpunkt stehen. Das Konzept 'GYM as DIGITAL DETOX' beschreibt einen Raum, in dem sich der Einzelne ohne Ablenkung ganz seinem geistigen und k\u00f6rperlichen Wohlbefinden widmen kann. Es ist ein Slogan, den wir sch\u00e4tzen, nicht in einem absoluten Sinne, sondern wegen seines Wertes bei der F\u00f6rderung eines Ansatzes zum Wohlbefinden, oder besser gesagt, zum Wellness, um die spezifische Sprache des Sektors zu verwenden.<\/p>\n<p><em><span style=\"font-size: 110%;\"><strong>D: <\/strong><\/span><strong><span style=\"font-size: 110%;\">Sidea ist der technische Sponsor des StrongFirst OPEN DAY am 2. Februar in Cesena, einer kostenlosen Veranstaltung, die sich an all jene richtet, die diese Art von Training kennenlernen m\u00f6chten?<\/span> <\/strong><\/em><\/p>\n<p>Der OPEN DAY ist offen f\u00fcr alle. Trainer k\u00f6nnen technische Einblicke gewinnen, die sp\u00e4ter in speziellen Trainingskursen vertieft werden, w\u00e4hrend Nicht-Experten die M\u00f6glichkeit haben, durch Krafttraining und die Kenntnis grundlegender Bewegungsmuster mit der Welt des k\u00f6rperlichen Trainings in Ber\u00fchrung zu kommen.<\/p>\n<p>F\u00fcr Sidea wird das Jahr 2025 der Beginn einer Aktion sein, die sich an Anf\u00e4nger richtet, mit dem Ziel, einen Wellness-Ansatz als Antwort auf die Stoffwechselprobleme der modernen Welt zu f\u00f6rdern: \u00dcberern\u00e4hrung, Zuckermissbrauch, Sesshaftigkeit und Verlust der nat\u00fcrlichen und grundlegenden Bewegungen des menschlichen K\u00f6rpers.<\/p>\n<p>Die Digitalisierung und die zunehmende Konnektivit\u00e4t bis hin zum allgegenw\u00e4rtigen Einsatz k\u00fcnstlicher Intelligenz stellen den H\u00f6hepunkt der Sesshaftigkeit dar, nicht nur k\u00f6rperlich, sondern auch geistig. Dieser Zustand f\u00fchrt zu sozialer und motorischer Inaktivit\u00e4t, und es ist genau der Kampf gegen diese Formen der Passivit\u00e4t, der die Mission von Sidea definiert: den Menschen durch bewusste Bewegung, Sport und Natur wieder in den Mittelpunkt zu stellen.<\/p>\n<p>&nbsp;<\/p>\n\t<div class=\"img has-hover x md-x lg-x y md-y lg-y\" id=\"image_213328313\">\n\t\t\t\t\t\t\t\t<div class=\"img-inner dark\" data-no-translation=\"\" >\n\t\t\t<img loading=\"lazy\" decoding=\"async\" width=\"2400\" height=\"750\" src=\"https:\/\/www.sideaita.it\/wp-content\/uploads\/2024\/12\/Group.jpg\" class=\"attachment-original size-original\" alt=\"Group\" srcset=\"https:\/\/www.sideaita.it\/wp-content\/uploads\/2024\/12\/Group.jpg 2400w, https:\/\/www.sideaita.it\/wp-content\/uploads\/2024\/12\/Group-800x250.jpg 800w, https:\/\/www.sideaita.it\/wp-content\/uploads\/2024\/12\/Group-1400x438.jpg 1400w, https:\/\/www.sideaita.it\/wp-content\/uploads\/2024\/12\/Group-768x240.jpg 768w, https:\/\/www.sideaita.it\/wp-content\/uploads\/2024\/12\/Group-1536x480.jpg 1536w, https:\/\/www.sideaita.it\/wp-content\/uploads\/2024\/12\/Group-2048x640.jpg 2048w, https:\/\/www.sideaita.it\/wp-content\/uploads\/2024\/12\/Group-700x219.jpg 700w\" sizes=\"auto, (max-width: 2400px) 100vw, 2400px\" data-no-translation=\"\" \/>\t\t\t\t\t\t\n\t\t\t\t\t<\/div>\n\t\t\t\t\t\t\t\t\n<style>\n#image_213328313 {\n  width: 100%;\n}\n<\/style>\n\t<\/div>\n\t\n\t\n  \n    <div class=\"row  equalize-box large-columns-4 medium-columns-3 small-columns-2 row-small has-shadow row-box-shadow-1 row-box-shadow-3-hover slider row-slider slider-nav-reveal slider-nav-push\"  data-flickity-options='{&quot;imagesLoaded&quot;: true, &quot;groupCells&quot;: &quot;100%&quot;, &quot;dragThreshold&quot; : 5, &quot;cellAlign&quot;: &quot;left&quot;,&quot;wrapAround&quot;: true,&quot;prevNextButtons&quot;: true,&quot;percentPosition&quot;: true,&quot;pageDots&quot;: false, &quot;rightToLeft&quot;: false, &quot;autoPlay&quot; : false}' >\n\n  \n\t     <div class=\"product-small col has-hover product type-product post-486971 status-publish first instock product_cat-attrezzi-functional-training-palestre-professionisti-fitness product_cat-homegym product_cat-kettlebell-strong-kettlebell-competition-kettlebell-vinyl product_cat-news-product-trends-fitness-functional-training product_cat-prevendita product_cat-products-code-order product_tag-kettlebell has-post-thumbnail taxable shipping-taxable purchasable product-type-simple\">\n\t<div class=\"col-inner\">\n\t\n<div class=\"badge-container absolute left top z-1\">\n\n<\/div>\n\t<div class=\"product-small box\">\n\t\t<div class=\"box-image\">\n\t\t\t<div class=\"image-fade_in_back\">\n\t\t\t\t<a href=\"https:\/\/www.sideaita.it\/de\/attrezzatura-fitness\/2187-adjustable-kettlebell\/\">\n\t\t\t\t\t<img loading=\"lazy\" decoding=\"async\" width=\"300\" height=\"300\" src=\"https:\/\/www.sideaita.it\/wp-content\/uploads\/2026\/01\/sidea-2187-adjustable-kettlebell-1-300x300.jpg\" class=\"attachment-woocommerce_thumbnail size-woocommerce_thumbnail\" alt=\"2187 Einstellbare Kettlebell\" srcset=\"https:\/\/www.sideaita.it\/wp-content\/uploads\/2026\/01\/sidea-2187-adjustable-kettlebell-1-300x300.jpg 300w, https:\/\/www.sideaita.it\/wp-content\/uploads\/2026\/01\/sidea-2187-adjustable-kettlebell-1-400x400.jpg 400w, https:\/\/www.sideaita.it\/wp-content\/uploads\/2026\/01\/sidea-2187-adjustable-kettlebell-1-800x800.jpg 800w, https:\/\/www.sideaita.it\/wp-content\/uploads\/2026\/01\/sidea-2187-adjustable-kettlebell-1-768x768.jpg 768w, https:\/\/www.sideaita.it\/wp-content\/uploads\/2026\/01\/sidea-2187-adjustable-kettlebell-1-12x12.jpg 12w, https:\/\/www.sideaita.it\/wp-content\/uploads\/2026\/01\/sidea-2187-adjustable-kettlebell-1-700x700.jpg 700w, https:\/\/www.sideaita.it\/wp-content\/uploads\/2026\/01\/sidea-2187-adjustable-kettlebell-1-100x100.jpg 100w, https:\/\/www.sideaita.it\/wp-content\/uploads\/2026\/01\/sidea-2187-adjustable-kettlebell-1.jpg 1000w\" sizes=\"auto, (max-width: 300px) 100vw, 300px\" title=\"2187 Einstellbare Kettlebell\" \/><img loading=\"lazy\" decoding=\"async\" width=\"300\" height=\"300\" src=\"https:\/\/www.sideaita.it\/wp-content\/uploads\/2026\/01\/sidea-2187-adjustable-kettlebell-7-300x300.jpg\" class=\"show-on-hover absolute fill hide-for-small back-image\" alt=\"2187 Einstellbare Kettlebell\" aria-hidden=\"true\" srcset=\"https:\/\/www.sideaita.it\/wp-content\/uploads\/2026\/01\/sidea-2187-adjustable-kettlebell-7-300x300.jpg 300w, https:\/\/www.sideaita.it\/wp-content\/uploads\/2026\/01\/sidea-2187-adjustable-kettlebell-7-400x400.jpg 400w, https:\/\/www.sideaita.it\/wp-content\/uploads\/2026\/01\/sidea-2187-adjustable-kettlebell-7-800x800.jpg 800w, https:\/\/www.sideaita.it\/wp-content\/uploads\/2026\/01\/sidea-2187-adjustable-kettlebell-7-768x768.jpg 768w, https:\/\/www.sideaita.it\/wp-content\/uploads\/2026\/01\/sidea-2187-adjustable-kettlebell-7-12x12.jpg 12w, https:\/\/www.sideaita.it\/wp-content\/uploads\/2026\/01\/sidea-2187-adjustable-kettlebell-7-700x700.jpg 700w, https:\/\/www.sideaita.it\/wp-content\/uploads\/2026\/01\/sidea-2187-adjustable-kettlebell-7-100x100.jpg 100w, https:\/\/www.sideaita.it\/wp-content\/uploads\/2026\/01\/sidea-2187-adjustable-kettlebell-7.jpg 1000w\" sizes=\"auto, (max-width: 300px) 100vw, 300px\" title=\"2187 Einstellbare Kettlebell\" \/>\t\t\t\t<\/a>\n\t\t\t<\/div>\n\t\t\t<div class=\"image-tools is-small top right show-on-hover\">\n\t\t\t\t\t\t\t<\/div>\n\t\t\t<div class=\"image-tools is-small hide-for-small bottom left show-on-hover\">\n\t\t\t\t\t\t\t<\/div>\n\t\t\t<div class=\"image-tools grid-tools text-center hide-for-small bottom hover-slide-in show-on-hover\">\n\t\t\t\t<a href=\"#quick-view\" class=\"quick-view\" role=\"button\" data-prod=\"486971\" aria-haspopup=\"dialog\" aria-expanded=\"false\" data-flatsome-role-button>Schnellansicht<\/a>\t\t\t<\/div>\n\t\t\t\t\t<\/div>\n\n\t\t<div class=\"box-text box-text-products\">\n\t\t\t<div class=\"title-wrapper\">\t\t<p class=\"category uppercase is-smaller no-text-overflow product-cat op-8\">\n\t\t\tFunktionelles Training\t\t<\/p>\n\t<p class=\"name product-title woocommerce-loop-product__title\"><a href=\"https:\/\/www.sideaita.it\/de\/attrezzatura-fitness\/2187-adjustable-kettlebell\/\" class=\"woocommerce-LoopProduct-link woocommerce-loop-product__link\">2187 Einstellbare Kettlebell<\/a><\/p><\/div><div class=\"price-wrapper\">\n\t<span class=\"price\"><span class=\"ywcrbp_regular_price\"><span class=\"woocommerce-Price-amount amount\"><bdi>199,00<span class=\"woocommerce-Price-currencySymbol\">\u20ac<\/span><\/bdi><\/span> <\/span> <small class=\"woocommerce-price-suffix\">GEB\u00dcHREN und STEUERN NICHT INBEGRIFFEN<\/small><\/span>\n<\/div><div class=\"add-to-cart-button\"><a href=\"\/de\/wp-json\/wp\/v2\/posts\/374875?add-to-cart=486971\" aria-describedby=\"woocommerce_loop_add_to_cart_link_describedby_486971\" data-quantity=\"1\" class=\"primary is-small mb-0 button product_type_simple add_to_cart_button ajax_add_to_cart is-underline\" data-product_id=\"486971\" data-product_sku=\"2187\" aria-label=\"In den Warenkorb legen: &quot;2187 Adjustable Kettlebell&quot;\" rel=\"nofollow\" data-success_message=\"\u201e2187 Adjustable Kettlebell\u201c wurde deinem Warenkorb hinzugef\u00fcgt\" role=\"button\" data-no-translation=\"\" data-trp-gettext=\"\" data-no-translation-aria-label=\"\" data-no-translation-data-success_message=\"\">In den Warenkorb legen<\/a><\/div>\t<span id=\"woocommerce_loop_add_to_cart_link_describedby_486971\" class=\"screen-reader-text\">\n\t\t\t<\/span>\n\t\t<\/div>\n\t<\/div>\n\t<span class=\"gtm4wp_productdata\" style=\"display:none; visibility:hidden;\" data-gtm4wp_product_data=\"{&quot;internal_id&quot;:486971,&quot;item_id&quot;:486971,&quot;item_name&quot;:&quot;2187 Adjustable Kettlebell&quot;,&quot;sku&quot;:&quot;2187&quot;,&quot;price&quot;:199,&quot;stocklevel&quot;:13,&quot;stockstatus&quot;:&quot;instock&quot;,&quot;google_business_vertical&quot;:&quot;retail&quot;,&quot;item_category&quot;:&quot;Functional Training&quot;,&quot;id&quot;:486971,&quot;item_brand&quot;:&quot;&quot;,&quot;productlink&quot;:&quot;https:\\\/\\\/www.sideaita.it\\\/de\\\/attrezzatura-fitness\\\/2187-adjustable-kettlebell\\\/&quot;,&quot;item_list_name&quot;:&quot;General Product List&quot;,&quot;index&quot;:1,&quot;product_type&quot;:&quot;simple&quot;}\"><\/span>\t<\/div>\n<\/div><div class=\"product-small col has-hover product type-product post-375795 status-publish instock product_cat-kettlebell-strong-kettlebell-competition-kettlebell-vinyl product_cat-news-product-trends-fitness-functional-training product_cat-products-code-order product_tag-kettlebell has-post-thumbnail taxable shipping-taxable purchasable product-type-variable has-default-attributes\">\n\t<div class=\"col-inner\">\n\t\n<div class=\"badge-container absolute left top z-1\">\n\n<\/div>\n\t<div class=\"product-small box\">\n\t\t<div class=\"box-image\">\n\t\t\t<div class=\"image-fade_in_back\">\n\t\t\t\t<a href=\"https:\/\/www.sideaita.it\/de\/attrezzatura-fitness\/2208-1-2248-1-strongfirst-kettlebell\/\">\n\t\t\t\t\t<img loading=\"lazy\" decoding=\"async\" width=\"300\" height=\"300\" src=\"https:\/\/www.sideaita.it\/wp-content\/uploads\/2025\/01\/kettlebell-strongfirst-2-300x300.jpg\" class=\"attachment-woocommerce_thumbnail size-woocommerce_thumbnail\" alt=\"2208\/1- 2248\/1 StrongFirst\u00ae Kettlebell\" srcset=\"https:\/\/www.sideaita.it\/wp-content\/uploads\/2025\/01\/kettlebell-strongfirst-2-300x300.jpg 300w, https:\/\/www.sideaita.it\/wp-content\/uploads\/2025\/01\/kettlebell-strongfirst-2-400x400.jpg 400w, https:\/\/www.sideaita.it\/wp-content\/uploads\/2025\/01\/kettlebell-strongfirst-2-800x800.jpg 800w, https:\/\/www.sideaita.it\/wp-content\/uploads\/2025\/01\/kettlebell-strongfirst-2-768x768.jpg 768w, https:\/\/www.sideaita.it\/wp-content\/uploads\/2025\/01\/kettlebell-strongfirst-2-700x700.jpg 700w, https:\/\/www.sideaita.it\/wp-content\/uploads\/2025\/01\/kettlebell-strongfirst-2-100x100.jpg 100w, https:\/\/www.sideaita.it\/wp-content\/uploads\/2025\/01\/kettlebell-strongfirst-2.jpg 1000w\" sizes=\"auto, (max-width: 300px) 100vw, 300px\" title=\"2208\/1- 2248\/1 StrongFirst\u00ae Kettlebell\" \/><img loading=\"lazy\" decoding=\"async\" width=\"300\" height=\"300\" src=\"https:\/\/www.sideaita.it\/wp-content\/uploads\/2025\/01\/kettlebell-strongfirst-fabio-in-azione-300x300.jpg\" class=\"show-on-hover absolute fill hide-for-small back-image\" alt=\"2208\/1- 2248\/1 StrongFirst\u00ae Kettlebell\" aria-hidden=\"true\" srcset=\"https:\/\/www.sideaita.it\/wp-content\/uploads\/2025\/01\/kettlebell-strongfirst-fabio-in-azione-300x300.jpg 300w, https:\/\/www.sideaita.it\/wp-content\/uploads\/2025\/01\/kettlebell-strongfirst-fabio-in-azione-400x400.jpg 400w, https:\/\/www.sideaita.it\/wp-content\/uploads\/2025\/01\/kettlebell-strongfirst-fabio-in-azione-800x800.jpg 800w, https:\/\/www.sideaita.it\/wp-content\/uploads\/2025\/01\/kettlebell-strongfirst-fabio-in-azione-768x768.jpg 768w, https:\/\/www.sideaita.it\/wp-content\/uploads\/2025\/01\/kettlebell-strongfirst-fabio-in-azione-700x700.jpg 700w, https:\/\/www.sideaita.it\/wp-content\/uploads\/2025\/01\/kettlebell-strongfirst-fabio-in-azione-100x100.jpg 100w, https:\/\/www.sideaita.it\/wp-content\/uploads\/2025\/01\/kettlebell-strongfirst-fabio-in-azione.jpg 1000w\" sizes=\"auto, (max-width: 300px) 100vw, 300px\" title=\"2208\/1- 2248\/1 StrongFirst\u00ae Kettlebell\" \/>\t\t\t\t<\/a>\n\t\t\t<\/div>\n\t\t\t<div class=\"image-tools is-small top right show-on-hover\">\n\t\t\t\t\t\t\t<\/div>\n\t\t\t<div class=\"image-tools is-small hide-for-small bottom left show-on-hover\">\n\t\t\t\t\t\t\t<\/div>\n\t\t\t<div class=\"image-tools grid-tools text-center hide-for-small bottom hover-slide-in show-on-hover\">\n\t\t\t\t<a href=\"#quick-view\" class=\"quick-view\" role=\"button\" data-prod=\"375795\" aria-haspopup=\"dialog\" aria-expanded=\"false\" data-flatsome-role-button>Schnellansicht<\/a>\t\t\t<\/div>\n\t\t\t\t\t<\/div>\n\n\t\t<div class=\"box-text box-text-products\">\n\t\t\t<div class=\"title-wrapper\">\t\t<p class=\"category uppercase is-smaller no-text-overflow product-cat op-8\">\n\t\t\tKettlebell Strong Wettbewerb &amp; Vinyl\t\t<\/p>\n\t<p class=\"name product-title woocommerce-loop-product__title\"><a href=\"https:\/\/www.sideaita.it\/de\/attrezzatura-fitness\/2208-1-2248-1-strongfirst-kettlebell\/\" class=\"woocommerce-LoopProduct-link woocommerce-loop-product__link\">2208\/1- 2248\/1 StrongFirst\u00ae Kettlebell<\/a><\/p><\/div><div class=\"price-wrapper\">\n\t<span class=\"price\"><span class=\"ywcrbp_regular_price\"> <span class=\"woocommerce-Price-amount amount\"><bdi>42,70<span class=\"woocommerce-Price-currencySymbol\">&euro;<\/span><\/bdi><\/span> <span aria-hidden=\"true\"> \u2013 <\/span> <span class=\"woocommerce-Price-amount amount\"><bdi>256,20<span class=\"woocommerce-Price-currencySymbol\">&euro;<\/span><\/bdi><\/span><span class=\"screen-reader-text\" data-no-translation=\"\" data-trp-gettext=\"\">Preisspanne: 42,70&euro; bis 256,20&euro;<\/span><\/span> <small class=\"woocommerce-price-suffix\">GEB\u00dcHREN und STEUERN NICHT INBEGRIFFEN<\/small><\/span>\n<\/div><div class=\"add-to-cart-button\"><a href=\"https:\/\/www.sideaita.it\/de\/attrezzatura-fitness\/2208-1-2248-1-strongfirst-kettlebell\/\" aria-describedby=\"woocommerce_loop_add_to_cart_link_describedby_375795\" data-quantity=\"1\" class=\"primary is-small mb-0 button product_type_variable add_to_cart_button is-underline\" data-product_id=\"375795\" data-product_sku=\"strongfirst kettlebell\" aria-label=\"Optionen ausw\u00e4hlen f\u00fcr &quot;2208\/1- 2248\/1 StrongFirst\u00ae Kettlebell&quot;.\" rel=\"nofollow\" data-no-translation=\"\" data-trp-gettext=\"\" data-no-translation-aria-label=\"\">Optionen ausw\u00e4hlen<\/a><\/div>\t<span id=\"woocommerce_loop_add_to_cart_link_describedby_375795\" class=\"screen-reader-text\">\n\t\tDieses Produkt weist mehrere Varianten auf. Die Optionen k\u00f6nnen auf der Produktseite gew\u00e4hlt werden\t<\/span>\n\t\t<\/div>\n\t<\/div>\n\t<span class=\"gtm4wp_productdata\" style=\"display:none; visibility:hidden;\" data-gtm4wp_product_data=\"{&quot;internal_id&quot;:375795,&quot;item_id&quot;:375795,&quot;item_name&quot;:&quot;2208\\\/1- 2248\\\/1 StrongFirst\\u00ae Kettlebell&quot;,&quot;sku&quot;:&quot;strongfirst kettlebell&quot;,&quot;price&quot;:42.7,&quot;stocklevel&quot;:null,&quot;stockstatus&quot;:&quot;instock&quot;,&quot;google_business_vertical&quot;:&quot;retail&quot;,&quot;item_category&quot;:&quot;Kettlebell Strong Competition &amp; vinyl&quot;,&quot;id&quot;:375795,&quot;item_brand&quot;:&quot;&quot;,&quot;productlink&quot;:&quot;https:\\\/\\\/www.sideaita.it\\\/de\\\/attrezzatura-fitness\\\/2208-1-2248-1-strongfirst-kettlebell\\\/&quot;,&quot;item_list_name&quot;:&quot;General Product List&quot;,&quot;index&quot;:2,&quot;product_type&quot;:&quot;variable&quot;}\"><\/span>\t<\/div>\n<\/div><div class=\"product-small col has-hover product type-product post-938 status-publish last instock product_cat-attrezzi-functional-training-palestre-professionisti-fitness product_cat-group-activity product_cat-kettlebell-strong-kettlebell-competition-kettlebell-vinyl product_cat-products-code-order product_cat-attrezzi-strong-fitness-training product_tag-functional-training product_tag-kettlebell has-post-thumbnail taxable shipping-taxable purchasable product-type-variable has-default-attributes\">\n\t<div class=\"col-inner\">\n\t\n<div class=\"badge-container absolute left top z-1\">\n\n<\/div>\n\t<div class=\"product-small box\">\n\t\t<div class=\"box-image\">\n\t\t\t<div class=\"image-fade_in_back\">\n\t\t\t\t<a href=\"https:\/\/www.sideaita.it\/de\/attrezzatura-fitness\/2206-2292-iron-black-kettlebell\/\">\n\t\t\t\t\t<img loading=\"lazy\" decoding=\"async\" width=\"300\" height=\"300\" src=\"https:\/\/www.sideaita.it\/wp-content\/uploads\/2018\/07\/2206-800-300x300.jpg\" class=\"attachment-woocommerce_thumbnail size-woocommerce_thumbnail\" alt=\"2206-2292 Schwarze Eisen-Kettlebell\" srcset=\"https:\/\/www.sideaita.it\/wp-content\/uploads\/2018\/07\/2206-800-300x300.jpg 300w, https:\/\/www.sideaita.it\/wp-content\/uploads\/2018\/07\/2206-800-100x100.jpg 100w, https:\/\/www.sideaita.it\/wp-content\/uploads\/2018\/07\/2206-800.jpg 700w, https:\/\/www.sideaita.it\/wp-content\/uploads\/2018\/07\/2206-800-280x280.jpg 280w, https:\/\/www.sideaita.it\/wp-content\/uploads\/2018\/07\/2206-800-400x400.jpg 400w, https:\/\/www.sideaita.it\/wp-content\/uploads\/2018\/07\/2206-800-600x600.jpg 600w, https:\/\/www.sideaita.it\/wp-content\/uploads\/2018\/07\/2206-800-510x510.jpg 510w\" sizes=\"auto, (max-width: 300px) 100vw, 300px\" title=\"2206-2292 Schwarze Eisen-Kettlebell\" \/><img loading=\"lazy\" decoding=\"async\" width=\"300\" height=\"300\" src=\"https:\/\/www.sideaita.it\/wp-content\/uploads\/2018\/07\/2206-2292-Iron-Black-Kettlebell-Sidea-1-300x300.jpg\" class=\"show-on-hover absolute fill hide-for-small back-image\" alt=\"2206-2292 Schwarze Eisen-Kettlebell\" aria-hidden=\"true\" srcset=\"https:\/\/www.sideaita.it\/wp-content\/uploads\/2018\/07\/2206-2292-Iron-Black-Kettlebell-Sidea-1-300x300.jpg 300w, https:\/\/www.sideaita.it\/wp-content\/uploads\/2018\/07\/2206-2292-Iron-Black-Kettlebell-Sidea-1-400x400.jpg 400w, https:\/\/www.sideaita.it\/wp-content\/uploads\/2018\/07\/2206-2292-Iron-Black-Kettlebell-Sidea-1-100x100.jpg 100w, https:\/\/www.sideaita.it\/wp-content\/uploads\/2018\/07\/2206-2292-Iron-Black-Kettlebell-Sidea-1.jpg 700w\" sizes=\"auto, (max-width: 300px) 100vw, 300px\" title=\"2206-2292 Schwarze Eisen-Kettlebell\" \/>\t\t\t\t<\/a>\n\t\t\t<\/div>\n\t\t\t<div class=\"image-tools is-small top right show-on-hover\">\n\t\t\t\t\t\t\t<\/div>\n\t\t\t<div class=\"image-tools is-small hide-for-small bottom left show-on-hover\">\n\t\t\t\t\t\t\t<\/div>\n\t\t\t<div class=\"image-tools grid-tools text-center hide-for-small bottom hover-slide-in show-on-hover\">\n\t\t\t\t<a href=\"#quick-view\" class=\"quick-view\" role=\"button\" data-prod=\"938\" aria-haspopup=\"dialog\" aria-expanded=\"false\" data-flatsome-role-button>Schnellansicht<\/a>\t\t\t<\/div>\n\t\t\t\t\t<\/div>\n\n\t\t<div class=\"box-text box-text-products\">\n\t\t\t<div class=\"title-wrapper\">\t\t<p class=\"category uppercase is-smaller no-text-overflow product-cat op-8\">\n\t\t\tFunktionelles Training\t\t<\/p>\n\t<p class=\"name product-title woocommerce-loop-product__title\"><a href=\"https:\/\/www.sideaita.it\/de\/attrezzatura-fitness\/2206-2292-iron-black-kettlebell\/\" class=\"woocommerce-LoopProduct-link woocommerce-loop-product__link\">2206-2292 Schwarze Eisen-Kettlebell<\/a><\/p><\/div><div class=\"price-wrapper\">\n\t<span class=\"price\"><span class=\"ywcrbp_regular_price\"> <span class=\"woocommerce-Price-amount amount\"><bdi>30,50<span class=\"woocommerce-Price-currencySymbol\">&euro;<\/span><\/bdi><\/span> <span aria-hidden=\"true\"> \u2013 <\/span> <span class=\"woocommerce-Price-amount amount\"><bdi>358,38<span class=\"woocommerce-Price-currencySymbol\">&euro;<\/span><\/bdi><\/span><span class=\"screen-reader-text\" data-no-translation=\"\" data-trp-gettext=\"\">Preisspanne: 30,50&euro; bis 358,38&euro;<\/span><\/span> <small class=\"woocommerce-price-suffix\">GEB\u00dcHREN und STEUERN NICHT INBEGRIFFEN<\/small><\/span>\n<\/div><div class=\"add-to-cart-button\"><a href=\"https:\/\/www.sideaita.it\/de\/attrezzatura-fitness\/2206-2292-iron-black-kettlebell\/\" aria-describedby=\"woocommerce_loop_add_to_cart_link_describedby_938\" data-quantity=\"1\" class=\"primary is-small mb-0 button product_type_variable add_to_cart_button is-underline\" data-product_id=\"938\" data-product_sku=\"KETTIRON\" aria-label=\"Optionen ausw\u00e4hlen f\u00fcr &quot;2206-2292 Iron Black Kettlebell&quot;.\" rel=\"nofollow\" data-no-translation=\"\" data-trp-gettext=\"\" data-no-translation-aria-label=\"\">Optionen ausw\u00e4hlen<\/a><\/div>\t<span id=\"woocommerce_loop_add_to_cart_link_describedby_938\" class=\"screen-reader-text\">\n\t\tDieses Produkt weist mehrere Varianten auf. Die Optionen k\u00f6nnen auf der Produktseite gew\u00e4hlt werden\t<\/span>\n\t\t<\/div>\n\t<\/div>\n\t<span class=\"gtm4wp_productdata\" style=\"display:none; visibility:hidden;\" data-gtm4wp_product_data=\"{&quot;internal_id&quot;:938,&quot;item_id&quot;:938,&quot;item_name&quot;:&quot;2206-2292 Iron Black Kettlebell&quot;,&quot;sku&quot;:&quot;KETTIRON&quot;,&quot;price&quot;:30.5,&quot;stocklevel&quot;:null,&quot;stockstatus&quot;:&quot;instock&quot;,&quot;google_business_vertical&quot;:&quot;retail&quot;,&quot;item_category&quot;:&quot;Kettlebell Strong Competition &amp; vinyl&quot;,&quot;id&quot;:938,&quot;item_brand&quot;:&quot;&quot;,&quot;productlink&quot;:&quot;https:\\\/\\\/www.sideaita.it\\\/de\\\/attrezzatura-fitness\\\/2206-2292-iron-black-kettlebell\\\/&quot;,&quot;item_list_name&quot;:&quot;General Product List&quot;,&quot;index&quot;:3,&quot;product_type&quot;:&quot;variable&quot;}\"><\/span>\t<\/div>\n<\/div><div class=\"product-small col has-hover product type-product post-929 status-publish first instock product_cat-attrezzi-functional-training-palestre-professionisti-fitness product_cat-group-activity product_cat-kettlebell-strong-kettlebell-competition-kettlebell-vinyl product_cat-products-code-order product_cat-attrezzi-strong-fitness-training product_tag-kettlebell has-post-thumbnail taxable shipping-taxable purchasable product-type-variable has-default-attributes\">\n\t<div class=\"col-inner\">\n\t\n<div class=\"badge-container absolute left top z-1\">\n\n<\/div>\n\t<div class=\"product-small box\">\n\t\t<div class=\"box-image\">\n\t\t\t<div class=\"image-fade_in_back\">\n\t\t\t\t<a href=\"https:\/\/www.sideaita.it\/de\/attrezzatura-fitness\/2189-2201-competition-kettlebell-dimensioni-standard\/\">\n\t\t\t\t\t<img loading=\"lazy\" decoding=\"async\" width=\"300\" height=\"300\" src=\"https:\/\/www.sideaita.it\/wp-content\/uploads\/2022\/05\/2189-2201-kettlebell-competition-300x300.jpg\" class=\"attachment-woocommerce_thumbnail size-woocommerce_thumbnail\" alt=\"2189-2201 Wettbewerb Kettlebell\" srcset=\"https:\/\/www.sideaita.it\/wp-content\/uploads\/2022\/05\/2189-2201-kettlebell-competition-300x300.jpg 300w, https:\/\/www.sideaita.it\/wp-content\/uploads\/2022\/05\/2189-2201-kettlebell-competition-400x400.jpg 400w, https:\/\/www.sideaita.it\/wp-content\/uploads\/2022\/05\/2189-2201-kettlebell-competition-800x800.jpg 800w, https:\/\/www.sideaita.it\/wp-content\/uploads\/2022\/05\/2189-2201-kettlebell-competition-768x768.jpg 768w, https:\/\/www.sideaita.it\/wp-content\/uploads\/2022\/05\/2189-2201-kettlebell-competition-700x700.jpg 700w, https:\/\/www.sideaita.it\/wp-content\/uploads\/2022\/05\/2189-2201-kettlebell-competition-100x100.jpg 100w, https:\/\/www.sideaita.it\/wp-content\/uploads\/2022\/05\/2189-2201-kettlebell-competition.jpg 1000w\" sizes=\"auto, (max-width: 300px) 100vw, 300px\" title=\"2189-2201 Wettbewerb Kettlebell\" \/><img loading=\"lazy\" decoding=\"async\" width=\"300\" height=\"300\" src=\"https:\/\/www.sideaita.it\/wp-content\/uploads\/2018\/07\/2189-2201-kettlebell-competition-8_-300x300.jpg\" class=\"show-on-hover absolute fill hide-for-small back-image\" alt=\"2189-2201 Wettbewerb Kettlebell\" aria-hidden=\"true\" srcset=\"https:\/\/www.sideaita.it\/wp-content\/uploads\/2018\/07\/2189-2201-kettlebell-competition-8_-300x300.jpg 300w, https:\/\/www.sideaita.it\/wp-content\/uploads\/2018\/07\/2189-2201-kettlebell-competition-8_-400x400.jpg 400w, https:\/\/www.sideaita.it\/wp-content\/uploads\/2018\/07\/2189-2201-kettlebell-competition-8_-800x800.jpg 800w, https:\/\/www.sideaita.it\/wp-content\/uploads\/2018\/07\/2189-2201-kettlebell-competition-8_-768x768.jpg 768w, https:\/\/www.sideaita.it\/wp-content\/uploads\/2018\/07\/2189-2201-kettlebell-competition-8_-700x700.jpg 700w, https:\/\/www.sideaita.it\/wp-content\/uploads\/2018\/07\/2189-2201-kettlebell-competition-8_-100x100.jpg 100w, https:\/\/www.sideaita.it\/wp-content\/uploads\/2018\/07\/2189-2201-kettlebell-competition-8_.jpg 1000w\" sizes=\"auto, (max-width: 300px) 100vw, 300px\" title=\"2189-2201 Wettbewerb Kettlebell\" \/>\t\t\t\t<\/a>\n\t\t\t<\/div>\n\t\t\t<div class=\"image-tools is-small top right show-on-hover\">\n\t\t\t\t\t\t\t<\/div>\n\t\t\t<div class=\"image-tools is-small hide-for-small bottom left show-on-hover\">\n\t\t\t\t\t\t\t<\/div>\n\t\t\t<div class=\"image-tools grid-tools text-center hide-for-small bottom hover-slide-in show-on-hover\">\n\t\t\t\t<a href=\"#quick-view\" class=\"quick-view\" role=\"button\" data-prod=\"929\" aria-haspopup=\"dialog\" aria-expanded=\"false\" data-flatsome-role-button>Schnellansicht<\/a>\t\t\t<\/div>\n\t\t\t\t\t<\/div>\n\n\t\t<div class=\"box-text box-text-products\">\n\t\t\t<div class=\"title-wrapper\">\t\t<p class=\"category uppercase is-smaller no-text-overflow product-cat op-8\">\n\t\t\tFunktionelles Training\t\t<\/p>\n\t<p class=\"name product-title woocommerce-loop-product__title\"><a href=\"https:\/\/www.sideaita.it\/de\/attrezzatura-fitness\/2189-2201-competition-kettlebell-dimensioni-standard\/\" class=\"woocommerce-LoopProduct-link woocommerce-loop-product__link\">2189-2201 Wettbewerb Kettlebell<\/a><\/p><\/div><div class=\"price-wrapper\">\n\t<span class=\"price\"><span class=\"ywcrbp_regular_price\"> <span class=\"woocommerce-Price-amount amount\"><bdi>61,00<span class=\"woocommerce-Price-currencySymbol\">&euro;<\/span><\/bdi><\/span> <span aria-hidden=\"true\"> \u2013 <\/span> <span class=\"woocommerce-Price-amount amount\"><bdi>385,83<span class=\"woocommerce-Price-currencySymbol\">&euro;<\/span><\/bdi><\/span><span class=\"screen-reader-text\" data-no-translation=\"\" data-trp-gettext=\"\">Preisspanne: 61,00&euro; bis 385,83&euro;<\/span><\/span> <small class=\"woocommerce-price-suffix\">GEB\u00dcHREN und STEUERN NICHT INBEGRIFFEN<\/small><\/span>\n<\/div><div class=\"add-to-cart-button\"><a href=\"https:\/\/www.sideaita.it\/de\/attrezzatura-fitness\/2189-2201-competition-kettlebell-dimensioni-standard\/\" aria-describedby=\"woocommerce_loop_add_to_cart_link_describedby_929\" data-quantity=\"1\" class=\"primary is-small mb-0 button product_type_variable add_to_cart_button is-underline\" data-product_id=\"929\" data-product_sku=\"KETTCOMP\" aria-label=\"Optionen ausw\u00e4hlen f\u00fcr &quot;2189-2201 Competition Kettlebell&quot;.\" rel=\"nofollow\" data-no-translation=\"\" data-trp-gettext=\"\" data-no-translation-aria-label=\"\">Optionen ausw\u00e4hlen<\/a><\/div>\t<span id=\"woocommerce_loop_add_to_cart_link_describedby_929\" class=\"screen-reader-text\">\n\t\tDieses Produkt weist mehrere Varianten auf. Die Optionen k\u00f6nnen auf der Produktseite gew\u00e4hlt werden\t<\/span>\n\t\t<\/div>\n\t<\/div>\n\t<span class=\"gtm4wp_productdata\" style=\"display:none; visibility:hidden;\" data-gtm4wp_product_data=\"{&quot;internal_id&quot;:929,&quot;item_id&quot;:929,&quot;item_name&quot;:&quot;2189-2201 Competition Kettlebell&quot;,&quot;sku&quot;:&quot;KETTCOMP&quot;,&quot;price&quot;:61,&quot;stocklevel&quot;:null,&quot;stockstatus&quot;:&quot;instock&quot;,&quot;google_business_vertical&quot;:&quot;retail&quot;,&quot;item_category&quot;:&quot;Kettlebell Strong Competition &amp; vinyl&quot;,&quot;id&quot;:929,&quot;item_brand&quot;:&quot;&quot;,&quot;productlink&quot;:&quot;https:\\\/\\\/www.sideaita.it\\\/de\\\/attrezzatura-fitness\\\/2189-2201-competition-kettlebell-dimensioni-standard\\\/&quot;,&quot;item_list_name&quot;:&quot;General Product List&quot;,&quot;index&quot;:4,&quot;product_type&quot;:&quot;variable&quot;}\"><\/span>\t<\/div>\n<\/div><div class=\"product-small col has-hover product type-product post-916 status-publish instock product_cat-attrezzi-functional-training-palestre-professionisti-fitness product_cat-group-activity product_cat-homegym product_cat-kettlebell-strong-kettlebell-competition-kettlebell-vinyl product_cat-products-code-order product_tag-kettlebell has-post-thumbnail taxable shipping-taxable purchasable product-type-variable has-default-attributes\">\n\t<div class=\"col-inner\">\n\t\n<div class=\"badge-container absolute left top z-1\">\n\n<\/div>\n\t<div class=\"product-small box\">\n\t\t<div class=\"box-image\">\n\t\t\t<div class=\"image-fade_in_back\">\n\t\t\t\t<a href=\"https:\/\/www.sideaita.it\/de\/attrezzatura-fitness\/2169-2181-vinyl-vinile-kettlebell\/\">\n\t\t\t\t\t<img loading=\"lazy\" decoding=\"async\" width=\"300\" height=\"300\" src=\"https:\/\/www.sideaita.it\/wp-content\/uploads\/2018\/07\/2169-2181-Vinyl-Kettlebell-foto-prodotto-piu-compatta-300x300.jpg\" class=\"attachment-woocommerce_thumbnail size-woocommerce_thumbnail\" alt=\"2169-2181 Vinyl-Kettlebell\" srcset=\"https:\/\/www.sideaita.it\/wp-content\/uploads\/2018\/07\/2169-2181-Vinyl-Kettlebell-foto-prodotto-piu-compatta-300x300.jpg 300w, https:\/\/www.sideaita.it\/wp-content\/uploads\/2018\/07\/2169-2181-Vinyl-Kettlebell-foto-prodotto-piu-compatta-400x400.jpg 400w, https:\/\/www.sideaita.it\/wp-content\/uploads\/2018\/07\/2169-2181-Vinyl-Kettlebell-foto-prodotto-piu-compatta-800x800.jpg 800w, https:\/\/www.sideaita.it\/wp-content\/uploads\/2018\/07\/2169-2181-Vinyl-Kettlebell-foto-prodotto-piu-compatta-768x768.jpg 768w, https:\/\/www.sideaita.it\/wp-content\/uploads\/2018\/07\/2169-2181-Vinyl-Kettlebell-foto-prodotto-piu-compatta-12x12.jpg 12w, https:\/\/www.sideaita.it\/wp-content\/uploads\/2018\/07\/2169-2181-Vinyl-Kettlebell-foto-prodotto-piu-compatta-700x700.jpg 700w, https:\/\/www.sideaita.it\/wp-content\/uploads\/2018\/07\/2169-2181-Vinyl-Kettlebell-foto-prodotto-piu-compatta-100x100.jpg 100w, https:\/\/www.sideaita.it\/wp-content\/uploads\/2018\/07\/2169-2181-Vinyl-Kettlebell-foto-prodotto-piu-compatta.jpg 1000w\" sizes=\"auto, (max-width: 300px) 100vw, 300px\" title=\"2169-2181 Vinyl-Kettlebell\" \/><img loading=\"lazy\" decoding=\"async\" width=\"300\" height=\"300\" src=\"https:\/\/www.sideaita.it\/wp-content\/uploads\/2018\/07\/2169-2181-Vinyl-Kettlebell-25-09-04-Martina-12-300x300.jpg\" class=\"show-on-hover absolute fill hide-for-small back-image\" alt=\"2169-2181 Vinyl-Kettlebell\" aria-hidden=\"true\" srcset=\"https:\/\/www.sideaita.it\/wp-content\/uploads\/2018\/07\/2169-2181-Vinyl-Kettlebell-25-09-04-Martina-12-300x300.jpg 300w, https:\/\/www.sideaita.it\/wp-content\/uploads\/2018\/07\/2169-2181-Vinyl-Kettlebell-25-09-04-Martina-12-400x400.jpg 400w, https:\/\/www.sideaita.it\/wp-content\/uploads\/2018\/07\/2169-2181-Vinyl-Kettlebell-25-09-04-Martina-12-800x800.jpg 800w, https:\/\/www.sideaita.it\/wp-content\/uploads\/2018\/07\/2169-2181-Vinyl-Kettlebell-25-09-04-Martina-12-768x768.jpg 768w, https:\/\/www.sideaita.it\/wp-content\/uploads\/2018\/07\/2169-2181-Vinyl-Kettlebell-25-09-04-Martina-12-12x12.jpg 12w, https:\/\/www.sideaita.it\/wp-content\/uploads\/2018\/07\/2169-2181-Vinyl-Kettlebell-25-09-04-Martina-12-700x700.jpg 700w, https:\/\/www.sideaita.it\/wp-content\/uploads\/2018\/07\/2169-2181-Vinyl-Kettlebell-25-09-04-Martina-12-100x100.jpg 100w, https:\/\/www.sideaita.it\/wp-content\/uploads\/2018\/07\/2169-2181-Vinyl-Kettlebell-25-09-04-Martina-12.jpg 1000w\" sizes=\"auto, (max-width: 300px) 100vw, 300px\" title=\"2169-2181 Vinyl-Kettlebell\" \/>\t\t\t\t<\/a>\n\t\t\t<\/div>\n\t\t\t<div class=\"image-tools is-small top right show-on-hover\">\n\t\t\t\t\t\t\t<\/div>\n\t\t\t<div class=\"image-tools is-small hide-for-small bottom left show-on-hover\">\n\t\t\t\t\t\t\t<\/div>\n\t\t\t<div class=\"image-tools grid-tools text-center hide-for-small bottom hover-slide-in show-on-hover\">\n\t\t\t\t<a href=\"#quick-view\" class=\"quick-view\" role=\"button\" data-prod=\"916\" aria-haspopup=\"dialog\" aria-expanded=\"false\" data-flatsome-role-button>Schnellansicht<\/a>\t\t\t<\/div>\n\t\t\t\t\t<\/div>\n\n\t\t<div class=\"box-text box-text-products\">\n\t\t\t<div class=\"title-wrapper\">\t\t<p class=\"category uppercase is-smaller no-text-overflow product-cat op-8\">\n\t\t\tFunktionelles Training\t\t<\/p>\n\t<p class=\"name product-title woocommerce-loop-product__title\"><a href=\"https:\/\/www.sideaita.it\/de\/attrezzatura-fitness\/2169-2181-vinyl-vinile-kettlebell\/\" class=\"woocommerce-LoopProduct-link woocommerce-loop-product__link\">2169-2181 Vinyl-Kettlebell<\/a><\/p><\/div><div class=\"price-wrapper\">\n\t<span class=\"price\"><span class=\"ywcrbp_regular_price\"> <span class=\"woocommerce-Price-amount amount\"><bdi>12,20<span class=\"woocommerce-Price-currencySymbol\">&euro;<\/span><\/bdi><\/span> <span aria-hidden=\"true\"> \u2013 <\/span> <span class=\"woocommerce-Price-amount amount\"><bdi>99,13<span class=\"woocommerce-Price-currencySymbol\">&euro;<\/span><\/bdi><\/span><span class=\"screen-reader-text\" data-no-translation=\"\" data-trp-gettext=\"\">Preisspanne: 12,20&euro; bis 99,13&euro;<\/span><\/span> <small class=\"woocommerce-price-suffix\">GEB\u00dcHREN und STEUERN NICHT INBEGRIFFEN<\/small><\/span>\n<\/div><div class=\"add-to-cart-button\"><a href=\"https:\/\/www.sideaita.it\/de\/attrezzatura-fitness\/2169-2181-vinyl-vinile-kettlebell\/\" aria-describedby=\"woocommerce_loop_add_to_cart_link_describedby_916\" data-quantity=\"1\" class=\"primary is-small mb-0 button product_type_variable add_to_cart_button is-underline\" data-product_id=\"916\" data-product_sku=\"KETTVIN\" aria-label=\"Optionen ausw\u00e4hlen f\u00fcr &quot;2169-2181 Vinyl Kettlebell&quot;.\" rel=\"nofollow\" data-no-translation=\"\" data-trp-gettext=\"\" data-no-translation-aria-label=\"\">Optionen ausw\u00e4hlen<\/a><\/div>\t<span id=\"woocommerce_loop_add_to_cart_link_describedby_916\" class=\"screen-reader-text\">\n\t\tDieses Produkt weist mehrere Varianten auf. Die Optionen k\u00f6nnen auf der Produktseite gew\u00e4hlt werden\t<\/span>\n\t\t<\/div>\n\t<\/div>\n\t<span class=\"gtm4wp_productdata\" style=\"display:none; visibility:hidden;\" data-gtm4wp_product_data=\"{&quot;internal_id&quot;:916,&quot;item_id&quot;:916,&quot;item_name&quot;:&quot;2169-2181 Vinyl Kettlebell&quot;,&quot;sku&quot;:&quot;KETTVIN&quot;,&quot;price&quot;:12.2,&quot;stocklevel&quot;:null,&quot;stockstatus&quot;:&quot;instock&quot;,&quot;google_business_vertical&quot;:&quot;retail&quot;,&quot;item_category&quot;:&quot;Kettlebell Strong Competition &amp; vinyl&quot;,&quot;id&quot;:916,&quot;item_brand&quot;:&quot;&quot;,&quot;productlink&quot;:&quot;https:\\\/\\\/www.sideaita.it\\\/de\\\/attrezzatura-fitness\\\/2169-2181-vinyl-vinile-kettlebell\\\/&quot;,&quot;item_list_name&quot;:&quot;General Product List&quot;,&quot;index&quot;:5,&quot;product_type&quot;:&quot;variable&quot;}\"><\/span>\t<\/div>\n<\/div><\/div>\n<p>&nbsp;<\/p>\n<p style=\"text-align: center;\"><em>Sidea<\/em><\/p>\n\n  <div class=\"banner has-hover\" id=\"banner-1893555595\">\n          <div class=\"banner-inner fill\">\n        <div class=\"banner-bg fill\" >\n            <img loading=\"lazy\" decoding=\"async\" width=\"1020\" height=\"319\" src=\"https:\/\/www.sideaita.it\/wp-content\/uploads\/2024\/02\/COPERTINA-MAILING-DISCHI-DA-PL-2--1400x438.jpg\" class=\"bg attachment-large size-large\" alt=\"2169-2181 Vinyl-Kettlebell\" title=\"2169-2181 Vinyl-Kettlebell\" \/>                        <div class=\"overlay\"><\/div>            \n                    <\/div>\n\t\t\n        <div class=\"banner-layers container\">\n            <div class=\"fill banner-link\"><\/div>            \n   <div id=\"text-box-1066270345\" class=\"text-box banner-layer x50 md-x50 lg-x50 y50 md-y50 lg-y50 res-text\">\n                                <div class=\"text-box-content text dark\">\n              \n              <div class=\"text-inner text-center\">\n                  \n\t<div id=\"text-1773997468\" class=\"text\">\n\t\t\n<p><strong>NEWSLETTER SEITEA<\/strong><\/p>\n<p>Abonnieren Sie unseren Newsletter, um Neuigkeiten, Sonderangebote und Einblicke in die Welt von Sidea zu erhalten.<br \/>\n\t\t\n<style>\n#text-1773997468 {\n  font-size: 1.45rem;\n  line-height: 1.25;\n}\n<\/style>\n\t<\/div>\n\t\n<a href=\"#header-newsletter-signup\" class=\"button white is-outline is-large\" style=\"border-radius:26px;\">\n\t\t<span>JOIN<\/span>\n\t<\/a>\n\n              <\/div>\n           <\/div>\n                            \n<style>\n#text-box-1066270345 {\n  width: 60%;\n}\n#text-box-1066270345 .text-box-content {\n  font-size: 100%;\n}\n<\/style>\n    <\/div>\n \n        <\/div>\n      <\/div>\n\n            \n<style>\n#banner-1893555595 {\n  padding-top: 300px;\n  background-color: rgb(0, 0, 0);\n}\n#banner-1893555595 .overlay {\n  background-color: rgba(0, 0, 0, 0.669);\n}\n<\/style>\n  <\/div>","protected":false},"excerpt":{"rendered":"<p>Dal 2025, Sidea diventer\u00e0 il distributore ufficiale europeo delle Kettlebell StrongFirst\u00ae.\u00a0Per celebrare l&#8217;inizio di questa collaborazione, parteciperemo come sponsor tecnico al StrongFirst OPEN DAY Workshop un evento imperdibile per entrare in contatto col mondo della preparazione fisica attraverso l\u2019allenamento della forza e lo studio del movimento atletico, che si terr\u00e0 il 2 febbraio a Cesena. [&#8230;]\n","protected":false},"author":3,"featured_media":374882,"comment_status":"closed","ping_status":"open","sticky":false,"template":"","format":"standard","meta":{"footnotes":""},"categories":[277],"tags":[],"class_list":["post-374875","post","type-post","status-publish","format-standard","has-post-thumbnail","hentry","category-functional-training"],"yoast_head":"<!-- This site is optimized with the Yoast SEO Premium plugin v28.1 (Yoast SEO v28.1) - https:\/\/yoast.com\/product\/yoast-seo-premium-wordpress\/ -->\n<title>Intervista ad Andrea Mazzoni - l\u2019intesa con StrongFirst\u00ae va oltre gli aspetti puramente commerciali - Sidea | Attrezzatura Fitness Professionale<\/title>\n<meta name=\"robots\" content=\"index, follow, max-snippet:-1, max-image-preview:large, max-video-preview:-1\" \/>\n<link rel=\"canonical\" href=\"https:\/\/www.sideaita.it\/de\/2024\/12\/23\/interview-mit-andrea-mazzoni-die-vereinbarung-mit-strongfirst-geht-uber-rein-kommerzielle-aspekte-hinaus\/\" \/>\n<meta property=\"og:locale\" content=\"de_DE\" \/>\n<meta property=\"og:type\" content=\"article\" \/>\n<meta property=\"og:title\" content=\"Intervista ad Andrea Mazzoni - l\u2019intesa con StrongFirst\u00ae va oltre gli aspetti puramente commerciali\" \/>\n<meta property=\"og:description\" content=\"Dal 2025, Sidea diventer\u00e0 il distributore ufficiale europeo delle Kettlebell StrongFirst\u00ae.\u00a0Per celebrare l&#8217;inizio di questa collaborazione, parteciperemo come sponsor tecnico al StrongFirst OPEN DAY Workshop un evento imperdibile per entrare in contatto col mondo della preparazione fisica attraverso l\u2019allenamento della forza e lo studio del movimento atletico, che si terr\u00e0 il 2 febbraio a Cesena. [...]\" \/>\n<meta property=\"og:url\" content=\"https:\/\/www.sideaita.it\/de\/2024\/12\/23\/interview-mit-andrea-mazzoni-die-vereinbarung-mit-strongfirst-geht-uber-rein-kommerzielle-aspekte-hinaus\/\" \/>\n<meta property=\"og:site_name\" content=\"Sidea | Attrezzatura Fitness Professionale\" \/>\n<meta property=\"article:publisher\" content=\"https:\/\/www.facebook.com\/sideaita\/\" \/>\n<meta property=\"article:published_time\" content=\"2024-12-23T11:11:58+00:00\" \/>\n<meta property=\"article:modified_time\" content=\"2025-12-19T09:48:12+00:00\" \/>\n<meta property=\"og:image\" content=\"https:\/\/www.sideaita.it\/wp-content\/uploads\/2024\/12\/andrea-e-fabio-in-showroom-con-sfumatura.jpg\" \/>\n\t<meta property=\"og:image:width\" content=\"1920\" \/>\n\t<meta property=\"og:image:height\" content=\"1080\" \/>\n\t<meta property=\"og:image:type\" content=\"image\/jpeg\" \/>\n<meta name=\"author\" content=\"Sidea\" \/>\n<meta name=\"twitter:card\" content=\"summary_large_image\" \/>\n<meta name=\"twitter:label1\" content=\"Verfasst von\" \/>\n\t<meta name=\"twitter:data1\" content=\"Sidea\" \/>\n\t<meta name=\"twitter:label2\" content=\"Gesch\u00e4tzte Lesezeit\" \/>\n\t<meta name=\"twitter:data2\" content=\"5\u00a0Minuten\" \/>\n<script type=\"application\/ld+json\" class=\"yoast-schema-graph\">{\"@context\":\"https:\\\/\\\/schema.org\",\"@graph\":[{\"@type\":\"Article\",\"@id\":\"https:\\\/\\\/www.sideaita.it\\\/2024\\\/12\\\/23\\\/intervista-ad-andrea-mazzoni-lintesa-con-strongfirst-va-oltre-gli-aspetti-puramente-commerciali\\\/#article\",\"isPartOf\":{\"@id\":\"https:\\\/\\\/www.sideaita.it\\\/2024\\\/12\\\/23\\\/intervista-ad-andrea-mazzoni-lintesa-con-strongfirst-va-oltre-gli-aspetti-puramente-commerciali\\\/\"},\"author\":{\"name\":\"Sidea\",\"@id\":\"https:\\\/\\\/www.sideaita.it\\\/#\\\/schema\\\/person\\\/dffac77f9ef1c6ee0bee663f15d9de31\"},\"headline\":\"Intervista ad Andrea Mazzoni &#8211; l\u2019intesa con StrongFirst\u00ae va oltre gli aspetti puramente commerciali\",\"datePublished\":\"2024-12-23T11:11:58+00:00\",\"dateModified\":\"2025-12-19T09:48:12+00:00\",\"mainEntityOfPage\":{\"@id\":\"https:\\\/\\\/www.sideaita.it\\\/2024\\\/12\\\/23\\\/intervista-ad-andrea-mazzoni-lintesa-con-strongfirst-va-oltre-gli-aspetti-puramente-commerciali\\\/\"},\"wordCount\":888,\"publisher\":{\"@id\":\"https:\\\/\\\/www.sideaita.it\\\/#organization\"},\"image\":{\"@id\":\"https:\\\/\\\/www.sideaita.it\\\/2024\\\/12\\\/23\\\/intervista-ad-andrea-mazzoni-lintesa-con-strongfirst-va-oltre-gli-aspetti-puramente-commerciali\\\/#primaryimage\"},\"thumbnailUrl\":\"https:\\\/\\\/www.sideaita.it\\\/wp-content\\\/uploads\\\/2024\\\/12\\\/andrea-e-fabio-in-showroom-con-sfumatura.jpg\",\"articleSection\":[\"News Functional Training\"],\"inLanguage\":\"de\"},{\"@type\":\"WebPage\",\"@id\":\"https:\\\/\\\/www.sideaita.it\\\/2024\\\/12\\\/23\\\/intervista-ad-andrea-mazzoni-lintesa-con-strongfirst-va-oltre-gli-aspetti-puramente-commerciali\\\/\",\"url\":\"https:\\\/\\\/www.sideaita.it\\\/2024\\\/12\\\/23\\\/intervista-ad-andrea-mazzoni-lintesa-con-strongfirst-va-oltre-gli-aspetti-puramente-commerciali\\\/\",\"name\":\"Intervista ad Andrea Mazzoni - l\u2019intesa con StrongFirst\u00ae va oltre gli aspetti puramente commerciali - Sidea | Attrezzatura Fitness Professionale\",\"isPartOf\":{\"@id\":\"https:\\\/\\\/www.sideaita.it\\\/#website\"},\"primaryImageOfPage\":{\"@id\":\"https:\\\/\\\/www.sideaita.it\\\/2024\\\/12\\\/23\\\/intervista-ad-andrea-mazzoni-lintesa-con-strongfirst-va-oltre-gli-aspetti-puramente-commerciali\\\/#primaryimage\"},\"image\":{\"@id\":\"https:\\\/\\\/www.sideaita.it\\\/2024\\\/12\\\/23\\\/intervista-ad-andrea-mazzoni-lintesa-con-strongfirst-va-oltre-gli-aspetti-puramente-commerciali\\\/#primaryimage\"},\"thumbnailUrl\":\"https:\\\/\\\/www.sideaita.it\\\/wp-content\\\/uploads\\\/2024\\\/12\\\/andrea-e-fabio-in-showroom-con-sfumatura.jpg\",\"datePublished\":\"2024-12-23T11:11:58+00:00\",\"dateModified\":\"2025-12-19T09:48:12+00:00\",\"breadcrumb\":{\"@id\":\"https:\\\/\\\/www.sideaita.it\\\/2024\\\/12\\\/23\\\/intervista-ad-andrea-mazzoni-lintesa-con-strongfirst-va-oltre-gli-aspetti-puramente-commerciali\\\/#breadcrumb\"},\"inLanguage\":\"de\",\"potentialAction\":[{\"@type\":\"ReadAction\",\"target\":[\"https:\\\/\\\/www.sideaita.it\\\/2024\\\/12\\\/23\\\/intervista-ad-andrea-mazzoni-lintesa-con-strongfirst-va-oltre-gli-aspetti-puramente-commerciali\\\/\"]}]},{\"@type\":\"ImageObject\",\"inLanguage\":\"de\",\"@id\":\"https:\\\/\\\/www.sideaita.it\\\/2024\\\/12\\\/23\\\/intervista-ad-andrea-mazzoni-lintesa-con-strongfirst-va-oltre-gli-aspetti-puramente-commerciali\\\/#primaryimage\",\"url\":\"https:\\\/\\\/www.sideaita.it\\\/wp-content\\\/uploads\\\/2024\\\/12\\\/andrea-e-fabio-in-showroom-con-sfumatura.jpg\",\"contentUrl\":\"https:\\\/\\\/www.sideaita.it\\\/wp-content\\\/uploads\\\/2024\\\/12\\\/andrea-e-fabio-in-showroom-con-sfumatura.jpg\",\"width\":1920,\"height\":1080,\"caption\":\"andrea e fabio in showroom con sfumatura\"},{\"@type\":\"BreadcrumbList\",\"@id\":\"https:\\\/\\\/www.sideaita.it\\\/2024\\\/12\\\/23\\\/intervista-ad-andrea-mazzoni-lintesa-con-strongfirst-va-oltre-gli-aspetti-puramente-commerciali\\\/#breadcrumb\",\"itemListElement\":[{\"@type\":\"ListItem\",\"position\":1,\"name\":\"Home\",\"item\":\"https:\\\/\\\/www.sideaita.it\\\/\"},{\"@type\":\"ListItem\",\"position\":2,\"name\":\"Intervista ad Andrea Mazzoni &#8211; l\u2019intesa con StrongFirst\u00ae va oltre gli aspetti puramente commerciali\"}]},{\"@type\":\"WebSite\",\"@id\":\"https:\\\/\\\/www.sideaita.it\\\/#website\",\"url\":\"https:\\\/\\\/www.sideaita.it\\\/\",\"name\":\"Sidea | Attrezzatura Fitness Professionale\",\"description\":\"SIDEA \u2013 Allenati, diventa pi\u00f9 forte, vivi meglio | Attrezzatura professionale per la preparazione fisica ed il functional training. Nata dalla passione per lo sport, sviluppata per le palestre.\",\"publisher\":{\"@id\":\"https:\\\/\\\/www.sideaita.it\\\/#organization\"},\"potentialAction\":[{\"@type\":\"SearchAction\",\"target\":{\"@type\":\"EntryPoint\",\"urlTemplate\":\"https:\\\/\\\/www.sideaita.it\\\/?s={search_term_string}\"},\"query-input\":{\"@type\":\"PropertyValueSpecification\",\"valueRequired\":true,\"valueName\":\"search_term_string\"}}],\"inLanguage\":\"de\"},{\"@type\":\"Organization\",\"@id\":\"https:\\\/\\\/www.sideaita.it\\\/#organization\",\"name\":\"Sidea Srl\",\"alternateName\":\"Sidea\",\"url\":\"https:\\\/\\\/www.sideaita.it\\\/\",\"logo\":{\"@type\":\"ImageObject\",\"inLanguage\":\"de\",\"@id\":\"https:\\\/\\\/www.sideaita.it\\\/#\\\/schema\\\/logo\\\/image\\\/\",\"url\":\"https:\\\/\\\/www.sideaita.it\\\/wp-content\\\/uploads\\\/2023\\\/06\\\/cropped-logo-solo-s-1440x1440-1.jpg\",\"contentUrl\":\"https:\\\/\\\/www.sideaita.it\\\/wp-content\\\/uploads\\\/2023\\\/06\\\/cropped-logo-solo-s-1440x1440-1.jpg\",\"width\":512,\"height\":512,\"caption\":\"Sidea Srl\"},\"image\":{\"@id\":\"https:\\\/\\\/www.sideaita.it\\\/#\\\/schema\\\/logo\\\/image\\\/\"},\"sameAs\":[\"https:\\\/\\\/www.facebook.com\\\/sideaita\\\/\",\"https:\\\/\\\/www.instagram.com\\\/sidea_fitness\\\/\",\"https:\\\/\\\/www.linkedin.com\\\/company\\\/sideafitness\\\/\",\"https:\\\/\\\/www.pinterest.it\\\/sideafitness\\\/\",\"https:\\\/\\\/www.youtube.com\\\/user\\\/FitnessIT\\\/\",\"https:\\\/\\\/www.tiktok.com\\\/@sidea_fitness\"],\"description\":\"SIDEA \u2013 Allenati, diventa pi\u00f9 forte, vivi meglio | Attrezzatura professionale per la preparazione fisica ed il functional training. Nata dalla passione per lo sport, sviluppata per le palestre.\",\"email\":\"sidea@sideaita.it\",\"legalName\":\"Sidea Srl\",\"vatID\":\"IT02693190403\",\"taxID\":\"IT02693190403\",\"hasMerchantReturnPolicy\":{\"@type\":\"MerchantReturnPolicy\",\"merchantReturnLink\":\"https:\\\/\\\/www.sideaita.it\\\/de\\\/termini-condizioni-di-vendita\\\/\"}},{\"@type\":\"Person\",\"@id\":\"https:\\\/\\\/www.sideaita.it\\\/#\\\/schema\\\/person\\\/dffac77f9ef1c6ee0bee663f15d9de31\",\"name\":\"Sidea\",\"image\":{\"@type\":\"ImageObject\",\"inLanguage\":\"de\",\"@id\":\"https:\\\/\\\/secure.gravatar.com\\\/avatar\\\/1f053fd372d4715dae69f2348830136846525c9c803cd9d3899b193518df4fe1?s=96&d=mm&r=g\",\"url\":\"https:\\\/\\\/secure.gravatar.com\\\/avatar\\\/1f053fd372d4715dae69f2348830136846525c9c803cd9d3899b193518df4fe1?s=96&d=mm&r=g\",\"contentUrl\":\"https:\\\/\\\/secure.gravatar.com\\\/avatar\\\/1f053fd372d4715dae69f2348830136846525c9c803cd9d3899b193518df4fe1?s=96&d=mm&r=g\",\"caption\":\"Sidea\"},\"sameAs\":[\"riccardo\"],\"url\":\"https:\\\/\\\/www.sideaita.it\\\/de\\\/author\\\/gioele\\\/\"}]}<\/script>\n<meta property=\"og:availability\" content=\"instock\" \/>\n<meta property=\"product:availability\" content=\"instock\" \/>\n<meta property=\"product:retailer_item_id\" content=\"KETTVIN\" \/>\n<meta property=\"product:condition\" content=\"new\" \/>\n<!-- \/ Yoast SEO Premium plugin. -->","yoast_head_json":{"title":"Interview mit Andrea Mazzoni - die Vereinbarung mit StrongFirst\u00ae geht \u00fcber rein kommerzielle Aspekte hinaus - Sidea | Professional Fitness Equipment","robots":{"index":"index","follow":"follow","max-snippet":"max-snippet:-1","max-image-preview":"max-image-preview:large","max-video-preview":"max-video-preview:-1"},"canonical":"https:\/\/www.sideaita.it\/de\/2024\/12\/23\/interview-mit-andrea-mazzoni-die-vereinbarung-mit-strongfirst-geht-uber-rein-kommerzielle-aspekte-hinaus\/","og_locale":"de_DE","og_type":"article","og_title":"Intervista ad Andrea Mazzoni - l\u2019intesa con StrongFirst\u00ae va oltre gli aspetti puramente commerciali","og_description":"Dal 2025, Sidea diventer\u00e0 il distributore ufficiale europeo delle Kettlebell StrongFirst\u00ae.\u00a0Per celebrare l&#8217;inizio di questa collaborazione, parteciperemo come sponsor tecnico al StrongFirst OPEN DAY Workshop un evento imperdibile per entrare in contatto col mondo della preparazione fisica attraverso l\u2019allenamento della forza e lo studio del movimento atletico, che si terr\u00e0 il 2 febbraio a Cesena. [...]","og_url":"https:\/\/www.sideaita.it\/de\/2024\/12\/23\/interview-mit-andrea-mazzoni-die-vereinbarung-mit-strongfirst-geht-uber-rein-kommerzielle-aspekte-hinaus\/","og_site_name":"Sidea | Attrezzatura Fitness Professionale","article_publisher":"https:\/\/www.facebook.com\/sideaita\/","article_published_time":"2024-12-23T11:11:58+00:00","article_modified_time":"2025-12-19T09:48:12+00:00","og_image":[{"width":1920,"height":1080,"url":"https:\/\/www.sideaita.it\/wp-content\/uploads\/2024\/12\/andrea-e-fabio-in-showroom-con-sfumatura.jpg","type":"image\/jpeg"}],"author":"Sidea","twitter_card":"summary_large_image","twitter_misc":{"Verfasst von":"Sidea","Gesch\u00e4tzte Lesezeit":"5\u00a0Minuten"},"schema":{"@context":"https:\/\/schema.org","@graph":[{"@type":"Article","@id":"https:\/\/www.sideaita.it\/2024\/12\/23\/intervista-ad-andrea-mazzoni-lintesa-con-strongfirst-va-oltre-gli-aspetti-puramente-commerciali\/#article","isPartOf":{"@id":"https:\/\/www.sideaita.it\/2024\/12\/23\/intervista-ad-andrea-mazzoni-lintesa-con-strongfirst-va-oltre-gli-aspetti-puramente-commerciali\/"},"author":{"name":"Sidea","@id":"https:\/\/www.sideaita.it\/#\/schema\/person\/dffac77f9ef1c6ee0bee663f15d9de31"},"headline":"Intervista ad Andrea Mazzoni &#8211; l\u2019intesa con StrongFirst\u00ae va oltre gli aspetti puramente commerciali","datePublished":"2024-12-23T11:11:58+00:00","dateModified":"2025-12-19T09:48:12+00:00","mainEntityOfPage":{"@id":"https:\/\/www.sideaita.it\/2024\/12\/23\/intervista-ad-andrea-mazzoni-lintesa-con-strongfirst-va-oltre-gli-aspetti-puramente-commerciali\/"},"wordCount":888,"publisher":{"@id":"https:\/\/www.sideaita.it\/#organization"},"image":{"@id":"https:\/\/www.sideaita.it\/2024\/12\/23\/intervista-ad-andrea-mazzoni-lintesa-con-strongfirst-va-oltre-gli-aspetti-puramente-commerciali\/#primaryimage"},"thumbnailUrl":"https:\/\/www.sideaita.it\/wp-content\/uploads\/2024\/12\/andrea-e-fabio-in-showroom-con-sfumatura.jpg","articleSection":["News Functional Training"],"inLanguage":"de"},{"@type":"WebPage","@id":"https:\/\/www.sideaita.it\/2024\/12\/23\/intervista-ad-andrea-mazzoni-lintesa-con-strongfirst-va-oltre-gli-aspetti-puramente-commerciali\/","url":"https:\/\/www.sideaita.it\/2024\/12\/23\/intervista-ad-andrea-mazzoni-lintesa-con-strongfirst-va-oltre-gli-aspetti-puramente-commerciali\/","name":"Interview mit Andrea Mazzoni - die Vereinbarung mit StrongFirst\u00ae geht \u00fcber rein kommerzielle Aspekte hinaus - Sidea | Professional Fitness Equipment","isPartOf":{"@id":"https:\/\/www.sideaita.it\/#website"},"primaryImageOfPage":{"@id":"https:\/\/www.sideaita.it\/2024\/12\/23\/intervista-ad-andrea-mazzoni-lintesa-con-strongfirst-va-oltre-gli-aspetti-puramente-commerciali\/#primaryimage"},"image":{"@id":"https:\/\/www.sideaita.it\/2024\/12\/23\/intervista-ad-andrea-mazzoni-lintesa-con-strongfirst-va-oltre-gli-aspetti-puramente-commerciali\/#primaryimage"},"thumbnailUrl":"https:\/\/www.sideaita.it\/wp-content\/uploads\/2024\/12\/andrea-e-fabio-in-showroom-con-sfumatura.jpg","datePublished":"2024-12-23T11:11:58+00:00","dateModified":"2025-12-19T09:48:12+00:00","breadcrumb":{"@id":"https:\/\/www.sideaita.it\/2024\/12\/23\/intervista-ad-andrea-mazzoni-lintesa-con-strongfirst-va-oltre-gli-aspetti-puramente-commerciali\/#breadcrumb"},"inLanguage":"de","potentialAction":[{"@type":"ReadAction","target":["https:\/\/www.sideaita.it\/2024\/12\/23\/intervista-ad-andrea-mazzoni-lintesa-con-strongfirst-va-oltre-gli-aspetti-puramente-commerciali\/"]}]},{"@type":"ImageObject","inLanguage":"de","@id":"https:\/\/www.sideaita.it\/2024\/12\/23\/intervista-ad-andrea-mazzoni-lintesa-con-strongfirst-va-oltre-gli-aspetti-puramente-commerciali\/#primaryimage","url":"https:\/\/www.sideaita.it\/wp-content\/uploads\/2024\/12\/andrea-e-fabio-in-showroom-con-sfumatura.jpg","contentUrl":"https:\/\/www.sideaita.it\/wp-content\/uploads\/2024\/12\/andrea-e-fabio-in-showroom-con-sfumatura.jpg","width":1920,"height":1080,"caption":"andrea e fabio in showroom con sfumatura"},{"@type":"BreadcrumbList","@id":"https:\/\/www.sideaita.it\/2024\/12\/23\/intervista-ad-andrea-mazzoni-lintesa-con-strongfirst-va-oltre-gli-aspetti-puramente-commerciali\/#breadcrumb","itemListElement":[{"@type":"ListItem","position":1,"name":"Home","item":"https:\/\/www.sideaita.it\/"},{"@type":"ListItem","position":2,"name":"Intervista ad Andrea Mazzoni &#8211; l\u2019intesa con StrongFirst\u00ae va oltre gli aspetti puramente commerciali"}]},{"@type":"WebSite","@id":"https:\/\/www.sideaita.it\/#website","url":"https:\/\/www.sideaita.it\/","name":"Sidea | Professionelle Fitnessger\u00e4te","description":"SIDEA - Trainieren, st\u00e4rker werden, besser leben | Professionelle Ausr\u00fcstung f\u00fcr k\u00f6rperliche Vorbereitung und funktionelles Training. Geboren aus einer Leidenschaft f\u00fcr den Sport, entwickelt f\u00fcr Fitnessstudios.","publisher":{"@id":"https:\/\/www.sideaita.it\/#organization"},"potentialAction":[{"@type":"SearchAction","target":{"@type":"EntryPoint","urlTemplate":"https:\/\/www.sideaita.it\/?s={search_term_string}"},"query-input":{"@type":"PropertyValueSpecification","valueRequired":true,"valueName":"search_term_string"}}],"inLanguage":"de"},{"@type":"Organization","@id":"https:\/\/www.sideaita.it\/#organization","name":"Sidea Srl","alternateName":"Sidea","url":"https:\/\/www.sideaita.it\/","logo":{"@type":"ImageObject","inLanguage":"de","@id":"https:\/\/www.sideaita.it\/#\/schema\/logo\/image\/","url":"https:\/\/www.sideaita.it\/wp-content\/uploads\/2023\/06\/cropped-logo-solo-s-1440x1440-1.jpg","contentUrl":"https:\/\/www.sideaita.it\/wp-content\/uploads\/2023\/06\/cropped-logo-solo-s-1440x1440-1.jpg","width":512,"height":512,"caption":"Sidea Srl"},"image":{"@id":"https:\/\/www.sideaita.it\/#\/schema\/logo\/image\/"},"sameAs":["https:\/\/www.facebook.com\/sideaita\/","https:\/\/www.instagram.com\/sidea_fitness\/","https:\/\/www.linkedin.com\/company\/sideafitness\/","https:\/\/www.pinterest.it\/sideafitness\/","https:\/\/www.youtube.com\/user\/FitnessIT\/","https:\/\/www.tiktok.com\/@sidea_fitness"],"description":"SIDEA - Trainieren, st\u00e4rker werden, besser leben | Professionelle Ausr\u00fcstung f\u00fcr k\u00f6rperliche Vorbereitung und funktionelles Training. Geboren aus einer Leidenschaft f\u00fcr den Sport, entwickelt f\u00fcr Fitnessstudios.","email":"sidea@sideaita.it","legalName":"Sidea Srl","vatID":"IT02693190403","taxID":"IT02693190403","hasMerchantReturnPolicy":{"@type":"MerchantReturnPolicy","merchantReturnLink":"https:\/\/www.sideaita.it\/de\/termini-condizioni-di-vendita\/"}},{"@type":"Person","@id":"https:\/\/www.sideaita.it\/#\/schema\/person\/dffac77f9ef1c6ee0bee663f15d9de31","name":"Sidea","image":{"@type":"ImageObject","inLanguage":"de","@id":"https:\/\/secure.gravatar.com\/avatar\/1f053fd372d4715dae69f2348830136846525c9c803cd9d3899b193518df4fe1?s=96&d=mm&r=g","url":"https:\/\/secure.gravatar.com\/avatar\/1f053fd372d4715dae69f2348830136846525c9c803cd9d3899b193518df4fe1?s=96&d=mm&r=g","contentUrl":"https:\/\/secure.gravatar.com\/avatar\/1f053fd372d4715dae69f2348830136846525c9c803cd9d3899b193518df4fe1?s=96&d=mm&r=g","caption":"Sidea"},"sameAs":["riccardo"],"url":"https:\/\/www.sideaita.it\/de\/author\/gioele\/"}]},"og_availability":"instock","product_availability":"instock","product_retailer_item_id":"KETTVIN","product_condition":"new"},"_links":{"self":[{"href":"https:\/\/www.sideaita.it\/de\/wp-json\/wp\/v2\/posts\/374875","targetHints":{"allow":["GET"]}}],"collection":[{"href":"https:\/\/www.sideaita.it\/de\/wp-json\/wp\/v2\/posts"}],"about":[{"href":"https:\/\/www.sideaita.it\/de\/wp-json\/wp\/v2\/types\/post"}],"author":[{"embeddable":true,"href":"https:\/\/www.sideaita.it\/de\/wp-json\/wp\/v2\/users\/3"}],"replies":[{"embeddable":true,"href":"https:\/\/www.sideaita.it\/de\/wp-json\/wp\/v2\/comments?post=374875"}],"version-history":[{"count":15,"href":"https:\/\/www.sideaita.it\/de\/wp-json\/wp\/v2\/posts\/374875\/revisions"}],"predecessor-version":[{"id":480838,"href":"https:\/\/www.sideaita.it\/de\/wp-json\/wp\/v2\/posts\/374875\/revisions\/480838"}],"wp:featuredmedia":[{"embeddable":true,"href":"https:\/\/www.sideaita.it\/de\/wp-json\/wp\/v2\/media\/374882"}],"wp:attachment":[{"href":"https:\/\/www.sideaita.it\/de\/wp-json\/wp\/v2\/media?parent=374875"}],"wp:term":[{"taxonomy":"category","embeddable":true,"href":"https:\/\/www.sideaita.it\/de\/wp-json\/wp\/v2\/categories?post=374875"},{"taxonomy":"post_tag","embeddable":true,"href":"https:\/\/www.sideaita.it\/de\/wp-json\/wp\/v2\/tags?post=374875"}],"curies":[{"name":"wp","href":"https:\/\/api.w.org\/{rel}","templated":true}]}}