{"id":59025,"date":"2019-12-06T09:14:10","date_gmt":"2019-12-06T08:14:10","guid":{"rendered":"https:\/\/www.sideaita.it\/?p=59025"},"modified":"2024-06-11T12:54:01","modified_gmt":"2024-06-11T10:54:01","slug":"vorbereitung-des-jugendsektors-in-atalanta","status":"publish","type":"post","link":"https:\/\/www.sideaita.it\/de\/2019\/12\/06\/settore-giovanile-atalanta-preparazione\/","title":{"rendered":"Atalanta und die Kunst des Jugendfu\u00dfballs: Wie Italiens beste Kindertagesst\u00e4tte vorbereitet wird"},"content":{"rendered":"<div align=\"justify\">\n<h5 style=\"text-align: right;\"><\/h5>\n<div align=\"justify\">\n<p>Jedes Jahr wichtige Ergebnisse auf allen Ebenen und Dutzende von jungen Leuten, die die Nationalmannschaften versorgen: Wenn es die erste Mannschaft der italienischen Mannschaft ist, die im Moment die Aufmerksamkeit auf sich zieht, ist es die<strong>Atalanta<\/strong>die in diesem Jahr zum ersten Mal in ihrer Geschichte in der Champions League spielt und in der Serie A weiterhin unglaubliche Erfolge erzielt, <strong>das eigentliche Flaggschiff der <a href=\"https:\/\/www.atalanta.it\/\">Gesellschaft von Bergamo<\/a> ist und bleibt sein eigener Jugendsektor<\/strong>das sich dank kontinuierlicher Investitionen und einer Organisation auf dem Niveau der besten Clubs in Europa immer mehr einen Ruf als <strong>beste G\u00e4rtnerei in Italien<\/strong>. Im Inneren der <strong>Sportzentrum \"Bortolotti\" in Zingonia<\/strong>In der Tat k\u00f6nnen die jungen Nerazzurri auf eine Infrastruktur und Ausr\u00fcstung z\u00e4hlen, die nur wenige vorweisen k\u00f6nnen, und die Ergebnisse kommen mit einer Regelm\u00e4\u00dfigkeit, die von der hervorragenden Arbeit zeugt.<\/p>\n<\/div>\n<\/div>\n\n  \n    <div id=\"gallery-1224101397\" class=\"lightbox-multi-gallery hide-for-small slider slider-auto-height row-collapse slider-nav-circle\" data-flickity-options='{&quot;imagesLoaded&quot;: true, &quot;dragThreshold&quot; : 5, &quot;cellAlign&quot;: &quot;left&quot;,&quot;wrapAround&quot;: true,&quot;prevNextButtons&quot;: true,&quot;percentPosition&quot;: true,&quot;pageDots&quot;: true, &quot;rightToLeft&quot;: false, &quot;autoPlay&quot; : 7000}'>\n\n  <div class=\"gallery-col col\" >\n          <div class=\"col-inner\">\n                        <div class=\"box has-hover gallery-box box-none\">\n              <div class=\"box-image\" >\n                <img loading=\"lazy\" decoding=\"async\" width=\"750\" height=\"500\" src=\"https:\/\/www.sideaita.it\/wp-content\/uploads\/2019\/12\/settore-giovanile-atalanta-palestra-9.jpg\" class=\"attachment-original size-original\" alt=\"jugendbereich-atalanta-turnhalle\" ids=\"59063,59056,59057,59055,59059,59060,59064,59061,59058,59062\" style=\"none\" lightbox=\"false\" type=\"slider-full\" slider_nav_style=\"circle\" slider_bullets=\"true\" auto_slide=\"7000\" image_size=\"original\" visibility=\"hide-for-small\" srcset=\"https:\/\/www.sideaita.it\/wp-content\/uploads\/2019\/12\/settore-giovanile-atalanta-palestra-9.jpg 750w, https:\/\/www.sideaita.it\/wp-content\/uploads\/2019\/12\/settore-giovanile-atalanta-palestra-9-600x400.jpg 600w, https:\/\/www.sideaita.it\/wp-content\/uploads\/2019\/12\/settore-giovanile-atalanta-palestra-9-700x467.jpg 700w\" sizes=\"auto, (max-width: 750px) 100vw, 750px\" \/>                                                              <\/div>\n              <div class=\"box-text text-left\" >\n                 <p><\/p>\n              <\/div>\n            <\/div>\n                      <\/div>\n         <\/div><div class=\"gallery-col col\" >\n          <div class=\"col-inner\">\n                        <div class=\"box has-hover gallery-box box-none\">\n              <div class=\"box-image\" >\n                <img loading=\"lazy\" decoding=\"async\" width=\"750\" height=\"500\" src=\"https:\/\/www.sideaita.it\/wp-content\/uploads\/2019\/12\/settore-giovanile-atalanta-palestra-2.jpg\" class=\"attachment-original size-original\" alt=\"Jugendbereich in der Turnhalle von Atalanta\" ids=\"59063,59056,59057,59055,59059,59060,59064,59061,59058,59062\" style=\"none\" lightbox=\"false\" type=\"slider-full\" slider_nav_style=\"circle\" slider_bullets=\"true\" auto_slide=\"7000\" image_size=\"original\" visibility=\"hide-for-small\" srcset=\"https:\/\/www.sideaita.it\/wp-content\/uploads\/2019\/12\/settore-giovanile-atalanta-palestra-2.jpg 750w, https:\/\/www.sideaita.it\/wp-content\/uploads\/2019\/12\/settore-giovanile-atalanta-palestra-2-600x400.jpg 600w, https:\/\/www.sideaita.it\/wp-content\/uploads\/2019\/12\/settore-giovanile-atalanta-palestra-2-700x467.jpg 700w\" sizes=\"auto, (max-width: 750px) 100vw, 750px\" \/>                                                              <\/div>\n              <div class=\"box-text text-left\" >\n                 <p><\/p>\n              <\/div>\n            <\/div>\n                      <\/div>\n         <\/div><div class=\"gallery-col col\" >\n          <div class=\"col-inner\">\n                        <div class=\"box has-hover gallery-box box-none\">\n              <div class=\"box-image\" >\n                <img loading=\"lazy\" decoding=\"async\" width=\"750\" height=\"500\" src=\"https:\/\/www.sideaita.it\/wp-content\/uploads\/2019\/12\/settore-giovanile-atalanta-palestra-3.jpg\" class=\"attachment-original size-original\" alt=\"Jugendbereich in der Turnhalle von Atalanta\" ids=\"59063,59056,59057,59055,59059,59060,59064,59061,59058,59062\" style=\"none\" lightbox=\"false\" type=\"slider-full\" slider_nav_style=\"circle\" slider_bullets=\"true\" auto_slide=\"7000\" image_size=\"original\" visibility=\"hide-for-small\" srcset=\"https:\/\/www.sideaita.it\/wp-content\/uploads\/2019\/12\/settore-giovanile-atalanta-palestra-3.jpg 750w, https:\/\/www.sideaita.it\/wp-content\/uploads\/2019\/12\/settore-giovanile-atalanta-palestra-3-600x400.jpg 600w, https:\/\/www.sideaita.it\/wp-content\/uploads\/2019\/12\/settore-giovanile-atalanta-palestra-3-700x467.jpg 700w\" sizes=\"auto, (max-width: 750px) 100vw, 750px\" \/>                                                              <\/div>\n              <div class=\"box-text text-left\" >\n                 <p><\/p>\n              <\/div>\n            <\/div>\n                      <\/div>\n         <\/div><div class=\"gallery-col col\" >\n          <div class=\"col-inner\">\n                        <div class=\"box has-hover gallery-box box-none\">\n              <div class=\"box-image\" >\n                <img loading=\"lazy\" decoding=\"async\" width=\"750\" height=\"500\" src=\"https:\/\/www.sideaita.it\/wp-content\/uploads\/2019\/12\/settore-giovanile-atalanta-palestra-1.jpg\" class=\"attachment-original size-original\" alt=\"jugendbereich-atalanta-turnhalle\" ids=\"59063,59056,59057,59055,59059,59060,59064,59061,59058,59062\" style=\"none\" lightbox=\"false\" type=\"slider-full\" slider_nav_style=\"circle\" slider_bullets=\"true\" auto_slide=\"7000\" image_size=\"original\" visibility=\"hide-for-small\" srcset=\"https:\/\/www.sideaita.it\/wp-content\/uploads\/2019\/12\/settore-giovanile-atalanta-palestra-1.jpg 750w, https:\/\/www.sideaita.it\/wp-content\/uploads\/2019\/12\/settore-giovanile-atalanta-palestra-1-600x400.jpg 600w, https:\/\/www.sideaita.it\/wp-content\/uploads\/2019\/12\/settore-giovanile-atalanta-palestra-1-700x467.jpg 700w\" sizes=\"auto, (max-width: 750px) 100vw, 750px\" \/>                                                              <\/div>\n              <div class=\"box-text text-left\" >\n                 <p><\/p>\n              <\/div>\n            <\/div>\n                      <\/div>\n         <\/div><div class=\"gallery-col col\" >\n          <div class=\"col-inner\">\n                        <div class=\"box has-hover gallery-box box-none\">\n              <div class=\"box-image\" >\n                <img loading=\"lazy\" decoding=\"async\" width=\"750\" height=\"500\" src=\"https:\/\/www.sideaita.it\/wp-content\/uploads\/2019\/12\/settore-giovanile-atalanta-palestra-5.jpg\" class=\"attachment-original size-original\" alt=\"Jugendbereich in der Turnhalle von Atalanta\" ids=\"59063,59056,59057,59055,59059,59060,59064,59061,59058,59062\" style=\"none\" lightbox=\"false\" type=\"slider-full\" slider_nav_style=\"circle\" slider_bullets=\"true\" auto_slide=\"7000\" image_size=\"original\" visibility=\"hide-for-small\" srcset=\"https:\/\/www.sideaita.it\/wp-content\/uploads\/2019\/12\/settore-giovanile-atalanta-palestra-5.jpg 750w, https:\/\/www.sideaita.it\/wp-content\/uploads\/2019\/12\/settore-giovanile-atalanta-palestra-5-600x400.jpg 600w, https:\/\/www.sideaita.it\/wp-content\/uploads\/2019\/12\/settore-giovanile-atalanta-palestra-5-700x467.jpg 700w\" sizes=\"auto, (max-width: 750px) 100vw, 750px\" \/>                                                              <\/div>\n              <div class=\"box-text text-left\" >\n                 <p><\/p>\n              <\/div>\n            <\/div>\n                      <\/div>\n         <\/div><div class=\"gallery-col col\" >\n          <div class=\"col-inner\">\n                        <div class=\"box has-hover gallery-box box-none\">\n              <div class=\"box-image\" >\n                <img loading=\"lazy\" decoding=\"async\" width=\"750\" height=\"500\" src=\"https:\/\/www.sideaita.it\/wp-content\/uploads\/2019\/12\/settore-giovanile-atalanta-palestra-6.jpg\" class=\"attachment-original size-original\" alt=\"Jugendbereich in der Turnhalle von Atalanta\" ids=\"59063,59056,59057,59055,59059,59060,59064,59061,59058,59062\" style=\"none\" lightbox=\"false\" type=\"slider-full\" slider_nav_style=\"circle\" slider_bullets=\"true\" auto_slide=\"7000\" image_size=\"original\" visibility=\"hide-for-small\" srcset=\"https:\/\/www.sideaita.it\/wp-content\/uploads\/2019\/12\/settore-giovanile-atalanta-palestra-6.jpg 750w, https:\/\/www.sideaita.it\/wp-content\/uploads\/2019\/12\/settore-giovanile-atalanta-palestra-6-600x400.jpg 600w, https:\/\/www.sideaita.it\/wp-content\/uploads\/2019\/12\/settore-giovanile-atalanta-palestra-6-700x467.jpg 700w\" sizes=\"auto, (max-width: 750px) 100vw, 750px\" \/>                                                              <\/div>\n              <div class=\"box-text text-left\" >\n                 <p><\/p>\n              <\/div>\n            <\/div>\n                      <\/div>\n         <\/div><div class=\"gallery-col col\" >\n          <div class=\"col-inner\">\n                        <div class=\"box has-hover gallery-box box-none\">\n              <div class=\"box-image\" >\n                <img loading=\"lazy\" decoding=\"async\" width=\"750\" height=\"500\" src=\"https:\/\/www.sideaita.it\/wp-content\/uploads\/2019\/12\/settore-giovanile-atalanta-palestra-10.jpg\" class=\"attachment-original size-original\" alt=\"jugendbereich-atalanta-turnhalle\" ids=\"59063,59056,59057,59055,59059,59060,59064,59061,59058,59062\" style=\"none\" lightbox=\"false\" type=\"slider-full\" slider_nav_style=\"circle\" slider_bullets=\"true\" auto_slide=\"7000\" image_size=\"original\" visibility=\"hide-for-small\" srcset=\"https:\/\/www.sideaita.it\/wp-content\/uploads\/2019\/12\/settore-giovanile-atalanta-palestra-10.jpg 750w, https:\/\/www.sideaita.it\/wp-content\/uploads\/2019\/12\/settore-giovanile-atalanta-palestra-10-600x400.jpg 600w, https:\/\/www.sideaita.it\/wp-content\/uploads\/2019\/12\/settore-giovanile-atalanta-palestra-10-700x467.jpg 700w\" sizes=\"auto, (max-width: 750px) 100vw, 750px\" \/>                                                              <\/div>\n              <div class=\"box-text text-left\" >\n                 <p><\/p>\n              <\/div>\n            <\/div>\n                      <\/div>\n         <\/div><div class=\"gallery-col col\" >\n          <div class=\"col-inner\">\n                        <div class=\"box has-hover gallery-box box-none\">\n              <div class=\"box-image\" >\n                <img loading=\"lazy\" decoding=\"async\" width=\"750\" height=\"500\" src=\"https:\/\/www.sideaita.it\/wp-content\/uploads\/2019\/12\/settore-giovanile-atalanta-palestra-7.jpg\" class=\"attachment-original size-original\" alt=\"jugendbereich-atalanta-turnhalle\" ids=\"59063,59056,59057,59055,59059,59060,59064,59061,59058,59062\" style=\"none\" lightbox=\"false\" type=\"slider-full\" slider_nav_style=\"circle\" slider_bullets=\"true\" auto_slide=\"7000\" image_size=\"original\" visibility=\"hide-for-small\" srcset=\"https:\/\/www.sideaita.it\/wp-content\/uploads\/2019\/12\/settore-giovanile-atalanta-palestra-7.jpg 750w, https:\/\/www.sideaita.it\/wp-content\/uploads\/2019\/12\/settore-giovanile-atalanta-palestra-7-600x400.jpg 600w, https:\/\/www.sideaita.it\/wp-content\/uploads\/2019\/12\/settore-giovanile-atalanta-palestra-7-700x467.jpg 700w\" sizes=\"auto, (max-width: 750px) 100vw, 750px\" \/>                                                              <\/div>\n              <div class=\"box-text text-left\" >\n                 <p><\/p>\n              <\/div>\n            <\/div>\n                      <\/div>\n         <\/div><div class=\"gallery-col col\" >\n          <div class=\"col-inner\">\n                        <div class=\"box has-hover gallery-box box-none\">\n              <div class=\"box-image\" >\n                <img loading=\"lazy\" decoding=\"async\" width=\"750\" height=\"500\" src=\"https:\/\/www.sideaita.it\/wp-content\/uploads\/2019\/12\/settore-giovanile-atalanta-palestra-4.jpg\" class=\"attachment-original size-original\" alt=\"jugendbereich-atalanta-turnhalle\" ids=\"59063,59056,59057,59055,59059,59060,59064,59061,59058,59062\" style=\"none\" lightbox=\"false\" type=\"slider-full\" slider_nav_style=\"circle\" slider_bullets=\"true\" auto_slide=\"7000\" image_size=\"original\" visibility=\"hide-for-small\" srcset=\"https:\/\/www.sideaita.it\/wp-content\/uploads\/2019\/12\/settore-giovanile-atalanta-palestra-4.jpg 750w, https:\/\/www.sideaita.it\/wp-content\/uploads\/2019\/12\/settore-giovanile-atalanta-palestra-4-600x400.jpg 600w, https:\/\/www.sideaita.it\/wp-content\/uploads\/2019\/12\/settore-giovanile-atalanta-palestra-4-700x467.jpg 700w\" sizes=\"auto, (max-width: 750px) 100vw, 750px\" \/>                                                              <\/div>\n              <div class=\"box-text text-left\" >\n                 <p><\/p>\n              <\/div>\n            <\/div>\n                      <\/div>\n         <\/div><div class=\"gallery-col col\" >\n          <div class=\"col-inner\">\n                        <div class=\"box has-hover gallery-box box-none\">\n              <div class=\"box-image\" >\n                <img loading=\"lazy\" decoding=\"async\" width=\"750\" height=\"500\" src=\"https:\/\/www.sideaita.it\/wp-content\/uploads\/2019\/12\/settore-giovanile-atalanta-palestra-8.jpg\" class=\"attachment-original size-original\" alt=\"Jugendbereich in der Turnhalle von Atalanta\" ids=\"59063,59056,59057,59055,59059,59060,59064,59061,59058,59062\" style=\"none\" lightbox=\"false\" type=\"slider-full\" slider_nav_style=\"circle\" slider_bullets=\"true\" auto_slide=\"7000\" image_size=\"original\" visibility=\"hide-for-small\" srcset=\"https:\/\/www.sideaita.it\/wp-content\/uploads\/2019\/12\/settore-giovanile-atalanta-palestra-8.jpg 750w, https:\/\/www.sideaita.it\/wp-content\/uploads\/2019\/12\/settore-giovanile-atalanta-palestra-8-600x400.jpg 600w, https:\/\/www.sideaita.it\/wp-content\/uploads\/2019\/12\/settore-giovanile-atalanta-palestra-8-700x467.jpg 700w\" sizes=\"auto, (max-width: 750px) 100vw, 750px\" \/>                                                              <\/div>\n              <div class=\"box-text text-left\" >\n                 <p><\/p>\n              <\/div>\n            <\/div>\n                      <\/div>\n         <\/div><\/div>\n\n  \n    <div id=\"gallery-1391661590\" class=\"lightbox-multi-gallery show-for-small slider slider-auto-height row-collapse slider-nav-circle\" data-flickity-options='{&quot;imagesLoaded&quot;: true, &quot;dragThreshold&quot; : 5, &quot;cellAlign&quot;: &quot;left&quot;,&quot;wrapAround&quot;: true,&quot;prevNextButtons&quot;: true,&quot;percentPosition&quot;: true,&quot;pageDots&quot;: false, &quot;rightToLeft&quot;: false, &quot;autoPlay&quot; : 7000}'>\n\n  <div class=\"gallery-col col\" >\n          <div class=\"col-inner\">\n            <a class=\"\" href=\"https:\/\/www.sideaita.it\/wp-content\/uploads\/2019\/12\/settore-giovanile-atalanta-palestra-9.jpg\" title=\"\">            <div class=\"box has-hover gallery-box box-none\">\n              <div class=\"box-image\" >\n                <img loading=\"lazy\" decoding=\"async\" width=\"750\" height=\"500\" src=\"https:\/\/www.sideaita.it\/wp-content\/uploads\/2019\/12\/settore-giovanile-atalanta-palestra-9.jpg\" class=\"attachment-original size-original\" alt=\"jugendbereich-atalanta-turnhalle\" ids=\"59063,59056,59057,59055,59059,59060,59064,59061,59058,59062\" style=\"none\" lightbox_image_size=\"original\" type=\"slider-full\" slider_nav_style=\"circle\" auto_slide=\"7000\" image_size=\"original\" visibility=\"show-for-small\" srcset=\"https:\/\/www.sideaita.it\/wp-content\/uploads\/2019\/12\/settore-giovanile-atalanta-palestra-9.jpg 750w, https:\/\/www.sideaita.it\/wp-content\/uploads\/2019\/12\/settore-giovanile-atalanta-palestra-9-600x400.jpg 600w, https:\/\/www.sideaita.it\/wp-content\/uploads\/2019\/12\/settore-giovanile-atalanta-palestra-9-700x467.jpg 700w\" sizes=\"auto, (max-width: 750px) 100vw, 750px\" \/>                                                              <\/div>\n              <div class=\"box-text text-left\" >\n                 <p><\/p>\n              <\/div>\n            <\/div>\n            <\/a>          <\/div>\n         <\/div><div class=\"gallery-col col\" >\n          <div class=\"col-inner\">\n            <a class=\"\" href=\"https:\/\/www.sideaita.it\/wp-content\/uploads\/2019\/12\/settore-giovanile-atalanta-palestra-2.jpg\" title=\"\">            <div class=\"box has-hover gallery-box box-none\">\n              <div class=\"box-image\" >\n                <img loading=\"lazy\" decoding=\"async\" width=\"750\" height=\"500\" src=\"https:\/\/www.sideaita.it\/wp-content\/uploads\/2019\/12\/settore-giovanile-atalanta-palestra-2.jpg\" class=\"attachment-original size-original\" alt=\"Jugendbereich in der Turnhalle von Atalanta\" ids=\"59063,59056,59057,59055,59059,59060,59064,59061,59058,59062\" style=\"none\" lightbox_image_size=\"original\" type=\"slider-full\" slider_nav_style=\"circle\" auto_slide=\"7000\" image_size=\"original\" visibility=\"show-for-small\" srcset=\"https:\/\/www.sideaita.it\/wp-content\/uploads\/2019\/12\/settore-giovanile-atalanta-palestra-2.jpg 750w, https:\/\/www.sideaita.it\/wp-content\/uploads\/2019\/12\/settore-giovanile-atalanta-palestra-2-600x400.jpg 600w, https:\/\/www.sideaita.it\/wp-content\/uploads\/2019\/12\/settore-giovanile-atalanta-palestra-2-700x467.jpg 700w\" sizes=\"auto, (max-width: 750px) 100vw, 750px\" \/>                                                              <\/div>\n              <div class=\"box-text text-left\" >\n                 <p><\/p>\n              <\/div>\n            <\/div>\n            <\/a>          <\/div>\n         <\/div><div class=\"gallery-col col\" >\n          <div class=\"col-inner\">\n            <a class=\"\" href=\"https:\/\/www.sideaita.it\/wp-content\/uploads\/2019\/12\/settore-giovanile-atalanta-palestra-3.jpg\" title=\"\">            <div class=\"box has-hover gallery-box box-none\">\n              <div class=\"box-image\" >\n                <img loading=\"lazy\" decoding=\"async\" width=\"750\" height=\"500\" src=\"https:\/\/www.sideaita.it\/wp-content\/uploads\/2019\/12\/settore-giovanile-atalanta-palestra-3.jpg\" class=\"attachment-original size-original\" alt=\"Jugendbereich in der Turnhalle von Atalanta\" ids=\"59063,59056,59057,59055,59059,59060,59064,59061,59058,59062\" style=\"none\" lightbox_image_size=\"original\" type=\"slider-full\" slider_nav_style=\"circle\" auto_slide=\"7000\" image_size=\"original\" visibility=\"show-for-small\" srcset=\"https:\/\/www.sideaita.it\/wp-content\/uploads\/2019\/12\/settore-giovanile-atalanta-palestra-3.jpg 750w, https:\/\/www.sideaita.it\/wp-content\/uploads\/2019\/12\/settore-giovanile-atalanta-palestra-3-600x400.jpg 600w, https:\/\/www.sideaita.it\/wp-content\/uploads\/2019\/12\/settore-giovanile-atalanta-palestra-3-700x467.jpg 700w\" sizes=\"auto, (max-width: 750px) 100vw, 750px\" \/>                                                              <\/div>\n              <div class=\"box-text text-left\" >\n                 <p><\/p>\n              <\/div>\n            <\/div>\n            <\/a>          <\/div>\n         <\/div><div class=\"gallery-col col\" >\n          <div class=\"col-inner\">\n            <a class=\"\" href=\"https:\/\/www.sideaita.it\/wp-content\/uploads\/2019\/12\/settore-giovanile-atalanta-palestra-1.jpg\" title=\"\">            <div class=\"box has-hover gallery-box box-none\">\n              <div class=\"box-image\" >\n                <img loading=\"lazy\" decoding=\"async\" width=\"750\" height=\"500\" src=\"https:\/\/www.sideaita.it\/wp-content\/uploads\/2019\/12\/settore-giovanile-atalanta-palestra-1.jpg\" class=\"attachment-original size-original\" alt=\"jugendbereich-atalanta-turnhalle\" ids=\"59063,59056,59057,59055,59059,59060,59064,59061,59058,59062\" style=\"none\" lightbox_image_size=\"original\" type=\"slider-full\" slider_nav_style=\"circle\" auto_slide=\"7000\" image_size=\"original\" visibility=\"show-for-small\" srcset=\"https:\/\/www.sideaita.it\/wp-content\/uploads\/2019\/12\/settore-giovanile-atalanta-palestra-1.jpg 750w, https:\/\/www.sideaita.it\/wp-content\/uploads\/2019\/12\/settore-giovanile-atalanta-palestra-1-600x400.jpg 600w, https:\/\/www.sideaita.it\/wp-content\/uploads\/2019\/12\/settore-giovanile-atalanta-palestra-1-700x467.jpg 700w\" sizes=\"auto, (max-width: 750px) 100vw, 750px\" \/>                                                              <\/div>\n              <div class=\"box-text text-left\" >\n                 <p><\/p>\n              <\/div>\n            <\/div>\n            <\/a>          <\/div>\n         <\/div><div class=\"gallery-col col\" >\n          <div class=\"col-inner\">\n            <a class=\"\" href=\"https:\/\/www.sideaita.it\/wp-content\/uploads\/2019\/12\/settore-giovanile-atalanta-palestra-5.jpg\" title=\"\">            <div class=\"box has-hover gallery-box box-none\">\n              <div class=\"box-image\" >\n                <img loading=\"lazy\" decoding=\"async\" width=\"750\" height=\"500\" src=\"https:\/\/www.sideaita.it\/wp-content\/uploads\/2019\/12\/settore-giovanile-atalanta-palestra-5.jpg\" class=\"attachment-original size-original\" alt=\"Jugendbereich in der Turnhalle von Atalanta\" ids=\"59063,59056,59057,59055,59059,59060,59064,59061,59058,59062\" style=\"none\" lightbox_image_size=\"original\" type=\"slider-full\" slider_nav_style=\"circle\" auto_slide=\"7000\" image_size=\"original\" visibility=\"show-for-small\" srcset=\"https:\/\/www.sideaita.it\/wp-content\/uploads\/2019\/12\/settore-giovanile-atalanta-palestra-5.jpg 750w, https:\/\/www.sideaita.it\/wp-content\/uploads\/2019\/12\/settore-giovanile-atalanta-palestra-5-600x400.jpg 600w, https:\/\/www.sideaita.it\/wp-content\/uploads\/2019\/12\/settore-giovanile-atalanta-palestra-5-700x467.jpg 700w\" sizes=\"auto, (max-width: 750px) 100vw, 750px\" \/>                                                              <\/div>\n              <div class=\"box-text text-left\" >\n                 <p><\/p>\n              <\/div>\n            <\/div>\n            <\/a>          <\/div>\n         <\/div><div class=\"gallery-col col\" >\n          <div class=\"col-inner\">\n            <a class=\"\" href=\"https:\/\/www.sideaita.it\/wp-content\/uploads\/2019\/12\/settore-giovanile-atalanta-palestra-6.jpg\" title=\"\">            <div class=\"box has-hover gallery-box box-none\">\n              <div class=\"box-image\" >\n                <img loading=\"lazy\" decoding=\"async\" width=\"750\" height=\"500\" src=\"https:\/\/www.sideaita.it\/wp-content\/uploads\/2019\/12\/settore-giovanile-atalanta-palestra-6.jpg\" class=\"attachment-original size-original\" alt=\"Jugendbereich in der Turnhalle von Atalanta\" ids=\"59063,59056,59057,59055,59059,59060,59064,59061,59058,59062\" style=\"none\" lightbox_image_size=\"original\" type=\"slider-full\" slider_nav_style=\"circle\" auto_slide=\"7000\" image_size=\"original\" visibility=\"show-for-small\" srcset=\"https:\/\/www.sideaita.it\/wp-content\/uploads\/2019\/12\/settore-giovanile-atalanta-palestra-6.jpg 750w, https:\/\/www.sideaita.it\/wp-content\/uploads\/2019\/12\/settore-giovanile-atalanta-palestra-6-600x400.jpg 600w, https:\/\/www.sideaita.it\/wp-content\/uploads\/2019\/12\/settore-giovanile-atalanta-palestra-6-700x467.jpg 700w\" sizes=\"auto, (max-width: 750px) 100vw, 750px\" \/>                                                              <\/div>\n              <div class=\"box-text text-left\" >\n                 <p><\/p>\n              <\/div>\n            <\/div>\n            <\/a>          <\/div>\n         <\/div><div class=\"gallery-col col\" >\n          <div class=\"col-inner\">\n            <a class=\"\" href=\"https:\/\/www.sideaita.it\/wp-content\/uploads\/2019\/12\/settore-giovanile-atalanta-palestra-10.jpg\" title=\"\">            <div class=\"box has-hover gallery-box box-none\">\n              <div class=\"box-image\" >\n                <img loading=\"lazy\" decoding=\"async\" width=\"750\" height=\"500\" src=\"https:\/\/www.sideaita.it\/wp-content\/uploads\/2019\/12\/settore-giovanile-atalanta-palestra-10.jpg\" class=\"attachment-original size-original\" alt=\"jugendbereich-atalanta-turnhalle\" ids=\"59063,59056,59057,59055,59059,59060,59064,59061,59058,59062\" style=\"none\" lightbox_image_size=\"original\" type=\"slider-full\" slider_nav_style=\"circle\" auto_slide=\"7000\" image_size=\"original\" visibility=\"show-for-small\" srcset=\"https:\/\/www.sideaita.it\/wp-content\/uploads\/2019\/12\/settore-giovanile-atalanta-palestra-10.jpg 750w, https:\/\/www.sideaita.it\/wp-content\/uploads\/2019\/12\/settore-giovanile-atalanta-palestra-10-600x400.jpg 600w, https:\/\/www.sideaita.it\/wp-content\/uploads\/2019\/12\/settore-giovanile-atalanta-palestra-10-700x467.jpg 700w\" sizes=\"auto, (max-width: 750px) 100vw, 750px\" \/>                                                              <\/div>\n              <div class=\"box-text text-left\" >\n                 <p><\/p>\n              <\/div>\n            <\/div>\n            <\/a>          <\/div>\n         <\/div><div class=\"gallery-col col\" >\n          <div class=\"col-inner\">\n            <a class=\"\" href=\"https:\/\/www.sideaita.it\/wp-content\/uploads\/2019\/12\/settore-giovanile-atalanta-palestra-7.jpg\" title=\"\">            <div class=\"box has-hover gallery-box box-none\">\n              <div class=\"box-image\" >\n                <img loading=\"lazy\" decoding=\"async\" width=\"750\" height=\"500\" src=\"https:\/\/www.sideaita.it\/wp-content\/uploads\/2019\/12\/settore-giovanile-atalanta-palestra-7.jpg\" class=\"attachment-original size-original\" alt=\"jugendbereich-atalanta-turnhalle\" ids=\"59063,59056,59057,59055,59059,59060,59064,59061,59058,59062\" style=\"none\" lightbox_image_size=\"original\" type=\"slider-full\" slider_nav_style=\"circle\" auto_slide=\"7000\" image_size=\"original\" visibility=\"show-for-small\" srcset=\"https:\/\/www.sideaita.it\/wp-content\/uploads\/2019\/12\/settore-giovanile-atalanta-palestra-7.jpg 750w, https:\/\/www.sideaita.it\/wp-content\/uploads\/2019\/12\/settore-giovanile-atalanta-palestra-7-600x400.jpg 600w, https:\/\/www.sideaita.it\/wp-content\/uploads\/2019\/12\/settore-giovanile-atalanta-palestra-7-700x467.jpg 700w\" sizes=\"auto, (max-width: 750px) 100vw, 750px\" \/>                                                              <\/div>\n              <div class=\"box-text text-left\" >\n                 <p><\/p>\n              <\/div>\n            <\/div>\n            <\/a>          <\/div>\n         <\/div><div class=\"gallery-col col\" >\n          <div class=\"col-inner\">\n            <a class=\"\" href=\"https:\/\/www.sideaita.it\/wp-content\/uploads\/2019\/12\/settore-giovanile-atalanta-palestra-4.jpg\" title=\"\">            <div class=\"box has-hover gallery-box box-none\">\n              <div class=\"box-image\" >\n                <img loading=\"lazy\" decoding=\"async\" width=\"750\" height=\"500\" src=\"https:\/\/www.sideaita.it\/wp-content\/uploads\/2019\/12\/settore-giovanile-atalanta-palestra-4.jpg\" class=\"attachment-original size-original\" alt=\"jugendbereich-atalanta-turnhalle\" ids=\"59063,59056,59057,59055,59059,59060,59064,59061,59058,59062\" style=\"none\" lightbox_image_size=\"original\" type=\"slider-full\" slider_nav_style=\"circle\" auto_slide=\"7000\" image_size=\"original\" visibility=\"show-for-small\" srcset=\"https:\/\/www.sideaita.it\/wp-content\/uploads\/2019\/12\/settore-giovanile-atalanta-palestra-4.jpg 750w, https:\/\/www.sideaita.it\/wp-content\/uploads\/2019\/12\/settore-giovanile-atalanta-palestra-4-600x400.jpg 600w, https:\/\/www.sideaita.it\/wp-content\/uploads\/2019\/12\/settore-giovanile-atalanta-palestra-4-700x467.jpg 700w\" sizes=\"auto, (max-width: 750px) 100vw, 750px\" \/>                                                              <\/div>\n              <div class=\"box-text text-left\" >\n                 <p><\/p>\n              <\/div>\n            <\/div>\n            <\/a>          <\/div>\n         <\/div><div class=\"gallery-col col\" >\n          <div class=\"col-inner\">\n            <a class=\"\" href=\"https:\/\/www.sideaita.it\/wp-content\/uploads\/2019\/12\/settore-giovanile-atalanta-palestra-8.jpg\" title=\"\">            <div class=\"box has-hover gallery-box box-none\">\n              <div class=\"box-image\" >\n                <img loading=\"lazy\" decoding=\"async\" width=\"750\" height=\"500\" src=\"https:\/\/www.sideaita.it\/wp-content\/uploads\/2019\/12\/settore-giovanile-atalanta-palestra-8.jpg\" class=\"attachment-original size-original\" alt=\"Jugendbereich in der Turnhalle von Atalanta\" ids=\"59063,59056,59057,59055,59059,59060,59064,59061,59058,59062\" style=\"none\" lightbox_image_size=\"original\" type=\"slider-full\" slider_nav_style=\"circle\" auto_slide=\"7000\" image_size=\"original\" visibility=\"show-for-small\" srcset=\"https:\/\/www.sideaita.it\/wp-content\/uploads\/2019\/12\/settore-giovanile-atalanta-palestra-8.jpg 750w, https:\/\/www.sideaita.it\/wp-content\/uploads\/2019\/12\/settore-giovanile-atalanta-palestra-8-600x400.jpg 600w, https:\/\/www.sideaita.it\/wp-content\/uploads\/2019\/12\/settore-giovanile-atalanta-palestra-8-700x467.jpg 700w\" sizes=\"auto, (max-width: 750px) 100vw, 750px\" \/>                                                              <\/div>\n              <div class=\"box-text text-left\" >\n                 <p><\/p>\n              <\/div>\n            <\/div>\n            <\/a>          <\/div>\n         <\/div><\/div>\n\t<div id=\"gap-883302055\" class=\"gap-element clearfix\" style=\"display:block; height:auto;\">\n\t\t\n<style>\n#gap-883302055 {\n  padding-top: 30px;\n}\n<\/style>\n\t<\/div>\n\t\n<div align=\"justify\">\n<h3>Die St\u00e4rken des Jugendsektors von Atalanta<\/h3>\n<p>\"<em>Es gibt keine wirklichen Geheimnisse f\u00fcr die Erfolge dieses Jugendsektors<\/em> - erkl\u00e4rt <strong>Alberto Pasini<\/strong>Athletiktrainer der Atalanta Primavera Mannschaft und Leiter der Jugendtrainer - <em>Die Hauptwaffen dieser Gesellschaft sind einfach die der <strong>Arbeit<\/strong>des<strong>Organisation<\/strong> und die <strong>fest an das glauben, was wir tun<\/strong>. Au\u00dferdem scheint es mir offensichtlich, dass die Einreise nach Zingonia <strong>die Qualit\u00e4t der Infrastruktur und der Ausr\u00fcstung<\/strong> die uns zur Verf\u00fcgung gestellt werden, das Ergebnis der Weitsicht derjenigen, die in diese Kindertagesst\u00e4tte investieren und weiterhin investieren werden. Dies ist, weil bei Atalanta, obwohl die erste Mannschaft tut unglaubliche Dinge, <strong>der Jugendsektor wird nach wie vor als der wichtigste Teil<\/strong> Das ist etwas, das, soweit ich es seit meiner T\u00e4tigkeit hier beobachten konnte, mit der Zeit immer mehr zunimmt.<\/em>\".<\/p>\n<p>Wie sehr Atalanta auf seine jungen Leute setzt, wurde in den letzten Monaten deutlich, als die <strong>den Bau eines neuen Geb\u00e4udes innerhalb des Sportzentrums Zingonia, das ausschlie\u00dflich f\u00fcr den Jugendbereich bestimmt ist<\/strong> und so konzipiert, dass nicht nur die Athleten, sondern auch alle Manager, das technische und medizinische Personal, die jeden Tag f\u00fcr die Jugendakademie der Nerazzurri arbeiten, profitieren k\u00f6nnen. Im Inneren des neuen Geb\u00e4udes, das nach dem ehemaligen Leiter der Jugendabteilung Mino Favini benannt ist, wurden auch folgende Einrichtungen geschaffen <strong>eine Sporthalle, die ausschlie\u00dflich den Jugendmannschaften der Nerazzurri gewidmet ist<\/strong>, ausgestattet mit einem <a href=\"https:\/\/www.sideaita.it\/de\/fitnessgerate-kategorien\/rackstation\/\">Rackstation Sidea<\/a> und von <a href=\"https:\/\/www.sideaita.it\/de\/fitnessgerate-kategorien\/technische-gummiboden-fur-fitnessstudios\/\">Hebeb\u00fchnen<\/a> die in den Farben des Unternehmens aus Bergamo gestaltet sind.<\/p>\n<\/div>\n\n  <div class=\"banner has-hover hide-for-small\" id=\"banner-381712353\">\n          <div class=\"banner-inner fill\">\n        <div class=\"banner-bg fill\" >\n            <img loading=\"lazy\" decoding=\"async\" width=\"750\" height=\"500\" src=\"https:\/\/www.sideaita.it\/wp-content\/uploads\/2019\/12\/settore-giovanile-atalanta-palestra-4.jpg\" class=\"bg attachment-original size-original\" alt=\"jugendbereich-atalanta-turnhalle\" \/>                                    \n\t<div class=\"is-border\"\n\t\tstyle=\"border-width:0px 0px 0px 0px;margin:0px 0px 30px 0px;\">\n\t<\/div>\n                    <\/div>\n\t\t\n        <div class=\"banner-layers container\">\n            <div class=\"fill banner-link\"><\/div>            \t<div class=\"hotspot-wrapper x65 md-x60 lg-x60 y25 md-y25 lg-y25 dark\">\n\t\t<div data-animate=\"bounceIn\">\n\t\t\t\t\t\t\t<a href=\"https:\/\/www.sideaita.it\/de\/fitnessgerate-kategorien\/rackstation\/\" class=\"hotspot tooltip\" title=\"9095 RackStation\" aria-label=\"9095 RackStation\" style=\"background-color:rgb(0,0,0);\">\n\t\t\t\t\t<i class=\"icon-search\" aria-hidden=\"true\"><\/i>\t\t\t\t<\/a>\n\t\t\t\t\t\t<\/div>\n\t<\/div>\n\t\t<div class=\"hotspot-wrapper x15 md-x15 lg-x15 y45 md-y45 lg-y45 dark\">\n\t\t<div data-animate=\"bounceIn\">\n\t\t\t\t\t\t\t\t<a href=\"#quick-view\" class=\"hotspot tooltip quick-view\" title=\"9015\/4 Premium Male Olympic Langhantel\" data-prod=\"465\" role=\"button\" aria-label=\"9015\/4 Premium Male Olympic Langhantel\" aria-expanded=\"false\" aria-haspopup=\"dialog\" data-flatsome-role-button>\n\t\t\t\t\t\t<i class=\"icon-search\" aria-hidden=\"true\"><\/i>\t\t\t\t\t<\/a>\n\t\t\t\t\t\t\t<\/div>\n\t<\/div>\n\t\t<div class=\"hotspot-wrapper x25 md-x25 lg-x25 y85 md-y75 lg-y75 dark\">\n\t\t<div data-animate=\"bounceIn\">\n\t\t\t\t\t\t\t\t<a href=\"#quick-view\" class=\"hotspot tooltip quick-view\" data-prod=\"1703\" role=\"button\" aria-expanded=\"false\" aria-haspopup=\"dialog\" data-flatsome-role-button>\n\t\t\t\t\t\t<i class=\"icon-search\" aria-hidden=\"true\"><\/i>\t\t\t\t\t<\/a>\n\t\t\t\t\t\t\t<\/div>\n\t<\/div>\n\t\t<div class=\"hotspot-wrapper x5 md-x10 lg-x10 y75 md-y75 lg-y75 dark\">\n\t\t<div data-animate=\"bounceIn\">\n\t\t\t\t\t\t\t\t<a href=\"#quick-view\" class=\"hotspot tooltip quick-view\" title=\"9105-9107 Plyobox Soft Impact\" data-prod=\"1339\" role=\"button\" aria-label=\"9105-9107 Plyobox Soft Impact\" aria-expanded=\"false\" aria-haspopup=\"dialog\" data-flatsome-role-button>\n\t\t\t\t\t\t<i class=\"icon-search\" aria-hidden=\"true\"><\/i>\t\t\t\t\t<\/a>\n\t\t\t\t\t\t\t<\/div>\n\t<\/div>\n\t\t<div class=\"hotspot-wrapper x50 md-x50 lg-x50 y90 md-y90 lg-y90 dark\">\n\t\t<div data-animate=\"bounceIn\">\n\t\t\t\t\t\t\t\t<a href=\"#quick-view\" class=\"hotspot tooltip quick-view\" title=\"9209 Training Power Cage Rack\" data-prod=\"1153\" role=\"button\" aria-label=\"9209 Training Power Cage Rack\" aria-expanded=\"false\" aria-haspopup=\"dialog\" data-flatsome-role-button>\n\t\t\t\t\t\t<i class=\"icon-search\" aria-hidden=\"true\"><\/i>\t\t\t\t\t<\/a>\n\t\t\t\t\t\t\t<\/div>\n\t<\/div>\n\t\t<div class=\"hotspot-wrapper x80 md-x80 lg-x80 y95 md-y90 lg-y90 dark\">\n\t\t<div data-animate=\"bounceIn\">\n\t\t\t\t\t\t\t\t<a href=\"#quick-view\" class=\"hotspot tooltip quick-view\" title=\"9203 EcoGym Garten 35mm\" data-prod=\"1128\" role=\"button\" aria-label=\"9203 EcoGym Garten 35mm\" aria-expanded=\"false\" aria-haspopup=\"dialog\" data-flatsome-role-button>\n\t\t\t\t\t\t<i class=\"icon-search\" aria-hidden=\"true\"><\/i>\t\t\t\t\t<\/a>\n\t\t\t\t\t\t\t<\/div>\n\t<\/div>\n\t\n\n\n\n\n\n\n        <\/div>\n      <\/div>\n\n              <div class=\"height-fix is-invisible\"><img loading=\"lazy\" decoding=\"async\" width=\"750\" height=\"500\" src=\"https:\/\/www.sideaita.it\/wp-content\/uploads\/2019\/12\/settore-giovanile-atalanta-palestra-4.jpg\" class=\"attachment-original size-original\" alt=\"jugendbereich-atalanta-turnhalle\" srcset=\"https:\/\/www.sideaita.it\/wp-content\/uploads\/2019\/12\/settore-giovanile-atalanta-palestra-4.jpg 750w, https:\/\/www.sideaita.it\/wp-content\/uploads\/2019\/12\/settore-giovanile-atalanta-palestra-4-600x400.jpg 600w, https:\/\/www.sideaita.it\/wp-content\/uploads\/2019\/12\/settore-giovanile-atalanta-palestra-4-700x467.jpg 700w\" sizes=\"auto, (max-width: 750px) 100vw, 750px\" \/><\/div>\n              <\/div>\n\n\n\n  <div class=\"banner has-hover show-for-small\" id=\"banner-1458371828\">\n          <div class=\"banner-inner fill\">\n        <div class=\"banner-bg fill\" >\n            <img loading=\"lazy\" decoding=\"async\" width=\"750\" height=\"500\" src=\"https:\/\/www.sideaita.it\/wp-content\/uploads\/2019\/12\/settore-giovanile-atalanta-palestra-4.jpg\" class=\"bg attachment-original size-original\" alt=\"jugendbereich-atalanta-turnhalle\" \/>                                    \n\t<div class=\"is-border\"\n\t\tstyle=\"border-width:0px 0px 0px 0px;margin:0px 0px 30px 0px;\">\n\t<\/div>\n                    <\/div>\n\t\t\n        <div class=\"banner-layers container\">\n            <div class=\"fill banner-link\"><\/div>            \t<div class=\"hotspot-wrapper x65 md-x60 lg-x60 y25 md-y25 lg-y25 is-xsmall dark\">\n\t\t<div data-animate=\"bounceIn\">\n\t\t\t\t\t\t\t<a href=\"https:\/\/www.sideaita.it\/de\/fitnessgerate-kategorien\/rackstation\/\" class=\"hotspot tooltip\" title=\"9095 RackStation\" aria-label=\"9095 RackStation\" style=\"background-color:rgb(0,0,0);\">\n\t\t\t\t\t<i class=\"icon-search\" aria-hidden=\"true\"><\/i>\t\t\t\t<\/a>\n\t\t\t\t\t\t<\/div>\n\t<\/div>\n\t\t<div class=\"hotspot-wrapper x15 md-x15 lg-x15 y45 md-y45 lg-y45 is-xsmall dark\">\n\t\t<div data-animate=\"bounceIn\">\n\t\t\t\t\t\t\t\t<a href=\"#quick-view\" class=\"hotspot tooltip quick-view\" title=\"9015\/4 Premium Male Olympic Langhantel\" data-prod=\"465\" role=\"button\" aria-label=\"9015\/4 Premium Male Olympic Langhantel\" aria-expanded=\"false\" aria-haspopup=\"dialog\" data-flatsome-role-button>\n\t\t\t\t\t\t<i class=\"icon-search\" aria-hidden=\"true\"><\/i>\t\t\t\t\t<\/a>\n\t\t\t\t\t\t\t<\/div>\n\t<\/div>\n\t\t<div class=\"hotspot-wrapper x25 md-x25 lg-x25 y85 md-y75 lg-y75 is-xsmall dark\">\n\t\t<div data-animate=\"bounceIn\">\n\t\t\t\t\t\t\t\t<a href=\"#quick-view\" class=\"hotspot tooltip quick-view\" data-prod=\"1703\" role=\"button\" aria-expanded=\"false\" aria-haspopup=\"dialog\" data-flatsome-role-button>\n\t\t\t\t\t\t<i class=\"icon-search\" aria-hidden=\"true\"><\/i>\t\t\t\t\t<\/a>\n\t\t\t\t\t\t\t<\/div>\n\t<\/div>\n\t\t<div class=\"hotspot-wrapper x5 md-x10 lg-x10 y75 md-y75 lg-y75 is-xsmall dark\">\n\t\t<div data-animate=\"bounceIn\">\n\t\t\t\t\t\t\t\t<a href=\"#quick-view\" class=\"hotspot tooltip quick-view\" title=\"9105-9107 Plyobox Soft Impact\" data-prod=\"1339\" role=\"button\" aria-label=\"9105-9107 Plyobox Soft Impact\" aria-expanded=\"false\" aria-haspopup=\"dialog\" data-flatsome-role-button>\n\t\t\t\t\t\t<i class=\"icon-search\" aria-hidden=\"true\"><\/i>\t\t\t\t\t<\/a>\n\t\t\t\t\t\t\t<\/div>\n\t<\/div>\n\t\t<div class=\"hotspot-wrapper x50 md-x50 lg-x50 y90 md-y90 lg-y90 is-xsmall dark\">\n\t\t<div data-animate=\"bounceIn\">\n\t\t\t\t\t\t\t\t<a href=\"#quick-view\" class=\"hotspot tooltip quick-view\" title=\"9209 Training Power Cage Rack\" data-prod=\"1153\" role=\"button\" aria-label=\"9209 Training Power Cage Rack\" aria-expanded=\"false\" aria-haspopup=\"dialog\" data-flatsome-role-button>\n\t\t\t\t\t\t<i class=\"icon-search\" aria-hidden=\"true\"><\/i>\t\t\t\t\t<\/a>\n\t\t\t\t\t\t\t<\/div>\n\t<\/div>\n\t\t<div class=\"hotspot-wrapper x80 md-x80 lg-x80 y95 md-y90 lg-y90 is-xsmall dark\">\n\t\t<div data-animate=\"bounceIn\">\n\t\t\t\t\t\t\t\t<a href=\"#quick-view\" class=\"hotspot tooltip quick-view\" title=\"9203 EcoGym Garten 35mm\" data-prod=\"1128\" role=\"button\" aria-label=\"9203 EcoGym Garten 35mm\" aria-expanded=\"false\" aria-haspopup=\"dialog\" data-flatsome-role-button>\n\t\t\t\t\t\t<i class=\"icon-search\" aria-hidden=\"true\"><\/i>\t\t\t\t\t<\/a>\n\t\t\t\t\t\t\t<\/div>\n\t<\/div>\n\t\n\n\n\n\n\n\n        <\/div>\n      <\/div>\n\n              <div class=\"height-fix is-invisible\"><img loading=\"lazy\" decoding=\"async\" width=\"750\" height=\"500\" src=\"https:\/\/www.sideaita.it\/wp-content\/uploads\/2019\/12\/settore-giovanile-atalanta-palestra-4.jpg\" class=\"attachment-original size-original\" alt=\"jugendbereich-atalanta-turnhalle\" srcset=\"https:\/\/www.sideaita.it\/wp-content\/uploads\/2019\/12\/settore-giovanile-atalanta-palestra-4.jpg 750w, https:\/\/www.sideaita.it\/wp-content\/uploads\/2019\/12\/settore-giovanile-atalanta-palestra-4-600x400.jpg 600w, https:\/\/www.sideaita.it\/wp-content\/uploads\/2019\/12\/settore-giovanile-atalanta-palestra-4-700x467.jpg 700w\" sizes=\"auto, (max-width: 750px) 100vw, 750px\" \/><\/div>\n              <\/div>\n\n\n\t<div id=\"gap-389915712\" class=\"gap-element clearfix\" style=\"display:block; height:auto;\">\n\t\t\n<style>\n#gap-389915712 {\n  padding-top: 30px;\n}\n<\/style>\n\t<\/div>\n\t\n<div align=\"justify\">\n<p>Ein Projekt, das sich mit dem <strong>neue Organisation<\/strong> f\u00fcr das technische Personal der Jugendmannschaften von Atalanta: Sie wurden <strong>12 spezifische Bereiche im Zusammenhang mit der technisch-taktischen und sportlichen Vorbereitung<\/strong> Sie werden jeweils von einem Trainer geleitet, der sie \u00fcbergreifend behandelt und allen Teams, von der Jugend bis zur Primavera, spezifische Richtlinien vorgibt.<\/p>\n<h3>Aus der Sicht der Spieler: die Erfahrungen von Rodrigo Guth<\/h3>\n<p>Gerade die U19-Mannschaft von Atalanta geh\u00f6rt zu den <strong>Rodrigo Guth<\/strong>, ein 19-j\u00e4hriger Verteidiger, der zu den vielversprechendsten Spielern in der Hintermannschaft der Nerazzurri und in der Primavera-Meisterschaft z\u00e4hlt und der, nachdem er vor drei Jahren aus Brasilien nach Bergamo gekommen war, die Gelegenheit hatte, die Qualit\u00e4t der Jugendabteilung von Atalanta zu sch\u00e4tzen:<em>Es geht nicht nur um die <strong>Qualit\u00e4t der Infrastruktur<\/strong>vom Feld bis zur Turnhalle, aber auch und vor allem die <strong>Menschen<\/strong>. Hier bei Zingonia habe ich sofort eine richtige Familie gefunden, die mich willkommen hei\u00dft. Das hat mir sehr geholfen, mich an den italienischen Fu\u00dfball zu gew\u00f6hnen, der ganz anders ist als der, den man in Italien spielt. <strong>Brasilien<\/strong>. Auch bei der Vorbereitung gibt es einen gro\u00dfen Unterschied: <strong>die Ausbildung in Italien ist viel k\u00fcrzer, aber auch viel intensiver<\/strong>. Alles ist schneller, es ist nie fertig. Wir gehen jeden Tag ins Fitnessstudio, sowohl f\u00fcr Aktivierungs- als auch f\u00fcr Kr\u00e4ftigungseinheiten, und das erm\u00f6glicht uns im Laufe einer Saison mehr Ausdauer zu haben und k\u00f6rperlich und sportlich bis zum Ende durchzuhalten<\/em>\".<\/p>\n<p>Eine Kombination, die aus <a href=\"https:\/\/www.sideaita.it\/de\/2019\/12\/09\/funktionale-jugendfussballvorbereitung-atalanta\/\">Jugendfu\u00dfball und rein k\u00f6rperliches und sportliches Training in der Turnhalle<\/a>die vor allem in den unteren Altersklassen nicht immer leicht zu kombinieren ist: \"<em>Wenn man ein Kind ist und nicht \u00fcber die Vorteile nachdenkt, die ein bestimmtes Training mit sich bringen kann, will man einfach nur mit dem Ball spielen, kleine Matches austragen und solche Dinge.<\/em> - weiter Rodrigo -<em>. <strong>Im modernen Fu\u00dfball ist die k\u00f6rperliche Komponente jedoch immer wichtiger.<\/strong> und wenn man merkt, dass es gut f\u00fcr einen ist, merkt man, dass man es tun muss, auch wenn es anstrengend ist oder wenn man es nicht mag<\/em>\".<\/p>\n<\/div>\n\n  \n    <div id=\"gallery-1255085977\" class=\"lightbox-multi-gallery hide-for-small slider slider-auto-height row-collapse slider-nav-circle\" data-flickity-options='{&quot;imagesLoaded&quot;: true, &quot;dragThreshold&quot; : 5, &quot;cellAlign&quot;: &quot;left&quot;,&quot;wrapAround&quot;: true,&quot;prevNextButtons&quot;: true,&quot;percentPosition&quot;: true,&quot;pageDots&quot;: true, &quot;rightToLeft&quot;: false, &quot;autoPlay&quot; : 7000}'>\n\n  <div class=\"gallery-col col\" >\n          <div class=\"col-inner\">\n                        <div class=\"box has-hover gallery-box box-none\">\n              <div class=\"box-image\" >\n                <img loading=\"lazy\" decoding=\"async\" width=\"750\" height=\"500\" src=\"https:\/\/www.sideaita.it\/wp-content\/uploads\/2019\/12\/settore-giovanile-atalanta-rodrigo-guth.jpg\" class=\"attachment-original size-original\" alt=\"jugendbereich-atalanta-rodrigo-guth\" ids=\"59080,59081,59082,59083,59084,59085,59086,59087,59088,59089,59090,59091,59093,59094,59095,59096,59097\" style=\"none\" lightbox=\"false\" type=\"slider-full\" slider_nav_style=\"circle\" slider_bullets=\"true\" auto_slide=\"7000\" image_size=\"original\" text_padding=\"0px 0px 0px 0px\" visibility=\"hide-for-small\" srcset=\"https:\/\/www.sideaita.it\/wp-content\/uploads\/2019\/12\/settore-giovanile-atalanta-rodrigo-guth.jpg 750w, https:\/\/www.sideaita.it\/wp-content\/uploads\/2019\/12\/settore-giovanile-atalanta-rodrigo-guth-600x400.jpg 600w, https:\/\/www.sideaita.it\/wp-content\/uploads\/2019\/12\/settore-giovanile-atalanta-rodrigo-guth-700x467.jpg 700w\" sizes=\"auto, (max-width: 750px) 100vw, 750px\" \/>                                                              <\/div>\n              <div class=\"box-text text-left\" style=\"padding:0px 0px 0px 0px;\">\n                 <p>Rodrigo Guth - Atalanta Primavera<\/p>\n              <\/div>\n            <\/div>\n                      <\/div>\n         <\/div><div class=\"gallery-col col\" >\n          <div class=\"col-inner\">\n                        <div class=\"box has-hover gallery-box box-none\">\n              <div class=\"box-image\" >\n                <img loading=\"lazy\" decoding=\"async\" width=\"750\" height=\"500\" src=\"https:\/\/www.sideaita.it\/wp-content\/uploads\/2019\/12\/settore-giovanile-atalanta-rodrigo-guth-1.jpg\" class=\"attachment-original size-original\" alt=\"Atalanta Jugendbereich rodrigo guth\" ids=\"59080,59081,59082,59083,59084,59085,59086,59087,59088,59089,59090,59091,59093,59094,59095,59096,59097\" style=\"none\" lightbox=\"false\" type=\"slider-full\" slider_nav_style=\"circle\" slider_bullets=\"true\" auto_slide=\"7000\" image_size=\"original\" text_padding=\"0px 0px 0px 0px\" visibility=\"hide-for-small\" srcset=\"https:\/\/www.sideaita.it\/wp-content\/uploads\/2019\/12\/settore-giovanile-atalanta-rodrigo-guth-1.jpg 750w, https:\/\/www.sideaita.it\/wp-content\/uploads\/2019\/12\/settore-giovanile-atalanta-rodrigo-guth-1-600x400.jpg 600w, https:\/\/www.sideaita.it\/wp-content\/uploads\/2019\/12\/settore-giovanile-atalanta-rodrigo-guth-1-700x467.jpg 700w\" sizes=\"auto, (max-width: 750px) 100vw, 750px\" \/>                                                              <\/div>\n              <div class=\"box-text text-left\" style=\"padding:0px 0px 0px 0px;\">\n                 <p><\/p>\n              <\/div>\n            <\/div>\n                      <\/div>\n         <\/div><div class=\"gallery-col col\" >\n          <div class=\"col-inner\">\n                        <div class=\"box has-hover gallery-box box-none\">\n              <div class=\"box-image\" >\n                <img loading=\"lazy\" decoding=\"async\" width=\"750\" height=\"500\" src=\"https:\/\/www.sideaita.it\/wp-content\/uploads\/2019\/12\/settore-giovanile-atalanta-rodrigo-guth-2.jpg\" class=\"attachment-original size-original\" alt=\"jugendbereich-atalanta-rodrigo-guth\" ids=\"59080,59081,59082,59083,59084,59085,59086,59087,59088,59089,59090,59091,59093,59094,59095,59096,59097\" style=\"none\" lightbox=\"false\" type=\"slider-full\" slider_nav_style=\"circle\" slider_bullets=\"true\" auto_slide=\"7000\" image_size=\"original\" text_padding=\"0px 0px 0px 0px\" visibility=\"hide-for-small\" srcset=\"https:\/\/www.sideaita.it\/wp-content\/uploads\/2019\/12\/settore-giovanile-atalanta-rodrigo-guth-2.jpg 750w, https:\/\/www.sideaita.it\/wp-content\/uploads\/2019\/12\/settore-giovanile-atalanta-rodrigo-guth-2-600x400.jpg 600w, https:\/\/www.sideaita.it\/wp-content\/uploads\/2019\/12\/settore-giovanile-atalanta-rodrigo-guth-2-700x467.jpg 700w\" sizes=\"auto, (max-width: 750px) 100vw, 750px\" \/>                                                              <\/div>\n              <div class=\"box-text text-left\" style=\"padding:0px 0px 0px 0px;\">\n                 <p>Rodrigo Guth - Atalanta Primavera<\/p>\n              <\/div>\n            <\/div>\n                      <\/div>\n         <\/div><div class=\"gallery-col col\" >\n          <div class=\"col-inner\">\n                        <div class=\"box has-hover gallery-box box-none\">\n              <div class=\"box-image\" >\n                <img loading=\"lazy\" decoding=\"async\" width=\"750\" height=\"500\" src=\"https:\/\/www.sideaita.it\/wp-content\/uploads\/2019\/12\/settore-giovanile-atalanta-rodrigo-guth-3.jpg\" class=\"attachment-original size-original\" alt=\"jugendbereich-atalanta-rodrigo-guth\" ids=\"59080,59081,59082,59083,59084,59085,59086,59087,59088,59089,59090,59091,59093,59094,59095,59096,59097\" style=\"none\" lightbox=\"false\" type=\"slider-full\" slider_nav_style=\"circle\" slider_bullets=\"true\" auto_slide=\"7000\" image_size=\"original\" text_padding=\"0px 0px 0px 0px\" visibility=\"hide-for-small\" srcset=\"https:\/\/www.sideaita.it\/wp-content\/uploads\/2019\/12\/settore-giovanile-atalanta-rodrigo-guth-3.jpg 750w, https:\/\/www.sideaita.it\/wp-content\/uploads\/2019\/12\/settore-giovanile-atalanta-rodrigo-guth-3-600x400.jpg 600w, https:\/\/www.sideaita.it\/wp-content\/uploads\/2019\/12\/settore-giovanile-atalanta-rodrigo-guth-3-700x467.jpg 700w\" sizes=\"auto, (max-width: 750px) 100vw, 750px\" \/>                                                              <\/div>\n              <div class=\"box-text text-left\" style=\"padding:0px 0px 0px 0px;\">\n                 <p>Rodrigo Guth - Atalanta Primavera<\/p>\n              <\/div>\n            <\/div>\n                      <\/div>\n         <\/div><div class=\"gallery-col col\" >\n          <div class=\"col-inner\">\n                        <div class=\"box has-hover gallery-box box-none\">\n              <div class=\"box-image\" >\n                <img loading=\"lazy\" decoding=\"async\" width=\"750\" height=\"500\" src=\"https:\/\/www.sideaita.it\/wp-content\/uploads\/2019\/12\/settore-giovanile-atalanta-rodrigo-guth-4.jpg\" class=\"attachment-original size-original\" alt=\"vorbereitung-fussball-bereich-jugend-atalanta-rodrigo-guth\" ids=\"59080,59081,59082,59083,59084,59085,59086,59087,59088,59089,59090,59091,59093,59094,59095,59096,59097\" style=\"none\" lightbox=\"false\" type=\"slider-full\" slider_nav_style=\"circle\" slider_bullets=\"true\" auto_slide=\"7000\" image_size=\"original\" text_padding=\"0px 0px 0px 0px\" visibility=\"hide-for-small\" srcset=\"https:\/\/www.sideaita.it\/wp-content\/uploads\/2019\/12\/settore-giovanile-atalanta-rodrigo-guth-4.jpg 750w, https:\/\/www.sideaita.it\/wp-content\/uploads\/2019\/12\/settore-giovanile-atalanta-rodrigo-guth-4-600x400.jpg 600w, https:\/\/www.sideaita.it\/wp-content\/uploads\/2019\/12\/settore-giovanile-atalanta-rodrigo-guth-4-700x467.jpg 700w\" sizes=\"auto, (max-width: 750px) 100vw, 750px\" \/>                                                              <\/div>\n              <div class=\"box-text text-left\" style=\"padding:0px 0px 0px 0px;\">\n                 <p><\/p>\n              <\/div>\n            <\/div>\n                      <\/div>\n         <\/div><div class=\"gallery-col col\" >\n          <div class=\"col-inner\">\n                        <div class=\"box has-hover gallery-box box-none\">\n              <div class=\"box-image\" >\n                <img loading=\"lazy\" decoding=\"async\" width=\"750\" height=\"500\" src=\"https:\/\/www.sideaita.it\/wp-content\/uploads\/2019\/12\/settore-giovanile-atalanta-rodrigo-guth-5.jpg\" class=\"attachment-original size-original\" alt=\"jugendbereich-atalanta-rodrigo-guth\" ids=\"59080,59081,59082,59083,59084,59085,59086,59087,59088,59089,59090,59091,59093,59094,59095,59096,59097\" style=\"none\" lightbox=\"false\" type=\"slider-full\" slider_nav_style=\"circle\" slider_bullets=\"true\" auto_slide=\"7000\" image_size=\"original\" text_padding=\"0px 0px 0px 0px\" visibility=\"hide-for-small\" srcset=\"https:\/\/www.sideaita.it\/wp-content\/uploads\/2019\/12\/settore-giovanile-atalanta-rodrigo-guth-5.jpg 750w, https:\/\/www.sideaita.it\/wp-content\/uploads\/2019\/12\/settore-giovanile-atalanta-rodrigo-guth-5-600x400.jpg 600w, https:\/\/www.sideaita.it\/wp-content\/uploads\/2019\/12\/settore-giovanile-atalanta-rodrigo-guth-5-700x467.jpg 700w\" sizes=\"auto, (max-width: 750px) 100vw, 750px\" \/>                                                              <\/div>\n              <div class=\"box-text text-left\" style=\"padding:0px 0px 0px 0px;\">\n                 <p><\/p>\n              <\/div>\n            <\/div>\n                      <\/div>\n         <\/div><div class=\"gallery-col col\" >\n          <div class=\"col-inner\">\n                        <div class=\"box has-hover gallery-box box-none\">\n              <div class=\"box-image\" >\n                <img loading=\"lazy\" decoding=\"async\" width=\"750\" height=\"500\" src=\"https:\/\/www.sideaita.it\/wp-content\/uploads\/2019\/12\/settore-giovanile-atalanta-rodrigo-guth-6.jpg\" class=\"attachment-original size-original\" alt=\"jugendbereich-atalanta-rodrigo-guth\" ids=\"59080,59081,59082,59083,59084,59085,59086,59087,59088,59089,59090,59091,59093,59094,59095,59096,59097\" style=\"none\" lightbox=\"false\" type=\"slider-full\" slider_nav_style=\"circle\" slider_bullets=\"true\" auto_slide=\"7000\" image_size=\"original\" text_padding=\"0px 0px 0px 0px\" visibility=\"hide-for-small\" srcset=\"https:\/\/www.sideaita.it\/wp-content\/uploads\/2019\/12\/settore-giovanile-atalanta-rodrigo-guth-6.jpg 750w, https:\/\/www.sideaita.it\/wp-content\/uploads\/2019\/12\/settore-giovanile-atalanta-rodrigo-guth-6-600x400.jpg 600w, https:\/\/www.sideaita.it\/wp-content\/uploads\/2019\/12\/settore-giovanile-atalanta-rodrigo-guth-6-700x467.jpg 700w\" sizes=\"auto, (max-width: 750px) 100vw, 750px\" \/>                                                              <\/div>\n              <div class=\"box-text text-left\" style=\"padding:0px 0px 0px 0px;\">\n                 <p><\/p>\n              <\/div>\n            <\/div>\n                      <\/div>\n         <\/div><div class=\"gallery-col col\" >\n          <div class=\"col-inner\">\n                        <div class=\"box has-hover gallery-box box-none\">\n              <div class=\"box-image\" >\n                <img loading=\"lazy\" decoding=\"async\" width=\"750\" height=\"500\" src=\"https:\/\/www.sideaita.it\/wp-content\/uploads\/2019\/12\/settore-giovanile-atalanta-rodrigo-guth-7.jpg\" class=\"attachment-original size-original\" alt=\"jugendbereich-atalanta-rodrigo-guth\" ids=\"59080,59081,59082,59083,59084,59085,59086,59087,59088,59089,59090,59091,59093,59094,59095,59096,59097\" style=\"none\" lightbox=\"false\" type=\"slider-full\" slider_nav_style=\"circle\" slider_bullets=\"true\" auto_slide=\"7000\" image_size=\"original\" text_padding=\"0px 0px 0px 0px\" visibility=\"hide-for-small\" srcset=\"https:\/\/www.sideaita.it\/wp-content\/uploads\/2019\/12\/settore-giovanile-atalanta-rodrigo-guth-7.jpg 750w, https:\/\/www.sideaita.it\/wp-content\/uploads\/2019\/12\/settore-giovanile-atalanta-rodrigo-guth-7-600x400.jpg 600w, https:\/\/www.sideaita.it\/wp-content\/uploads\/2019\/12\/settore-giovanile-atalanta-rodrigo-guth-7-700x467.jpg 700w\" sizes=\"auto, (max-width: 750px) 100vw, 750px\" \/>                                                              <\/div>\n              <div class=\"box-text text-left\" style=\"padding:0px 0px 0px 0px;\">\n                 <p><\/p>\n              <\/div>\n            <\/div>\n                      <\/div>\n         <\/div><div class=\"gallery-col col\" >\n          <div class=\"col-inner\">\n                        <div class=\"box has-hover gallery-box box-none\">\n              <div class=\"box-image\" >\n                <img loading=\"lazy\" decoding=\"async\" width=\"750\" height=\"500\" src=\"https:\/\/www.sideaita.it\/wp-content\/uploads\/2019\/12\/settore-giovanile-atalanta-rodrigo-guth-8.jpg\" class=\"attachment-original size-original\" alt=\"jugendbereich-atalanta-rodrigo-guth\" ids=\"59080,59081,59082,59083,59084,59085,59086,59087,59088,59089,59090,59091,59093,59094,59095,59096,59097\" style=\"none\" lightbox=\"false\" type=\"slider-full\" slider_nav_style=\"circle\" slider_bullets=\"true\" auto_slide=\"7000\" image_size=\"original\" text_padding=\"0px 0px 0px 0px\" visibility=\"hide-for-small\" srcset=\"https:\/\/www.sideaita.it\/wp-content\/uploads\/2019\/12\/settore-giovanile-atalanta-rodrigo-guth-8.jpg 750w, https:\/\/www.sideaita.it\/wp-content\/uploads\/2019\/12\/settore-giovanile-atalanta-rodrigo-guth-8-600x400.jpg 600w, https:\/\/www.sideaita.it\/wp-content\/uploads\/2019\/12\/settore-giovanile-atalanta-rodrigo-guth-8-700x467.jpg 700w\" sizes=\"auto, (max-width: 750px) 100vw, 750px\" \/>                                                              <\/div>\n              <div class=\"box-text text-left\" style=\"padding:0px 0px 0px 0px;\">\n                 <p>Rodrigo Guth - Atalanta Primavera<\/p>\n              <\/div>\n            <\/div>\n                      <\/div>\n         <\/div><div class=\"gallery-col col\" >\n          <div class=\"col-inner\">\n                        <div class=\"box has-hover gallery-box box-none\">\n              <div class=\"box-image\" >\n                <img loading=\"lazy\" decoding=\"async\" width=\"750\" height=\"500\" src=\"https:\/\/www.sideaita.it\/wp-content\/uploads\/2019\/12\/settore-giovanile-atalanta-rodrigo-guth-9.jpg\" class=\"attachment-original size-original\" alt=\"jugendbereich-atalanta-rodrigo-guth\" ids=\"59080,59081,59082,59083,59084,59085,59086,59087,59088,59089,59090,59091,59093,59094,59095,59096,59097\" style=\"none\" lightbox=\"false\" type=\"slider-full\" slider_nav_style=\"circle\" slider_bullets=\"true\" auto_slide=\"7000\" image_size=\"original\" text_padding=\"0px 0px 0px 0px\" visibility=\"hide-for-small\" srcset=\"https:\/\/www.sideaita.it\/wp-content\/uploads\/2019\/12\/settore-giovanile-atalanta-rodrigo-guth-9.jpg 750w, https:\/\/www.sideaita.it\/wp-content\/uploads\/2019\/12\/settore-giovanile-atalanta-rodrigo-guth-9-600x400.jpg 600w, https:\/\/www.sideaita.it\/wp-content\/uploads\/2019\/12\/settore-giovanile-atalanta-rodrigo-guth-9-700x467.jpg 700w\" sizes=\"auto, (max-width: 750px) 100vw, 750px\" \/>                                                              <\/div>\n              <div class=\"box-text text-left\" style=\"padding:0px 0px 0px 0px;\">\n                 <p><\/p>\n              <\/div>\n            <\/div>\n                      <\/div>\n         <\/div><div class=\"gallery-col col\" >\n          <div class=\"col-inner\">\n                        <div class=\"box has-hover gallery-box box-none\">\n              <div class=\"box-image\" >\n                <img loading=\"lazy\" decoding=\"async\" width=\"750\" height=\"500\" src=\"https:\/\/www.sideaita.it\/wp-content\/uploads\/2019\/12\/settore-giovanile-atalanta-rodrigo-guth-10.jpg\" class=\"attachment-original size-original\" alt=\"jugendbereich-atalanta-rodrigo-guth\" ids=\"59080,59081,59082,59083,59084,59085,59086,59087,59088,59089,59090,59091,59093,59094,59095,59096,59097\" style=\"none\" lightbox=\"false\" type=\"slider-full\" slider_nav_style=\"circle\" slider_bullets=\"true\" auto_slide=\"7000\" image_size=\"original\" text_padding=\"0px 0px 0px 0px\" visibility=\"hide-for-small\" srcset=\"https:\/\/www.sideaita.it\/wp-content\/uploads\/2019\/12\/settore-giovanile-atalanta-rodrigo-guth-10.jpg 750w, https:\/\/www.sideaita.it\/wp-content\/uploads\/2019\/12\/settore-giovanile-atalanta-rodrigo-guth-10-600x400.jpg 600w, https:\/\/www.sideaita.it\/wp-content\/uploads\/2019\/12\/settore-giovanile-atalanta-rodrigo-guth-10-700x467.jpg 700w\" sizes=\"auto, (max-width: 750px) 100vw, 750px\" \/>                                                              <\/div>\n              <div class=\"box-text text-left\" style=\"padding:0px 0px 0px 0px;\">\n                 <p><\/p>\n              <\/div>\n            <\/div>\n                      <\/div>\n         <\/div><div class=\"gallery-col col\" >\n          <div class=\"col-inner\">\n                        <div class=\"box has-hover gallery-box box-none\">\n              <div class=\"box-image\" >\n                <img loading=\"lazy\" decoding=\"async\" width=\"750\" height=\"500\" src=\"https:\/\/www.sideaita.it\/wp-content\/uploads\/2019\/12\/settore-giovanile-atalanta-rodrigo-guth-11.jpg\" class=\"attachment-original size-original\" alt=\"jugendbereich-atalanta-rodrigo-guth\" ids=\"59080,59081,59082,59083,59084,59085,59086,59087,59088,59089,59090,59091,59093,59094,59095,59096,59097\" style=\"none\" lightbox=\"false\" type=\"slider-full\" slider_nav_style=\"circle\" slider_bullets=\"true\" auto_slide=\"7000\" image_size=\"original\" text_padding=\"0px 0px 0px 0px\" visibility=\"hide-for-small\" srcset=\"https:\/\/www.sideaita.it\/wp-content\/uploads\/2019\/12\/settore-giovanile-atalanta-rodrigo-guth-11.jpg 750w, https:\/\/www.sideaita.it\/wp-content\/uploads\/2019\/12\/settore-giovanile-atalanta-rodrigo-guth-11-600x400.jpg 600w, https:\/\/www.sideaita.it\/wp-content\/uploads\/2019\/12\/settore-giovanile-atalanta-rodrigo-guth-11-700x467.jpg 700w\" sizes=\"auto, (max-width: 750px) 100vw, 750px\" \/>                                                              <\/div>\n              <div class=\"box-text text-left\" style=\"padding:0px 0px 0px 0px;\">\n                 <p><\/p>\n              <\/div>\n            <\/div>\n                      <\/div>\n         <\/div><div class=\"gallery-col col\" >\n          <div class=\"col-inner\">\n                        <div class=\"box has-hover gallery-box box-none\">\n              <div class=\"box-image\" >\n                <img loading=\"lazy\" decoding=\"async\" width=\"750\" height=\"500\" src=\"https:\/\/www.sideaita.it\/wp-content\/uploads\/2019\/12\/settore-giovanile-atalanta-rodrigo-guth-13.jpg\" class=\"attachment-original size-original\" alt=\"jugendbereich-atalanta-rodrigo-guth\" ids=\"59080,59081,59082,59083,59084,59085,59086,59087,59088,59089,59090,59091,59093,59094,59095,59096,59097\" style=\"none\" lightbox=\"false\" type=\"slider-full\" slider_nav_style=\"circle\" slider_bullets=\"true\" auto_slide=\"7000\" image_size=\"original\" text_padding=\"0px 0px 0px 0px\" visibility=\"hide-for-small\" srcset=\"https:\/\/www.sideaita.it\/wp-content\/uploads\/2019\/12\/settore-giovanile-atalanta-rodrigo-guth-13.jpg 750w, https:\/\/www.sideaita.it\/wp-content\/uploads\/2019\/12\/settore-giovanile-atalanta-rodrigo-guth-13-600x400.jpg 600w, https:\/\/www.sideaita.it\/wp-content\/uploads\/2019\/12\/settore-giovanile-atalanta-rodrigo-guth-13-700x467.jpg 700w\" sizes=\"auto, (max-width: 750px) 100vw, 750px\" \/>                                                              <\/div>\n              <div class=\"box-text text-left\" style=\"padding:0px 0px 0px 0px;\">\n                 <p>Rodrigo Guth - Atalanta Primavera<\/p>\n              <\/div>\n            <\/div>\n                      <\/div>\n         <\/div><div class=\"gallery-col col\" >\n          <div class=\"col-inner\">\n                        <div class=\"box has-hover gallery-box box-none\">\n              <div class=\"box-image\" >\n                <img loading=\"lazy\" decoding=\"async\" width=\"750\" height=\"500\" src=\"https:\/\/www.sideaita.it\/wp-content\/uploads\/2019\/12\/settore-giovanile-atalanta-rodrigo-guth-14.jpg\" class=\"attachment-original size-original\" alt=\"jugendbereich-atalanta-rodrigo-guth\" ids=\"59080,59081,59082,59083,59084,59085,59086,59087,59088,59089,59090,59091,59093,59094,59095,59096,59097\" style=\"none\" lightbox=\"false\" type=\"slider-full\" slider_nav_style=\"circle\" slider_bullets=\"true\" auto_slide=\"7000\" image_size=\"original\" text_padding=\"0px 0px 0px 0px\" visibility=\"hide-for-small\" srcset=\"https:\/\/www.sideaita.it\/wp-content\/uploads\/2019\/12\/settore-giovanile-atalanta-rodrigo-guth-14.jpg 750w, https:\/\/www.sideaita.it\/wp-content\/uploads\/2019\/12\/settore-giovanile-atalanta-rodrigo-guth-14-600x400.jpg 600w, https:\/\/www.sideaita.it\/wp-content\/uploads\/2019\/12\/settore-giovanile-atalanta-rodrigo-guth-14-700x467.jpg 700w\" sizes=\"auto, (max-width: 750px) 100vw, 750px\" \/>                                                              <\/div>\n              <div class=\"box-text text-left\" style=\"padding:0px 0px 0px 0px;\">\n                 <p><\/p>\n              <\/div>\n            <\/div>\n                      <\/div>\n         <\/div><div class=\"gallery-col col\" >\n          <div class=\"col-inner\">\n                        <div class=\"box has-hover gallery-box box-none\">\n              <div class=\"box-image\" >\n                <img loading=\"lazy\" decoding=\"async\" width=\"750\" height=\"500\" src=\"https:\/\/www.sideaita.it\/wp-content\/uploads\/2019\/12\/settore-giovanile-atalanta-rodrigo-guth-15.jpg\" class=\"attachment-original size-original\" alt=\"jugendbereich-atalanta-rodrigo-guth\" ids=\"59080,59081,59082,59083,59084,59085,59086,59087,59088,59089,59090,59091,59093,59094,59095,59096,59097\" style=\"none\" lightbox=\"false\" type=\"slider-full\" slider_nav_style=\"circle\" slider_bullets=\"true\" auto_slide=\"7000\" image_size=\"original\" text_padding=\"0px 0px 0px 0px\" visibility=\"hide-for-small\" srcset=\"https:\/\/www.sideaita.it\/wp-content\/uploads\/2019\/12\/settore-giovanile-atalanta-rodrigo-guth-15.jpg 750w, https:\/\/www.sideaita.it\/wp-content\/uploads\/2019\/12\/settore-giovanile-atalanta-rodrigo-guth-15-600x400.jpg 600w, https:\/\/www.sideaita.it\/wp-content\/uploads\/2019\/12\/settore-giovanile-atalanta-rodrigo-guth-15-700x467.jpg 700w\" sizes=\"auto, (max-width: 750px) 100vw, 750px\" \/>                                                              <\/div>\n              <div class=\"box-text text-left\" style=\"padding:0px 0px 0px 0px;\">\n                 <p><\/p>\n              <\/div>\n            <\/div>\n                      <\/div>\n         <\/div><div class=\"gallery-col col\" >\n          <div class=\"col-inner\">\n                        <div class=\"box has-hover gallery-box box-none\">\n              <div class=\"box-image\" >\n                <img loading=\"lazy\" decoding=\"async\" width=\"750\" height=\"500\" src=\"https:\/\/www.sideaita.it\/wp-content\/uploads\/2019\/12\/settore-giovanile-atalanta-rodrigo-guth-16.jpg\" class=\"attachment-original size-original\" alt=\"Atalanta Jugendbereich rodrigo guth\" ids=\"59080,59081,59082,59083,59084,59085,59086,59087,59088,59089,59090,59091,59093,59094,59095,59096,59097\" style=\"none\" lightbox=\"false\" type=\"slider-full\" slider_nav_style=\"circle\" slider_bullets=\"true\" auto_slide=\"7000\" image_size=\"original\" text_padding=\"0px 0px 0px 0px\" visibility=\"hide-for-small\" srcset=\"https:\/\/www.sideaita.it\/wp-content\/uploads\/2019\/12\/settore-giovanile-atalanta-rodrigo-guth-16.jpg 750w, https:\/\/www.sideaita.it\/wp-content\/uploads\/2019\/12\/settore-giovanile-atalanta-rodrigo-guth-16-600x400.jpg 600w, https:\/\/www.sideaita.it\/wp-content\/uploads\/2019\/12\/settore-giovanile-atalanta-rodrigo-guth-16-700x467.jpg 700w\" sizes=\"auto, (max-width: 750px) 100vw, 750px\" \/>                                                              <\/div>\n              <div class=\"box-text text-left\" style=\"padding:0px 0px 0px 0px;\">\n                 <p><\/p>\n              <\/div>\n            <\/div>\n                      <\/div>\n         <\/div><div class=\"gallery-col col\" >\n          <div class=\"col-inner\">\n                        <div class=\"box has-hover gallery-box box-none\">\n              <div class=\"box-image\" >\n                <img loading=\"lazy\" decoding=\"async\" width=\"750\" height=\"500\" src=\"https:\/\/www.sideaita.it\/wp-content\/uploads\/2019\/12\/settore-giovanile-atalanta-rodrigo-guth-17.jpg\" class=\"attachment-original size-original\" alt=\"jugendbereich-atalanta-rodrigo-guth\" ids=\"59080,59081,59082,59083,59084,59085,59086,59087,59088,59089,59090,59091,59093,59094,59095,59096,59097\" style=\"none\" lightbox=\"false\" type=\"slider-full\" slider_nav_style=\"circle\" slider_bullets=\"true\" auto_slide=\"7000\" image_size=\"original\" text_padding=\"0px 0px 0px 0px\" visibility=\"hide-for-small\" srcset=\"https:\/\/www.sideaita.it\/wp-content\/uploads\/2019\/12\/settore-giovanile-atalanta-rodrigo-guth-17.jpg 750w, https:\/\/www.sideaita.it\/wp-content\/uploads\/2019\/12\/settore-giovanile-atalanta-rodrigo-guth-17-600x400.jpg 600w, https:\/\/www.sideaita.it\/wp-content\/uploads\/2019\/12\/settore-giovanile-atalanta-rodrigo-guth-17-700x467.jpg 700w\" sizes=\"auto, (max-width: 750px) 100vw, 750px\" \/>                                                              <\/div>\n              <div class=\"box-text text-left\" style=\"padding:0px 0px 0px 0px;\">\n                 <p><\/p>\n              <\/div>\n            <\/div>\n                      <\/div>\n         <\/div><\/div>\n\n  \n    <div id=\"gallery-201183812\" class=\"lightbox-multi-gallery show-for-small slider slider-auto-height row-collapse slider-nav-circle\" data-flickity-options='{&quot;imagesLoaded&quot;: true, &quot;dragThreshold&quot; : 5, &quot;cellAlign&quot;: &quot;left&quot;,&quot;wrapAround&quot;: true,&quot;prevNextButtons&quot;: true,&quot;percentPosition&quot;: true,&quot;pageDots&quot;: false, &quot;rightToLeft&quot;: false, &quot;autoPlay&quot; : 7000}'>\n\n  <div class=\"gallery-col col\" >\n          <div class=\"col-inner\">\n            <a class=\"\" href=\"https:\/\/www.sideaita.it\/wp-content\/uploads\/2019\/12\/settore-giovanile-atalanta-rodrigo-guth.jpg\" title=\"Rodrigo Guth - Atalanta Primavera\">            <div class=\"box has-hover gallery-box box-none\">\n              <div class=\"box-image\" >\n                <img loading=\"lazy\" decoding=\"async\" width=\"750\" height=\"500\" src=\"https:\/\/www.sideaita.it\/wp-content\/uploads\/2019\/12\/settore-giovanile-atalanta-rodrigo-guth.jpg\" class=\"attachment-original size-original\" alt=\"jugendbereich-atalanta-rodrigo-guth\" ids=\"59080,59081,59082,59083,59084,59085,59086,59087,59088,59089,59090,59091,59093,59094,59095,59096,59097\" style=\"none\" lightbox_image_size=\"original\" type=\"slider-full\" slider_nav_style=\"circle\" auto_slide=\"7000\" image_size=\"original\" text_padding=\"0px 0px 0px 0px\" visibility=\"show-for-small\" srcset=\"https:\/\/www.sideaita.it\/wp-content\/uploads\/2019\/12\/settore-giovanile-atalanta-rodrigo-guth.jpg 750w, https:\/\/www.sideaita.it\/wp-content\/uploads\/2019\/12\/settore-giovanile-atalanta-rodrigo-guth-600x400.jpg 600w, https:\/\/www.sideaita.it\/wp-content\/uploads\/2019\/12\/settore-giovanile-atalanta-rodrigo-guth-700x467.jpg 700w\" sizes=\"auto, (max-width: 750px) 100vw, 750px\" \/>                                                              <\/div>\n              <div class=\"box-text text-left\" style=\"padding:0px 0px 0px 0px;\">\n                 <p>Rodrigo Guth - Atalanta Primavera<\/p>\n              <\/div>\n            <\/div>\n            <\/a>          <\/div>\n         <\/div><div class=\"gallery-col col\" >\n          <div class=\"col-inner\">\n            <a class=\"\" href=\"https:\/\/www.sideaita.it\/wp-content\/uploads\/2019\/12\/settore-giovanile-atalanta-rodrigo-guth-1.jpg\" title=\"\">            <div class=\"box has-hover gallery-box box-none\">\n              <div class=\"box-image\" >\n                <img loading=\"lazy\" decoding=\"async\" width=\"750\" height=\"500\" src=\"https:\/\/www.sideaita.it\/wp-content\/uploads\/2019\/12\/settore-giovanile-atalanta-rodrigo-guth-1.jpg\" class=\"attachment-original size-original\" alt=\"Atalanta Jugendbereich rodrigo guth\" ids=\"59080,59081,59082,59083,59084,59085,59086,59087,59088,59089,59090,59091,59093,59094,59095,59096,59097\" style=\"none\" lightbox_image_size=\"original\" type=\"slider-full\" slider_nav_style=\"circle\" auto_slide=\"7000\" image_size=\"original\" text_padding=\"0px 0px 0px 0px\" visibility=\"show-for-small\" srcset=\"https:\/\/www.sideaita.it\/wp-content\/uploads\/2019\/12\/settore-giovanile-atalanta-rodrigo-guth-1.jpg 750w, https:\/\/www.sideaita.it\/wp-content\/uploads\/2019\/12\/settore-giovanile-atalanta-rodrigo-guth-1-600x400.jpg 600w, https:\/\/www.sideaita.it\/wp-content\/uploads\/2019\/12\/settore-giovanile-atalanta-rodrigo-guth-1-700x467.jpg 700w\" sizes=\"auto, (max-width: 750px) 100vw, 750px\" \/>                                                              <\/div>\n              <div class=\"box-text text-left\" style=\"padding:0px 0px 0px 0px;\">\n                 <p><\/p>\n              <\/div>\n            <\/div>\n            <\/a>          <\/div>\n         <\/div><div class=\"gallery-col col\" >\n          <div class=\"col-inner\">\n            <a class=\"\" href=\"https:\/\/www.sideaita.it\/wp-content\/uploads\/2019\/12\/settore-giovanile-atalanta-rodrigo-guth-2.jpg\" title=\"Rodrigo Guth - Atalanta Primavera\">            <div class=\"box has-hover gallery-box box-none\">\n              <div class=\"box-image\" >\n                <img loading=\"lazy\" decoding=\"async\" width=\"750\" height=\"500\" src=\"https:\/\/www.sideaita.it\/wp-content\/uploads\/2019\/12\/settore-giovanile-atalanta-rodrigo-guth-2.jpg\" class=\"attachment-original size-original\" alt=\"jugendbereich-atalanta-rodrigo-guth\" ids=\"59080,59081,59082,59083,59084,59085,59086,59087,59088,59089,59090,59091,59093,59094,59095,59096,59097\" style=\"none\" lightbox_image_size=\"original\" type=\"slider-full\" slider_nav_style=\"circle\" auto_slide=\"7000\" image_size=\"original\" text_padding=\"0px 0px 0px 0px\" visibility=\"show-for-small\" srcset=\"https:\/\/www.sideaita.it\/wp-content\/uploads\/2019\/12\/settore-giovanile-atalanta-rodrigo-guth-2.jpg 750w, https:\/\/www.sideaita.it\/wp-content\/uploads\/2019\/12\/settore-giovanile-atalanta-rodrigo-guth-2-600x400.jpg 600w, https:\/\/www.sideaita.it\/wp-content\/uploads\/2019\/12\/settore-giovanile-atalanta-rodrigo-guth-2-700x467.jpg 700w\" sizes=\"auto, (max-width: 750px) 100vw, 750px\" \/>                                                              <\/div>\n              <div class=\"box-text text-left\" style=\"padding:0px 0px 0px 0px;\">\n                 <p>Rodrigo Guth - Atalanta Primavera<\/p>\n              <\/div>\n            <\/div>\n            <\/a>          <\/div>\n         <\/div><div class=\"gallery-col col\" >\n          <div class=\"col-inner\">\n            <a class=\"\" href=\"https:\/\/www.sideaita.it\/wp-content\/uploads\/2019\/12\/settore-giovanile-atalanta-rodrigo-guth-3.jpg\" title=\"Rodrigo Guth - Atalanta Primavera\">            <div class=\"box has-hover gallery-box box-none\">\n              <div class=\"box-image\" >\n                <img loading=\"lazy\" decoding=\"async\" width=\"750\" height=\"500\" src=\"https:\/\/www.sideaita.it\/wp-content\/uploads\/2019\/12\/settore-giovanile-atalanta-rodrigo-guth-3.jpg\" class=\"attachment-original size-original\" alt=\"jugendbereich-atalanta-rodrigo-guth\" ids=\"59080,59081,59082,59083,59084,59085,59086,59087,59088,59089,59090,59091,59093,59094,59095,59096,59097\" style=\"none\" lightbox_image_size=\"original\" type=\"slider-full\" slider_nav_style=\"circle\" auto_slide=\"7000\" image_size=\"original\" text_padding=\"0px 0px 0px 0px\" visibility=\"show-for-small\" srcset=\"https:\/\/www.sideaita.it\/wp-content\/uploads\/2019\/12\/settore-giovanile-atalanta-rodrigo-guth-3.jpg 750w, https:\/\/www.sideaita.it\/wp-content\/uploads\/2019\/12\/settore-giovanile-atalanta-rodrigo-guth-3-600x400.jpg 600w, https:\/\/www.sideaita.it\/wp-content\/uploads\/2019\/12\/settore-giovanile-atalanta-rodrigo-guth-3-700x467.jpg 700w\" sizes=\"auto, (max-width: 750px) 100vw, 750px\" \/>                                                              <\/div>\n              <div class=\"box-text text-left\" style=\"padding:0px 0px 0px 0px;\">\n                 <p>Rodrigo Guth - Atalanta Primavera<\/p>\n              <\/div>\n            <\/div>\n            <\/a>          <\/div>\n         <\/div><div class=\"gallery-col col\" >\n          <div class=\"col-inner\">\n            <a class=\"\" href=\"https:\/\/www.sideaita.it\/wp-content\/uploads\/2019\/12\/settore-giovanile-atalanta-rodrigo-guth-4.jpg\" title=\"\">            <div class=\"box has-hover gallery-box box-none\">\n              <div class=\"box-image\" >\n                <img loading=\"lazy\" decoding=\"async\" width=\"750\" height=\"500\" src=\"https:\/\/www.sideaita.it\/wp-content\/uploads\/2019\/12\/settore-giovanile-atalanta-rodrigo-guth-4.jpg\" class=\"attachment-original size-original\" alt=\"vorbereitung-fussball-bereich-jugend-atalanta-rodrigo-guth\" ids=\"59080,59081,59082,59083,59084,59085,59086,59087,59088,59089,59090,59091,59093,59094,59095,59096,59097\" style=\"none\" lightbox_image_size=\"original\" type=\"slider-full\" slider_nav_style=\"circle\" auto_slide=\"7000\" image_size=\"original\" text_padding=\"0px 0px 0px 0px\" visibility=\"show-for-small\" srcset=\"https:\/\/www.sideaita.it\/wp-content\/uploads\/2019\/12\/settore-giovanile-atalanta-rodrigo-guth-4.jpg 750w, https:\/\/www.sideaita.it\/wp-content\/uploads\/2019\/12\/settore-giovanile-atalanta-rodrigo-guth-4-600x400.jpg 600w, https:\/\/www.sideaita.it\/wp-content\/uploads\/2019\/12\/settore-giovanile-atalanta-rodrigo-guth-4-700x467.jpg 700w\" sizes=\"auto, (max-width: 750px) 100vw, 750px\" \/>                                                              <\/div>\n              <div class=\"box-text text-left\" style=\"padding:0px 0px 0px 0px;\">\n                 <p><\/p>\n              <\/div>\n            <\/div>\n            <\/a>          <\/div>\n         <\/div><div class=\"gallery-col col\" >\n          <div class=\"col-inner\">\n            <a class=\"\" href=\"https:\/\/www.sideaita.it\/wp-content\/uploads\/2019\/12\/settore-giovanile-atalanta-rodrigo-guth-5.jpg\" title=\"\">            <div class=\"box has-hover gallery-box box-none\">\n              <div class=\"box-image\" >\n                <img loading=\"lazy\" decoding=\"async\" width=\"750\" height=\"500\" src=\"https:\/\/www.sideaita.it\/wp-content\/uploads\/2019\/12\/settore-giovanile-atalanta-rodrigo-guth-5.jpg\" class=\"attachment-original size-original\" alt=\"jugendbereich-atalanta-rodrigo-guth\" ids=\"59080,59081,59082,59083,59084,59085,59086,59087,59088,59089,59090,59091,59093,59094,59095,59096,59097\" style=\"none\" lightbox_image_size=\"original\" type=\"slider-full\" slider_nav_style=\"circle\" auto_slide=\"7000\" image_size=\"original\" text_padding=\"0px 0px 0px 0px\" visibility=\"show-for-small\" srcset=\"https:\/\/www.sideaita.it\/wp-content\/uploads\/2019\/12\/settore-giovanile-atalanta-rodrigo-guth-5.jpg 750w, https:\/\/www.sideaita.it\/wp-content\/uploads\/2019\/12\/settore-giovanile-atalanta-rodrigo-guth-5-600x400.jpg 600w, https:\/\/www.sideaita.it\/wp-content\/uploads\/2019\/12\/settore-giovanile-atalanta-rodrigo-guth-5-700x467.jpg 700w\" sizes=\"auto, (max-width: 750px) 100vw, 750px\" \/>                                                              <\/div>\n              <div class=\"box-text text-left\" style=\"padding:0px 0px 0px 0px;\">\n                 <p><\/p>\n              <\/div>\n            <\/div>\n            <\/a>          <\/div>\n         <\/div><div class=\"gallery-col col\" >\n          <div class=\"col-inner\">\n            <a class=\"\" href=\"https:\/\/www.sideaita.it\/wp-content\/uploads\/2019\/12\/settore-giovanile-atalanta-rodrigo-guth-6.jpg\" title=\"\">            <div class=\"box has-hover gallery-box box-none\">\n              <div class=\"box-image\" >\n                <img loading=\"lazy\" decoding=\"async\" width=\"750\" height=\"500\" src=\"https:\/\/www.sideaita.it\/wp-content\/uploads\/2019\/12\/settore-giovanile-atalanta-rodrigo-guth-6.jpg\" class=\"attachment-original size-original\" alt=\"jugendbereich-atalanta-rodrigo-guth\" ids=\"59080,59081,59082,59083,59084,59085,59086,59087,59088,59089,59090,59091,59093,59094,59095,59096,59097\" style=\"none\" lightbox_image_size=\"original\" type=\"slider-full\" slider_nav_style=\"circle\" auto_slide=\"7000\" image_size=\"original\" text_padding=\"0px 0px 0px 0px\" visibility=\"show-for-small\" srcset=\"https:\/\/www.sideaita.it\/wp-content\/uploads\/2019\/12\/settore-giovanile-atalanta-rodrigo-guth-6.jpg 750w, https:\/\/www.sideaita.it\/wp-content\/uploads\/2019\/12\/settore-giovanile-atalanta-rodrigo-guth-6-600x400.jpg 600w, https:\/\/www.sideaita.it\/wp-content\/uploads\/2019\/12\/settore-giovanile-atalanta-rodrigo-guth-6-700x467.jpg 700w\" sizes=\"auto, (max-width: 750px) 100vw, 750px\" \/>                                                              <\/div>\n              <div class=\"box-text text-left\" style=\"padding:0px 0px 0px 0px;\">\n                 <p><\/p>\n              <\/div>\n            <\/div>\n            <\/a>          <\/div>\n         <\/div><div class=\"gallery-col col\" >\n          <div class=\"col-inner\">\n            <a class=\"\" href=\"https:\/\/www.sideaita.it\/wp-content\/uploads\/2019\/12\/settore-giovanile-atalanta-rodrigo-guth-7.jpg\" title=\"\">            <div class=\"box has-hover gallery-box box-none\">\n              <div class=\"box-image\" >\n                <img loading=\"lazy\" decoding=\"async\" width=\"750\" height=\"500\" src=\"https:\/\/www.sideaita.it\/wp-content\/uploads\/2019\/12\/settore-giovanile-atalanta-rodrigo-guth-7.jpg\" class=\"attachment-original size-original\" alt=\"jugendbereich-atalanta-rodrigo-guth\" ids=\"59080,59081,59082,59083,59084,59085,59086,59087,59088,59089,59090,59091,59093,59094,59095,59096,59097\" style=\"none\" lightbox_image_size=\"original\" type=\"slider-full\" slider_nav_style=\"circle\" auto_slide=\"7000\" image_size=\"original\" text_padding=\"0px 0px 0px 0px\" visibility=\"show-for-small\" srcset=\"https:\/\/www.sideaita.it\/wp-content\/uploads\/2019\/12\/settore-giovanile-atalanta-rodrigo-guth-7.jpg 750w, https:\/\/www.sideaita.it\/wp-content\/uploads\/2019\/12\/settore-giovanile-atalanta-rodrigo-guth-7-600x400.jpg 600w, https:\/\/www.sideaita.it\/wp-content\/uploads\/2019\/12\/settore-giovanile-atalanta-rodrigo-guth-7-700x467.jpg 700w\" sizes=\"auto, (max-width: 750px) 100vw, 750px\" \/>                                                              <\/div>\n              <div class=\"box-text text-left\" style=\"padding:0px 0px 0px 0px;\">\n                 <p><\/p>\n              <\/div>\n            <\/div>\n            <\/a>          <\/div>\n         <\/div><div class=\"gallery-col col\" >\n          <div class=\"col-inner\">\n            <a class=\"\" href=\"https:\/\/www.sideaita.it\/wp-content\/uploads\/2019\/12\/settore-giovanile-atalanta-rodrigo-guth-8.jpg\" title=\"Rodrigo Guth - Atalanta Primavera\">            <div class=\"box has-hover gallery-box box-none\">\n              <div class=\"box-image\" >\n                <img loading=\"lazy\" decoding=\"async\" width=\"750\" height=\"500\" src=\"https:\/\/www.sideaita.it\/wp-content\/uploads\/2019\/12\/settore-giovanile-atalanta-rodrigo-guth-8.jpg\" class=\"attachment-original size-original\" alt=\"jugendbereich-atalanta-rodrigo-guth\" ids=\"59080,59081,59082,59083,59084,59085,59086,59087,59088,59089,59090,59091,59093,59094,59095,59096,59097\" style=\"none\" lightbox_image_size=\"original\" type=\"slider-full\" slider_nav_style=\"circle\" auto_slide=\"7000\" image_size=\"original\" text_padding=\"0px 0px 0px 0px\" visibility=\"show-for-small\" srcset=\"https:\/\/www.sideaita.it\/wp-content\/uploads\/2019\/12\/settore-giovanile-atalanta-rodrigo-guth-8.jpg 750w, https:\/\/www.sideaita.it\/wp-content\/uploads\/2019\/12\/settore-giovanile-atalanta-rodrigo-guth-8-600x400.jpg 600w, https:\/\/www.sideaita.it\/wp-content\/uploads\/2019\/12\/settore-giovanile-atalanta-rodrigo-guth-8-700x467.jpg 700w\" sizes=\"auto, (max-width: 750px) 100vw, 750px\" \/>                                                              <\/div>\n              <div class=\"box-text text-left\" style=\"padding:0px 0px 0px 0px;\">\n                 <p>Rodrigo Guth - Atalanta Primavera<\/p>\n              <\/div>\n            <\/div>\n            <\/a>          <\/div>\n         <\/div><div class=\"gallery-col col\" >\n          <div class=\"col-inner\">\n            <a class=\"\" href=\"https:\/\/www.sideaita.it\/wp-content\/uploads\/2019\/12\/settore-giovanile-atalanta-rodrigo-guth-9.jpg\" title=\"\">            <div class=\"box has-hover gallery-box box-none\">\n              <div class=\"box-image\" >\n                <img loading=\"lazy\" decoding=\"async\" width=\"750\" height=\"500\" src=\"https:\/\/www.sideaita.it\/wp-content\/uploads\/2019\/12\/settore-giovanile-atalanta-rodrigo-guth-9.jpg\" class=\"attachment-original size-original\" alt=\"jugendbereich-atalanta-rodrigo-guth\" ids=\"59080,59081,59082,59083,59084,59085,59086,59087,59088,59089,59090,59091,59093,59094,59095,59096,59097\" style=\"none\" lightbox_image_size=\"original\" type=\"slider-full\" slider_nav_style=\"circle\" auto_slide=\"7000\" image_size=\"original\" text_padding=\"0px 0px 0px 0px\" visibility=\"show-for-small\" srcset=\"https:\/\/www.sideaita.it\/wp-content\/uploads\/2019\/12\/settore-giovanile-atalanta-rodrigo-guth-9.jpg 750w, https:\/\/www.sideaita.it\/wp-content\/uploads\/2019\/12\/settore-giovanile-atalanta-rodrigo-guth-9-600x400.jpg 600w, https:\/\/www.sideaita.it\/wp-content\/uploads\/2019\/12\/settore-giovanile-atalanta-rodrigo-guth-9-700x467.jpg 700w\" sizes=\"auto, (max-width: 750px) 100vw, 750px\" \/>                                                              <\/div>\n              <div class=\"box-text text-left\" style=\"padding:0px 0px 0px 0px;\">\n                 <p><\/p>\n              <\/div>\n            <\/div>\n            <\/a>          <\/div>\n         <\/div><div class=\"gallery-col col\" >\n          <div class=\"col-inner\">\n            <a class=\"\" href=\"https:\/\/www.sideaita.it\/wp-content\/uploads\/2019\/12\/settore-giovanile-atalanta-rodrigo-guth-10.jpg\" title=\"\">            <div class=\"box has-hover gallery-box box-none\">\n              <div class=\"box-image\" >\n                <img loading=\"lazy\" decoding=\"async\" width=\"750\" height=\"500\" src=\"https:\/\/www.sideaita.it\/wp-content\/uploads\/2019\/12\/settore-giovanile-atalanta-rodrigo-guth-10.jpg\" class=\"attachment-original size-original\" alt=\"jugendbereich-atalanta-rodrigo-guth\" ids=\"59080,59081,59082,59083,59084,59085,59086,59087,59088,59089,59090,59091,59093,59094,59095,59096,59097\" style=\"none\" lightbox_image_size=\"original\" type=\"slider-full\" slider_nav_style=\"circle\" auto_slide=\"7000\" image_size=\"original\" text_padding=\"0px 0px 0px 0px\" visibility=\"show-for-small\" srcset=\"https:\/\/www.sideaita.it\/wp-content\/uploads\/2019\/12\/settore-giovanile-atalanta-rodrigo-guth-10.jpg 750w, https:\/\/www.sideaita.it\/wp-content\/uploads\/2019\/12\/settore-giovanile-atalanta-rodrigo-guth-10-600x400.jpg 600w, https:\/\/www.sideaita.it\/wp-content\/uploads\/2019\/12\/settore-giovanile-atalanta-rodrigo-guth-10-700x467.jpg 700w\" sizes=\"auto, (max-width: 750px) 100vw, 750px\" \/>                                                              <\/div>\n              <div class=\"box-text text-left\" style=\"padding:0px 0px 0px 0px;\">\n                 <p><\/p>\n              <\/div>\n            <\/div>\n            <\/a>          <\/div>\n         <\/div><div class=\"gallery-col col\" >\n          <div class=\"col-inner\">\n            <a class=\"\" href=\"https:\/\/www.sideaita.it\/wp-content\/uploads\/2019\/12\/settore-giovanile-atalanta-rodrigo-guth-11.jpg\" title=\"\">            <div class=\"box has-hover gallery-box box-none\">\n              <div class=\"box-image\" >\n                <img loading=\"lazy\" decoding=\"async\" width=\"750\" height=\"500\" src=\"https:\/\/www.sideaita.it\/wp-content\/uploads\/2019\/12\/settore-giovanile-atalanta-rodrigo-guth-11.jpg\" class=\"attachment-original size-original\" alt=\"jugendbereich-atalanta-rodrigo-guth\" ids=\"59080,59081,59082,59083,59084,59085,59086,59087,59088,59089,59090,59091,59093,59094,59095,59096,59097\" style=\"none\" lightbox_image_size=\"original\" type=\"slider-full\" slider_nav_style=\"circle\" auto_slide=\"7000\" image_size=\"original\" text_padding=\"0px 0px 0px 0px\" visibility=\"show-for-small\" srcset=\"https:\/\/www.sideaita.it\/wp-content\/uploads\/2019\/12\/settore-giovanile-atalanta-rodrigo-guth-11.jpg 750w, https:\/\/www.sideaita.it\/wp-content\/uploads\/2019\/12\/settore-giovanile-atalanta-rodrigo-guth-11-600x400.jpg 600w, https:\/\/www.sideaita.it\/wp-content\/uploads\/2019\/12\/settore-giovanile-atalanta-rodrigo-guth-11-700x467.jpg 700w\" sizes=\"auto, (max-width: 750px) 100vw, 750px\" \/>                                                              <\/div>\n              <div class=\"box-text text-left\" style=\"padding:0px 0px 0px 0px;\">\n                 <p><\/p>\n              <\/div>\n            <\/div>\n            <\/a>          <\/div>\n         <\/div><div class=\"gallery-col col\" >\n          <div class=\"col-inner\">\n            <a class=\"\" href=\"https:\/\/www.sideaita.it\/wp-content\/uploads\/2019\/12\/settore-giovanile-atalanta-rodrigo-guth-13.jpg\" title=\"Rodrigo Guth - Atalanta Primavera\">            <div class=\"box has-hover gallery-box box-none\">\n              <div class=\"box-image\" >\n                <img loading=\"lazy\" decoding=\"async\" width=\"750\" height=\"500\" src=\"https:\/\/www.sideaita.it\/wp-content\/uploads\/2019\/12\/settore-giovanile-atalanta-rodrigo-guth-13.jpg\" class=\"attachment-original size-original\" alt=\"jugendbereich-atalanta-rodrigo-guth\" ids=\"59080,59081,59082,59083,59084,59085,59086,59087,59088,59089,59090,59091,59093,59094,59095,59096,59097\" style=\"none\" lightbox_image_size=\"original\" type=\"slider-full\" slider_nav_style=\"circle\" auto_slide=\"7000\" image_size=\"original\" text_padding=\"0px 0px 0px 0px\" visibility=\"show-for-small\" srcset=\"https:\/\/www.sideaita.it\/wp-content\/uploads\/2019\/12\/settore-giovanile-atalanta-rodrigo-guth-13.jpg 750w, https:\/\/www.sideaita.it\/wp-content\/uploads\/2019\/12\/settore-giovanile-atalanta-rodrigo-guth-13-600x400.jpg 600w, https:\/\/www.sideaita.it\/wp-content\/uploads\/2019\/12\/settore-giovanile-atalanta-rodrigo-guth-13-700x467.jpg 700w\" sizes=\"auto, (max-width: 750px) 100vw, 750px\" \/>                                                              <\/div>\n              <div class=\"box-text text-left\" style=\"padding:0px 0px 0px 0px;\">\n                 <p>Rodrigo Guth - Atalanta Primavera<\/p>\n              <\/div>\n            <\/div>\n            <\/a>          <\/div>\n         <\/div><div class=\"gallery-col col\" >\n          <div class=\"col-inner\">\n            <a class=\"\" href=\"https:\/\/www.sideaita.it\/wp-content\/uploads\/2019\/12\/settore-giovanile-atalanta-rodrigo-guth-14.jpg\" title=\"\">            <div class=\"box has-hover gallery-box box-none\">\n              <div class=\"box-image\" >\n                <img loading=\"lazy\" decoding=\"async\" width=\"750\" height=\"500\" src=\"https:\/\/www.sideaita.it\/wp-content\/uploads\/2019\/12\/settore-giovanile-atalanta-rodrigo-guth-14.jpg\" class=\"attachment-original size-original\" alt=\"jugendbereich-atalanta-rodrigo-guth\" ids=\"59080,59081,59082,59083,59084,59085,59086,59087,59088,59089,59090,59091,59093,59094,59095,59096,59097\" style=\"none\" lightbox_image_size=\"original\" type=\"slider-full\" slider_nav_style=\"circle\" auto_slide=\"7000\" image_size=\"original\" text_padding=\"0px 0px 0px 0px\" visibility=\"show-for-small\" srcset=\"https:\/\/www.sideaita.it\/wp-content\/uploads\/2019\/12\/settore-giovanile-atalanta-rodrigo-guth-14.jpg 750w, https:\/\/www.sideaita.it\/wp-content\/uploads\/2019\/12\/settore-giovanile-atalanta-rodrigo-guth-14-600x400.jpg 600w, https:\/\/www.sideaita.it\/wp-content\/uploads\/2019\/12\/settore-giovanile-atalanta-rodrigo-guth-14-700x467.jpg 700w\" sizes=\"auto, (max-width: 750px) 100vw, 750px\" \/>                                                              <\/div>\n              <div class=\"box-text text-left\" style=\"padding:0px 0px 0px 0px;\">\n                 <p><\/p>\n              <\/div>\n            <\/div>\n            <\/a>          <\/div>\n         <\/div><div class=\"gallery-col col\" >\n          <div class=\"col-inner\">\n            <a class=\"\" href=\"https:\/\/www.sideaita.it\/wp-content\/uploads\/2019\/12\/settore-giovanile-atalanta-rodrigo-guth-15.jpg\" title=\"\">            <div class=\"box has-hover gallery-box box-none\">\n              <div class=\"box-image\" >\n                <img loading=\"lazy\" decoding=\"async\" width=\"750\" height=\"500\" src=\"https:\/\/www.sideaita.it\/wp-content\/uploads\/2019\/12\/settore-giovanile-atalanta-rodrigo-guth-15.jpg\" class=\"attachment-original size-original\" alt=\"jugendbereich-atalanta-rodrigo-guth\" ids=\"59080,59081,59082,59083,59084,59085,59086,59087,59088,59089,59090,59091,59093,59094,59095,59096,59097\" style=\"none\" lightbox_image_size=\"original\" type=\"slider-full\" slider_nav_style=\"circle\" auto_slide=\"7000\" image_size=\"original\" text_padding=\"0px 0px 0px 0px\" visibility=\"show-for-small\" srcset=\"https:\/\/www.sideaita.it\/wp-content\/uploads\/2019\/12\/settore-giovanile-atalanta-rodrigo-guth-15.jpg 750w, https:\/\/www.sideaita.it\/wp-content\/uploads\/2019\/12\/settore-giovanile-atalanta-rodrigo-guth-15-600x400.jpg 600w, https:\/\/www.sideaita.it\/wp-content\/uploads\/2019\/12\/settore-giovanile-atalanta-rodrigo-guth-15-700x467.jpg 700w\" sizes=\"auto, (max-width: 750px) 100vw, 750px\" \/>                                                              <\/div>\n              <div class=\"box-text text-left\" style=\"padding:0px 0px 0px 0px;\">\n                 <p><\/p>\n              <\/div>\n            <\/div>\n            <\/a>          <\/div>\n         <\/div><div class=\"gallery-col col\" >\n          <div class=\"col-inner\">\n            <a class=\"\" href=\"https:\/\/www.sideaita.it\/wp-content\/uploads\/2019\/12\/settore-giovanile-atalanta-rodrigo-guth-16.jpg\" title=\"\">            <div class=\"box has-hover gallery-box box-none\">\n              <div class=\"box-image\" >\n                <img loading=\"lazy\" decoding=\"async\" width=\"750\" height=\"500\" src=\"https:\/\/www.sideaita.it\/wp-content\/uploads\/2019\/12\/settore-giovanile-atalanta-rodrigo-guth-16.jpg\" class=\"attachment-original size-original\" alt=\"Atalanta Jugendbereich rodrigo guth\" ids=\"59080,59081,59082,59083,59084,59085,59086,59087,59088,59089,59090,59091,59093,59094,59095,59096,59097\" style=\"none\" lightbox_image_size=\"original\" type=\"slider-full\" slider_nav_style=\"circle\" auto_slide=\"7000\" image_size=\"original\" text_padding=\"0px 0px 0px 0px\" visibility=\"show-for-small\" srcset=\"https:\/\/www.sideaita.it\/wp-content\/uploads\/2019\/12\/settore-giovanile-atalanta-rodrigo-guth-16.jpg 750w, https:\/\/www.sideaita.it\/wp-content\/uploads\/2019\/12\/settore-giovanile-atalanta-rodrigo-guth-16-600x400.jpg 600w, https:\/\/www.sideaita.it\/wp-content\/uploads\/2019\/12\/settore-giovanile-atalanta-rodrigo-guth-16-700x467.jpg 700w\" sizes=\"auto, (max-width: 750px) 100vw, 750px\" \/>                                                              <\/div>\n              <div class=\"box-text text-left\" style=\"padding:0px 0px 0px 0px;\">\n                 <p><\/p>\n              <\/div>\n            <\/div>\n            <\/a>          <\/div>\n         <\/div><div class=\"gallery-col col\" >\n          <div class=\"col-inner\">\n            <a class=\"\" href=\"https:\/\/www.sideaita.it\/wp-content\/uploads\/2019\/12\/settore-giovanile-atalanta-rodrigo-guth-17.jpg\" title=\"\">            <div class=\"box has-hover gallery-box box-none\">\n              <div class=\"box-image\" >\n                <img loading=\"lazy\" decoding=\"async\" width=\"750\" height=\"500\" src=\"https:\/\/www.sideaita.it\/wp-content\/uploads\/2019\/12\/settore-giovanile-atalanta-rodrigo-guth-17.jpg\" class=\"attachment-original size-original\" alt=\"jugendbereich-atalanta-rodrigo-guth\" ids=\"59080,59081,59082,59083,59084,59085,59086,59087,59088,59089,59090,59091,59093,59094,59095,59096,59097\" style=\"none\" lightbox_image_size=\"original\" type=\"slider-full\" slider_nav_style=\"circle\" auto_slide=\"7000\" image_size=\"original\" text_padding=\"0px 0px 0px 0px\" visibility=\"show-for-small\" srcset=\"https:\/\/www.sideaita.it\/wp-content\/uploads\/2019\/12\/settore-giovanile-atalanta-rodrigo-guth-17.jpg 750w, https:\/\/www.sideaita.it\/wp-content\/uploads\/2019\/12\/settore-giovanile-atalanta-rodrigo-guth-17-600x400.jpg 600w, https:\/\/www.sideaita.it\/wp-content\/uploads\/2019\/12\/settore-giovanile-atalanta-rodrigo-guth-17-700x467.jpg 700w\" sizes=\"auto, (max-width: 750px) 100vw, 750px\" \/>                                                              <\/div>\n              <div class=\"box-text text-left\" style=\"padding:0px 0px 0px 0px;\">\n                 <p><\/p>\n              <\/div>\n            <\/div>\n            <\/a>          <\/div>\n         <\/div><\/div>\n\t<div id=\"gap-278988681\" class=\"gap-element clearfix\" style=\"display:block; height:auto;\">\n\t\t\n<style>\n#gap-278988681 {\n  padding-top: 30px;\n}\n<\/style>\n\t<\/div>\n\t\n<div align=\"justify\">\n<h3>Vom Jugend- zum Profifu\u00dfball<\/h3>\n<p>Die Erfolge des Jugendsektors von Atalanta sind daher sicherlich auch auf die <strong>Arbeitskultur<\/strong> an ihre jungen Spieler weitergegeben, denen der Sprung in den Profifu\u00dfball auch weniger schwer zu fallen scheint als anderen (laut <a href=\"https:\/\/football-observatory.com\/IMG\/sites\/b5wp\/2019\/wp271\/en\/\">eine CIES-Studie<\/a> die Nerazzurri geh\u00f6ren zu den Spitzenvereinen, die Spieler an die f\u00fcnf besten europ\u00e4ischen Ligen abgeben): \"<em>Die Gr\u00fcnde f\u00fcr diesen Trend k\u00f6nnen vielf\u00e4ltig sein <\/em>- erkl\u00e4rt Pasini - <em>Sicher ist, dass Atalanta sehr gut darin ist, Spieler mit gro\u00dfer Qualit\u00e4t und Talent zu finden und auszuw\u00e4hlen: Wir sollten nicht denken, dass wir einen Zauberstab haben, um Spieler gut zu machen. <strong>Der Scouting-Bereich ist ein echtes Aush\u00e4ngeschild f\u00fcr dieses Unternehmen<\/strong> und hilft uns sehr, indem sie uns hervorragende Spieler wie Rodrigo bringt. Ein weiteres Element, das sicherlich dazu beitr\u00e4gt, ist das Ziel, das wir uns als Jugendabteilung gesetzt haben, n\u00e4mlich <strong>Spieler trainieren, bevor sie gewinnen<\/strong>Die Ergebnisse sind in der Tat nur eine Folge der Arbeit, die f\u00fcr die individuelle Verbesserung der Spieler geleistet wird, und ich glaube, dass dies ein wichtiges Element ist, um sie auf den Profifu\u00dfball vorzubereiten.<\/em>\".<\/p>\n<\/div>\n<div class=\"text-center\"><div class=\"is-divider divider clearfix\" style=\"max-width:200px;\"><\/div><\/div>\n\n  \n    <div class=\"row large-columns-4 medium-columns-3 small-columns-1 row-small row-full-width has-shadow row-box-shadow-1 slider row-slider slider-nav-reveal slider-nav-push\"  data-flickity-options='{&quot;imagesLoaded&quot;: true, &quot;groupCells&quot;: &quot;100%&quot;, &quot;dragThreshold&quot; : 5, &quot;cellAlign&quot;: &quot;left&quot;,&quot;wrapAround&quot;: true,&quot;prevNextButtons&quot;: true,&quot;percentPosition&quot;: true,&quot;pageDots&quot;: false, &quot;rightToLeft&quot;: false, &quot;autoPlay&quot; : 7000}' >\n\n  <div class=\"col post-item\" data-animate=\"fadeInLeft\">\n\t\t\t<div class=\"col-inner\">\n\t\t\t\t<div class=\"box box-normal box-text-bottom box-blog-post has-hover\">\n            \t\t\t\t\t<div class=\"box-image\" >\n  \t\t\t\t\t\t<div class=\"image-color image-overlay-remove-50 image-cover\" style=\"padding-top:144%;\">\n\t\t\t\t\t\t\t<a href=\"https:\/\/www.sideaita.it\/de\/2026\/06\/30\/agilita-delite-perche-cambiare-direzione-non-e-solo-una-questione-di-forza\/\" class=\"plain\" aria-label=\"Agilit\u00e4t der Spitzenklasse: Warum es beim Richtungswechsel nicht nur auf Kraft ankommt\">\n\t\t\t\t\t\t\t\t<img loading=\"lazy\" decoding=\"async\" width=\"711\" height=\"400\" src=\"https:\/\/www.sideaita.it\/wp-content\/uploads\/2026\/06\/sidea-stiffness-agilita-preparazione-atletica-strength-and-conditioning-calcio-training-1-711x400.jpg\" class=\"attachment-medium size-medium wp-post-image\" alt=\"sidea \u2013 Steifigkeit, Beweglichkeit, sportliche Vorbereitung, Kraft- und Konditionstraining, Fu\u00dfballtraining 1\" srcset=\"https:\/\/www.sideaita.it\/wp-content\/uploads\/2026\/06\/sidea-stiffness-agilita-preparazione-atletica-strength-and-conditioning-calcio-training-1-711x400.jpg 711w, https:\/\/www.sideaita.it\/wp-content\/uploads\/2026\/06\/sidea-stiffness-agilita-preparazione-atletica-strength-and-conditioning-calcio-training-1-1400x788.jpg 1400w, https:\/\/www.sideaita.it\/wp-content\/uploads\/2026\/06\/sidea-stiffness-agilita-preparazione-atletica-strength-and-conditioning-calcio-training-1-768x432.jpg 768w, https:\/\/www.sideaita.it\/wp-content\/uploads\/2026\/06\/sidea-stiffness-agilita-preparazione-atletica-strength-and-conditioning-calcio-training-1-1536x864.jpg 1536w, https:\/\/www.sideaita.it\/wp-content\/uploads\/2026\/06\/sidea-stiffness-agilita-preparazione-atletica-strength-and-conditioning-calcio-training-1-18x10.jpg 18w, https:\/\/www.sideaita.it\/wp-content\/uploads\/2026\/06\/sidea-stiffness-agilita-preparazione-atletica-strength-and-conditioning-calcio-training-1-700x394.jpg 700w, https:\/\/www.sideaita.it\/wp-content\/uploads\/2026\/06\/sidea-stiffness-agilita-preparazione-atletica-strength-and-conditioning-calcio-training-1.jpg 1920w\" sizes=\"auto, (max-width: 711px) 100vw, 711px\" \/>\t\t\t\t\t\t\t<\/a>\n  \t\t\t\t\t\t\t<div class=\"overlay\" style=\"background-color: rgba(0, 0, 0, 0.56)\"><\/div>  \t\t\t\t\t\t\t  \t\t\t\t\t\t<\/div>\n  \t\t\t\t\t\t  \t\t\t\t\t<\/div>\n          \t\t\t\t\t<div class=\"box-text text-center\" >\n\t\t\t\t\t<div class=\"box-text-inner blog-post-inner\">\n\n\t\t\t\t\t\n\t\t\t\t\t\t\t\t\t\t<h5 class=\"post-title is-small uppercase\">\n\t\t\t\t\t\t<a href=\"https:\/\/www.sideaita.it\/de\/2026\/06\/30\/agilita-delite-perche-cambiare-direzione-non-e-solo-una-questione-di-forza\/\" class=\"plain\">Agilit\u00e4t der Spitzenklasse: Warum es beim Richtungswechsel nicht nur auf Kraft ankommt<\/a>\n\t\t\t\t\t<\/h5>\n\t\t\t\t\t<div class=\"post-meta is-small op-8\">30. Juni 2026<\/div>\t\t\t\t\t<div class=\"is-divider\"><\/div>\n\t\t\t\t\t                    \n\t\t\t\t\t\t\t\t\t\t\t<a href=\"https:\/\/www.sideaita.it\/de\/2026\/06\/30\/agilita-delite-perche-cambiare-direzione-non-e-solo-una-questione-di-forza\/\" class=\"button  is-outline is-small mb-0\">\n\t\t\t\t\t\t\tLesen Sie\t\t\t\t\t\t<\/a>\n\t\t\t\t\t\n\t\t\t\t\t\n\t\t\t\t\t<\/div>\n\t\t\t\t\t<\/div>\n\t\t\t\t\t\t\t\t\t<\/div>\n\t\t\t<\/div>\n\t\t<\/div><div class=\"col post-item\" data-animate=\"fadeInLeft\">\n\t\t\t<div class=\"col-inner\">\n\t\t\t\t<div class=\"box box-normal box-text-bottom box-blog-post has-hover\">\n            \t\t\t\t\t<div class=\"box-image\" >\n  \t\t\t\t\t\t<div class=\"image-color image-overlay-remove-50 image-cover\" style=\"padding-top:144%;\">\n\t\t\t\t\t\t\t<a href=\"https:\/\/www.sideaita.it\/de\/2026\/05\/15\/ipertrofia-e-forza-essere-piu-muscolosi-significa-davvero-essere-piu-forti\/\" class=\"plain\" aria-label=\"Hypertrophie und Kraft: Bedeutet mehr Muskeln wirklich mehr Kraft?\">\n\t\t\t\t\t\t\t\t<img loading=\"lazy\" decoding=\"async\" width=\"711\" height=\"400\" src=\"https:\/\/www.sideaita.it\/wp-content\/uploads\/2026\/02\/Sidea-summit-of-strength-strongfirst-fabio-zonin-1-711x400.jpg\" class=\"attachment-medium size-medium wp-post-image\" alt=\"Sidea Gipfel der St\u00e4rke strongfirst fabio zonin conference stage 1\" srcset=\"https:\/\/www.sideaita.it\/wp-content\/uploads\/2026\/02\/Sidea-summit-of-strength-strongfirst-fabio-zonin-1-711x400.jpg 711w, https:\/\/www.sideaita.it\/wp-content\/uploads\/2026\/02\/Sidea-summit-of-strength-strongfirst-fabio-zonin-1-1400x788.jpg 1400w, https:\/\/www.sideaita.it\/wp-content\/uploads\/2026\/02\/Sidea-summit-of-strength-strongfirst-fabio-zonin-1-768x432.jpg 768w, https:\/\/www.sideaita.it\/wp-content\/uploads\/2026\/02\/Sidea-summit-of-strength-strongfirst-fabio-zonin-1-1536x864.jpg 1536w, https:\/\/www.sideaita.it\/wp-content\/uploads\/2026\/02\/Sidea-summit-of-strength-strongfirst-fabio-zonin-1-18x10.jpg 18w, https:\/\/www.sideaita.it\/wp-content\/uploads\/2026\/02\/Sidea-summit-of-strength-strongfirst-fabio-zonin-1-700x394.jpg 700w, https:\/\/www.sideaita.it\/wp-content\/uploads\/2026\/02\/Sidea-summit-of-strength-strongfirst-fabio-zonin-1.jpg 1920w\" sizes=\"auto, (max-width: 711px) 100vw, 711px\" \/>\t\t\t\t\t\t\t<\/a>\n  \t\t\t\t\t\t\t<div class=\"overlay\" style=\"background-color: rgba(0, 0, 0, 0.56)\"><\/div>  \t\t\t\t\t\t\t  \t\t\t\t\t\t<\/div>\n  \t\t\t\t\t\t  \t\t\t\t\t<\/div>\n          \t\t\t\t\t<div class=\"box-text text-center\" >\n\t\t\t\t\t<div class=\"box-text-inner blog-post-inner\">\n\n\t\t\t\t\t\n\t\t\t\t\t\t\t\t\t\t<h5 class=\"post-title is-small uppercase\">\n\t\t\t\t\t\t<a href=\"https:\/\/www.sideaita.it\/de\/2026\/05\/15\/ipertrofia-e-forza-essere-piu-muscolosi-significa-davvero-essere-piu-forti\/\" class=\"plain\">Hypertrophie und Kraft: Bedeutet mehr Muskeln wirklich mehr Kraft?<\/a>\n\t\t\t\t\t<\/h5>\n\t\t\t\t\t<div class=\"post-meta is-small op-8\">15 Mai 2026<\/div>\t\t\t\t\t<div class=\"is-divider\"><\/div>\n\t\t\t\t\t                    \n\t\t\t\t\t\t\t\t\t\t\t<a href=\"https:\/\/www.sideaita.it\/de\/2026\/05\/15\/ipertrofia-e-forza-essere-piu-muscolosi-significa-davvero-essere-piu-forti\/\" class=\"button  is-outline is-small mb-0\">\n\t\t\t\t\t\t\tLesen Sie\t\t\t\t\t\t<\/a>\n\t\t\t\t\t\n\t\t\t\t\t\n\t\t\t\t\t<\/div>\n\t\t\t\t\t<\/div>\n\t\t\t\t\t\t\t\t\t<\/div>\n\t\t\t<\/div>\n\t\t<\/div><div class=\"col post-item\" data-animate=\"fadeInLeft\">\n\t\t\t<div class=\"col-inner\">\n\t\t\t\t<div class=\"box box-normal box-text-bottom box-blog-post has-hover\">\n            \t\t\t\t\t<div class=\"box-image\" >\n  \t\t\t\t\t\t<div class=\"image-color image-overlay-remove-50 image-cover\" style=\"padding-top:144%;\">\n\t\t\t\t\t\t\t<a href=\"https:\/\/www.sideaita.it\/de\/2026\/04\/02\/guida-pratica-per-preparare-la-tua-prima-gara-hyrox\/\" class=\"plain\" aria-label=\"Praktischer Leitfaden zur Vorbereitung auf Ihr erstes HYROX-Rennen\">\n\t\t\t\t\t\t\t\t<img loading=\"lazy\" decoding=\"async\" width=\"711\" height=\"400\" src=\"https:\/\/www.sideaita.it\/wp-content\/uploads\/2026\/03\/Sidea-push-sled-hyrox-functional-training-711x400.jpg\" class=\"attachment-medium size-medium wp-post-image\" alt=\"Professionelle Fitnessger\u00e4te f\u00fcr hochintensives Training, ideal zur Verbesserung von Kraft und Ausdauer.\" srcset=\"https:\/\/www.sideaita.it\/wp-content\/uploads\/2026\/03\/Sidea-push-sled-hyrox-functional-training-711x400.jpg 711w, https:\/\/www.sideaita.it\/wp-content\/uploads\/2026\/03\/Sidea-push-sled-hyrox-functional-training-1400x788.jpg 1400w, https:\/\/www.sideaita.it\/wp-content\/uploads\/2026\/03\/Sidea-push-sled-hyrox-functional-training-768x432.jpg 768w, https:\/\/www.sideaita.it\/wp-content\/uploads\/2026\/03\/Sidea-push-sled-hyrox-functional-training-1536x864.jpg 1536w, https:\/\/www.sideaita.it\/wp-content\/uploads\/2026\/03\/Sidea-push-sled-hyrox-functional-training-18x10.jpg 18w, https:\/\/www.sideaita.it\/wp-content\/uploads\/2026\/03\/Sidea-push-sled-hyrox-functional-training-700x394.jpg 700w, https:\/\/www.sideaita.it\/wp-content\/uploads\/2026\/03\/Sidea-push-sled-hyrox-functional-training.jpg 1920w\" sizes=\"auto, (max-width: 711px) 100vw, 711px\" \/>\t\t\t\t\t\t\t<\/a>\n  \t\t\t\t\t\t\t<div class=\"overlay\" style=\"background-color: rgba(0, 0, 0, 0.56)\"><\/div>  \t\t\t\t\t\t\t  \t\t\t\t\t\t<\/div>\n  \t\t\t\t\t\t  \t\t\t\t\t<\/div>\n          \t\t\t\t\t<div class=\"box-text text-center\" >\n\t\t\t\t\t<div class=\"box-text-inner blog-post-inner\">\n\n\t\t\t\t\t\n\t\t\t\t\t\t\t\t\t\t<h5 class=\"post-title is-small uppercase\">\n\t\t\t\t\t\t<a href=\"https:\/\/www.sideaita.it\/de\/2026\/04\/02\/guida-pratica-per-preparare-la-tua-prima-gara-hyrox\/\" class=\"plain\">Praktischer Leitfaden zur Vorbereitung auf Ihr erstes HYROX-Rennen<\/a>\n\t\t\t\t\t<\/h5>\n\t\t\t\t\t<div class=\"post-meta is-small op-8\">2. April 2026<\/div>\t\t\t\t\t<div class=\"is-divider\"><\/div>\n\t\t\t\t\t                    \n\t\t\t\t\t\t\t\t\t\t\t<a href=\"https:\/\/www.sideaita.it\/de\/2026\/04\/02\/guida-pratica-per-preparare-la-tua-prima-gara-hyrox\/\" class=\"button  is-outline is-small mb-0\">\n\t\t\t\t\t\t\tLesen Sie\t\t\t\t\t\t<\/a>\n\t\t\t\t\t\n\t\t\t\t\t\n\t\t\t\t\t<\/div>\n\t\t\t\t\t<\/div>\n\t\t\t\t\t\t\t\t\t<\/div>\n\t\t\t<\/div>\n\t\t<\/div><div class=\"col post-item\" data-animate=\"fadeInLeft\">\n\t\t\t<div class=\"col-inner\">\n\t\t\t\t<div class=\"box box-normal box-text-bottom box-blog-post has-hover\">\n            \t\t\t\t\t<div class=\"box-image\" >\n  \t\t\t\t\t\t<div class=\"image-color image-overlay-remove-50 image-cover\" style=\"padding-top:144%;\">\n\t\t\t\t\t\t\t<a href=\"https:\/\/www.sideaita.it\/de\/2026\/03\/20\/guida-hyrox-nutrizione-e-fisiologia-della-performance-ibrida-by-sidea\/\" class=\"plain\" aria-label=\"HYROX-Leitfaden: Ern\u00e4hrung und Physiologie der Hybridleistung von Sidea\">\n\t\t\t\t\t\t\t\t<img loading=\"lazy\" decoding=\"async\" width=\"711\" height=\"400\" src=\"https:\/\/www.sideaita.it\/wp-content\/uploads\/2025\/05\/stand-fibo-colonia-2025-push-sled-711x400.jpg\" class=\"attachment-medium size-medium wp-post-image\" alt=\"fibo stand k\u00f6ln 2025 schiebeschlitten\" srcset=\"https:\/\/www.sideaita.it\/wp-content\/uploads\/2025\/05\/stand-fibo-colonia-2025-push-sled-711x400.jpg 711w, https:\/\/www.sideaita.it\/wp-content\/uploads\/2025\/05\/stand-fibo-colonia-2025-push-sled-1400x788.jpg 1400w, https:\/\/www.sideaita.it\/wp-content\/uploads\/2025\/05\/stand-fibo-colonia-2025-push-sled-768x432.jpg 768w, https:\/\/www.sideaita.it\/wp-content\/uploads\/2025\/05\/stand-fibo-colonia-2025-push-sled-1536x864.jpg 1536w, https:\/\/www.sideaita.it\/wp-content\/uploads\/2025\/05\/stand-fibo-colonia-2025-push-sled-700x394.jpg 700w, https:\/\/www.sideaita.it\/wp-content\/uploads\/2025\/05\/stand-fibo-colonia-2025-push-sled.jpg 1920w\" sizes=\"auto, (max-width: 711px) 100vw, 711px\" \/>\t\t\t\t\t\t\t<\/a>\n  \t\t\t\t\t\t\t<div class=\"overlay\" style=\"background-color: rgba(0, 0, 0, 0.56)\"><\/div>  \t\t\t\t\t\t\t  \t\t\t\t\t\t<\/div>\n  \t\t\t\t\t\t  \t\t\t\t\t<\/div>\n          \t\t\t\t\t<div class=\"box-text text-center\" >\n\t\t\t\t\t<div class=\"box-text-inner blog-post-inner\">\n\n\t\t\t\t\t\n\t\t\t\t\t\t\t\t\t\t<h5 class=\"post-title is-small uppercase\">\n\t\t\t\t\t\t<a href=\"https:\/\/www.sideaita.it\/de\/2026\/03\/20\/guida-hyrox-nutrizione-e-fisiologia-della-performance-ibrida-by-sidea\/\" class=\"plain\">HYROX-Leitfaden: Ern\u00e4hrung und Physiologie der Hybridleistung von Sidea<\/a>\n\t\t\t\t\t<\/h5>\n\t\t\t\t\t<div class=\"post-meta is-small op-8\">20. M\u00e4rz 2026<\/div>\t\t\t\t\t<div class=\"is-divider\"><\/div>\n\t\t\t\t\t                    \n\t\t\t\t\t\t\t\t\t\t\t<a href=\"https:\/\/www.sideaita.it\/de\/2026\/03\/20\/guida-hyrox-nutrizione-e-fisiologia-della-performance-ibrida-by-sidea\/\" class=\"button  is-outline is-small mb-0\">\n\t\t\t\t\t\t\tLesen Sie\t\t\t\t\t\t<\/a>\n\t\t\t\t\t\n\t\t\t\t\t\n\t\t\t\t\t<\/div>\n\t\t\t\t\t<\/div>\n\t\t\t\t\t\t\t\t\t<\/div>\n\t\t\t<\/div>\n\t\t<\/div><div class=\"col post-item\" data-animate=\"fadeInLeft\">\n\t\t\t<div class=\"col-inner\">\n\t\t\t\t<div class=\"box box-normal box-text-bottom box-blog-post has-hover\">\n            \t\t\t\t\t<div class=\"box-image\" >\n  \t\t\t\t\t\t<div class=\"image-color image-overlay-remove-50 image-cover\" style=\"padding-top:144%;\">\n\t\t\t\t\t\t\t<a href=\"https:\/\/www.sideaita.it\/de\/2026\/02\/20\/panca-a-terra-con-braccio-teso-e-flesso\/\" class=\"plain\" aria-label=\"Kraft der gebeugten Arme und Kraft der geraden Arme\">\n\t\t\t\t\t\t\t\t<img loading=\"lazy\" decoding=\"async\" width=\"711\" height=\"400\" src=\"https:\/\/www.sideaita.it\/wp-content\/uploads\/2026\/02\/Sidea-summit-of-strength-strongfirst-Serena-conferenza-10-711x400.jpg\" class=\"attachment-medium size-medium wp-post-image\" alt=\"Sidea Gipfel der St\u00e4rke strongfirst Serena Konferenz 10\" srcset=\"https:\/\/www.sideaita.it\/wp-content\/uploads\/2026\/02\/Sidea-summit-of-strength-strongfirst-Serena-conferenza-10-711x400.jpg 711w, https:\/\/www.sideaita.it\/wp-content\/uploads\/2026\/02\/Sidea-summit-of-strength-strongfirst-Serena-conferenza-10-1400x788.jpg 1400w, https:\/\/www.sideaita.it\/wp-content\/uploads\/2026\/02\/Sidea-summit-of-strength-strongfirst-Serena-conferenza-10-768x432.jpg 768w, https:\/\/www.sideaita.it\/wp-content\/uploads\/2026\/02\/Sidea-summit-of-strength-strongfirst-Serena-conferenza-10-1536x864.jpg 1536w, https:\/\/www.sideaita.it\/wp-content\/uploads\/2026\/02\/Sidea-summit-of-strength-strongfirst-Serena-conferenza-10-18x10.jpg 18w, https:\/\/www.sideaita.it\/wp-content\/uploads\/2026\/02\/Sidea-summit-of-strength-strongfirst-Serena-conferenza-10-700x394.jpg 700w, https:\/\/www.sideaita.it\/wp-content\/uploads\/2026\/02\/Sidea-summit-of-strength-strongfirst-Serena-conferenza-10.jpg 1920w\" sizes=\"auto, (max-width: 711px) 100vw, 711px\" \/>\t\t\t\t\t\t\t<\/a>\n  \t\t\t\t\t\t\t<div class=\"overlay\" style=\"background-color: rgba(0, 0, 0, 0.56)\"><\/div>  \t\t\t\t\t\t\t  \t\t\t\t\t\t<\/div>\n  \t\t\t\t\t\t  \t\t\t\t\t<\/div>\n          \t\t\t\t\t<div class=\"box-text text-center\" >\n\t\t\t\t\t<div class=\"box-text-inner blog-post-inner\">\n\n\t\t\t\t\t\n\t\t\t\t\t\t\t\t\t\t<h5 class=\"post-title is-small uppercase\">\n\t\t\t\t\t\t<a href=\"https:\/\/www.sideaita.it\/de\/2026\/02\/20\/panca-a-terra-con-braccio-teso-e-flesso\/\" class=\"plain\">Kraft der gebeugten Arme und Kraft der geraden Arme<\/a>\n\t\t\t\t\t<\/h5>\n\t\t\t\t\t<div class=\"post-meta is-small op-8\">20. Februar 2026<\/div>\t\t\t\t\t<div class=\"is-divider\"><\/div>\n\t\t\t\t\t                    \n\t\t\t\t\t\t\t\t\t\t\t<a href=\"https:\/\/www.sideaita.it\/de\/2026\/02\/20\/panca-a-terra-con-braccio-teso-e-flesso\/\" class=\"button  is-outline is-small mb-0\">\n\t\t\t\t\t\t\tLesen Sie\t\t\t\t\t\t<\/a>\n\t\t\t\t\t\n\t\t\t\t\t\n\t\t\t\t\t<\/div>\n\t\t\t\t\t<\/div>\n\t\t\t\t\t\t\t\t\t<\/div>\n\t\t\t<\/div>\n\t\t<\/div><div class=\"col post-item\" data-animate=\"fadeInLeft\">\n\t\t\t<div class=\"col-inner\">\n\t\t\t\t<div class=\"box box-normal box-text-bottom box-blog-post has-hover\">\n            \t\t\t\t\t<div class=\"box-image\" >\n  \t\t\t\t\t\t<div class=\"image-color image-overlay-remove-50 image-cover\" style=\"padding-top:144%;\">\n\t\t\t\t\t\t\t<a href=\"https:\/\/www.sideaita.it\/de\/2026\/01\/16\/functional-training-dalle-origini-alla-scienza-del-movimento\/\" class=\"plain\" aria-label=\"Funktionelles Training: Von den Urspr\u00fcngen zur Bewegungswissenschaft\">\n\t\t\t\t\t\t\t\t<img loading=\"lazy\" decoding=\"async\" width=\"711\" height=\"400\" src=\"https:\/\/www.sideaita.it\/wp-content\/uploads\/2025\/07\/outrace-per-blog-sidea-leader-italiano-nellallenamento-funzionale-dal-design-alla-realizzazione-11-711x400.jpg\" class=\"attachment-medium size-medium wp-post-image\" alt=\"outrace f\u00fcr blog sidea italienischer f\u00fchrer im funktionellen training - vom design bis zur realisierung (11)\" srcset=\"https:\/\/www.sideaita.it\/wp-content\/uploads\/2025\/07\/outrace-per-blog-sidea-leader-italiano-nellallenamento-funzionale-dal-design-alla-realizzazione-11-711x400.jpg 711w, https:\/\/www.sideaita.it\/wp-content\/uploads\/2025\/07\/outrace-per-blog-sidea-leader-italiano-nellallenamento-funzionale-dal-design-alla-realizzazione-11-1400x788.jpg 1400w, https:\/\/www.sideaita.it\/wp-content\/uploads\/2025\/07\/outrace-per-blog-sidea-leader-italiano-nellallenamento-funzionale-dal-design-alla-realizzazione-11-768x432.jpg 768w, https:\/\/www.sideaita.it\/wp-content\/uploads\/2025\/07\/outrace-per-blog-sidea-leader-italiano-nellallenamento-funzionale-dal-design-alla-realizzazione-11-1536x864.jpg 1536w, https:\/\/www.sideaita.it\/wp-content\/uploads\/2025\/07\/outrace-per-blog-sidea-leader-italiano-nellallenamento-funzionale-dal-design-alla-realizzazione-11-18x10.jpg 18w, https:\/\/www.sideaita.it\/wp-content\/uploads\/2025\/07\/outrace-per-blog-sidea-leader-italiano-nellallenamento-funzionale-dal-design-alla-realizzazione-11-700x394.jpg 700w, https:\/\/www.sideaita.it\/wp-content\/uploads\/2025\/07\/outrace-per-blog-sidea-leader-italiano-nellallenamento-funzionale-dal-design-alla-realizzazione-11.jpg 1920w\" sizes=\"auto, (max-width: 711px) 100vw, 711px\" \/>\t\t\t\t\t\t\t<\/a>\n  \t\t\t\t\t\t\t<div class=\"overlay\" style=\"background-color: rgba(0, 0, 0, 0.56)\"><\/div>  \t\t\t\t\t\t\t  \t\t\t\t\t\t<\/div>\n  \t\t\t\t\t\t  \t\t\t\t\t<\/div>\n          \t\t\t\t\t<div class=\"box-text text-center\" >\n\t\t\t\t\t<div class=\"box-text-inner blog-post-inner\">\n\n\t\t\t\t\t\n\t\t\t\t\t\t\t\t\t\t<h5 class=\"post-title is-small uppercase\">\n\t\t\t\t\t\t<a href=\"https:\/\/www.sideaita.it\/de\/2026\/01\/16\/functional-training-dalle-origini-alla-scienza-del-movimento\/\" class=\"plain\">Funktionelles Training: Von den Urspr\u00fcngen zur Bewegungswissenschaft<\/a>\n\t\t\t\t\t<\/h5>\n\t\t\t\t\t<div class=\"post-meta is-small op-8\">16. Januar 2026<\/div>\t\t\t\t\t<div class=\"is-divider\"><\/div>\n\t\t\t\t\t                    \n\t\t\t\t\t\t\t\t\t\t\t<a href=\"https:\/\/www.sideaita.it\/de\/2026\/01\/16\/functional-training-dalle-origini-alla-scienza-del-movimento\/\" class=\"button  is-outline is-small mb-0\">\n\t\t\t\t\t\t\tLesen Sie\t\t\t\t\t\t<\/a>\n\t\t\t\t\t\n\t\t\t\t\t\n\t\t\t\t\t<\/div>\n\t\t\t\t\t<\/div>\n\t\t\t\t\t\t\t\t\t<\/div>\n\t\t\t<\/div>\n\t\t<\/div><div class=\"col post-item\" data-animate=\"fadeInLeft\">\n\t\t\t<div class=\"col-inner\">\n\t\t\t\t<div class=\"box box-normal box-text-bottom box-blog-post has-hover\">\n            \t\t\t\t\t<div class=\"box-image\" >\n  \t\t\t\t\t\t<div class=\"image-color image-overlay-remove-50 image-cover\" style=\"padding-top:144%;\">\n\t\t\t\t\t\t\t<a href=\"https:\/\/www.sideaita.it\/de\/2025\/12\/30\/total-core-pin-training-la-scienza-della-forza-rotazionale-e-della-performance-3d\/\" class=\"plain\" aria-label=\"Total-core pin Training: Die Wissenschaft der Rotationskraft und 3D-Leistung\">\n\t\t\t\t\t\t\t\t<img loading=\"lazy\" decoding=\"async\" width=\"600\" height=\"400\" src=\"https:\/\/www.sideaita.it\/wp-content\/uploads\/2021\/07\/9029-Total-Core-Pin-copertina-600x400.jpg\" class=\"attachment-medium size-medium wp-post-image\" alt=\"Total-core-pin-barbell-lever-landmine-landminer-weight-lifting-core-training-strength-training-landmine-press-barbell\" srcset=\"https:\/\/www.sideaita.it\/wp-content\/uploads\/2021\/07\/9029-Total-Core-Pin-copertina-600x400.jpg 600w, https:\/\/www.sideaita.it\/wp-content\/uploads\/2021\/07\/9029-Total-Core-Pin-copertina-1200x800.jpg 1200w, https:\/\/www.sideaita.it\/wp-content\/uploads\/2021\/07\/9029-Total-Core-Pin-copertina-768x512.jpg 768w, https:\/\/www.sideaita.it\/wp-content\/uploads\/2021\/07\/9029-Total-Core-Pin-copertina-1536x1024.jpg 1536w, https:\/\/www.sideaita.it\/wp-content\/uploads\/2021\/07\/9029-Total-Core-Pin-copertina-700x467.jpg 700w, https:\/\/www.sideaita.it\/wp-content\/uploads\/2021\/07\/9029-Total-Core-Pin-copertina.jpg 2000w\" sizes=\"auto, (max-width: 600px) 100vw, 600px\" \/>\t\t\t\t\t\t\t<\/a>\n  \t\t\t\t\t\t\t<div class=\"overlay\" style=\"background-color: rgba(0, 0, 0, 0.56)\"><\/div>  \t\t\t\t\t\t\t  \t\t\t\t\t\t<\/div>\n  \t\t\t\t\t\t  \t\t\t\t\t<\/div>\n          \t\t\t\t\t<div class=\"box-text text-center\" >\n\t\t\t\t\t<div class=\"box-text-inner blog-post-inner\">\n\n\t\t\t\t\t\n\t\t\t\t\t\t\t\t\t\t<h5 class=\"post-title is-small uppercase\">\n\t\t\t\t\t\t<a href=\"https:\/\/www.sideaita.it\/de\/2025\/12\/30\/total-core-pin-training-la-scienza-della-forza-rotazionale-e-della-performance-3d\/\" class=\"plain\">Total-core pin Training: Die Wissenschaft der Rotationskraft und 3D-Leistung<\/a>\n\t\t\t\t\t<\/h5>\n\t\t\t\t\t<div class=\"post-meta is-small op-8\">30. Dezember 2025<\/div>\t\t\t\t\t<div class=\"is-divider\"><\/div>\n\t\t\t\t\t                    \n\t\t\t\t\t\t\t\t\t\t\t<a href=\"https:\/\/www.sideaita.it\/de\/2025\/12\/30\/total-core-pin-training-la-scienza-della-forza-rotazionale-e-della-performance-3d\/\" class=\"button  is-outline is-small mb-0\">\n\t\t\t\t\t\t\tLesen Sie\t\t\t\t\t\t<\/a>\n\t\t\t\t\t\n\t\t\t\t\t\n\t\t\t\t\t<\/div>\n\t\t\t\t\t<\/div>\n\t\t\t\t\t\t\t\t\t<\/div>\n\t\t\t<\/div>\n\t\t<\/div><div class=\"col post-item\" data-animate=\"fadeInLeft\">\n\t\t\t<div class=\"col-inner\">\n\t\t\t\t<div class=\"box box-normal box-text-bottom box-blog-post has-hover\">\n            \t\t\t\t\t<div class=\"box-image\" >\n  \t\t\t\t\t\t<div class=\"image-color image-overlay-remove-50 image-cover\" style=\"padding-top:144%;\">\n\t\t\t\t\t\t\t<a href=\"https:\/\/www.sideaita.it\/de\/2025\/10\/24\/dalla-romagna-al-podio-mondiale-la-rivincita-di-ferro-di-sofia-gatta\/\" class=\"plain\" aria-label=\"Von der Romagna aufs Weltpodium: Sofia Gattas eiserne Wiedergeburt\">\n\t\t\t\t\t\t\t\t<img loading=\"lazy\" decoding=\"async\" width=\"711\" height=\"400\" src=\"https:\/\/www.sideaita.it\/wp-content\/uploads\/2025\/10\/sofia-con-medaglie-711x400.jpg\" class=\"attachment-medium size-medium wp-post-image\" alt=\"Sofia mit Medaillen\" srcset=\"https:\/\/www.sideaita.it\/wp-content\/uploads\/2025\/10\/sofia-con-medaglie-711x400.jpg 711w, https:\/\/www.sideaita.it\/wp-content\/uploads\/2025\/10\/sofia-con-medaglie-1400x788.jpg 1400w, https:\/\/www.sideaita.it\/wp-content\/uploads\/2025\/10\/sofia-con-medaglie-768x432.jpg 768w, https:\/\/www.sideaita.it\/wp-content\/uploads\/2025\/10\/sofia-con-medaglie-1536x864.jpg 1536w, https:\/\/www.sideaita.it\/wp-content\/uploads\/2025\/10\/sofia-con-medaglie-18x10.jpg 18w, https:\/\/www.sideaita.it\/wp-content\/uploads\/2025\/10\/sofia-con-medaglie-700x394.jpg 700w, https:\/\/www.sideaita.it\/wp-content\/uploads\/2025\/10\/sofia-con-medaglie.jpg 1920w\" sizes=\"auto, (max-width: 711px) 100vw, 711px\" \/>\t\t\t\t\t\t\t<\/a>\n  \t\t\t\t\t\t\t<div class=\"overlay\" style=\"background-color: rgba(0, 0, 0, 0.56)\"><\/div>  \t\t\t\t\t\t\t  \t\t\t\t\t\t<\/div>\n  \t\t\t\t\t\t  \t\t\t\t\t<\/div>\n          \t\t\t\t\t<div class=\"box-text text-center\" >\n\t\t\t\t\t<div class=\"box-text-inner blog-post-inner\">\n\n\t\t\t\t\t\n\t\t\t\t\t\t\t\t\t\t<h5 class=\"post-title is-small uppercase\">\n\t\t\t\t\t\t<a href=\"https:\/\/www.sideaita.it\/de\/2025\/10\/24\/dalla-romagna-al-podio-mondiale-la-rivincita-di-ferro-di-sofia-gatta\/\" class=\"plain\">Von der Romagna aufs Weltpodium: Sofia Gattas eiserne Wiedergeburt<\/a>\n\t\t\t\t\t<\/h5>\n\t\t\t\t\t<div class=\"post-meta is-small op-8\">24. Oktober 2025<\/div>\t\t\t\t\t<div class=\"is-divider\"><\/div>\n\t\t\t\t\t                    \n\t\t\t\t\t\t\t\t\t\t\t<a href=\"https:\/\/www.sideaita.it\/de\/2025\/10\/24\/dalla-romagna-al-podio-mondiale-la-rivincita-di-ferro-di-sofia-gatta\/\" class=\"button  is-outline is-small mb-0\">\n\t\t\t\t\t\t\tLesen Sie\t\t\t\t\t\t<\/a>\n\t\t\t\t\t\n\t\t\t\t\t\n\t\t\t\t\t<\/div>\n\t\t\t\t\t<\/div>\n\t\t\t\t\t\t\t\t\t<\/div>\n\t\t\t<\/div>\n\t\t<\/div><\/div>\n\n  <div class=\"banner has-hover\" id=\"banner-2000916923\">\n          <div class=\"banner-inner fill\">\n        <div class=\"banner-bg fill\" >\n            <img loading=\"lazy\" decoding=\"async\" width=\"1020\" height=\"319\" src=\"https:\/\/www.sideaita.it\/wp-content\/uploads\/2024\/02\/COPERTINA-MAILING-DISCHI-DA-PL-2--1400x438.jpg\" class=\"bg attachment-large size-large\" alt=\"ABDECKUNG DER POSTWURFSENDUNGEN VON PL 2\" \/>                        <div class=\"overlay\"><\/div>            \n                    <\/div>\n\t\t\n        <div class=\"banner-layers container\">\n            <div class=\"fill banner-link\"><\/div>            \n   <div id=\"text-box-466023519\" class=\"text-box banner-layer x50 md-x50 lg-x50 y50 md-y50 lg-y50 res-text\">\n                                <div class=\"text-box-content text dark\">\n              \n              <div class=\"text-inner text-center\">\n                  \n\t<div id=\"text-4179973603\" class=\"text\">\n\t\t\n<p><strong>NEWSLETTER SEITEA<\/strong><\/p>\n<p>Abonnieren Sie unseren Newsletter, um Neuigkeiten, Sonderangebote und Einblicke in die Welt von Sidea zu erhalten.<br \/>\n\t\t\n<style>\n#text-4179973603 {\n  font-size: 1.45rem;\n  line-height: 1.25;\n}\n<\/style>\n\t<\/div>\n\t\n<a href=\"http:\/\/eepurl.com\/iD9wQo\" class=\"button white is-outline is-large\" style=\"border-radius:26px;\">\n\t\t<span>JOIN<\/span>\n\t<\/a>\n\n              <\/div>\n           <\/div>\n                            \n<style>\n#text-box-466023519 {\n  width: 60%;\n}\n#text-box-466023519 .text-box-content {\n  font-size: 100%;\n}\n<\/style>\n    <\/div>\n \n        <\/div>\n      <\/div>\n\n            \n<style>\n#banner-2000916923 {\n  padding-top: 300px;\n  background-color: rgb(0, 0, 0);\n}\n#banner-2000916923 .overlay {\n  background-color: rgba(0, 0, 0, 0.669);\n}\n<\/style>\n  <\/div>","protected":false},"excerpt":{"rendered":"<p>Die Rolle des Athletiktrainings im Jugendbereich von Atalanta anhand der Worte von U19-Verteidiger Rodrigo Guth und Trainer Pasini.<\/p>","protected":false},"author":3,"featured_media":59117,"comment_status":"open","ping_status":"open","sticky":false,"template":"","format":"standard","meta":{"footnotes":""},"categories":[4754],"tags":[3624,276],"class_list":["post-59025","post","type-post","status-publish","format-standard","has-post-thumbnail","hentry","category-preparazione-atletica","tag-preparazione-atletica","tag-sidea"],"yoast_head":"<!-- This site is optimized with the Yoast SEO Premium plugin v28.1 (Yoast SEO v28.1) - https:\/\/yoast.com\/product\/yoast-seo-premium-wordpress\/ -->\n<title>Settore Giovanile Atalanta: come si prepara il vivaio migliore d\u2019Italia - Sidea<\/title>\n<meta name=\"description\" content=\"Il ruolo della preparazione atletica nel Settore Giovanile dell&#039;Atalanta attraverso le parole del difensore dell&#039;U19 Rodrigo Guth e del preparatore Pasini.\" \/>\n<meta name=\"robots\" content=\"index, follow, max-snippet:-1, max-image-preview:large, max-video-preview:-1\" \/>\n<link rel=\"canonical\" href=\"https:\/\/www.sideaita.it\/de\/2019\/12\/06\/vorbereitung-des-jugendsektors-in-atalanta\/\" \/>\n<meta property=\"og:locale\" content=\"de_DE\" \/>\n<meta property=\"og:type\" content=\"article\" \/>\n<meta property=\"og:title\" content=\"L\u2019Atalanta e l\u2019arte del calcio giovanile: come si prepara il vivaio migliore d\u2019Italia - Sidea Fitness\" \/>\n<meta property=\"og:description\" content=\"Il ruolo della preparazione atletica nel Settore Giovanile dell&#039;Atalanta attraverso le parole del difensore dell&#039;U19 Rodrigo Guth e del preparatore Pasini.\" \/>\n<meta property=\"og:url\" content=\"https:\/\/www.sideaita.it\/de\/2019\/12\/06\/vorbereitung-des-jugendsektors-in-atalanta\/\" \/>\n<meta property=\"og:site_name\" content=\"Sidea | Attrezzatura Fitness Professionale\" \/>\n<meta property=\"article:publisher\" content=\"https:\/\/www.facebook.com\/sideaita\/\" \/>\n<meta property=\"article:published_time\" content=\"2019-12-06T08:14:10+00:00\" \/>\n<meta property=\"article:modified_time\" content=\"2024-06-11T10:54:01+00:00\" \/>\n<meta property=\"og:image\" content=\"https:\/\/www.sideaita.it\/wp-content\/uploads\/2019\/12\/settore-giovanile-atalanta-palestra.jpg\" \/>\n\t<meta property=\"og:image:width\" content=\"2500\" \/>\n\t<meta property=\"og:image:height\" content=\"1667\" \/>\n\t<meta property=\"og:image:type\" content=\"image\/jpeg\" \/>\n<meta name=\"author\" content=\"Sidea\" \/>\n<meta name=\"twitter:card\" content=\"summary_large_image\" \/>\n<meta name=\"twitter:title\" content=\"Atalanta: come si prepara il vivaio migliore d\u2019Italia - Sidea Fitness\" \/>\n<meta name=\"twitter:description\" content=\"Il ruolo della preparazione atletica nel Settore Giovanile dell&#039;Atalanta attraverso le parole del difensore dell&#039;U19 Rodrigo Guth e del preparatore Pasini.\" \/>\n<meta name=\"twitter:image\" content=\"https:\/\/www.sideaita.it\/wp-content\/uploads\/2019\/12\/settore-giovanile-atalanta-palestra.jpg\" \/>\n<meta name=\"twitter:label1\" content=\"Verfasst von\" \/>\n\t<meta name=\"twitter:data1\" content=\"Sidea\" \/>\n\t<meta name=\"twitter:label2\" content=\"Gesch\u00e4tzte Lesezeit\" \/>\n\t<meta name=\"twitter:data2\" content=\"7\u00a0Minuten\" \/>\n<script type=\"application\/ld+json\" class=\"yoast-schema-graph\">{\"@context\":\"https:\\\/\\\/schema.org\",\"@graph\":[{\"@type\":\"Article\",\"@id\":\"https:\\\/\\\/www.sideaita.it\\\/2019\\\/12\\\/06\\\/settore-giovanile-atalanta-preparazione\\\/#article\",\"isPartOf\":{\"@id\":\"https:\\\/\\\/www.sideaita.it\\\/2019\\\/12\\\/06\\\/settore-giovanile-atalanta-preparazione\\\/\"},\"author\":{\"name\":\"Sidea\",\"@id\":\"https:\\\/\\\/www.sideaita.it\\\/#\\\/schema\\\/person\\\/dffac77f9ef1c6ee0bee663f15d9de31\"},\"headline\":\"L\u2019Atalanta e l\u2019arte del calcio giovanile: come si prepara il vivaio migliore d\u2019Italia\",\"datePublished\":\"2019-12-06T08:14:10+00:00\",\"dateModified\":\"2024-06-11T10:54:01+00:00\",\"mainEntityOfPage\":{\"@id\":\"https:\\\/\\\/www.sideaita.it\\\/2019\\\/12\\\/06\\\/settore-giovanile-atalanta-preparazione\\\/\"},\"wordCount\":1388,\"commentCount\":0,\"publisher\":{\"@id\":\"https:\\\/\\\/www.sideaita.it\\\/#organization\"},\"image\":{\"@id\":\"https:\\\/\\\/www.sideaita.it\\\/2019\\\/12\\\/06\\\/settore-giovanile-atalanta-preparazione\\\/#primaryimage\"},\"thumbnailUrl\":\"https:\\\/\\\/www.sideaita.it\\\/wp-content\\\/uploads\\\/2019\\\/12\\\/settore-giovanile-atalanta-rodrigo-guth-sidea.jpg\",\"keywords\":[\"News Sidea - preparazione atletica\",\"sidea\"],\"articleSection\":[\"Preparazione atletica\"],\"inLanguage\":\"de\",\"potentialAction\":[{\"@type\":\"CommentAction\",\"name\":\"Comment\",\"target\":[\"https:\\\/\\\/www.sideaita.it\\\/2019\\\/12\\\/06\\\/settore-giovanile-atalanta-preparazione\\\/#respond\"]}]},{\"@type\":\"WebPage\",\"@id\":\"https:\\\/\\\/www.sideaita.it\\\/2019\\\/12\\\/06\\\/settore-giovanile-atalanta-preparazione\\\/\",\"url\":\"https:\\\/\\\/www.sideaita.it\\\/2019\\\/12\\\/06\\\/settore-giovanile-atalanta-preparazione\\\/\",\"name\":\"Settore Giovanile Atalanta: come si prepara il vivaio migliore d\u2019Italia - Sidea\",\"isPartOf\":{\"@id\":\"https:\\\/\\\/www.sideaita.it\\\/#website\"},\"primaryImageOfPage\":{\"@id\":\"https:\\\/\\\/www.sideaita.it\\\/2019\\\/12\\\/06\\\/settore-giovanile-atalanta-preparazione\\\/#primaryimage\"},\"image\":{\"@id\":\"https:\\\/\\\/www.sideaita.it\\\/2019\\\/12\\\/06\\\/settore-giovanile-atalanta-preparazione\\\/#primaryimage\"},\"thumbnailUrl\":\"https:\\\/\\\/www.sideaita.it\\\/wp-content\\\/uploads\\\/2019\\\/12\\\/settore-giovanile-atalanta-rodrigo-guth-sidea.jpg\",\"datePublished\":\"2019-12-06T08:14:10+00:00\",\"dateModified\":\"2024-06-11T10:54:01+00:00\",\"description\":\"Il ruolo della preparazione atletica nel Settore Giovanile dell'Atalanta attraverso le parole del difensore dell'U19 Rodrigo Guth e del preparatore Pasini.\",\"breadcrumb\":{\"@id\":\"https:\\\/\\\/www.sideaita.it\\\/2019\\\/12\\\/06\\\/settore-giovanile-atalanta-preparazione\\\/#breadcrumb\"},\"inLanguage\":\"de\",\"potentialAction\":[{\"@type\":\"ReadAction\",\"target\":[\"https:\\\/\\\/www.sideaita.it\\\/2019\\\/12\\\/06\\\/settore-giovanile-atalanta-preparazione\\\/\"]}]},{\"@type\":\"ImageObject\",\"inLanguage\":\"de\",\"@id\":\"https:\\\/\\\/www.sideaita.it\\\/2019\\\/12\\\/06\\\/settore-giovanile-atalanta-preparazione\\\/#primaryimage\",\"url\":\"https:\\\/\\\/www.sideaita.it\\\/wp-content\\\/uploads\\\/2019\\\/12\\\/settore-giovanile-atalanta-rodrigo-guth-sidea.jpg\",\"contentUrl\":\"https:\\\/\\\/www.sideaita.it\\\/wp-content\\\/uploads\\\/2019\\\/12\\\/settore-giovanile-atalanta-rodrigo-guth-sidea.jpg\",\"width\":2500,\"height\":1667,\"caption\":\"settore-giovanile-atalanta-rodrigo-guth-sidea\"},{\"@type\":\"BreadcrumbList\",\"@id\":\"https:\\\/\\\/www.sideaita.it\\\/2019\\\/12\\\/06\\\/settore-giovanile-atalanta-preparazione\\\/#breadcrumb\",\"itemListElement\":[{\"@type\":\"ListItem\",\"position\":1,\"name\":\"Home\",\"item\":\"https:\\\/\\\/www.sideaita.it\\\/\"},{\"@type\":\"ListItem\",\"position\":2,\"name\":\"L\u2019Atalanta e l\u2019arte del calcio giovanile: come si prepara il vivaio migliore d\u2019Italia\"}]},{\"@type\":\"WebSite\",\"@id\":\"https:\\\/\\\/www.sideaita.it\\\/#website\",\"url\":\"https:\\\/\\\/www.sideaita.it\\\/\",\"name\":\"Sidea | Attrezzatura Fitness Professionale\",\"description\":\"SIDEA \u2013 Allenati, diventa pi\u00f9 forte, vivi meglio | Attrezzatura professionale per la preparazione fisica ed il functional training. Nata dalla passione per lo sport, sviluppata per le palestre.\",\"publisher\":{\"@id\":\"https:\\\/\\\/www.sideaita.it\\\/#organization\"},\"potentialAction\":[{\"@type\":\"SearchAction\",\"target\":{\"@type\":\"EntryPoint\",\"urlTemplate\":\"https:\\\/\\\/www.sideaita.it\\\/?s={search_term_string}\"},\"query-input\":{\"@type\":\"PropertyValueSpecification\",\"valueRequired\":true,\"valueName\":\"search_term_string\"}}],\"inLanguage\":\"de\"},{\"@type\":\"Organization\",\"@id\":\"https:\\\/\\\/www.sideaita.it\\\/#organization\",\"name\":\"Sidea Srl\",\"alternateName\":\"Sidea\",\"url\":\"https:\\\/\\\/www.sideaita.it\\\/\",\"logo\":{\"@type\":\"ImageObject\",\"inLanguage\":\"de\",\"@id\":\"https:\\\/\\\/www.sideaita.it\\\/#\\\/schema\\\/logo\\\/image\\\/\",\"url\":\"https:\\\/\\\/www.sideaita.it\\\/wp-content\\\/uploads\\\/2023\\\/06\\\/cropped-logo-solo-s-1440x1440-1.jpg\",\"contentUrl\":\"https:\\\/\\\/www.sideaita.it\\\/wp-content\\\/uploads\\\/2023\\\/06\\\/cropped-logo-solo-s-1440x1440-1.jpg\",\"width\":512,\"height\":512,\"caption\":\"Sidea Srl\"},\"image\":{\"@id\":\"https:\\\/\\\/www.sideaita.it\\\/#\\\/schema\\\/logo\\\/image\\\/\"},\"sameAs\":[\"https:\\\/\\\/www.facebook.com\\\/sideaita\\\/\",\"https:\\\/\\\/www.instagram.com\\\/sidea_fitness\\\/\",\"https:\\\/\\\/www.linkedin.com\\\/company\\\/sideafitness\\\/\",\"https:\\\/\\\/www.pinterest.it\\\/sideafitness\\\/\",\"https:\\\/\\\/www.youtube.com\\\/user\\\/FitnessIT\\\/\",\"https:\\\/\\\/www.tiktok.com\\\/@sidea_fitness\"],\"description\":\"SIDEA \u2013 Allenati, diventa pi\u00f9 forte, vivi meglio | Attrezzatura professionale per la preparazione fisica ed il functional training. Nata dalla passione per lo sport, sviluppata per le palestre.\",\"email\":\"sidea@sideaita.it\",\"legalName\":\"Sidea Srl\",\"vatID\":\"IT02693190403\",\"taxID\":\"IT02693190403\",\"hasMerchantReturnPolicy\":{\"@type\":\"MerchantReturnPolicy\",\"merchantReturnLink\":\"https:\\\/\\\/www.sideaita.it\\\/de\\\/termini-condizioni-di-vendita\\\/\"}},{\"@type\":\"Person\",\"@id\":\"https:\\\/\\\/www.sideaita.it\\\/#\\\/schema\\\/person\\\/dffac77f9ef1c6ee0bee663f15d9de31\",\"name\":\"Sidea\",\"image\":{\"@type\":\"ImageObject\",\"inLanguage\":\"de\",\"@id\":\"https:\\\/\\\/secure.gravatar.com\\\/avatar\\\/1f053fd372d4715dae69f2348830136846525c9c803cd9d3899b193518df4fe1?s=96&d=mm&r=g\",\"url\":\"https:\\\/\\\/secure.gravatar.com\\\/avatar\\\/1f053fd372d4715dae69f2348830136846525c9c803cd9d3899b193518df4fe1?s=96&d=mm&r=g\",\"contentUrl\":\"https:\\\/\\\/secure.gravatar.com\\\/avatar\\\/1f053fd372d4715dae69f2348830136846525c9c803cd9d3899b193518df4fe1?s=96&d=mm&r=g\",\"caption\":\"Sidea\"},\"sameAs\":[\"riccardo\"],\"url\":\"https:\\\/\\\/www.sideaita.it\\\/de\\\/author\\\/gioele\\\/\"}]}<\/script>\n<!-- \/ Yoast SEO Premium plugin. -->","yoast_head_json":{"title":"Die Jugendabteilung von Atalanta: Wie Italiens beste Kinderkrippe vorbereitet wird - Sidea","description":"Die Rolle des Athletiktrainings in der Jugendabteilung von Atalanta anhand der Worte von U19-Verteidiger Rodrigo Guth und Trainer Pasini.","robots":{"index":"index","follow":"follow","max-snippet":"max-snippet:-1","max-image-preview":"max-image-preview:large","max-video-preview":"max-video-preview:-1"},"canonical":"https:\/\/www.sideaita.it\/de\/2019\/12\/06\/vorbereitung-des-jugendsektors-in-atalanta\/","og_locale":"de_DE","og_type":"article","og_title":"L\u2019Atalanta e l\u2019arte del calcio giovanile: come si prepara il vivaio migliore d\u2019Italia - Sidea Fitness","og_description":"Il ruolo della preparazione atletica nel Settore Giovanile dell'Atalanta attraverso le parole del difensore dell'U19 Rodrigo Guth e del preparatore Pasini.","og_url":"https:\/\/www.sideaita.it\/de\/2019\/12\/06\/vorbereitung-des-jugendsektors-in-atalanta\/","og_site_name":"Sidea | Attrezzatura Fitness Professionale","article_publisher":"https:\/\/www.facebook.com\/sideaita\/","article_published_time":"2019-12-06T08:14:10+00:00","article_modified_time":"2024-06-11T10:54:01+00:00","og_image":[{"width":2500,"height":1667,"url":"https:\/\/www.sideaita.it\/wp-content\/uploads\/2019\/12\/settore-giovanile-atalanta-palestra.jpg","type":"image\/jpeg"}],"author":"Sidea","twitter_card":"summary_large_image","twitter_title":"Atalanta: come si prepara il vivaio migliore d\u2019Italia - Sidea Fitness","twitter_description":"Il ruolo della preparazione atletica nel Settore Giovanile dell'Atalanta attraverso le parole del difensore dell'U19 Rodrigo Guth e del preparatore Pasini.","twitter_image":"https:\/\/www.sideaita.it\/wp-content\/uploads\/2019\/12\/settore-giovanile-atalanta-palestra.jpg","twitter_misc":{"Verfasst von":"Sidea","Gesch\u00e4tzte Lesezeit":"7\u00a0Minuten"},"schema":{"@context":"https:\/\/schema.org","@graph":[{"@type":"Article","@id":"https:\/\/www.sideaita.it\/2019\/12\/06\/settore-giovanile-atalanta-preparazione\/#article","isPartOf":{"@id":"https:\/\/www.sideaita.it\/2019\/12\/06\/settore-giovanile-atalanta-preparazione\/"},"author":{"name":"Sidea","@id":"https:\/\/www.sideaita.it\/#\/schema\/person\/dffac77f9ef1c6ee0bee663f15d9de31"},"headline":"L\u2019Atalanta e l\u2019arte del calcio giovanile: come si prepara il vivaio migliore d\u2019Italia","datePublished":"2019-12-06T08:14:10+00:00","dateModified":"2024-06-11T10:54:01+00:00","mainEntityOfPage":{"@id":"https:\/\/www.sideaita.it\/2019\/12\/06\/settore-giovanile-atalanta-preparazione\/"},"wordCount":1388,"commentCount":0,"publisher":{"@id":"https:\/\/www.sideaita.it\/#organization"},"image":{"@id":"https:\/\/www.sideaita.it\/2019\/12\/06\/settore-giovanile-atalanta-preparazione\/#primaryimage"},"thumbnailUrl":"https:\/\/www.sideaita.it\/wp-content\/uploads\/2019\/12\/settore-giovanile-atalanta-rodrigo-guth-sidea.jpg","keywords":["News Sidea - preparazione atletica","sidea"],"articleSection":["Preparazione atletica"],"inLanguage":"de","potentialAction":[{"@type":"CommentAction","name":"Comment","target":["https:\/\/www.sideaita.it\/2019\/12\/06\/settore-giovanile-atalanta-preparazione\/#respond"]}]},{"@type":"WebPage","@id":"https:\/\/www.sideaita.it\/2019\/12\/06\/settore-giovanile-atalanta-preparazione\/","url":"https:\/\/www.sideaita.it\/2019\/12\/06\/settore-giovanile-atalanta-preparazione\/","name":"Die Jugendabteilung von Atalanta: Wie Italiens beste Kinderkrippe vorbereitet wird - Sidea","isPartOf":{"@id":"https:\/\/www.sideaita.it\/#website"},"primaryImageOfPage":{"@id":"https:\/\/www.sideaita.it\/2019\/12\/06\/settore-giovanile-atalanta-preparazione\/#primaryimage"},"image":{"@id":"https:\/\/www.sideaita.it\/2019\/12\/06\/settore-giovanile-atalanta-preparazione\/#primaryimage"},"thumbnailUrl":"https:\/\/www.sideaita.it\/wp-content\/uploads\/2019\/12\/settore-giovanile-atalanta-rodrigo-guth-sidea.jpg","datePublished":"2019-12-06T08:14:10+00:00","dateModified":"2024-06-11T10:54:01+00:00","description":"Die Rolle des Athletiktrainings in der Jugendabteilung von Atalanta anhand der Worte von U19-Verteidiger Rodrigo Guth und Trainer Pasini.","breadcrumb":{"@id":"https:\/\/www.sideaita.it\/2019\/12\/06\/settore-giovanile-atalanta-preparazione\/#breadcrumb"},"inLanguage":"de","potentialAction":[{"@type":"ReadAction","target":["https:\/\/www.sideaita.it\/2019\/12\/06\/settore-giovanile-atalanta-preparazione\/"]}]},{"@type":"ImageObject","inLanguage":"de","@id":"https:\/\/www.sideaita.it\/2019\/12\/06\/settore-giovanile-atalanta-preparazione\/#primaryimage","url":"https:\/\/www.sideaita.it\/wp-content\/uploads\/2019\/12\/settore-giovanile-atalanta-rodrigo-guth-sidea.jpg","contentUrl":"https:\/\/www.sideaita.it\/wp-content\/uploads\/2019\/12\/settore-giovanile-atalanta-rodrigo-guth-sidea.jpg","width":2500,"height":1667,"caption":"settore-giovanile-atalanta-rodrigo-guth-sidea"},{"@type":"BreadcrumbList","@id":"https:\/\/www.sideaita.it\/2019\/12\/06\/settore-giovanile-atalanta-preparazione\/#breadcrumb","itemListElement":[{"@type":"ListItem","position":1,"name":"Home","item":"https:\/\/www.sideaita.it\/"},{"@type":"ListItem","position":2,"name":"L\u2019Atalanta e l\u2019arte del calcio giovanile: come si prepara il vivaio migliore d\u2019Italia"}]},{"@type":"WebSite","@id":"https:\/\/www.sideaita.it\/#website","url":"https:\/\/www.sideaita.it\/","name":"Sidea | Professionelle Fitnessger\u00e4te","description":"SIDEA - Trainieren, st\u00e4rker werden, besser leben | Professionelle Ausr\u00fcstung f\u00fcr k\u00f6rperliche Vorbereitung und funktionelles Training. Geboren aus einer Leidenschaft f\u00fcr den Sport, entwickelt f\u00fcr Fitnessstudios.","publisher":{"@id":"https:\/\/www.sideaita.it\/#organization"},"potentialAction":[{"@type":"SearchAction","target":{"@type":"EntryPoint","urlTemplate":"https:\/\/www.sideaita.it\/?s={search_term_string}"},"query-input":{"@type":"PropertyValueSpecification","valueRequired":true,"valueName":"search_term_string"}}],"inLanguage":"de"},{"@type":"Organization","@id":"https:\/\/www.sideaita.it\/#organization","name":"Sidea Srl","alternateName":"Sidea","url":"https:\/\/www.sideaita.it\/","logo":{"@type":"ImageObject","inLanguage":"de","@id":"https:\/\/www.sideaita.it\/#\/schema\/logo\/image\/","url":"https:\/\/www.sideaita.it\/wp-content\/uploads\/2023\/06\/cropped-logo-solo-s-1440x1440-1.jpg","contentUrl":"https:\/\/www.sideaita.it\/wp-content\/uploads\/2023\/06\/cropped-logo-solo-s-1440x1440-1.jpg","width":512,"height":512,"caption":"Sidea Srl"},"image":{"@id":"https:\/\/www.sideaita.it\/#\/schema\/logo\/image\/"},"sameAs":["https:\/\/www.facebook.com\/sideaita\/","https:\/\/www.instagram.com\/sidea_fitness\/","https:\/\/www.linkedin.com\/company\/sideafitness\/","https:\/\/www.pinterest.it\/sideafitness\/","https:\/\/www.youtube.com\/user\/FitnessIT\/","https:\/\/www.tiktok.com\/@sidea_fitness"],"description":"SIDEA - Trainieren, st\u00e4rker werden, besser leben | Professionelle Ausr\u00fcstung f\u00fcr k\u00f6rperliche Vorbereitung und funktionelles Training. Geboren aus einer Leidenschaft f\u00fcr den Sport, entwickelt f\u00fcr Fitnessstudios.","email":"sidea@sideaita.it","legalName":"Sidea Srl","vatID":"IT02693190403","taxID":"IT02693190403","hasMerchantReturnPolicy":{"@type":"MerchantReturnPolicy","merchantReturnLink":"https:\/\/www.sideaita.it\/de\/termini-condizioni-di-vendita\/"}},{"@type":"Person","@id":"https:\/\/www.sideaita.it\/#\/schema\/person\/dffac77f9ef1c6ee0bee663f15d9de31","name":"Sidea","image":{"@type":"ImageObject","inLanguage":"de","@id":"https:\/\/secure.gravatar.com\/avatar\/1f053fd372d4715dae69f2348830136846525c9c803cd9d3899b193518df4fe1?s=96&d=mm&r=g","url":"https:\/\/secure.gravatar.com\/avatar\/1f053fd372d4715dae69f2348830136846525c9c803cd9d3899b193518df4fe1?s=96&d=mm&r=g","contentUrl":"https:\/\/secure.gravatar.com\/avatar\/1f053fd372d4715dae69f2348830136846525c9c803cd9d3899b193518df4fe1?s=96&d=mm&r=g","caption":"Sidea"},"sameAs":["riccardo"],"url":"https:\/\/www.sideaita.it\/de\/author\/gioele\/"}]}},"_links":{"self":[{"href":"https:\/\/www.sideaita.it\/de\/wp-json\/wp\/v2\/posts\/59025","targetHints":{"allow":["GET"]}}],"collection":[{"href":"https:\/\/www.sideaita.it\/de\/wp-json\/wp\/v2\/posts"}],"about":[{"href":"https:\/\/www.sideaita.it\/de\/wp-json\/wp\/v2\/types\/post"}],"author":[{"embeddable":true,"href":"https:\/\/www.sideaita.it\/de\/wp-json\/wp\/v2\/users\/3"}],"replies":[{"embeddable":true,"href":"https:\/\/www.sideaita.it\/de\/wp-json\/wp\/v2\/comments?post=59025"}],"version-history":[{"count":2,"href":"https:\/\/www.sideaita.it\/de\/wp-json\/wp\/v2\/posts\/59025\/revisions"}],"predecessor-version":[{"id":326285,"href":"https:\/\/www.sideaita.it\/de\/wp-json\/wp\/v2\/posts\/59025\/revisions\/326285"}],"wp:featuredmedia":[{"embeddable":true,"href":"https:\/\/www.sideaita.it\/de\/wp-json\/wp\/v2\/media\/59117"}],"wp:attachment":[{"href":"https:\/\/www.sideaita.it\/de\/wp-json\/wp\/v2\/media?parent=59025"}],"wp:term":[{"taxonomy":"category","embeddable":true,"href":"https:\/\/www.sideaita.it\/de\/wp-json\/wp\/v2\/categories?post=59025"},{"taxonomy":"post_tag","embeddable":true,"href":"https:\/\/www.sideaita.it\/de\/wp-json\/wp\/v2\/tags?post=59025"}],"curies":[{"name":"wp","href":"https:\/\/api.w.org\/{rel}","templated":true}]}}