{"id":103616,"date":"2020-07-31T15:48:06","date_gmt":"2020-07-31T13:48:06","guid":{"rendered":"https:\/\/www.sideaita.it\/?p=103616"},"modified":"2024-06-13T20:53:01","modified_gmt":"2024-06-13T18:53:01","slug":"si-sand-bag-training-sidea","status":"publish","type":"post","link":"https:\/\/www.sideaita.it\/es\/2020\/07\/31\/si-sand-bag-training-sidea\/","title":{"rendered":"Si-Sand Bag Training: un entrenamiento completo apto para todos los niveles"},"content":{"rendered":"<div align=\"justify\">\n<p>Entre las herramientas del<a href=\"https:\/\/www.sideaita.it\/es\/categorias-de-equipos-de-fitness\/equipos-de-entrenamiento-funcional-gimnasios-profesionales-del-fitness\/\">Entrenamiento funcional<\/a>El <strong>Si-Sand-Bag<\/strong> ciertamente tiene caracter\u00edsticas \u00fanicas dise\u00f1adas espec\u00edficamente para cualquier tipo de atleta y\/o entusiasta del Entrenamiento Funcional. <a href=\"https:\/\/www.sideaita.it\/es\/equipos-de-fitness\/8045-8049-si-saco-de-arena-precargado\/\">Esta \"bolsa\" llena de arena<\/a>de aspecto similar al <a href=\"https:\/\/www.sideaita.it\/es\/equipos-de-fitness\/8054-bolsa-de-flujo\/\">Flow-Bag<\/a> pero diferente en muchos aspectos y m\u00e1s f\u00e1cil de usar: <strong>Fuerza, resistencia, velocidad<\/strong>.<\/p>\n<h3>\u00bfCu\u00e1les son las caracter\u00edsticas t\u00e9cnicas de los sacos Si-Sand?<\/h3>\n<p>Como se puede ver claramente, gracias a sus diferentes cargas, el tipo de entrenamiento puede orientarse a cualquier prop\u00f3sito. Utilizaremos <strong>cargas de 5 a 10 kg<\/strong> especialmente para <strong>Fases extremas de la movilidad articular<\/strong>es decir, donde se requieren transiciones de modo activo sobrecargado a posiciones de movilidad din\u00e1mica. De este modo, uno puede hacer que el ejercicio de Calentamiento sea mucho m\u00e1s concreto y mucho m\u00e1s condicionante, aumentando as\u00ed su \"rango\" de movilidad.<\/p>\n<\/div>\n\n  \n    <div id=\"gallery-993520485\" class=\"lightbox-multi-gallery slider slider-auto-height row-collapse slider-nav-circle\" data-flickity-options='{&quot;imagesLoaded&quot;: true, &quot;dragThreshold&quot; : 5, &quot;cellAlign&quot;: &quot;left&quot;,&quot;wrapAround&quot;: true,&quot;prevNextButtons&quot;: true,&quot;percentPosition&quot;: true,&quot;pageDots&quot;: true, &quot;rightToLeft&quot;: false, &quot;autoPlay&quot; : false}'>\n\n  <div class=\"gallery-col col\" >\n          <div class=\"col-inner\">\n                        <div class=\"box has-hover gallery-box box-default\">\n              <div class=\"box-image\" >\n                <img loading=\"lazy\" decoding=\"async\" width=\"750\" height=\"562\" src=\"https:\/\/www.sideaita.it\/wp-content\/uploads\/2020\/07\/si-sand-bag-sidea-26.jpg\" class=\"attachment-original size-original\" alt=\"si-sand-bag-sidea\" ids=\"103777,103776,103775,103778\" style=\"default\" lightbox=\"false\" type=\"slider-full\" slider_nav_style=\"circle\" slider_nav_color=\"light\" slider_bullets=\"true\" image_size=\"original\" srcset=\"https:\/\/www.sideaita.it\/wp-content\/uploads\/2020\/07\/si-sand-bag-sidea-26.jpg 750w, https:\/\/www.sideaita.it\/wp-content\/uploads\/2020\/07\/si-sand-bag-sidea-26-534x400.jpg 534w, https:\/\/www.sideaita.it\/wp-content\/uploads\/2020\/07\/si-sand-bag-sidea-26-700x525.jpg 700w\" sizes=\"auto, (max-width: 750px) 100vw, 750px\" \/>                                                              <\/div>\n              <div class=\"box-text text-left\" >\n                 <p><\/p>\n              <\/div>\n            <\/div>\n                      <\/div>\n         <\/div><div class=\"gallery-col col\" >\n          <div class=\"col-inner\">\n                        <div class=\"box has-hover gallery-box box-default\">\n              <div class=\"box-image\" >\n                <img loading=\"lazy\" decoding=\"async\" width=\"750\" height=\"562\" src=\"https:\/\/www.sideaita.it\/wp-content\/uploads\/2020\/07\/si-sand-bag-sidea-24.jpg\" class=\"attachment-original size-original\" alt=\"si-sand-bag-sidea\" ids=\"103777,103776,103775,103778\" style=\"default\" lightbox=\"false\" type=\"slider-full\" slider_nav_style=\"circle\" slider_nav_color=\"light\" slider_bullets=\"true\" image_size=\"original\" srcset=\"https:\/\/www.sideaita.it\/wp-content\/uploads\/2020\/07\/si-sand-bag-sidea-24.jpg 750w, https:\/\/www.sideaita.it\/wp-content\/uploads\/2020\/07\/si-sand-bag-sidea-24-534x400.jpg 534w, https:\/\/www.sideaita.it\/wp-content\/uploads\/2020\/07\/si-sand-bag-sidea-24-700x525.jpg 700w\" sizes=\"auto, (max-width: 750px) 100vw, 750px\" \/>                                                              <\/div>\n              <div class=\"box-text text-left\" >\n                 <p><\/p>\n              <\/div>\n            <\/div>\n                      <\/div>\n         <\/div><div class=\"gallery-col col\" >\n          <div class=\"col-inner\">\n                        <div class=\"box has-hover gallery-box box-default\">\n              <div class=\"box-image\" >\n                <img loading=\"lazy\" decoding=\"async\" width=\"750\" height=\"563\" src=\"https:\/\/www.sideaita.it\/wp-content\/uploads\/2020\/07\/si-sand-bag-sidea-22.jpg\" class=\"attachment-original size-original\" alt=\"Si saco de arena sidea\" ids=\"103777,103776,103775,103778\" style=\"default\" lightbox=\"false\" type=\"slider-full\" slider_nav_style=\"circle\" slider_nav_color=\"light\" slider_bullets=\"true\" image_size=\"original\" srcset=\"https:\/\/www.sideaita.it\/wp-content\/uploads\/2020\/07\/si-sand-bag-sidea-22.jpg 750w, https:\/\/www.sideaita.it\/wp-content\/uploads\/2020\/07\/si-sand-bag-sidea-22-533x400.jpg 533w, https:\/\/www.sideaita.it\/wp-content\/uploads\/2020\/07\/si-sand-bag-sidea-22-700x525.jpg 700w\" sizes=\"auto, (max-width: 750px) 100vw, 750px\" \/>                                                              <\/div>\n              <div class=\"box-text text-left\" >\n                 <p><\/p>\n              <\/div>\n            <\/div>\n                      <\/div>\n         <\/div><div class=\"gallery-col col\" >\n          <div class=\"col-inner\">\n                        <div class=\"box has-hover gallery-box box-default\">\n              <div class=\"box-image\" >\n                <img loading=\"lazy\" decoding=\"async\" width=\"750\" height=\"563\" src=\"https:\/\/www.sideaita.it\/wp-content\/uploads\/2020\/07\/si-sand-bag-sidea-27.jpg\" class=\"attachment-original size-original\" alt=\"Si saco de arena sidea\" ids=\"103777,103776,103775,103778\" style=\"default\" lightbox=\"false\" type=\"slider-full\" slider_nav_style=\"circle\" slider_nav_color=\"light\" slider_bullets=\"true\" image_size=\"original\" srcset=\"https:\/\/www.sideaita.it\/wp-content\/uploads\/2020\/07\/si-sand-bag-sidea-27.jpg 750w, https:\/\/www.sideaita.it\/wp-content\/uploads\/2020\/07\/si-sand-bag-sidea-27-533x400.jpg 533w, https:\/\/www.sideaita.it\/wp-content\/uploads\/2020\/07\/si-sand-bag-sidea-27-700x525.jpg 700w\" sizes=\"auto, (max-width: 750px) 100vw, 750px\" \/>                                                              <\/div>\n              <div class=\"box-text text-left\" >\n                 <p><\/p>\n              <\/div>\n            <\/div>\n                      <\/div>\n         <\/div><\/div>\n<div align=\"justify\">Las cargas de 15 a 25 kg se dedican en cambio en particular a los ejercicios de Fuerza y\/o Resistencia a la Fuerza, donde se debe poder modular la intensidad, en funci\u00f3n de la programaci\u00f3n que el sujeto elegir\u00e1 para sus objetivos. Por ejemplo, ejercicios de fases de entrenamiento con fundamentos como Squat, Stack, Push ups, o en cualquier caso que vayan a ejercitar en modo est\u00e1tico la principal cualidad a entrenar, la Fuerza.<\/div>\n<div align=\"justify\"><\/div>\n<div align=\"justify\">No olvidemos, sin embargo, que al mismo tiempo tambi\u00e9n se puede <strong> ejercicios \"bal\u00edsticos<\/strong> con el mismo equipo, para que nuestra formaci\u00f3n sea m\u00e1s din\u00e1mica, hacia las habilidades espec\u00edficas de <strong>Velocidad y\/o potencia<\/strong>.<\/div>\n\n  \n    <div id=\"gallery-303702507\" class=\"lightbox-multi-gallery slider slider-auto-height row-collapse slider-nav-circle\" data-flickity-options='{&quot;imagesLoaded&quot;: true, &quot;dragThreshold&quot; : 5, &quot;cellAlign&quot;: &quot;left&quot;,&quot;wrapAround&quot;: true,&quot;prevNextButtons&quot;: true,&quot;percentPosition&quot;: true,&quot;pageDots&quot;: true, &quot;rightToLeft&quot;: false, &quot;autoPlay&quot; : false}'>\n\n  <div class=\"gallery-col col\" >\n          <div class=\"col-inner\">\n                        <div class=\"box has-hover gallery-box box-normal\">\n              <div class=\"box-image\" >\n                <img loading=\"lazy\" decoding=\"async\" width=\"750\" height=\"563\" src=\"https:\/\/www.sideaita.it\/wp-content\/uploads\/2020\/07\/si-sand-bag-sidea-07.jpg\" class=\"attachment-original size-original\" alt=\"si-sand-bag-sidea\" ids=\"103782,103787,103786,103785,103780,103783,103784,103781\" style=\"normal\" lightbox=\"false\" type=\"slider-full\" slider_nav_style=\"circle\" slider_nav_color=\"light\" slider_bullets=\"true\" image_size=\"original\" srcset=\"https:\/\/www.sideaita.it\/wp-content\/uploads\/2020\/07\/si-sand-bag-sidea-07.jpg 750w, https:\/\/www.sideaita.it\/wp-content\/uploads\/2020\/07\/si-sand-bag-sidea-07-533x400.jpg 533w, https:\/\/www.sideaita.it\/wp-content\/uploads\/2020\/07\/si-sand-bag-sidea-07-700x525.jpg 700w\" sizes=\"auto, (max-width: 750px) 100vw, 750px\" \/>                                                              <\/div>\n              <div class=\"box-text text-left\" >\n                 <p><\/p>\n              <\/div>\n            <\/div>\n                      <\/div>\n         <\/div><div class=\"gallery-col col\" >\n          <div class=\"col-inner\">\n                        <div class=\"box has-hover gallery-box box-normal\">\n              <div class=\"box-image\" >\n                <img loading=\"lazy\" decoding=\"async\" width=\"750\" height=\"563\" src=\"https:\/\/www.sideaita.it\/wp-content\/uploads\/2020\/07\/si-sand-bag-sidea-33.jpg\" class=\"attachment-original size-original\" alt=\"si-sand-bag-sidea\" ids=\"103782,103787,103786,103785,103780,103783,103784,103781\" style=\"normal\" lightbox=\"false\" type=\"slider-full\" slider_nav_style=\"circle\" slider_nav_color=\"light\" slider_bullets=\"true\" image_size=\"original\" srcset=\"https:\/\/www.sideaita.it\/wp-content\/uploads\/2020\/07\/si-sand-bag-sidea-33.jpg 750w, https:\/\/www.sideaita.it\/wp-content\/uploads\/2020\/07\/si-sand-bag-sidea-33-533x400.jpg 533w, https:\/\/www.sideaita.it\/wp-content\/uploads\/2020\/07\/si-sand-bag-sidea-33-700x525.jpg 700w\" sizes=\"auto, (max-width: 750px) 100vw, 750px\" \/>                                                              <\/div>\n              <div class=\"box-text text-left\" >\n                 <p><\/p>\n              <\/div>\n            <\/div>\n                      <\/div>\n         <\/div><div class=\"gallery-col col\" >\n          <div class=\"col-inner\">\n                        <div class=\"box has-hover gallery-box box-normal\">\n              <div class=\"box-image\" >\n                <img loading=\"lazy\" decoding=\"async\" width=\"750\" height=\"562\" src=\"https:\/\/www.sideaita.it\/wp-content\/uploads\/2020\/07\/si-sand-bag-sidea-15.jpg\" class=\"attachment-original size-original\" alt=\"Si saco de arena sidea\" ids=\"103782,103787,103786,103785,103780,103783,103784,103781\" style=\"normal\" lightbox=\"false\" type=\"slider-full\" slider_nav_style=\"circle\" slider_nav_color=\"light\" slider_bullets=\"true\" image_size=\"original\" srcset=\"https:\/\/www.sideaita.it\/wp-content\/uploads\/2020\/07\/si-sand-bag-sidea-15.jpg 750w, https:\/\/www.sideaita.it\/wp-content\/uploads\/2020\/07\/si-sand-bag-sidea-15-534x400.jpg 534w, https:\/\/www.sideaita.it\/wp-content\/uploads\/2020\/07\/si-sand-bag-sidea-15-700x525.jpg 700w\" sizes=\"auto, (max-width: 750px) 100vw, 750px\" \/>                                                              <\/div>\n              <div class=\"box-text text-left\" >\n                 <p><\/p>\n              <\/div>\n            <\/div>\n                      <\/div>\n         <\/div><div class=\"gallery-col col\" >\n          <div class=\"col-inner\">\n                        <div class=\"box has-hover gallery-box box-normal\">\n              <div class=\"box-image\" >\n                <img loading=\"lazy\" decoding=\"async\" width=\"750\" height=\"562\" src=\"https:\/\/www.sideaita.it\/wp-content\/uploads\/2020\/07\/si-sand-bag-sidea-14.jpg\" class=\"attachment-original size-original\" alt=\"Si saco de arena sidea\" ids=\"103782,103787,103786,103785,103780,103783,103784,103781\" style=\"normal\" lightbox=\"false\" type=\"slider-full\" slider_nav_style=\"circle\" slider_nav_color=\"light\" slider_bullets=\"true\" image_size=\"original\" srcset=\"https:\/\/www.sideaita.it\/wp-content\/uploads\/2020\/07\/si-sand-bag-sidea-14.jpg 750w, https:\/\/www.sideaita.it\/wp-content\/uploads\/2020\/07\/si-sand-bag-sidea-14-534x400.jpg 534w, https:\/\/www.sideaita.it\/wp-content\/uploads\/2020\/07\/si-sand-bag-sidea-14-700x525.jpg 700w\" sizes=\"auto, (max-width: 750px) 100vw, 750px\" \/>                                                              <\/div>\n              <div class=\"box-text text-left\" >\n                 <p><\/p>\n              <\/div>\n            <\/div>\n                      <\/div>\n         <\/div><div class=\"gallery-col col\" >\n          <div class=\"col-inner\">\n                        <div class=\"box has-hover gallery-box box-normal\">\n              <div class=\"box-image\" >\n                <img loading=\"lazy\" decoding=\"async\" width=\"750\" height=\"563\" src=\"https:\/\/www.sideaita.it\/wp-content\/uploads\/2020\/07\/si-sand-bag-sidea-04.jpg\" class=\"attachment-original size-original\" alt=\"si-sand-bag-sidea\" ids=\"103782,103787,103786,103785,103780,103783,103784,103781\" style=\"normal\" lightbox=\"false\" type=\"slider-full\" slider_nav_style=\"circle\" slider_nav_color=\"light\" slider_bullets=\"true\" image_size=\"original\" srcset=\"https:\/\/www.sideaita.it\/wp-content\/uploads\/2020\/07\/si-sand-bag-sidea-04.jpg 750w, https:\/\/www.sideaita.it\/wp-content\/uploads\/2020\/07\/si-sand-bag-sidea-04-533x400.jpg 533w, https:\/\/www.sideaita.it\/wp-content\/uploads\/2020\/07\/si-sand-bag-sidea-04-700x525.jpg 700w\" sizes=\"auto, (max-width: 750px) 100vw, 750px\" \/>                                                              <\/div>\n              <div class=\"box-text text-left\" >\n                 <p><\/p>\n              <\/div>\n            <\/div>\n                      <\/div>\n         <\/div><div class=\"gallery-col col\" >\n          <div class=\"col-inner\">\n                        <div class=\"box has-hover gallery-box box-normal\">\n              <div class=\"box-image\" >\n                <img loading=\"lazy\" decoding=\"async\" width=\"750\" height=\"500\" src=\"https:\/\/www.sideaita.it\/wp-content\/uploads\/2020\/07\/si-sand-bag-sidea-10.jpg\" class=\"attachment-original size-original\" alt=\"Si saco de arena sidea\" ids=\"103782,103787,103786,103785,103780,103783,103784,103781\" style=\"normal\" lightbox=\"false\" type=\"slider-full\" slider_nav_style=\"circle\" slider_nav_color=\"light\" slider_bullets=\"true\" image_size=\"original\" srcset=\"https:\/\/www.sideaita.it\/wp-content\/uploads\/2020\/07\/si-sand-bag-sidea-10.jpg 750w, https:\/\/www.sideaita.it\/wp-content\/uploads\/2020\/07\/si-sand-bag-sidea-10-600x400.jpg 600w, https:\/\/www.sideaita.it\/wp-content\/uploads\/2020\/07\/si-sand-bag-sidea-10-700x467.jpg 700w\" sizes=\"auto, (max-width: 750px) 100vw, 750px\" \/>                                                              <\/div>\n              <div class=\"box-text text-left\" >\n                 <p><\/p>\n              <\/div>\n            <\/div>\n                      <\/div>\n         <\/div><div class=\"gallery-col col\" >\n          <div class=\"col-inner\">\n                        <div class=\"box has-hover gallery-box box-normal\">\n              <div class=\"box-image\" >\n                <img loading=\"lazy\" decoding=\"async\" width=\"750\" height=\"500\" src=\"https:\/\/www.sideaita.it\/wp-content\/uploads\/2020\/07\/si-sand-bag-sidea-11.jpg\" class=\"attachment-original size-original\" alt=\"Si saco de arena sidea\" ids=\"103782,103787,103786,103785,103780,103783,103784,103781\" style=\"normal\" lightbox=\"false\" type=\"slider-full\" slider_nav_style=\"circle\" slider_nav_color=\"light\" slider_bullets=\"true\" image_size=\"original\" srcset=\"https:\/\/www.sideaita.it\/wp-content\/uploads\/2020\/07\/si-sand-bag-sidea-11.jpg 750w, https:\/\/www.sideaita.it\/wp-content\/uploads\/2020\/07\/si-sand-bag-sidea-11-600x400.jpg 600w, https:\/\/www.sideaita.it\/wp-content\/uploads\/2020\/07\/si-sand-bag-sidea-11-700x467.jpg 700w\" sizes=\"auto, (max-width: 750px) 100vw, 750px\" \/>                                                              <\/div>\n              <div class=\"box-text text-left\" >\n                 <p><\/p>\n              <\/div>\n            <\/div>\n                      <\/div>\n         <\/div><div class=\"gallery-col col\" >\n          <div class=\"col-inner\">\n                        <div class=\"box has-hover gallery-box box-normal\">\n              <div class=\"box-image\" >\n                <img loading=\"lazy\" decoding=\"async\" width=\"750\" height=\"562\" src=\"https:\/\/www.sideaita.it\/wp-content\/uploads\/2020\/07\/si-sand-bag-sidea-05.jpg\" class=\"attachment-original size-original\" alt=\"si-sand-bag-sidea\" ids=\"103782,103787,103786,103785,103780,103783,103784,103781\" style=\"normal\" lightbox=\"false\" type=\"slider-full\" slider_nav_style=\"circle\" slider_nav_color=\"light\" slider_bullets=\"true\" image_size=\"original\" srcset=\"https:\/\/www.sideaita.it\/wp-content\/uploads\/2020\/07\/si-sand-bag-sidea-05.jpg 750w, https:\/\/www.sideaita.it\/wp-content\/uploads\/2020\/07\/si-sand-bag-sidea-05-534x400.jpg 534w, https:\/\/www.sideaita.it\/wp-content\/uploads\/2020\/07\/si-sand-bag-sidea-05-700x525.jpg 700w\" sizes=\"auto, (max-width: 750px) 100vw, 750px\" \/>                                                              <\/div>\n              <div class=\"box-text text-left\" >\n                 <p><\/p>\n              <\/div>\n            <\/div>\n                      <\/div>\n         <\/div><\/div>\n<div align=\"justify\">\n<p>Por estas razones, la bolsa Si-Sand puede utilizarse de diferentes maneras, siendo muy <strong>vers\u00e1til<\/strong>. En su adaptabilidad, sin embargo, tambi\u00e9n conserva las ventajas de ser <strong>muy f\u00e1cil de usar<\/strong> y ser \"maniobrado\" en las fases bal\u00edsticas en comparaci\u00f3n con el <a href=\"https:\/\/www.sideaita.it\/es\/equipos-de-fitness\/8054-bolsa-de-flujo\/\">Flow-Bag<\/a>. De hecho, este \u00faltimo no permite ning\u00fan tipo de error en las fases de transici\u00f3n de un ejercicio al siguiente, ya que la p\u00e9rdida de \"postura\" conducir\u00eda a fases f\u00edsicamente cr\u00edticas y\/o a posibles lesiones.<\/p>\n<p>La <strong>Bolsa Si-Sand<\/strong> es, por otra parte, una herramienta que \"perdona\", en parte, el movimiento incorrecto del ejecutante, pero por supuesto no debemos olvidar que se trata siempre y en todo caso de una carga que afecta a nuestro tipo de entrenamiento. Por lo tanto, antes de utilizarla, ser\u00eda aconsejable <strong>tome las precauciones necesarias<\/strong> sobre las distancias alrededor del ejecutante, estudiar las distintas presas, familiarizarse con la carga elegida para los distintos ejercicios y centrarse en la postura correcta.<\/p>\n<\/div>\n            <div class=\"row\"><div class=\"large-12 col\">\n          <div style=\"background-color:#FFF;\" class=\"slider flipContainer slider-nav-circle slide box-shadow-2\"\n            data-flickity-options='{              \"cellAlign\": \"center\",              \"wrapAround\": true,              \"percentPosition\": true,              \"imagesLoaded\": true,              \"pageDots\": true,              \"contain\": true          }'>\n                        <div class=\"slide\" style=\"background-color:#FFF;\">  <div class=\"row row-collapse align-middle flip-slide\" style=\"width:100%\">\n        <div class=\"large-6 col flip-page-one\">\n        <div class=\"featured-product col-inner\">\n          <a href=\"https:\/\/www.sideaita.it\/es\/attrezzatura-fitness\/8045-8049-si-sand-bag-precaricata\/\">\n                <div class=\"product-image relative\">\n                   <div class=\"front-image\">\n                    <img loading=\"lazy\" decoding=\"async\" width=\"700\" height=\"700\" src=\"https:\/\/www.sideaita.it\/wp-content\/uploads\/2020\/06\/8045-8049-si-sand-bag-precaricata.jpg\" class=\"attachment-woocommerce_single size-woocommerce_single wp-post-image\" alt=\"8045-8050 Bolsa Si-Sand\" srcset=\"https:\/\/www.sideaita.it\/wp-content\/uploads\/2020\/06\/8045-8049-si-sand-bag-precaricata.jpg 700w, https:\/\/www.sideaita.it\/wp-content\/uploads\/2020\/06\/8045-8049-si-sand-bag-precaricata-400x400.jpg 400w, https:\/\/www.sideaita.it\/wp-content\/uploads\/2020\/06\/8045-8049-si-sand-bag-precaricata-300x300.jpg 300w, https:\/\/www.sideaita.it\/wp-content\/uploads\/2020\/06\/8045-8049-si-sand-bag-precaricata-100x100.jpg 100w\" sizes=\"auto, (max-width: 700px) 100vw, 700px\" title=\"8045-8050 Bolsa Si-Sand\" \/>                  <\/div>\n                  \n<div class=\"badge-container absolute left top z-1\">\n\n<\/div>\n                <\/div>\n          <\/a>\n        <\/div>\n        <\/div>\n       <div class=\"large-6 col flip-page-two\">\n        <div class=\"product-info col-inner inner-padding\">\n              <h1 class=\"entry-title\"><a href=\"https:\/\/www.sideaita.it\/es\/attrezzatura-fitness\/8045-8049-si-sand-bag-precaricata\/\">8045-8050 Bolsa Si-Sand<\/a><\/h1>\n              <div class=\"is-divider medium\"><\/div>\n              <div class=\"price-wrapper\">\n\t<p class=\"price product-page-price\">\n  <span class=\"ywcrbp_regular_price\"> <span class=\"woocommerce-Price-amount amount\"><bdi>64,05<span class=\"woocommerce-Price-currencySymbol\">&euro;<\/span><\/bdi><\/span> <span aria-hidden=\"true\">-<\/span> <span class=\"woocommerce-Price-amount amount\"><bdi>88,45<span class=\"woocommerce-Price-currencySymbol\">&euro;<\/span><\/bdi><\/span><span class=\"screen-reader-text\" data-no-translation=\"\" data-trp-gettext=\"\">Rango de precios: desde 64,05&euro; hasta 88,45&euro;<\/span><\/span> <small class=\"woocommerce-price-suffix\">tasas e impuestos no incluidos<\/small><\/p>\n<\/div>\n<div class=\"product-short-description\">\n\t<p>Si-Sand Bags son bolsas precargadas con asas, dise\u00f1adas espec\u00edficamente para el entrenamiento funcional, disponibles de 5 a 30 kg.<\/p>\n<p>Longitud aumentada a 75 cm, para una postura fisiol\u00f3gicamente m\u00e1s correcta y m\u00e1s pr\u00f3xima a la anchura de agarre de una barra, 8 asas acolchadas, revestimiento de PVC y nuevo aspecto negro\/gris.<\/p>\n<p><strong>V\u00e9ase tambi\u00e9n:<\/strong><br \/>\n<a href=\"https:\/\/www.sideaita.it\/es\/equipos-de-fitness\/8054-bolsa-de-flujo\/\">bacalao. <strong>8054<\/strong>\u00a0Bolsa de flujo<\/a> (rellenable de agua, peso ajustable 0-30 kg)<\/p>\n<\/div>\n<div class=\"product_meta\">\n\n\t\n\t\n\t\t<span class=\"sku_wrapper\">SKU: <span class=\"sku\">SISANDBAG<\/span><\/span>\n\n\t\n\t<span class=\"posted_in\">Categor\u00edas: <a href=\"https:\/\/www.sideaita.it\/es\/categorie-attrezzi-fitness\/flowbag-flowball-sandbag\/\" rel=\"tag\">Flowbag y saco de arena<\/a>, <a href=\"https:\/\/www.sideaita.it\/es\/categorie-attrezzi-fitness\/attrezzi-functional-training-palestre-professionisti-fitness\/\" rel=\"tag\">Entrenamiento funcional<\/a>, <a href=\"https:\/\/www.sideaita.it\/es\/categorie-attrezzi-fitness\/homegym\/\" rel=\"tag\">Gimnasio en casa<\/a>, <a href=\"https:\/\/www.sideaita.it\/es\/categorie-attrezzi-fitness\/products-code-order\/\" rel=\"tag\">Cat\u00e1logo de productos<\/a><\/span>\n\t<span class=\"tagged_as\">Etiqueta: <a href=\"https:\/\/www.sideaita.it\/es\/prodotto-tag\/sand-bag\/\" rel=\"tag\">Saco de arena<\/a><\/span>\n\t\n<\/div>\n              <a href=\"https:\/\/www.sideaita.it\/es\/attrezzatura-fitness\/8045-8049-si-sand-bag-precaricata\/\" class=\"button\" data-no-translation=\"\" data-trp-gettext=\"\">Seguir leyendo<\/a>\n         <\/div>\n        <\/div>\n<\/div>\n<\/div>\n                    <\/div>\n          <\/div><\/div>\n          \n<div align=\"justify\">\n<h3>\u00bfQu\u00e9 ejercicios se pueden realizar con la bolsa Si-Sand?<\/h3>\n<p>Como ya se ha mencionado, los ejercicios fundamentales para los que se puede utilizar este equipo son los siguientes <strong>En cuclillas<\/strong>El <strong>Stacchi<\/strong>El <strong>Estocadas<\/strong> (hacia atr\u00e1s, hacia delante, lateral, cruzado o combinado) o el <strong>Flexiones.<\/strong> Estos son todos <strong>Ejercicios de fuerza pura<\/strong> realizado en las dos plantas principales de formaci\u00f3n, utiliz\u00e1ndolo <strong>enchufe doble<\/strong> o, en el caso de atletas intermedios, incluso <strong>empu\u00f1adura simple<\/strong>. De hecho, la m\u00e1quina est\u00e1 equipada con 8 agarres, gracias a los cuales es posible realizar e intercambiar varios ejercicios en los diferentes pisos de entrenamiento, sin tener que bajar nunca la m\u00e1quina.<\/p>\n<\/div>\n<div class=\"video video-fit mb\" style=\"padding-top:56.25%;\"><p><iframe loading=\"lazy\" title=\"Si Sand Bag Training SIDEA\" width=\"1020\" height=\"574\" src=\"https:\/\/www.youtube.com\/embed\/ZgRT9wS3e0s?feature=oembed&#038;enablejsapi=1&#038;origin=https:\/\/www.sideaita.it\" frameborder=\"0\" allow=\"accelerometer; autoplay; encrypted-media; gyroscope; picture-in-picture\" allowfullscreen><\/iframe><\/p>\n<\/div>\n<div align=\"justify\">\n<h3>\u00bfCu\u00e1l es la t\u00e9cnica correcta para realizar los ejercicios?<\/h3>\n<p>Lo correcto <strong>movimiento inicial<\/strong>Dada la situaci\u00f3n de partida con la herramienta en el suelo y el usuario normalmente de pie, se tratar\u00e1 de flexionar las caderas hacia atr\u00e1s en el plano sagital hasta la correcta activaci\u00f3n exc\u00e9ntrica de la cadena muscular posterior a nivel de la cadera, en particular de los m\u00fasculos Isquio-Crurales. El torso debe estabilizarse mediante la activaci\u00f3n global del \"core\", el abdomen junto con la activaci\u00f3n de la musculatura gran dorsal mediante la estabilizaci\u00f3n de la cintura escapular, manteniendo los hombros retropuestos y deprimidos, as\u00ed como las esc\u00e1pulas, que tambi\u00e9n estar\u00e1n deprimidas y aductadas. A partir de esta posici\u00f3n de partida, se puede elegir c\u00f3mo llevar el equipo a la altura deseada para comenzar los ejercicios fundamentales. Para ir a la posici\u00f3n de Rack, es decir, la posici\u00f3n de partida para cada ejercicio, se puede de hecho realizar un Stack, o un Turn, etc..<\/p>\n<p>Otra opci\u00f3n es empezar en dec\u00fabito supino, agarrando la herramienta y llev\u00e1ndola al pecho, y despu\u00e9s elegir el arranque m\u00e1s congenial.<\/p>\n<h3>\u00bfQu\u00e9 caracter\u00edsticas f\u00edsicas pueden entrenarse con la bolsa Si-Sand?<\/h3>\n<p>En primer lugar, el <strong>Fuerza en est\u00e1tica global<\/strong>porque se puede utilizar para todos los ejercicios con carga de acondicionamiento en los planos frontal y sagital. En este caso, disponemos de multitud de ejercicios que se pueden realizar de pie y de rodillas, en toma simple o doble, en las diferentes fases exc\u00e9ntricas, isom\u00e9tricas o conc\u00e9ntricas, donde la carga se posicionar\u00e1 a nuestro gusto y no oscilar\u00e1, lo que nos permitir\u00e1 <strong>control absoluto de la herramienta<\/strong> y as\u00ed centrarse m\u00e1s en el movimiento correcto al realizar los ejercicios.<\/p>\n<p>Gracias tambi\u00e9n al <strong>empu\u00f1aduras \"blandas<\/strong>adecuado para todo tipo de usuarios, el <strong>Bolsa Si-Sand<\/strong> resulta ser la mejor herramienta que cualquier otra (<a href=\"https:\/\/www.sideaita.it\/es\/categorias-de-equipos-de-fitness\/kettlebell-strong-kettlebell-competition-kettlebell-vinyl\/\">Kettlebell<\/a>, <a href=\"https:\/\/www.sideaita.it\/es\/equipos-de-fitness\/2149-2166-si-club-negro-rojo-pomo\/\">Si-Clubs<\/a>, <a href=\"https:\/\/www.sideaita.it\/es\/equipos-de-fitness\/2092-entrenamiento-en-suspension-voladora\/\">Flying<\/a>, <a href=\"https:\/\/www.sideaita.it\/es\/equipos-de-fitness\/8054-bolsa-de-flujo\/\">Flow-Bag<\/a> etc.), en el <strong>respeto de la seguridad de la mano<\/strong> mismo, sin omitir un buen nivel de entrenamiento de agarre. De hecho, las \"empu\u00f1aduras de goma\" no s\u00f3lo tranquilizan a cualquier usuario, sino que <strong>la flexibilidad de la empu\u00f1adura hace que el uso de la bolsa Si-Sand sea agradable<\/strong>.<\/p>\n<\/div>\n\n  \n    <div id=\"gallery-33161446\" class=\"lightbox-multi-gallery slider slider-auto-height row-collapse slider-nav-circle\" data-flickity-options='{&quot;imagesLoaded&quot;: true, &quot;dragThreshold&quot; : 5, &quot;cellAlign&quot;: &quot;left&quot;,&quot;wrapAround&quot;: true,&quot;prevNextButtons&quot;: true,&quot;percentPosition&quot;: true,&quot;pageDots&quot;: true, &quot;rightToLeft&quot;: false, &quot;autoPlay&quot; : false}'>\n\n  <div class=\"gallery-col col\" >\n          <div class=\"col-inner\">\n                        <div class=\"box has-hover gallery-box box-normal\">\n              <div class=\"box-image\" >\n                <img loading=\"lazy\" decoding=\"async\" width=\"750\" height=\"563\" src=\"https:\/\/www.sideaita.it\/wp-content\/uploads\/2020\/07\/si-sand-bag-sidea-31.jpg\" class=\"attachment-original size-original\" alt=\"8045-8050 Bolsa Si-Sand\" ids=\"103790,103791,103792,103793,103794,103795\" style=\"normal\" lightbox=\"false\" type=\"slider-full\" slider_nav_style=\"circle\" slider_bullets=\"true\" image_size=\"original\" srcset=\"https:\/\/www.sideaita.it\/wp-content\/uploads\/2020\/07\/si-sand-bag-sidea-31.jpg 750w, https:\/\/www.sideaita.it\/wp-content\/uploads\/2020\/07\/si-sand-bag-sidea-31-533x400.jpg 533w, https:\/\/www.sideaita.it\/wp-content\/uploads\/2020\/07\/si-sand-bag-sidea-31-700x525.jpg 700w\" sizes=\"auto, (max-width: 750px) 100vw, 750px\" title=\"8045-8050 Bolsa Si-Sand\" \/>                                                              <\/div>\n              <div class=\"box-text text-left\" >\n                 <p><\/p>\n              <\/div>\n            <\/div>\n                      <\/div>\n         <\/div><div class=\"gallery-col col\" >\n          <div class=\"col-inner\">\n                        <div class=\"box has-hover gallery-box box-normal\">\n              <div class=\"box-image\" >\n                <img loading=\"lazy\" decoding=\"async\" width=\"750\" height=\"563\" src=\"https:\/\/www.sideaita.it\/wp-content\/uploads\/2020\/07\/si-sand-bag-sidea-32.jpg\" class=\"attachment-original size-original\" alt=\"8045-8050 Bolsa Si-Sand\" ids=\"103790,103791,103792,103793,103794,103795\" style=\"normal\" lightbox=\"false\" type=\"slider-full\" slider_nav_style=\"circle\" slider_bullets=\"true\" image_size=\"original\" srcset=\"https:\/\/www.sideaita.it\/wp-content\/uploads\/2020\/07\/si-sand-bag-sidea-32.jpg 750w, https:\/\/www.sideaita.it\/wp-content\/uploads\/2020\/07\/si-sand-bag-sidea-32-533x400.jpg 533w, https:\/\/www.sideaita.it\/wp-content\/uploads\/2020\/07\/si-sand-bag-sidea-32-700x525.jpg 700w\" sizes=\"auto, (max-width: 750px) 100vw, 750px\" title=\"8045-8050 Bolsa Si-Sand\" \/>                                                              <\/div>\n              <div class=\"box-text text-left\" >\n                 <p><\/p>\n              <\/div>\n            <\/div>\n                      <\/div>\n         <\/div><div class=\"gallery-col col\" >\n          <div class=\"col-inner\">\n                        <div class=\"box has-hover gallery-box box-normal\">\n              <div class=\"box-image\" >\n                <img loading=\"lazy\" decoding=\"async\" width=\"750\" height=\"563\" src=\"https:\/\/www.sideaita.it\/wp-content\/uploads\/2020\/07\/si-sand-bag-sidea-33-1.jpg\" class=\"attachment-original size-original\" alt=\"8045-8050 Bolsa Si-Sand\" ids=\"103790,103791,103792,103793,103794,103795\" style=\"normal\" lightbox=\"false\" type=\"slider-full\" slider_nav_style=\"circle\" slider_bullets=\"true\" image_size=\"original\" srcset=\"https:\/\/www.sideaita.it\/wp-content\/uploads\/2020\/07\/si-sand-bag-sidea-33-1.jpg 750w, https:\/\/www.sideaita.it\/wp-content\/uploads\/2020\/07\/si-sand-bag-sidea-33-1-533x400.jpg 533w, https:\/\/www.sideaita.it\/wp-content\/uploads\/2020\/07\/si-sand-bag-sidea-33-1-700x525.jpg 700w\" sizes=\"auto, (max-width: 750px) 100vw, 750px\" title=\"8045-8050 Bolsa Si-Sand\" \/>                                                              <\/div>\n              <div class=\"box-text text-left\" >\n                 <p><\/p>\n              <\/div>\n            <\/div>\n                      <\/div>\n         <\/div><div class=\"gallery-col col\" >\n          <div class=\"col-inner\">\n                        <div class=\"box has-hover gallery-box box-normal\">\n              <div class=\"box-image\" >\n                <img loading=\"lazy\" decoding=\"async\" width=\"750\" height=\"500\" src=\"https:\/\/www.sideaita.it\/wp-content\/uploads\/2020\/07\/si-sand-bag-sidea-34.jpg\" class=\"attachment-original size-original\" alt=\"8045-8050 Bolsa Si-Sand\" ids=\"103790,103791,103792,103793,103794,103795\" style=\"normal\" lightbox=\"false\" type=\"slider-full\" slider_nav_style=\"circle\" slider_bullets=\"true\" image_size=\"original\" srcset=\"https:\/\/www.sideaita.it\/wp-content\/uploads\/2020\/07\/si-sand-bag-sidea-34.jpg 750w, https:\/\/www.sideaita.it\/wp-content\/uploads\/2020\/07\/si-sand-bag-sidea-34-600x400.jpg 600w, https:\/\/www.sideaita.it\/wp-content\/uploads\/2020\/07\/si-sand-bag-sidea-34-700x467.jpg 700w\" sizes=\"auto, (max-width: 750px) 100vw, 750px\" title=\"8045-8050 Bolsa Si-Sand\" \/>                                                              <\/div>\n              <div class=\"box-text text-left\" >\n                 <p><\/p>\n              <\/div>\n            <\/div>\n                      <\/div>\n         <\/div><div class=\"gallery-col col\" >\n          <div class=\"col-inner\">\n                        <div class=\"box has-hover gallery-box box-normal\">\n              <div class=\"box-image\" >\n                <img loading=\"lazy\" decoding=\"async\" width=\"750\" height=\"562\" src=\"https:\/\/www.sideaita.it\/wp-content\/uploads\/2020\/07\/si-sand-bag-sidea-35.jpg\" class=\"attachment-original size-original\" alt=\"8045-8050 Bolsa Si-Sand\" ids=\"103790,103791,103792,103793,103794,103795\" style=\"normal\" lightbox=\"false\" type=\"slider-full\" slider_nav_style=\"circle\" slider_bullets=\"true\" image_size=\"original\" srcset=\"https:\/\/www.sideaita.it\/wp-content\/uploads\/2020\/07\/si-sand-bag-sidea-35.jpg 750w, https:\/\/www.sideaita.it\/wp-content\/uploads\/2020\/07\/si-sand-bag-sidea-35-534x400.jpg 534w, https:\/\/www.sideaita.it\/wp-content\/uploads\/2020\/07\/si-sand-bag-sidea-35-700x525.jpg 700w\" sizes=\"auto, (max-width: 750px) 100vw, 750px\" title=\"8045-8050 Bolsa Si-Sand\" \/>                                                              <\/div>\n              <div class=\"box-text text-left\" >\n                 <p><\/p>\n              <\/div>\n            <\/div>\n                      <\/div>\n         <\/div><div class=\"gallery-col col\" >\n          <div class=\"col-inner\">\n                        <div class=\"box has-hover gallery-box box-normal\">\n              <div class=\"box-image\" >\n                <img loading=\"lazy\" decoding=\"async\" width=\"750\" height=\"562\" src=\"https:\/\/www.sideaita.it\/wp-content\/uploads\/2020\/07\/si-sand-bag-sidea-42.jpg\" class=\"attachment-original size-original\" alt=\"8045-8050 Bolsa Si-Sand\" ids=\"103790,103791,103792,103793,103794,103795\" style=\"normal\" lightbox=\"false\" type=\"slider-full\" slider_nav_style=\"circle\" slider_bullets=\"true\" image_size=\"original\" srcset=\"https:\/\/www.sideaita.it\/wp-content\/uploads\/2020\/07\/si-sand-bag-sidea-42.jpg 750w, https:\/\/www.sideaita.it\/wp-content\/uploads\/2020\/07\/si-sand-bag-sidea-42-534x400.jpg 534w, https:\/\/www.sideaita.it\/wp-content\/uploads\/2020\/07\/si-sand-bag-sidea-42-700x525.jpg 700w\" sizes=\"auto, (max-width: 750px) 100vw, 750px\" title=\"8045-8050 Bolsa Si-Sand\" \/>                                                              <\/div>\n              <div class=\"box-text text-left\" >\n                 <p><\/p>\n              <\/div>\n            <\/div>\n                      <\/div>\n         <\/div><\/div>\n<div align=\"justify\">\n<p>Por lo tanto, integrar el uso de la bolsa Si-Sand en el propio entrenamiento puede ser muy \u00fatil para la <strong>mejora del agarre<\/strong>sobre todo cuando uno ya est\u00e1 cansado y no puede maniobrar correctamente una herramienta m\u00e1s tosca. En tales situaciones, se puede continuar el movimiento de entrenamiento con la bolsa Si-Sand Bag alargando el tiempo y, en consecuencia, mejorando el <strong>Resistencia<\/strong> puro.<\/p>\n<h3>Las diferencias con el <a href=\"https:\/\/www.sideaita.it\/es\/equipos-de-fitness\/8054-bolsa-de-flujo\/\">Bolsa de flujo<\/a><\/h3>\n<p>La bolsa Si-Sand tambi\u00e9n puede utilizarse de forma muy eficaz en el entrenamiento bal\u00edstico del <strong>Plan Transversal<\/strong>con demasiada frecuencia no se incluye en el entrenamiento de gimnasio. En este sentido, la principal diferencia con el <a href=\"https:\/\/www.sideaita.it\/es\/equipos-de-fitness\/8054-bolsa-de-flujo\/\">Flow-Bag<\/a> se refiere al hecho de que la bolsa de Si-arena es capaz de <strong>mantener las trayectorias tomadas m\u00e1s<\/strong> y trae <strong>seguridad<\/strong> la maniobrabilidad del operador. La \u00fanica precauci\u00f3n a tomar ser\u00e1 <strong>elegir la carga adecuada<\/strong> en funci\u00f3n del ejercicio o movimiento bal\u00edstico que vayamos a abordar.<\/p>\n<p>En comparaci\u00f3n con el <a href=\"https:\/\/www.sideaita.it\/es\/equipos-de-fitness\/8054-bolsa-de-flujo\/\">Flow-Bag<\/a>Otra opci\u00f3n m\u00e1s ventajosa es tambi\u00e9n el hecho de que puede <strong>\"cambiar\" suavemente de un ejercicio a otro<\/strong>intercambio r\u00e1pido de tomas, tanto en modo est\u00e1tico como din\u00e1mico, pero tambi\u00e9n m\u00e1s tarde en modo bal\u00edstico, ya que la <strong>multicortadoras de ruedas<\/strong> permiten una buena sincronizaci\u00f3n de la prensi\u00f3n con confianza y una correcta sincronizaci\u00f3n de los movimientos.<\/p>\n<\/div>\n\n  \n    <div id=\"row-739565112\" class=\"hide-for-small slider slider-auto-height row-collapse slider-nav-reveal\" data-flickity-options='{&quot;imagesLoaded&quot;: true, &quot;dragThreshold&quot; : 5, &quot;cellAlign&quot;: &quot;left&quot;,&quot;wrapAround&quot;: true,&quot;prevNextButtons&quot;: true,&quot;percentPosition&quot;: true,&quot;pageDots&quot;: false, &quot;rightToLeft&quot;: false, &quot;autoPlay&quot; : false}'>\n\n  <div class=\"col post-item\" >\n\t\t\t<div class=\"col-inner\">\n\t\t\t\t<div class=\"box box-shade dark box-text-bottom box-blog-post has-hover\">\n            \t\t\t\t\t<div class=\"box-image\" >\n  \t\t\t\t\t\t<div class=\"image-overlay-remove image-cover\" style=\"padding-top:56%;\">\n\t\t\t\t\t\t\t<a href=\"https:\/\/www.sideaita.it\/es\/2019\/06\/20\/allenamento-propriocettivo-flowbag-propriocezione\/\" class=\"plain\" aria-label=\"Entrenamiento propioceptivo con el Flowbag: postura, equilibrio y coordinaci\u00f3n en un solo aparato\">\n\t\t\t\t\t\t\t\t<img loading=\"lazy\" decoding=\"async\" width=\"1920\" height=\"1280\" src=\"https:\/\/www.sideaita.it\/wp-content\/uploads\/2019\/06\/sidea-flowbag-allenamento-propriocettivo.jpg\" class=\"attachment-original size-original wp-post-image\" alt=\"sidea-flowbag-entrenamiento-propioceptivo\" srcset=\"https:\/\/www.sideaita.it\/wp-content\/uploads\/2019\/06\/sidea-flowbag-allenamento-propriocettivo.jpg 1920w, https:\/\/www.sideaita.it\/wp-content\/uploads\/2019\/06\/sidea-flowbag-allenamento-propriocettivo-700x467.jpg 700w, https:\/\/www.sideaita.it\/wp-content\/uploads\/2019\/06\/sidea-flowbag-allenamento-propriocettivo-600x400.jpg 600w, https:\/\/www.sideaita.it\/wp-content\/uploads\/2019\/06\/sidea-flowbag-allenamento-propriocettivo-768x512.jpg 768w, https:\/\/www.sideaita.it\/wp-content\/uploads\/2019\/06\/sidea-flowbag-allenamento-propriocettivo-1200x800.jpg 1200w\" sizes=\"auto, (max-width: 1920px) 100vw, 1920px\" \/>\t\t\t\t\t\t\t<\/a>\n  \t\t\t\t\t\t\t<div class=\"overlay\" style=\"background-color: rgba(0, 0, 0, 0.26)\"><\/div>  \t\t\t\t\t\t\t<div class=\"shade\"><\/div>  \t\t\t\t\t\t<\/div>\n  \t\t\t\t\t\t  \t\t\t\t\t<\/div>\n          \t\t\t\t\t<div class=\"box-text show-on-hover hover-bounce text-center is-xlarge\" style=\"padding:10% 0px 3% 0px;\">\n\t\t\t\t\t<div class=\"box-text-inner blog-post-inner\">\n\n\t\t\t\t\t\n\t\t\t\t\t\t\t\t\t\t\t<p class=\"cat-label tag-label is-xxsmall op-7 uppercase\">\n\t\t\t\t\tNoticias Entrenamiento funcional \t\t\t\t\t<\/p>\n\t\t\t\t\t\t\t\t\t\t<h5 class=\"post-title is-large\">\n\t\t\t\t\t\t<a href=\"https:\/\/www.sideaita.it\/es\/2019\/06\/20\/allenamento-propriocettivo-flowbag-propriocezione\/\" class=\"plain\">Entrenamiento propioceptivo con el Flowbag: postura, equilibrio y coordinaci\u00f3n en un solo aparato<\/a>\n\t\t\t\t\t<\/h5>\n\t\t\t\t\t\t\t\t\t\t<div class=\"is-divider\"><\/div>\n\t\t\t\t\t                    \n\t\t\t\t\t\t\t\t\t\t\t<a href=\"https:\/\/www.sideaita.it\/es\/2019\/06\/20\/allenamento-propriocettivo-flowbag-propriocezione\/\" class=\"button  is-outline is-xsmall mb-0\">\n\t\t\t\t\t\t\tLeer\t\t\t\t\t\t<\/a>\n\t\t\t\t\t\n\t\t\t\t\t\n\t\t\t\t\t<\/div>\n\t\t\t\t\t<\/div>\n\t\t\t\t\t\t\t\t\t<\/div>\n\t\t\t<\/div>\n\t\t<\/div><\/div>\n\n  \n    <div id=\"row-731881139\" class=\"show-for-small slider slider-auto-height row-collapse slider-nav-reveal\" data-flickity-options='{&quot;imagesLoaded&quot;: true, &quot;dragThreshold&quot; : 5, &quot;cellAlign&quot;: &quot;left&quot;,&quot;wrapAround&quot;: true,&quot;prevNextButtons&quot;: true,&quot;percentPosition&quot;: true,&quot;pageDots&quot;: false, &quot;rightToLeft&quot;: false, &quot;autoPlay&quot; : false}'>\n\n  <div class=\"col post-item\" >\n\t\t\t<div class=\"col-inner\">\n\t\t\t\t<div class=\"box box-shade dark box-text-bottom box-blog-post has-hover\">\n            \t\t\t\t\t<div class=\"box-image\" >\n  \t\t\t\t\t\t<div class=\"image-overlay-remove image-cover\" style=\"padding-top:56%;\">\n\t\t\t\t\t\t\t<a href=\"https:\/\/www.sideaita.it\/es\/2019\/06\/20\/allenamento-propriocettivo-flowbag-propriocezione\/\" class=\"plain\" aria-label=\"Entrenamiento propioceptivo con el Flowbag: postura, equilibrio y coordinaci\u00f3n en un solo aparato\">\n\t\t\t\t\t\t\t\t<img loading=\"lazy\" decoding=\"async\" width=\"1920\" height=\"1280\" src=\"https:\/\/www.sideaita.it\/wp-content\/uploads\/2019\/06\/sidea-flowbag-allenamento-propriocettivo.jpg\" class=\"attachment-original size-original wp-post-image\" alt=\"sidea-flowbag-entrenamiento-propioceptivo\" srcset=\"https:\/\/www.sideaita.it\/wp-content\/uploads\/2019\/06\/sidea-flowbag-allenamento-propriocettivo.jpg 1920w, https:\/\/www.sideaita.it\/wp-content\/uploads\/2019\/06\/sidea-flowbag-allenamento-propriocettivo-700x467.jpg 700w, https:\/\/www.sideaita.it\/wp-content\/uploads\/2019\/06\/sidea-flowbag-allenamento-propriocettivo-600x400.jpg 600w, https:\/\/www.sideaita.it\/wp-content\/uploads\/2019\/06\/sidea-flowbag-allenamento-propriocettivo-768x512.jpg 768w, https:\/\/www.sideaita.it\/wp-content\/uploads\/2019\/06\/sidea-flowbag-allenamento-propriocettivo-1200x800.jpg 1200w\" sizes=\"auto, (max-width: 1920px) 100vw, 1920px\" \/>\t\t\t\t\t\t\t<\/a>\n  \t\t\t\t\t\t\t<div class=\"overlay\" style=\"background-color: rgba(0, 0, 0, 0.26)\"><\/div>  \t\t\t\t\t\t\t<div class=\"shade\"><\/div>  \t\t\t\t\t\t<\/div>\n  \t\t\t\t\t\t  \t\t\t\t\t<\/div>\n          \t\t\t\t\t<div class=\"box-text show-on-hover hover-bounce text-left is-xsmall\" style=\"padding:10% 0px 7% 10px;\">\n\t\t\t\t\t<div class=\"box-text-inner blog-post-inner\">\n\n\t\t\t\t\t\n\t\t\t\t\t\t\t\t\t\t\t<p class=\"cat-label tag-label is-xxsmall op-7 uppercase\">\n\t\t\t\t\tNoticias Entrenamiento funcional \t\t\t\t\t<\/p>\n\t\t\t\t\t\t\t\t\t\t<h5 class=\"post-title is-large\">\n\t\t\t\t\t\t<a href=\"https:\/\/www.sideaita.it\/es\/2019\/06\/20\/allenamento-propriocettivo-flowbag-propriocezione\/\" class=\"plain\">Entrenamiento propioceptivo con el Flowbag: postura, equilibrio y coordinaci\u00f3n en un solo aparato<\/a>\n\t\t\t\t\t<\/h5>\n\t\t\t\t\t\t\t\t\t\t<div class=\"is-divider\"><\/div>\n\t\t\t\t\t                    \n\t\t\t\t\t\t\t\t\t\t\t<a href=\"https:\/\/www.sideaita.it\/es\/2019\/06\/20\/allenamento-propriocettivo-flowbag-propriocezione\/\" class=\"button  is-outline is-xsmall mb-0\">\n\t\t\t\t\t\t\tLeer\t\t\t\t\t\t<\/a>\n\t\t\t\t\t\n\t\t\t\t\t\n\t\t\t\t\t<\/div>\n\t\t\t\t\t<\/div>\n\t\t\t\t\t\t\t\t\t<\/div>\n\t\t\t<\/div>\n\t\t<\/div><\/div>\n<div align=\"justify\">\n<p>En conclusi\u00f3n, la <strong>Si-Sand Bag est\u00e1 recomendado para cualquier usuario<\/strong>ya sea principiante, intermedio o experto. Esto se debe a que sabe combinar varios ejercicios fundamentales en una sola herramienta, al tiempo que mantiene segura a la persona que la utiliza. Lo importante <strong>versatilidad<\/strong> e <strong>ductilidad<\/strong> lo hace perfectamente adecuado tanto para hombres como para mujeres, y permite utilizarlo no s\u00f3lo en el gimnasio, sino tambi\u00e9n en casa y al aire libre, ya que es muy duradero y c\u00f3modo de llevar.<\/p>\n<p style=\"text-align: center;\" data-line-height=\"l\"><a href=\"http:\/\/www.palestreufc.it\/Allenatori\/davide-bertola\"><strong>Davide Bertola<br \/>\n<\/strong><em>GimnasiosUFC<\/em><\/a><\/p>\n<\/div>\n<p>&nbsp;<\/p>\n<div class=\"text-center\"><div class=\"is-divider divider clearfix\" style=\"max-width:200px;\"><\/div><\/div>\n\n  \n    <div class=\"row large-columns-4 medium-columns-3 small-columns-1 row-small row-full-width has-shadow row-box-shadow-1 slider row-slider slider-nav-reveal slider-nav-push\"  data-flickity-options='{&quot;imagesLoaded&quot;: true, &quot;groupCells&quot;: &quot;100%&quot;, &quot;dragThreshold&quot; : 5, &quot;cellAlign&quot;: &quot;left&quot;,&quot;wrapAround&quot;: true,&quot;prevNextButtons&quot;: true,&quot;percentPosition&quot;: true,&quot;pageDots&quot;: false, &quot;rightToLeft&quot;: false, &quot;autoPlay&quot; : 7000}' >\n\n  <div class=\"col post-item\" >\n\t\t\t<div class=\"col-inner\">\n\t\t\t\t<div class=\"box box-normal box-text-bottom box-blog-post has-hover\">\n            \t\t\t\t\t<div class=\"box-image\" >\n  \t\t\t\t\t\t<div class=\"image-color image-overlay-remove image-cover\" style=\"padding-top:144%;\">\n\t\t\t\t\t\t\t<a href=\"https:\/\/www.sideaita.it\/es\/2026\/06\/30\/agilita-delite-perche-cambiare-direzione-non-e-solo-una-questione-di-forza\/\" class=\"plain\" aria-label=\"Agilidad de \u00e9lite: por qu\u00e9 cambiar de direcci\u00f3n no es solo una cuesti\u00f3n de fuerza\">\n\t\t\t\t\t\t\t\t<img loading=\"lazy\" decoding=\"async\" width=\"711\" height=\"400\" src=\"https:\/\/www.sideaita.it\/wp-content\/uploads\/2026\/06\/sidea-stiffness-agilita-preparazione-atletica-strength-and-conditioning-calcio-training-1-711x400.jpg\" class=\"attachment-medium size-medium wp-post-image\" alt=\"sidea rigidez agilidad preparaci\u00f3n f\u00edsica fuerza y acondicionamiento f\u00fatbol entrenamiento 1\" srcset=\"https:\/\/www.sideaita.it\/wp-content\/uploads\/2026\/06\/sidea-stiffness-agilita-preparazione-atletica-strength-and-conditioning-calcio-training-1-711x400.jpg 711w, https:\/\/www.sideaita.it\/wp-content\/uploads\/2026\/06\/sidea-stiffness-agilita-preparazione-atletica-strength-and-conditioning-calcio-training-1-1400x788.jpg 1400w, https:\/\/www.sideaita.it\/wp-content\/uploads\/2026\/06\/sidea-stiffness-agilita-preparazione-atletica-strength-and-conditioning-calcio-training-1-768x432.jpg 768w, https:\/\/www.sideaita.it\/wp-content\/uploads\/2026\/06\/sidea-stiffness-agilita-preparazione-atletica-strength-and-conditioning-calcio-training-1-1536x864.jpg 1536w, https:\/\/www.sideaita.it\/wp-content\/uploads\/2026\/06\/sidea-stiffness-agilita-preparazione-atletica-strength-and-conditioning-calcio-training-1-18x10.jpg 18w, https:\/\/www.sideaita.it\/wp-content\/uploads\/2026\/06\/sidea-stiffness-agilita-preparazione-atletica-strength-and-conditioning-calcio-training-1-700x394.jpg 700w, https:\/\/www.sideaita.it\/wp-content\/uploads\/2026\/06\/sidea-stiffness-agilita-preparazione-atletica-strength-and-conditioning-calcio-training-1.jpg 1920w\" sizes=\"auto, (max-width: 711px) 100vw, 711px\" \/>\t\t\t\t\t\t\t<\/a>\n  \t\t\t\t\t\t\t<div class=\"overlay\" style=\"background-color: rgba(0, 0, 0, 0.56)\"><\/div>  \t\t\t\t\t\t\t  \t\t\t\t\t\t<\/div>\n  \t\t\t\t\t\t  \t\t\t\t\t<\/div>\n          \t\t\t\t\t<div class=\"box-text text-center\" >\n\t\t\t\t\t<div class=\"box-text-inner blog-post-inner\">\n\n\t\t\t\t\t\n\t\t\t\t\t\t\t\t\t\t<h5 class=\"post-title is-smaller uppercase\">\n\t\t\t\t\t\t<a href=\"https:\/\/www.sideaita.it\/es\/2026\/06\/30\/agilita-delite-perche-cambiare-direzione-non-e-solo-una-questione-di-forza\/\" class=\"plain\">Agilidad de \u00e9lite: por qu\u00e9 cambiar de direcci\u00f3n no es solo una cuesti\u00f3n de fuerza<\/a>\n\t\t\t\t\t<\/h5>\n\t\t\t\t\t<div class=\"post-meta is-small op-8\">30 de junio de 2026<\/div>\t\t\t\t\t<div class=\"is-divider\"><\/div>\n\t\t\t\t\t                    \n\t\t\t\t\t\t\t\t\t\t\t<a href=\"https:\/\/www.sideaita.it\/es\/2026\/06\/30\/agilita-delite-perche-cambiare-direzione-non-e-solo-una-questione-di-forza\/\" class=\"button  is-outline is-small mb-0\">\n\t\t\t\t\t\t\tLeer\t\t\t\t\t\t<\/a>\n\t\t\t\t\t\n\t\t\t\t\t\n\t\t\t\t\t<\/div>\n\t\t\t\t\t<\/div>\n\t\t\t\t\t\t\t\t\t<\/div>\n\t\t\t<\/div>\n\t\t<\/div><div class=\"col post-item\" >\n\t\t\t<div class=\"col-inner\">\n\t\t\t\t<div class=\"box box-normal box-text-bottom box-blog-post has-hover\">\n            \t\t\t\t\t<div class=\"box-image\" >\n  \t\t\t\t\t\t<div class=\"image-color image-overlay-remove image-cover\" style=\"padding-top:144%;\">\n\t\t\t\t\t\t\t<a href=\"https:\/\/www.sideaita.it\/es\/2026\/06\/26\/forza-massimale-e-sport-di-squadra\/\" class=\"plain\" aria-label=\"Fuerza m\u00e1xima y deportes de equipo\">\n\t\t\t\t\t\t\t\t<img loading=\"lazy\" decoding=\"async\" width=\"711\" height=\"400\" src=\"https:\/\/www.sideaita.it\/wp-content\/uploads\/2026\/02\/Sidea-summit-of-strength-strongfirst-fabio-zonin-1-711x400.jpg\" class=\"attachment-medium size-medium wp-post-image\" alt=\"Sidea cumbre de la fuerza strongfirst fabio zonin conferencia etapa 1\" srcset=\"https:\/\/www.sideaita.it\/wp-content\/uploads\/2026\/02\/Sidea-summit-of-strength-strongfirst-fabio-zonin-1-711x400.jpg 711w, https:\/\/www.sideaita.it\/wp-content\/uploads\/2026\/02\/Sidea-summit-of-strength-strongfirst-fabio-zonin-1-1400x788.jpg 1400w, https:\/\/www.sideaita.it\/wp-content\/uploads\/2026\/02\/Sidea-summit-of-strength-strongfirst-fabio-zonin-1-768x432.jpg 768w, https:\/\/www.sideaita.it\/wp-content\/uploads\/2026\/02\/Sidea-summit-of-strength-strongfirst-fabio-zonin-1-1536x864.jpg 1536w, https:\/\/www.sideaita.it\/wp-content\/uploads\/2026\/02\/Sidea-summit-of-strength-strongfirst-fabio-zonin-1-18x10.jpg 18w, https:\/\/www.sideaita.it\/wp-content\/uploads\/2026\/02\/Sidea-summit-of-strength-strongfirst-fabio-zonin-1-700x394.jpg 700w, https:\/\/www.sideaita.it\/wp-content\/uploads\/2026\/02\/Sidea-summit-of-strength-strongfirst-fabio-zonin-1.jpg 1920w\" sizes=\"auto, (max-width: 711px) 100vw, 711px\" \/>\t\t\t\t\t\t\t<\/a>\n  \t\t\t\t\t\t\t<div class=\"overlay\" style=\"background-color: rgba(0, 0, 0, 0.56)\"><\/div>  \t\t\t\t\t\t\t  \t\t\t\t\t\t<\/div>\n  \t\t\t\t\t\t  \t\t\t\t\t<\/div>\n          \t\t\t\t\t<div class=\"box-text text-center\" >\n\t\t\t\t\t<div class=\"box-text-inner blog-post-inner\">\n\n\t\t\t\t\t\n\t\t\t\t\t\t\t\t\t\t<h5 class=\"post-title is-smaller uppercase\">\n\t\t\t\t\t\t<a href=\"https:\/\/www.sideaita.it\/es\/2026\/06\/26\/forza-massimale-e-sport-di-squadra\/\" class=\"plain\">Fuerza m\u00e1xima y deportes de equipo<\/a>\n\t\t\t\t\t<\/h5>\n\t\t\t\t\t<div class=\"post-meta is-small op-8\">26 de junio de 2026<\/div>\t\t\t\t\t<div class=\"is-divider\"><\/div>\n\t\t\t\t\t                    \n\t\t\t\t\t\t\t\t\t\t\t<a href=\"https:\/\/www.sideaita.it\/es\/2026\/06\/26\/forza-massimale-e-sport-di-squadra\/\" class=\"button  is-outline is-small mb-0\">\n\t\t\t\t\t\t\tLeer\t\t\t\t\t\t<\/a>\n\t\t\t\t\t\n\t\t\t\t\t\n\t\t\t\t\t<\/div>\n\t\t\t\t\t<\/div>\n\t\t\t\t\t\t\t\t\t<\/div>\n\t\t\t<\/div>\n\t\t<\/div><div class=\"col post-item\" >\n\t\t\t<div class=\"col-inner\">\n\t\t\t\t<div class=\"box box-normal box-text-bottom box-blog-post has-hover\">\n            \t\t\t\t\t<div class=\"box-image\" >\n  \t\t\t\t\t\t<div class=\"image-color image-overlay-remove image-cover\" style=\"padding-top:144%;\">\n\t\t\t\t\t\t\t<a href=\"https:\/\/www.sideaita.it\/es\/2026\/06\/18\/athx-games-2026-cose-come-funziona-e-come-prepararsi-alla-competizione-ibrida\/\" class=\"plain\" aria-label=\"ATHX Games 2026: qu\u00e9 es, c\u00f3mo funciona y c\u00f3mo prepararse para la competici\u00f3n h\u00edbrida\">\n\t\t\t\t\t\t\t\t<img loading=\"lazy\" decoding=\"async\" width=\"711\" height=\"400\" src=\"https:\/\/www.sideaita.it\/wp-content\/uploads\/2026\/03\/sidea-air-row-hyrox-rowing-711x400.jpg\" class=\"attachment-medium size-medium wp-post-image\" alt=\"Equipos para entrenamiento funcional y CrossFit en el gimnasio.\" srcset=\"https:\/\/www.sideaita.it\/wp-content\/uploads\/2026\/03\/sidea-air-row-hyrox-rowing-711x400.jpg 711w, https:\/\/www.sideaita.it\/wp-content\/uploads\/2026\/03\/sidea-air-row-hyrox-rowing-1400x788.jpg 1400w, https:\/\/www.sideaita.it\/wp-content\/uploads\/2026\/03\/sidea-air-row-hyrox-rowing-768x432.jpg 768w, https:\/\/www.sideaita.it\/wp-content\/uploads\/2026\/03\/sidea-air-row-hyrox-rowing-1536x864.jpg 1536w, https:\/\/www.sideaita.it\/wp-content\/uploads\/2026\/03\/sidea-air-row-hyrox-rowing-18x10.jpg 18w, https:\/\/www.sideaita.it\/wp-content\/uploads\/2026\/03\/sidea-air-row-hyrox-rowing-700x394.jpg 700w, https:\/\/www.sideaita.it\/wp-content\/uploads\/2026\/03\/sidea-air-row-hyrox-rowing.jpg 1920w\" sizes=\"auto, (max-width: 711px) 100vw, 711px\" \/>\t\t\t\t\t\t\t<\/a>\n  \t\t\t\t\t\t\t<div class=\"overlay\" style=\"background-color: rgba(0, 0, 0, 0.56)\"><\/div>  \t\t\t\t\t\t\t  \t\t\t\t\t\t<\/div>\n  \t\t\t\t\t\t  \t\t\t\t\t<\/div>\n          \t\t\t\t\t<div class=\"box-text text-center\" >\n\t\t\t\t\t<div class=\"box-text-inner blog-post-inner\">\n\n\t\t\t\t\t\n\t\t\t\t\t\t\t\t\t\t<h5 class=\"post-title is-smaller uppercase\">\n\t\t\t\t\t\t<a href=\"https:\/\/www.sideaita.it\/es\/2026\/06\/18\/athx-games-2026-cose-come-funziona-e-come-prepararsi-alla-competizione-ibrida\/\" class=\"plain\">ATHX Games 2026: qu\u00e9 es, c\u00f3mo funciona y c\u00f3mo prepararse para la competici\u00f3n h\u00edbrida<\/a>\n\t\t\t\t\t<\/h5>\n\t\t\t\t\t<div class=\"post-meta is-small op-8\">18 de junio de 2026<\/div>\t\t\t\t\t<div class=\"is-divider\"><\/div>\n\t\t\t\t\t                    \n\t\t\t\t\t\t\t\t\t\t\t<a href=\"https:\/\/www.sideaita.it\/es\/2026\/06\/18\/athx-games-2026-cose-come-funziona-e-come-prepararsi-alla-competizione-ibrida\/\" class=\"button  is-outline is-small mb-0\">\n\t\t\t\t\t\t\tLeer\t\t\t\t\t\t<\/a>\n\t\t\t\t\t\n\t\t\t\t\t\n\t\t\t\t\t<\/div>\n\t\t\t\t\t<\/div>\n\t\t\t\t\t\t\t\t\t<\/div>\n\t\t\t<\/div>\n\t\t<\/div><div class=\"col post-item\" >\n\t\t\t<div class=\"col-inner\">\n\t\t\t\t<div class=\"box box-normal box-text-bottom box-blog-post has-hover\">\n            \t\t\t\t\t<div class=\"box-image\" >\n  \t\t\t\t\t\t<div class=\"image-color image-overlay-remove image-cover\" style=\"padding-top:144%;\">\n\t\t\t\t\t\t\t<a href=\"https:\/\/www.sideaita.it\/es\/2026\/05\/26\/la-struttura-governa-la-funzione-il-dott-luca-franzon-al-summit-of-strength-di-cesena\/\" class=\"plain\" aria-label=\"La estructura gobierna la funci\u00f3n: el Dr. Luca Franzon en la Cumbre de la Fuerza de Cesena\">\n\t\t\t\t\t\t\t\t<img loading=\"lazy\" decoding=\"async\" width=\"600\" height=\"400\" src=\"https:\/\/www.sideaita.it\/wp-content\/uploads\/2026\/05\/Sidea-summit-of-strength-strongfirst-conferenza-Franzon-3-600x400.jpg\" class=\"attachment-medium size-medium wp-post-image\" alt=\"Sidea cumbre de la fuerza strongfirst conferencia Franzon 3\" srcset=\"https:\/\/www.sideaita.it\/wp-content\/uploads\/2026\/05\/Sidea-summit-of-strength-strongfirst-conferenza-Franzon-3-600x400.jpg 600w, https:\/\/www.sideaita.it\/wp-content\/uploads\/2026\/05\/Sidea-summit-of-strength-strongfirst-conferenza-Franzon-3-1200x800.jpg 1200w, https:\/\/www.sideaita.it\/wp-content\/uploads\/2026\/05\/Sidea-summit-of-strength-strongfirst-conferenza-Franzon-3-768x512.jpg 768w, https:\/\/www.sideaita.it\/wp-content\/uploads\/2026\/05\/Sidea-summit-of-strength-strongfirst-conferenza-Franzon-3-1536x1024.jpg 1536w, https:\/\/www.sideaita.it\/wp-content\/uploads\/2026\/05\/Sidea-summit-of-strength-strongfirst-conferenza-Franzon-3-18x12.jpg 18w, https:\/\/www.sideaita.it\/wp-content\/uploads\/2026\/05\/Sidea-summit-of-strength-strongfirst-conferenza-Franzon-3-700x467.jpg 700w, https:\/\/www.sideaita.it\/wp-content\/uploads\/2026\/05\/Sidea-summit-of-strength-strongfirst-conferenza-Franzon-3.jpg 2048w\" sizes=\"auto, (max-width: 600px) 100vw, 600px\" \/>\t\t\t\t\t\t\t<\/a>\n  \t\t\t\t\t\t\t<div class=\"overlay\" style=\"background-color: rgba(0, 0, 0, 0.56)\"><\/div>  \t\t\t\t\t\t\t  \t\t\t\t\t\t<\/div>\n  \t\t\t\t\t\t  \t\t\t\t\t<\/div>\n          \t\t\t\t\t<div class=\"box-text text-center\" >\n\t\t\t\t\t<div class=\"box-text-inner blog-post-inner\">\n\n\t\t\t\t\t\n\t\t\t\t\t\t\t\t\t\t<h5 class=\"post-title is-smaller uppercase\">\n\t\t\t\t\t\t<a href=\"https:\/\/www.sideaita.it\/es\/2026\/05\/26\/la-struttura-governa-la-funzione-il-dott-luca-franzon-al-summit-of-strength-di-cesena\/\" class=\"plain\">La estructura gobierna la funci\u00f3n: el Dr. Luca Franzon en la Cumbre de la Fuerza de Cesena<\/a>\n\t\t\t\t\t<\/h5>\n\t\t\t\t\t<div class=\"post-meta is-small op-8\">26 mayo 2026<\/div>\t\t\t\t\t<div class=\"is-divider\"><\/div>\n\t\t\t\t\t                    \n\t\t\t\t\t\t\t\t\t\t\t<a href=\"https:\/\/www.sideaita.it\/es\/2026\/05\/26\/la-struttura-governa-la-funzione-il-dott-luca-franzon-al-summit-of-strength-di-cesena\/\" class=\"button  is-outline is-small mb-0\">\n\t\t\t\t\t\t\tLeer\t\t\t\t\t\t<\/a>\n\t\t\t\t\t\n\t\t\t\t\t\n\t\t\t\t\t<\/div>\n\t\t\t\t\t<\/div>\n\t\t\t\t\t\t\t\t\t<\/div>\n\t\t\t<\/div>\n\t\t<\/div><div class=\"col post-item\" >\n\t\t\t<div class=\"col-inner\">\n\t\t\t\t<div class=\"box box-normal box-text-bottom box-blog-post has-hover\">\n            \t\t\t\t\t<div class=\"box-image\" >\n  \t\t\t\t\t\t<div class=\"image-color image-overlay-remove image-cover\" style=\"padding-top:144%;\">\n\t\t\t\t\t\t\t<a href=\"https:\/\/www.sideaita.it\/es\/2026\/05\/15\/ipertrofia-e-forza-essere-piu-muscolosi-significa-davvero-essere-piu-forti\/\" class=\"plain\" aria-label=\"Hipertrofia y fuerza: \u00bfser m\u00e1s musculoso significa realmente ser m\u00e1s fuerte?\">\n\t\t\t\t\t\t\t\t<img loading=\"lazy\" decoding=\"async\" width=\"711\" height=\"400\" src=\"https:\/\/www.sideaita.it\/wp-content\/uploads\/2026\/02\/Sidea-summit-of-strength-strongfirst-fabio-zonin-1-711x400.jpg\" class=\"attachment-medium size-medium wp-post-image\" alt=\"Sidea cumbre de la fuerza strongfirst fabio zonin conferencia etapa 1\" srcset=\"https:\/\/www.sideaita.it\/wp-content\/uploads\/2026\/02\/Sidea-summit-of-strength-strongfirst-fabio-zonin-1-711x400.jpg 711w, https:\/\/www.sideaita.it\/wp-content\/uploads\/2026\/02\/Sidea-summit-of-strength-strongfirst-fabio-zonin-1-1400x788.jpg 1400w, https:\/\/www.sideaita.it\/wp-content\/uploads\/2026\/02\/Sidea-summit-of-strength-strongfirst-fabio-zonin-1-768x432.jpg 768w, https:\/\/www.sideaita.it\/wp-content\/uploads\/2026\/02\/Sidea-summit-of-strength-strongfirst-fabio-zonin-1-1536x864.jpg 1536w, https:\/\/www.sideaita.it\/wp-content\/uploads\/2026\/02\/Sidea-summit-of-strength-strongfirst-fabio-zonin-1-18x10.jpg 18w, https:\/\/www.sideaita.it\/wp-content\/uploads\/2026\/02\/Sidea-summit-of-strength-strongfirst-fabio-zonin-1-700x394.jpg 700w, https:\/\/www.sideaita.it\/wp-content\/uploads\/2026\/02\/Sidea-summit-of-strength-strongfirst-fabio-zonin-1.jpg 1920w\" sizes=\"auto, (max-width: 711px) 100vw, 711px\" \/>\t\t\t\t\t\t\t<\/a>\n  \t\t\t\t\t\t\t<div class=\"overlay\" style=\"background-color: rgba(0, 0, 0, 0.56)\"><\/div>  \t\t\t\t\t\t\t  \t\t\t\t\t\t<\/div>\n  \t\t\t\t\t\t  \t\t\t\t\t<\/div>\n          \t\t\t\t\t<div class=\"box-text text-center\" >\n\t\t\t\t\t<div class=\"box-text-inner blog-post-inner\">\n\n\t\t\t\t\t\n\t\t\t\t\t\t\t\t\t\t<h5 class=\"post-title is-smaller uppercase\">\n\t\t\t\t\t\t<a href=\"https:\/\/www.sideaita.it\/es\/2026\/05\/15\/ipertrofia-e-forza-essere-piu-muscolosi-significa-davvero-essere-piu-forti\/\" class=\"plain\">Hipertrofia y fuerza: \u00bfser m\u00e1s musculoso significa realmente ser m\u00e1s fuerte?<\/a>\n\t\t\t\t\t<\/h5>\n\t\t\t\t\t<div class=\"post-meta is-small op-8\">15 mayo 2026<\/div>\t\t\t\t\t<div class=\"is-divider\"><\/div>\n\t\t\t\t\t                    \n\t\t\t\t\t\t\t\t\t\t\t<a href=\"https:\/\/www.sideaita.it\/es\/2026\/05\/15\/ipertrofia-e-forza-essere-piu-muscolosi-significa-davvero-essere-piu-forti\/\" class=\"button  is-outline is-small mb-0\">\n\t\t\t\t\t\t\tLeer\t\t\t\t\t\t<\/a>\n\t\t\t\t\t\n\t\t\t\t\t\n\t\t\t\t\t<\/div>\n\t\t\t\t\t<\/div>\n\t\t\t\t\t\t\t\t\t<\/div>\n\t\t\t<\/div>\n\t\t<\/div><div class=\"col post-item\" >\n\t\t\t<div class=\"col-inner\">\n\t\t\t\t<div class=\"box box-normal box-text-bottom box-blog-post has-hover\">\n            \t\t\t\t\t<div class=\"box-image\" >\n  \t\t\t\t\t\t<div class=\"image-color image-overlay-remove image-cover\" style=\"padding-top:144%;\">\n\t\t\t\t\t\t\t<a href=\"https:\/\/www.sideaita.it\/es\/2026\/04\/15\/strongfirst-summit-of-strength-2026-a-cesena-il-base-system-di-tiago-proenca\/\" class=\"plain\" aria-label=\"StrongFirst Cumbre de la Fuerza 2026 en Cesena: el sistema BASE de Tiago Proen\u00e7a\">\n\t\t\t\t\t\t\t\t<img loading=\"lazy\" decoding=\"async\" width=\"600\" height=\"400\" src=\"https:\/\/www.sideaita.it\/wp-content\/uploads\/2026\/04\/Sidea-summit-of-strength-strongfirst-Tiajo-conferenza-5-600x400.jpg\" class=\"attachment-medium size-medium wp-post-image\" alt=\"T\u00e9cnico de fitness durante la Cumbre StrongFirst 2026 en Cesena (Italia), utilizando equipos de alta calidad para el entrenamiento de fuerza y funcional.\" srcset=\"https:\/\/www.sideaita.it\/wp-content\/uploads\/2026\/04\/Sidea-summit-of-strength-strongfirst-Tiajo-conferenza-5-600x400.jpg 600w, https:\/\/www.sideaita.it\/wp-content\/uploads\/2026\/04\/Sidea-summit-of-strength-strongfirst-Tiajo-conferenza-5-1200x800.jpg 1200w, https:\/\/www.sideaita.it\/wp-content\/uploads\/2026\/04\/Sidea-summit-of-strength-strongfirst-Tiajo-conferenza-5-768x512.jpg 768w, https:\/\/www.sideaita.it\/wp-content\/uploads\/2026\/04\/Sidea-summit-of-strength-strongfirst-Tiajo-conferenza-5-1536x1024.jpg 1536w, https:\/\/www.sideaita.it\/wp-content\/uploads\/2026\/04\/Sidea-summit-of-strength-strongfirst-Tiajo-conferenza-5-18x12.jpg 18w, https:\/\/www.sideaita.it\/wp-content\/uploads\/2026\/04\/Sidea-summit-of-strength-strongfirst-Tiajo-conferenza-5-700x467.jpg 700w, https:\/\/www.sideaita.it\/wp-content\/uploads\/2026\/04\/Sidea-summit-of-strength-strongfirst-Tiajo-conferenza-5.jpg 2048w\" sizes=\"auto, (max-width: 600px) 100vw, 600px\" \/>\t\t\t\t\t\t\t<\/a>\n  \t\t\t\t\t\t\t<div class=\"overlay\" style=\"background-color: rgba(0, 0, 0, 0.56)\"><\/div>  \t\t\t\t\t\t\t  \t\t\t\t\t\t<\/div>\n  \t\t\t\t\t\t  \t\t\t\t\t<\/div>\n          \t\t\t\t\t<div class=\"box-text text-center\" >\n\t\t\t\t\t<div class=\"box-text-inner blog-post-inner\">\n\n\t\t\t\t\t\n\t\t\t\t\t\t\t\t\t\t<h5 class=\"post-title is-smaller uppercase\">\n\t\t\t\t\t\t<a href=\"https:\/\/www.sideaita.it\/es\/2026\/04\/15\/strongfirst-summit-of-strength-2026-a-cesena-il-base-system-di-tiago-proenca\/\" class=\"plain\">StrongFirst Cumbre de la Fuerza 2026 en Cesena: el sistema BASE de Tiago Proen\u00e7a<\/a>\n\t\t\t\t\t<\/h5>\n\t\t\t\t\t<div class=\"post-meta is-small op-8\">15 abril 2026<\/div>\t\t\t\t\t<div class=\"is-divider\"><\/div>\n\t\t\t\t\t                    \n\t\t\t\t\t\t\t\t\t\t\t<a href=\"https:\/\/www.sideaita.it\/es\/2026\/04\/15\/strongfirst-summit-of-strength-2026-a-cesena-il-base-system-di-tiago-proenca\/\" class=\"button  is-outline is-small mb-0\">\n\t\t\t\t\t\t\tLeer\t\t\t\t\t\t<\/a>\n\t\t\t\t\t\n\t\t\t\t\t\n\t\t\t\t\t<\/div>\n\t\t\t\t\t<\/div>\n\t\t\t\t\t\t\t\t\t<\/div>\n\t\t\t<\/div>\n\t\t<\/div><div class=\"col post-item\" >\n\t\t\t<div class=\"col-inner\">\n\t\t\t\t<div class=\"box box-normal box-text-bottom box-blog-post has-hover\">\n            \t\t\t\t\t<div class=\"box-image\" >\n  \t\t\t\t\t\t<div class=\"image-color image-overlay-remove image-cover\" style=\"padding-top:144%;\">\n\t\t\t\t\t\t\t<a href=\"https:\/\/www.sideaita.it\/es\/2026\/04\/09\/forza-e-ipertrofia-un-falso-conflitto\/\" class=\"plain\" aria-label=\"Fuerza e hipertrofia: un falso conflicto\">\n\t\t\t\t\t\t\t\t<img loading=\"lazy\" decoding=\"async\" width=\"600\" height=\"400\" src=\"https:\/\/www.sideaita.it\/wp-content\/uploads\/2026\/03\/Sidea-summit-of-strength-strongfirst-fabio-riccardo-grandi-2-600x400.jpg\" class=\"attachment-medium size-medium wp-post-image\" alt=\"Monitora de fitness hablando durante una sesi\u00f3n de entrenamiento, con equipos profesionales de fuerza e hipertrofia, en un centro de fitness Sidea.\" srcset=\"https:\/\/www.sideaita.it\/wp-content\/uploads\/2026\/03\/Sidea-summit-of-strength-strongfirst-fabio-riccardo-grandi-2-600x400.jpg 600w, https:\/\/www.sideaita.it\/wp-content\/uploads\/2026\/03\/Sidea-summit-of-strength-strongfirst-fabio-riccardo-grandi-2-1200x800.jpg 1200w, https:\/\/www.sideaita.it\/wp-content\/uploads\/2026\/03\/Sidea-summit-of-strength-strongfirst-fabio-riccardo-grandi-2-768x512.jpg 768w, https:\/\/www.sideaita.it\/wp-content\/uploads\/2026\/03\/Sidea-summit-of-strength-strongfirst-fabio-riccardo-grandi-2-1536x1024.jpg 1536w, https:\/\/www.sideaita.it\/wp-content\/uploads\/2026\/03\/Sidea-summit-of-strength-strongfirst-fabio-riccardo-grandi-2-18x12.jpg 18w, https:\/\/www.sideaita.it\/wp-content\/uploads\/2026\/03\/Sidea-summit-of-strength-strongfirst-fabio-riccardo-grandi-2-700x467.jpg 700w, https:\/\/www.sideaita.it\/wp-content\/uploads\/2026\/03\/Sidea-summit-of-strength-strongfirst-fabio-riccardo-grandi-2.jpg 2048w\" sizes=\"auto, (max-width: 600px) 100vw, 600px\" \/>\t\t\t\t\t\t\t<\/a>\n  \t\t\t\t\t\t\t<div class=\"overlay\" style=\"background-color: rgba(0, 0, 0, 0.56)\"><\/div>  \t\t\t\t\t\t\t  \t\t\t\t\t\t<\/div>\n  \t\t\t\t\t\t  \t\t\t\t\t<\/div>\n          \t\t\t\t\t<div class=\"box-text text-center\" >\n\t\t\t\t\t<div class=\"box-text-inner blog-post-inner\">\n\n\t\t\t\t\t\n\t\t\t\t\t\t\t\t\t\t<h5 class=\"post-title is-smaller uppercase\">\n\t\t\t\t\t\t<a href=\"https:\/\/www.sideaita.it\/es\/2026\/04\/09\/forza-e-ipertrofia-un-falso-conflitto\/\" class=\"plain\">Fuerza e hipertrofia: un falso conflicto<\/a>\n\t\t\t\t\t<\/h5>\n\t\t\t\t\t<div class=\"post-meta is-small op-8\">9 abril 2026<\/div>\t\t\t\t\t<div class=\"is-divider\"><\/div>\n\t\t\t\t\t                    \n\t\t\t\t\t\t\t\t\t\t\t<a href=\"https:\/\/www.sideaita.it\/es\/2026\/04\/09\/forza-e-ipertrofia-un-falso-conflitto\/\" class=\"button  is-outline is-small mb-0\">\n\t\t\t\t\t\t\tLeer\t\t\t\t\t\t<\/a>\n\t\t\t\t\t\n\t\t\t\t\t\n\t\t\t\t\t<\/div>\n\t\t\t\t\t<\/div>\n\t\t\t\t\t\t\t\t\t<\/div>\n\t\t\t<\/div>\n\t\t<\/div><div class=\"col post-item\" >\n\t\t\t<div class=\"col-inner\">\n\t\t\t\t<div class=\"box box-normal box-text-bottom box-blog-post has-hover\">\n            \t\t\t\t\t<div class=\"box-image\" >\n  \t\t\t\t\t\t<div class=\"image-color image-overlay-remove image-cover\" style=\"padding-top:144%;\">\n\t\t\t\t\t\t\t<a href=\"https:\/\/www.sideaita.it\/es\/2026\/04\/02\/guida-pratica-per-preparare-la-tua-prima-gara-hyrox\/\" class=\"plain\" aria-label=\"Gu\u00eda pr\u00e1ctica para preparar tu primera carrera HYROX\">\n\t\t\t\t\t\t\t\t<img loading=\"lazy\" decoding=\"async\" width=\"711\" height=\"400\" src=\"https:\/\/www.sideaita.it\/wp-content\/uploads\/2026\/03\/Sidea-push-sled-hyrox-functional-training-711x400.jpg\" class=\"attachment-medium size-medium wp-post-image\" alt=\"Equipo de fitness profesional para entrenamientos de alta intensidad, ideal para mejorar la fuerza y la resistencia.\" srcset=\"https:\/\/www.sideaita.it\/wp-content\/uploads\/2026\/03\/Sidea-push-sled-hyrox-functional-training-711x400.jpg 711w, https:\/\/www.sideaita.it\/wp-content\/uploads\/2026\/03\/Sidea-push-sled-hyrox-functional-training-1400x788.jpg 1400w, https:\/\/www.sideaita.it\/wp-content\/uploads\/2026\/03\/Sidea-push-sled-hyrox-functional-training-768x432.jpg 768w, https:\/\/www.sideaita.it\/wp-content\/uploads\/2026\/03\/Sidea-push-sled-hyrox-functional-training-1536x864.jpg 1536w, https:\/\/www.sideaita.it\/wp-content\/uploads\/2026\/03\/Sidea-push-sled-hyrox-functional-training-18x10.jpg 18w, https:\/\/www.sideaita.it\/wp-content\/uploads\/2026\/03\/Sidea-push-sled-hyrox-functional-training-700x394.jpg 700w, https:\/\/www.sideaita.it\/wp-content\/uploads\/2026\/03\/Sidea-push-sled-hyrox-functional-training.jpg 1920w\" sizes=\"auto, (max-width: 711px) 100vw, 711px\" \/>\t\t\t\t\t\t\t<\/a>\n  \t\t\t\t\t\t\t<div class=\"overlay\" style=\"background-color: rgba(0, 0, 0, 0.56)\"><\/div>  \t\t\t\t\t\t\t  \t\t\t\t\t\t<\/div>\n  \t\t\t\t\t\t  \t\t\t\t\t<\/div>\n          \t\t\t\t\t<div class=\"box-text text-center\" >\n\t\t\t\t\t<div class=\"box-text-inner blog-post-inner\">\n\n\t\t\t\t\t\n\t\t\t\t\t\t\t\t\t\t<h5 class=\"post-title is-smaller uppercase\">\n\t\t\t\t\t\t<a href=\"https:\/\/www.sideaita.it\/es\/2026\/04\/02\/guida-pratica-per-preparare-la-tua-prima-gara-hyrox\/\" class=\"plain\">Gu\u00eda pr\u00e1ctica para preparar tu primera carrera HYROX<\/a>\n\t\t\t\t\t<\/h5>\n\t\t\t\t\t<div class=\"post-meta is-small op-8\">2 abril 2026<\/div>\t\t\t\t\t<div class=\"is-divider\"><\/div>\n\t\t\t\t\t                    \n\t\t\t\t\t\t\t\t\t\t\t<a href=\"https:\/\/www.sideaita.it\/es\/2026\/04\/02\/guida-pratica-per-preparare-la-tua-prima-gara-hyrox\/\" class=\"button  is-outline is-small mb-0\">\n\t\t\t\t\t\t\tLeer\t\t\t\t\t\t<\/a>\n\t\t\t\t\t\n\t\t\t\t\t\n\t\t\t\t\t<\/div>\n\t\t\t\t\t<\/div>\n\t\t\t\t\t\t\t\t\t<\/div>\n\t\t\t<\/div>\n\t\t<\/div><\/div>\n\n  <div class=\"banner has-hover\" id=\"banner-1411431231\">\n          <div class=\"banner-inner fill\">\n        <div class=\"banner-bg fill\" >\n            <img loading=\"lazy\" decoding=\"async\" width=\"1020\" height=\"319\" src=\"https:\/\/www.sideaita.it\/wp-content\/uploads\/2024\/02\/COPERTINA-MAILING-DISCHI-DA-PL-2--1400x438.jpg\" class=\"bg attachment-large size-large\" alt=\"CUBIERTA DISCOS DE CORREO DE PL 2\" \/>                        <div class=\"overlay\"><\/div>            \n                    <\/div>\n\t\t\n        <div class=\"banner-layers container\">\n            <div class=\"fill banner-link\"><\/div>            \n   <div id=\"text-box-1165100765\" class=\"text-box banner-layer x50 md-x50 lg-x50 y50 md-y50 lg-y50 res-text\">\n                                <div class=\"text-box-content text dark\">\n              \n              <div class=\"text-inner text-center\">\n                  \n\t<div id=\"text-887848605\" class=\"text\">\n\t\t\n<p><strong>BOLET\u00cdN SIDEA<\/strong><\/p>\n<p>Suscr\u00edbase a nuestro bolet\u00edn para recibir noticias, promociones e informaci\u00f3n sobre el mundo de Sidea.<br \/>\n\t\t\n<style>\n#text-887848605 {\n  font-size: 1.45rem;\n  line-height: 1.25;\n}\n<\/style>\n\t<\/div>\n\t\n<a href=\"http:\/\/eepurl.com\/iD9wQo\" class=\"button white is-outline is-large\" style=\"border-radius:26px;\">\n\t\t<span>\u00daNASE A<\/span>\n\t<\/a>\n\n              <\/div>\n           <\/div>\n                            \n<style>\n#text-box-1165100765 {\n  width: 60%;\n}\n#text-box-1165100765 .text-box-content {\n  font-size: 100%;\n}\n<\/style>\n    <\/div>\n \n        <\/div>\n      <\/div>\n\n            \n<style>\n#banner-1411431231 {\n  padding-top: 300px;\n  background-color: rgb(0, 0, 0);\n}\n#banner-1411431231 .overlay {\n  background-color: rgba(0, 0, 0, 0.669);\n}\n<\/style>\n  <\/div>","protected":false},"excerpt":{"rendered":"<p>La Bolsa Si-Sand es aconsejable para cualquier usuario, ya que permite combinar varios ejercicios fundamentales y seguros en una sola herramienta.<\/p>","protected":false},"author":3,"featured_media":103773,"comment_status":"open","ping_status":"open","sticky":false,"template":"","format":"standard","meta":{"footnotes":""},"categories":[277],"tags":[4928,278,276],"class_list":["post-103616","post","type-post","status-publish","format-standard","has-post-thumbnail","hentry","category-functional-training","tag-allenamento-funzionale","tag-functional-training","tag-sidea"],"yoast_head":"<!-- This site is optimized with the Yoast SEO Premium plugin v28.1 (Yoast SEO v28.1) - https:\/\/yoast.com\/product\/yoast-seo-premium-wordpress\/ -->\n<title>Si-Sand Bag Training: un allenamento adatto a tutti i livelli - Sidea Fitness<\/title>\n<meta name=\"description\" content=\"La Si-Sand Bag \u00e8 consigliabile per qualunque utilizzatore, perch\u00e9 sa coniugare in un unico attrezzo pi\u00f9 esercizi fondamentali, eseguibili in sicurezza.\" \/>\n<meta name=\"robots\" content=\"index, follow, max-snippet:-1, max-image-preview:large, max-video-preview:-1\" \/>\n<link rel=\"canonical\" href=\"https:\/\/www.sideaita.it\/es\/2020\/07\/31\/si-sand-bag-training-sidea\/\" \/>\n<meta property=\"og:locale\" content=\"es_ES\" \/>\n<meta property=\"og:type\" content=\"article\" \/>\n<meta property=\"og:title\" content=\"Si-Sand Bag Training: un allenamento completo e adatto a tutti i livelli\" \/>\n<meta property=\"og:description\" content=\"La Si-Sand Bag \u00e8 consigliabile per qualunque utilizzatore, perch\u00e9 sa coniugare in un unico attrezzo pi\u00f9 esercizi fondamentali, eseguibili in sicurezza.\" \/>\n<meta property=\"og:url\" content=\"https:\/\/www.sideaita.it\/es\/2020\/07\/31\/si-sand-bag-training-sidea\/\" \/>\n<meta property=\"og:site_name\" content=\"Sidea | Attrezzatura Fitness Professionale\" \/>\n<meta property=\"article:publisher\" content=\"https:\/\/www.facebook.com\/sideaita\/\" \/>\n<meta property=\"article:published_time\" content=\"2020-07-31T13:48:06+00:00\" \/>\n<meta property=\"article:modified_time\" content=\"2024-06-13T18:53:01+00:00\" \/>\n<meta property=\"og:image\" content=\"https:\/\/www.sideaita.it\/wp-content\/uploads\/2020\/07\/SIDEA-Si-Sand-Bag-43.jpg\" \/>\n\t<meta property=\"og:image:width\" content=\"2500\" \/>\n\t<meta property=\"og:image:height\" content=\"1667\" \/>\n\t<meta property=\"og:image:type\" content=\"image\/jpeg\" \/>\n<meta name=\"author\" content=\"Sidea\" \/>\n<meta name=\"twitter:card\" content=\"summary_large_image\" \/>\n<meta name=\"twitter:label1\" content=\"Escrito por\" \/>\n\t<meta name=\"twitter:data1\" content=\"Sidea\" \/>\n\t<meta name=\"twitter:label2\" content=\"Tiempo de lectura\" \/>\n\t<meta name=\"twitter:data2\" content=\"7 minutos\" \/>\n<script type=\"application\/ld+json\" class=\"yoast-schema-graph\">{\"@context\":\"https:\\\/\\\/schema.org\",\"@graph\":[{\"@type\":\"Article\",\"@id\":\"https:\\\/\\\/www.sideaita.it\\\/2020\\\/07\\\/31\\\/si-sand-bag-training-sidea\\\/#article\",\"isPartOf\":{\"@id\":\"https:\\\/\\\/www.sideaita.it\\\/2020\\\/07\\\/31\\\/si-sand-bag-training-sidea\\\/\"},\"author\":{\"name\":\"Sidea\",\"@id\":\"https:\\\/\\\/www.sideaita.it\\\/#\\\/schema\\\/person\\\/dffac77f9ef1c6ee0bee663f15d9de31\"},\"headline\":\"Si-Sand Bag Training: un allenamento completo e adatto a tutti i livelli\",\"datePublished\":\"2020-07-31T13:48:06+00:00\",\"dateModified\":\"2024-06-13T18:53:01+00:00\",\"mainEntityOfPage\":{\"@id\":\"https:\\\/\\\/www.sideaita.it\\\/2020\\\/07\\\/31\\\/si-sand-bag-training-sidea\\\/\"},\"wordCount\":1387,\"commentCount\":0,\"publisher\":{\"@id\":\"https:\\\/\\\/www.sideaita.it\\\/#organization\"},\"image\":{\"@id\":\"https:\\\/\\\/www.sideaita.it\\\/2020\\\/07\\\/31\\\/si-sand-bag-training-sidea\\\/#primaryimage\"},\"thumbnailUrl\":\"https:\\\/\\\/www.sideaita.it\\\/wp-content\\\/uploads\\\/2020\\\/07\\\/SIDEA-Si-Sand-Bag-43.jpg\",\"keywords\":[\"allenamento funzionale\",\"functional training\",\"sidea\"],\"articleSection\":[\"News Functional Training\"],\"inLanguage\":\"es\",\"potentialAction\":[{\"@type\":\"CommentAction\",\"name\":\"Comment\",\"target\":[\"https:\\\/\\\/www.sideaita.it\\\/2020\\\/07\\\/31\\\/si-sand-bag-training-sidea\\\/#respond\"]}]},{\"@type\":\"WebPage\",\"@id\":\"https:\\\/\\\/www.sideaita.it\\\/2020\\\/07\\\/31\\\/si-sand-bag-training-sidea\\\/\",\"url\":\"https:\\\/\\\/www.sideaita.it\\\/2020\\\/07\\\/31\\\/si-sand-bag-training-sidea\\\/\",\"name\":\"Si-Sand Bag Training: un allenamento adatto a tutti i livelli - Sidea Fitness\",\"isPartOf\":{\"@id\":\"https:\\\/\\\/www.sideaita.it\\\/#website\"},\"primaryImageOfPage\":{\"@id\":\"https:\\\/\\\/www.sideaita.it\\\/2020\\\/07\\\/31\\\/si-sand-bag-training-sidea\\\/#primaryimage\"},\"image\":{\"@id\":\"https:\\\/\\\/www.sideaita.it\\\/2020\\\/07\\\/31\\\/si-sand-bag-training-sidea\\\/#primaryimage\"},\"thumbnailUrl\":\"https:\\\/\\\/www.sideaita.it\\\/wp-content\\\/uploads\\\/2020\\\/07\\\/SIDEA-Si-Sand-Bag-43.jpg\",\"datePublished\":\"2020-07-31T13:48:06+00:00\",\"dateModified\":\"2024-06-13T18:53:01+00:00\",\"description\":\"La Si-Sand Bag \u00e8 consigliabile per qualunque utilizzatore, perch\u00e9 sa coniugare in un unico attrezzo pi\u00f9 esercizi fondamentali, eseguibili in sicurezza.\",\"breadcrumb\":{\"@id\":\"https:\\\/\\\/www.sideaita.it\\\/2020\\\/07\\\/31\\\/si-sand-bag-training-sidea\\\/#breadcrumb\"},\"inLanguage\":\"es\",\"potentialAction\":[{\"@type\":\"ReadAction\",\"target\":[\"https:\\\/\\\/www.sideaita.it\\\/2020\\\/07\\\/31\\\/si-sand-bag-training-sidea\\\/\"]}]},{\"@type\":\"ImageObject\",\"inLanguage\":\"es\",\"@id\":\"https:\\\/\\\/www.sideaita.it\\\/2020\\\/07\\\/31\\\/si-sand-bag-training-sidea\\\/#primaryimage\",\"url\":\"https:\\\/\\\/www.sideaita.it\\\/wp-content\\\/uploads\\\/2020\\\/07\\\/SIDEA-Si-Sand-Bag-43.jpg\",\"contentUrl\":\"https:\\\/\\\/www.sideaita.it\\\/wp-content\\\/uploads\\\/2020\\\/07\\\/SIDEA-Si-Sand-Bag-43.jpg\",\"width\":2500,\"height\":1667,\"caption\":\"si-sand-bag-sidea\"},{\"@type\":\"BreadcrumbList\",\"@id\":\"https:\\\/\\\/www.sideaita.it\\\/2020\\\/07\\\/31\\\/si-sand-bag-training-sidea\\\/#breadcrumb\",\"itemListElement\":[{\"@type\":\"ListItem\",\"position\":1,\"name\":\"Home\",\"item\":\"https:\\\/\\\/www.sideaita.it\\\/\"},{\"@type\":\"ListItem\",\"position\":2,\"name\":\"Si-Sand Bag Training: un allenamento completo e adatto a tutti i livelli\"}]},{\"@type\":\"WebSite\",\"@id\":\"https:\\\/\\\/www.sideaita.it\\\/#website\",\"url\":\"https:\\\/\\\/www.sideaita.it\\\/\",\"name\":\"Sidea | Attrezzatura Fitness Professionale\",\"description\":\"SIDEA \u2013 Allenati, diventa pi\u00f9 forte, vivi meglio | Attrezzatura professionale per la preparazione fisica ed il functional training. Nata dalla passione per lo sport, sviluppata per le palestre.\",\"publisher\":{\"@id\":\"https:\\\/\\\/www.sideaita.it\\\/#organization\"},\"potentialAction\":[{\"@type\":\"SearchAction\",\"target\":{\"@type\":\"EntryPoint\",\"urlTemplate\":\"https:\\\/\\\/www.sideaita.it\\\/?s={search_term_string}\"},\"query-input\":{\"@type\":\"PropertyValueSpecification\",\"valueRequired\":true,\"valueName\":\"search_term_string\"}}],\"inLanguage\":\"es\"},{\"@type\":\"Organization\",\"@id\":\"https:\\\/\\\/www.sideaita.it\\\/#organization\",\"name\":\"Sidea Srl\",\"alternateName\":\"Sidea\",\"url\":\"https:\\\/\\\/www.sideaita.it\\\/\",\"logo\":{\"@type\":\"ImageObject\",\"inLanguage\":\"es\",\"@id\":\"https:\\\/\\\/www.sideaita.it\\\/#\\\/schema\\\/logo\\\/image\\\/\",\"url\":\"https:\\\/\\\/www.sideaita.it\\\/wp-content\\\/uploads\\\/2023\\\/06\\\/cropped-logo-solo-s-1440x1440-1.jpg\",\"contentUrl\":\"https:\\\/\\\/www.sideaita.it\\\/wp-content\\\/uploads\\\/2023\\\/06\\\/cropped-logo-solo-s-1440x1440-1.jpg\",\"width\":512,\"height\":512,\"caption\":\"Sidea Srl\"},\"image\":{\"@id\":\"https:\\\/\\\/www.sideaita.it\\\/#\\\/schema\\\/logo\\\/image\\\/\"},\"sameAs\":[\"https:\\\/\\\/www.facebook.com\\\/sideaita\\\/\",\"https:\\\/\\\/www.instagram.com\\\/sidea_fitness\\\/\",\"https:\\\/\\\/www.linkedin.com\\\/company\\\/sideafitness\\\/\",\"https:\\\/\\\/www.pinterest.it\\\/sideafitness\\\/\",\"https:\\\/\\\/www.youtube.com\\\/user\\\/FitnessIT\\\/\",\"https:\\\/\\\/www.tiktok.com\\\/@sidea_fitness\"],\"description\":\"SIDEA \u2013 Allenati, diventa pi\u00f9 forte, vivi meglio | Attrezzatura professionale per la preparazione fisica ed il functional training. Nata dalla passione per lo sport, sviluppata per le palestre.\",\"email\":\"sidea@sideaita.it\",\"legalName\":\"Sidea Srl\",\"vatID\":\"IT02693190403\",\"taxID\":\"IT02693190403\",\"hasMerchantReturnPolicy\":{\"@type\":\"MerchantReturnPolicy\",\"merchantReturnLink\":\"https:\\\/\\\/www.sideaita.it\\\/es\\\/termini-condizioni-di-vendita\\\/\"}},{\"@type\":\"Person\",\"@id\":\"https:\\\/\\\/www.sideaita.it\\\/#\\\/schema\\\/person\\\/dffac77f9ef1c6ee0bee663f15d9de31\",\"name\":\"Sidea\",\"image\":{\"@type\":\"ImageObject\",\"inLanguage\":\"es\",\"@id\":\"https:\\\/\\\/secure.gravatar.com\\\/avatar\\\/1f053fd372d4715dae69f2348830136846525c9c803cd9d3899b193518df4fe1?s=96&d=mm&r=g\",\"url\":\"https:\\\/\\\/secure.gravatar.com\\\/avatar\\\/1f053fd372d4715dae69f2348830136846525c9c803cd9d3899b193518df4fe1?s=96&d=mm&r=g\",\"contentUrl\":\"https:\\\/\\\/secure.gravatar.com\\\/avatar\\\/1f053fd372d4715dae69f2348830136846525c9c803cd9d3899b193518df4fe1?s=96&d=mm&r=g\",\"caption\":\"Sidea\"},\"sameAs\":[\"riccardo\"],\"url\":\"https:\\\/\\\/www.sideaita.it\\\/es\\\/author\\\/gioele\\\/\"}]}<\/script>\n<!-- \/ Yoast SEO Premium plugin. -->","yoast_head_json":{"title":"Si-Sand Bag Training: un entrenamiento para todos los niveles - Sidea Fitness","description":"La Bolsa Si-Sand es aconsejable para cualquier usuario, ya que permite combinar varios ejercicios fundamentales y seguros en una sola herramienta.","robots":{"index":"index","follow":"follow","max-snippet":"max-snippet:-1","max-image-preview":"max-image-preview:large","max-video-preview":"max-video-preview:-1"},"canonical":"https:\/\/www.sideaita.it\/es\/2020\/07\/31\/si-sand-bag-training-sidea\/","og_locale":"es_ES","og_type":"article","og_title":"Si-Sand Bag Training: un allenamento completo e adatto a tutti i livelli","og_description":"La Si-Sand Bag \u00e8 consigliabile per qualunque utilizzatore, perch\u00e9 sa coniugare in un unico attrezzo pi\u00f9 esercizi fondamentali, eseguibili in sicurezza.","og_url":"https:\/\/www.sideaita.it\/es\/2020\/07\/31\/si-sand-bag-training-sidea\/","og_site_name":"Sidea | Attrezzatura Fitness Professionale","article_publisher":"https:\/\/www.facebook.com\/sideaita\/","article_published_time":"2020-07-31T13:48:06+00:00","article_modified_time":"2024-06-13T18:53:01+00:00","og_image":[{"width":2500,"height":1667,"url":"https:\/\/www.sideaita.it\/wp-content\/uploads\/2020\/07\/SIDEA-Si-Sand-Bag-43.jpg","type":"image\/jpeg"}],"author":"Sidea","twitter_card":"summary_large_image","twitter_misc":{"Escrito por":"Sidea","Tiempo de lectura":"7 minutos"},"schema":{"@context":"https:\/\/schema.org","@graph":[{"@type":"Article","@id":"https:\/\/www.sideaita.it\/2020\/07\/31\/si-sand-bag-training-sidea\/#article","isPartOf":{"@id":"https:\/\/www.sideaita.it\/2020\/07\/31\/si-sand-bag-training-sidea\/"},"author":{"name":"Sidea","@id":"https:\/\/www.sideaita.it\/#\/schema\/person\/dffac77f9ef1c6ee0bee663f15d9de31"},"headline":"Si-Sand Bag Training: un allenamento completo e adatto a tutti i livelli","datePublished":"2020-07-31T13:48:06+00:00","dateModified":"2024-06-13T18:53:01+00:00","mainEntityOfPage":{"@id":"https:\/\/www.sideaita.it\/2020\/07\/31\/si-sand-bag-training-sidea\/"},"wordCount":1387,"commentCount":0,"publisher":{"@id":"https:\/\/www.sideaita.it\/#organization"},"image":{"@id":"https:\/\/www.sideaita.it\/2020\/07\/31\/si-sand-bag-training-sidea\/#primaryimage"},"thumbnailUrl":"https:\/\/www.sideaita.it\/wp-content\/uploads\/2020\/07\/SIDEA-Si-Sand-Bag-43.jpg","keywords":["allenamento funzionale","functional training","sidea"],"articleSection":["News Functional Training"],"inLanguage":"es","potentialAction":[{"@type":"CommentAction","name":"Comment","target":["https:\/\/www.sideaita.it\/2020\/07\/31\/si-sand-bag-training-sidea\/#respond"]}]},{"@type":"WebPage","@id":"https:\/\/www.sideaita.it\/2020\/07\/31\/si-sand-bag-training-sidea\/","url":"https:\/\/www.sideaita.it\/2020\/07\/31\/si-sand-bag-training-sidea\/","name":"Si-Sand Bag Training: un entrenamiento para todos los niveles - Sidea Fitness","isPartOf":{"@id":"https:\/\/www.sideaita.it\/#website"},"primaryImageOfPage":{"@id":"https:\/\/www.sideaita.it\/2020\/07\/31\/si-sand-bag-training-sidea\/#primaryimage"},"image":{"@id":"https:\/\/www.sideaita.it\/2020\/07\/31\/si-sand-bag-training-sidea\/#primaryimage"},"thumbnailUrl":"https:\/\/www.sideaita.it\/wp-content\/uploads\/2020\/07\/SIDEA-Si-Sand-Bag-43.jpg","datePublished":"2020-07-31T13:48:06+00:00","dateModified":"2024-06-13T18:53:01+00:00","description":"La Bolsa Si-Sand es aconsejable para cualquier usuario, ya que permite combinar varios ejercicios fundamentales y seguros en una sola herramienta.","breadcrumb":{"@id":"https:\/\/www.sideaita.it\/2020\/07\/31\/si-sand-bag-training-sidea\/#breadcrumb"},"inLanguage":"es","potentialAction":[{"@type":"ReadAction","target":["https:\/\/www.sideaita.it\/2020\/07\/31\/si-sand-bag-training-sidea\/"]}]},{"@type":"ImageObject","inLanguage":"es","@id":"https:\/\/www.sideaita.it\/2020\/07\/31\/si-sand-bag-training-sidea\/#primaryimage","url":"https:\/\/www.sideaita.it\/wp-content\/uploads\/2020\/07\/SIDEA-Si-Sand-Bag-43.jpg","contentUrl":"https:\/\/www.sideaita.it\/wp-content\/uploads\/2020\/07\/SIDEA-Si-Sand-Bag-43.jpg","width":2500,"height":1667,"caption":"si-sand-bag-sidea"},{"@type":"BreadcrumbList","@id":"https:\/\/www.sideaita.it\/2020\/07\/31\/si-sand-bag-training-sidea\/#breadcrumb","itemListElement":[{"@type":"ListItem","position":1,"name":"Home","item":"https:\/\/www.sideaita.it\/"},{"@type":"ListItem","position":2,"name":"Si-Sand Bag Training: un allenamento completo e adatto a tutti i livelli"}]},{"@type":"WebSite","@id":"https:\/\/www.sideaita.it\/#website","url":"https:\/\/www.sideaita.it\/","name":"Sidea | Equipos de fitness profesionales","description":"SIDEA - Entrenar, fortalecerse, vivir mejor | Equipamiento profesional para la preparaci\u00f3n f\u00edsica y el entrenamiento funcional. Nacido de la pasi\u00f3n por el deporte, desarrollado para gimnasios.","publisher":{"@id":"https:\/\/www.sideaita.it\/#organization"},"potentialAction":[{"@type":"SearchAction","target":{"@type":"EntryPoint","urlTemplate":"https:\/\/www.sideaita.it\/?s={search_term_string}"},"query-input":{"@type":"PropertyValueSpecification","valueRequired":true,"valueName":"search_term_string"}}],"inLanguage":"es"},{"@type":"Organization","@id":"https:\/\/www.sideaita.it\/#organization","name":"Sidea Srl","alternateName":"Sidea","url":"https:\/\/www.sideaita.it\/","logo":{"@type":"ImageObject","inLanguage":"es","@id":"https:\/\/www.sideaita.it\/#\/schema\/logo\/image\/","url":"https:\/\/www.sideaita.it\/wp-content\/uploads\/2023\/06\/cropped-logo-solo-s-1440x1440-1.jpg","contentUrl":"https:\/\/www.sideaita.it\/wp-content\/uploads\/2023\/06\/cropped-logo-solo-s-1440x1440-1.jpg","width":512,"height":512,"caption":"Sidea Srl"},"image":{"@id":"https:\/\/www.sideaita.it\/#\/schema\/logo\/image\/"},"sameAs":["https:\/\/www.facebook.com\/sideaita\/","https:\/\/www.instagram.com\/sidea_fitness\/","https:\/\/www.linkedin.com\/company\/sideafitness\/","https:\/\/www.pinterest.it\/sideafitness\/","https:\/\/www.youtube.com\/user\/FitnessIT\/","https:\/\/www.tiktok.com\/@sidea_fitness"],"description":"SIDEA - Entrenar, fortalecerse, vivir mejor | Equipamiento profesional para la preparaci\u00f3n f\u00edsica y el entrenamiento funcional. Nacido de la pasi\u00f3n por el deporte, desarrollado para gimnasios.","email":"sidea@sideaita.it","legalName":"Sidea Srl","vatID":"IT02693190403","taxID":"IT02693190403","hasMerchantReturnPolicy":{"@type":"MerchantReturnPolicy","merchantReturnLink":"https:\/\/www.sideaita.it\/es\/termini-condizioni-di-vendita\/"}},{"@type":"Person","@id":"https:\/\/www.sideaita.it\/#\/schema\/person\/dffac77f9ef1c6ee0bee663f15d9de31","name":"Sidea","image":{"@type":"ImageObject","inLanguage":"es","@id":"https:\/\/secure.gravatar.com\/avatar\/1f053fd372d4715dae69f2348830136846525c9c803cd9d3899b193518df4fe1?s=96&d=mm&r=g","url":"https:\/\/secure.gravatar.com\/avatar\/1f053fd372d4715dae69f2348830136846525c9c803cd9d3899b193518df4fe1?s=96&d=mm&r=g","contentUrl":"https:\/\/secure.gravatar.com\/avatar\/1f053fd372d4715dae69f2348830136846525c9c803cd9d3899b193518df4fe1?s=96&d=mm&r=g","caption":"Sidea"},"sameAs":["riccardo"],"url":"https:\/\/www.sideaita.it\/es\/author\/gioele\/"}]}},"_links":{"self":[{"href":"https:\/\/www.sideaita.it\/es\/wp-json\/wp\/v2\/posts\/103616","targetHints":{"allow":["GET"]}}],"collection":[{"href":"https:\/\/www.sideaita.it\/es\/wp-json\/wp\/v2\/posts"}],"about":[{"href":"https:\/\/www.sideaita.it\/es\/wp-json\/wp\/v2\/types\/post"}],"author":[{"embeddable":true,"href":"https:\/\/www.sideaita.it\/es\/wp-json\/wp\/v2\/users\/3"}],"replies":[{"embeddable":true,"href":"https:\/\/www.sideaita.it\/es\/wp-json\/wp\/v2\/comments?post=103616"}],"version-history":[{"count":6,"href":"https:\/\/www.sideaita.it\/es\/wp-json\/wp\/v2\/posts\/103616\/revisions"}],"predecessor-version":[{"id":326797,"href":"https:\/\/www.sideaita.it\/es\/wp-json\/wp\/v2\/posts\/103616\/revisions\/326797"}],"wp:featuredmedia":[{"embeddable":true,"href":"https:\/\/www.sideaita.it\/es\/wp-json\/wp\/v2\/media\/103773"}],"wp:attachment":[{"href":"https:\/\/www.sideaita.it\/es\/wp-json\/wp\/v2\/media?parent=103616"}],"wp:term":[{"taxonomy":"category","embeddable":true,"href":"https:\/\/www.sideaita.it\/es\/wp-json\/wp\/v2\/categories?post=103616"},{"taxonomy":"post_tag","embeddable":true,"href":"https:\/\/www.sideaita.it\/es\/wp-json\/wp\/v2\/tags?post=103616"}],"curies":[{"name":"wp","href":"https:\/\/api.w.org\/{rel}","templated":true}]}}