{"id":107653,"date":"2020-10-14T09:30:39","date_gmt":"2020-10-14T07:30:39","guid":{"rendered":"https:\/\/www.sideaita.it\/?p=107653"},"modified":"2024-06-11T12:48:08","modified_gmt":"2024-06-11T10:48:08","slug":"entrenamiento-funcional-ejercicios-de-carrera","status":"publish","type":"post","link":"https:\/\/www.sideaita.it\/es\/2020\/10\/14\/allenamento-funzionale-corsa-esercizi\/","title":{"rendered":"Entrenamiento funcional y carrera: por qu\u00e9 es \u00fatil y qu\u00e9 tipo de ejercicios realizar"},"content":{"rendered":"<div align=\"justify\">\n<h5 style=\"text-align: right;\"><\/h5>\n<p>Si entreno con pesas me vuelvo m\u00e1s pesado y <strong>riesgo de correr m\u00e1s despacio<\/strong>? Practico el entrenamiento funcional en el gimnasio, pero no me arriesgo a <strong>perder velocidad de carrera<\/strong>?<\/p>\n<p>\u00c9stas son s\u00f3lo algunas de las preguntas que se oyen a menudo sobre el hecho de que un <strong>formaci\u00f3n de refuerzo<\/strong> puede o no ser bueno para nuestras salidas a correr.<\/p>\n<p>En primer lugar, quiero sugerir <strong>confiar en un entrenador experimentado<\/strong> como yo, sobre todo para no cometer errores y perder el tiempo.<\/p>\n<h3>Por qu\u00e9 el entrenamiento funcional tambi\u00e9n es \u00fatil para los corredores<\/h3>\n<p>Hay que recordar siempre que <strong>correr es un deporte<\/strong>y como tal prev\u00e9 una <strong>formaci\u00f3n espec\u00edfica<\/strong> y una <strong>preparaci\u00f3n deportiva<\/strong>sea cual sea el objetivo. El hecho de que corras no significa que no puedas <strong>correr mejor<\/strong>. Al correr, activamos muchos m\u00fasculos. Algunos son m\u00e1s potentes, otros m\u00e1s d\u00e9biles y otros, si son m\u00e1s fuertes, nos ayudan a <strong>prevenci\u00f3n de accidentes<\/strong>.<\/p>\n<p>Es imposible fortalecer todos estos m\u00fasculos s\u00f3lo corriendo. Por este motivo <strong>necesitamos una preparaci\u00f3n espec\u00edfica con ejercicios de refuerzo<\/strong>ya sea con el cuerpo libre o con pesas.<\/p>\n<\/div>\n<div align=\"justify\">\n<h3>Funcional para correr: pesas, cuerpo libre y estiramientos<\/h3>\n<p>Cuando no estoy corriendo y dedic\u00e1ndome a una preparaci\u00f3n espec\u00edfica, alterno <strong>ejercicios de elasticidad<\/strong>, <strong>ejercicios de fortalecimiento<\/strong>con o sin pesas, y tanto <strong>estiramiento<\/strong>.<\/p>\n<p>El entrenamiento de sobrecarga puede realizarse, por ejemplo, para <strong>reforzar la espalda y toda la parte superior<\/strong>. Si desea aislar los m\u00fasculos, puede utilizar herramientas espec\u00edficas, tales como <a href=\"https:\/\/www.sideaita.it\/es\/categorias-de-equipos-de-fitness\/mancuernas-hexagonales-de-goma-mancuernas-aerobicas-de-vinilo\/\">manillar<\/a>realizando ejercicios destinados a fortalecerlos. Las cargas de trabajo no deben ser elevadas, pero <strong>lo suficiente para sentir algo de fatiga<\/strong> y hacer <strong>los m\u00fasculos m\u00e1s tonificados<\/strong>evitando as\u00ed dolores y lesiones.<\/p>\n<\/div>\n\n  \n    <div id=\"gallery-2115619949\" class=\"lightbox-multi-gallery slider slider-auto-height row-collapse slider-nav-circle\" data-flickity-options='{&quot;imagesLoaded&quot;: true, &quot;dragThreshold&quot; : 5, &quot;cellAlign&quot;: &quot;left&quot;,&quot;wrapAround&quot;: true,&quot;prevNextButtons&quot;: true,&quot;percentPosition&quot;: true,&quot;pageDots&quot;: true, &quot;rightToLeft&quot;: false, &quot;autoPlay&quot; : 7000}'>\n\n  <div class=\"gallery-col col\" >\n          <div class=\"col-inner\">\n                        <div class=\"box has-hover gallery-box box-default\">\n              <div class=\"box-image\" >\n                <img loading=\"lazy\" decoding=\"async\" width=\"750\" height=\"563\" src=\"https:\/\/www.sideaita.it\/wp-content\/uploads\/2020\/10\/allenamento-funzionale-corsa-sidea-4.jpg\" class=\"attachment-original size-original\" alt=\"Entrenamiento funcional running sidea\" ids=\"107702,107699,107701,107700\" style=\"default\" lightbox=\"false\" type=\"slider-full\" slider_nav_style=\"circle\" slider_nav_color=\"light\" slider_bullets=\"true\" auto_slide=\"7000\" image_size=\"original\" srcset=\"https:\/\/www.sideaita.it\/wp-content\/uploads\/2020\/10\/allenamento-funzionale-corsa-sidea-4.jpg 750w, https:\/\/www.sideaita.it\/wp-content\/uploads\/2020\/10\/allenamento-funzionale-corsa-sidea-4-533x400.jpg 533w, https:\/\/www.sideaita.it\/wp-content\/uploads\/2020\/10\/allenamento-funzionale-corsa-sidea-4-700x525.jpg 700w\" sizes=\"auto, (max-width: 750px) 100vw, 750px\" \/>                                                              <\/div>\n              <div class=\"box-text text-left\" >\n                 <p><\/p>\n              <\/div>\n            <\/div>\n                      <\/div>\n         <\/div><div class=\"gallery-col col\" >\n          <div class=\"col-inner\">\n                        <div class=\"box has-hover gallery-box box-default\">\n              <div class=\"box-image\" >\n                <img loading=\"lazy\" decoding=\"async\" width=\"750\" height=\"562\" src=\"https:\/\/www.sideaita.it\/wp-content\/uploads\/2020\/10\/allenamento-funzionale-corsa-sidea-1.jpg\" class=\"attachment-original size-original\" alt=\"Entrenamiento funcional running sidea\" ids=\"107702,107699,107701,107700\" style=\"default\" lightbox=\"false\" type=\"slider-full\" slider_nav_style=\"circle\" slider_nav_color=\"light\" slider_bullets=\"true\" auto_slide=\"7000\" image_size=\"original\" srcset=\"https:\/\/www.sideaita.it\/wp-content\/uploads\/2020\/10\/allenamento-funzionale-corsa-sidea-1.jpg 750w, https:\/\/www.sideaita.it\/wp-content\/uploads\/2020\/10\/allenamento-funzionale-corsa-sidea-1-534x400.jpg 534w, https:\/\/www.sideaita.it\/wp-content\/uploads\/2020\/10\/allenamento-funzionale-corsa-sidea-1-700x525.jpg 700w\" sizes=\"auto, (max-width: 750px) 100vw, 750px\" \/>                                                              <\/div>\n              <div class=\"box-text text-left\" >\n                 <p><\/p>\n              <\/div>\n            <\/div>\n                      <\/div>\n         <\/div><div class=\"gallery-col col\" >\n          <div class=\"col-inner\">\n                        <div class=\"box has-hover gallery-box box-default\">\n              <div class=\"box-image\" >\n                <img loading=\"lazy\" decoding=\"async\" width=\"750\" height=\"563\" src=\"https:\/\/www.sideaita.it\/wp-content\/uploads\/2020\/10\/allenamento-funzionale-corsa-sidea-3.jpg\" class=\"attachment-original size-original\" alt=\"Entrenamiento funcional running sidea\" ids=\"107702,107699,107701,107700\" style=\"default\" lightbox=\"false\" type=\"slider-full\" slider_nav_style=\"circle\" slider_nav_color=\"light\" slider_bullets=\"true\" auto_slide=\"7000\" image_size=\"original\" srcset=\"https:\/\/www.sideaita.it\/wp-content\/uploads\/2020\/10\/allenamento-funzionale-corsa-sidea-3.jpg 750w, https:\/\/www.sideaita.it\/wp-content\/uploads\/2020\/10\/allenamento-funzionale-corsa-sidea-3-533x400.jpg 533w, https:\/\/www.sideaita.it\/wp-content\/uploads\/2020\/10\/allenamento-funzionale-corsa-sidea-3-700x525.jpg 700w\" sizes=\"auto, (max-width: 750px) 100vw, 750px\" \/>                                                              <\/div>\n              <div class=\"box-text text-left\" >\n                 <p><\/p>\n              <\/div>\n            <\/div>\n                      <\/div>\n         <\/div><div class=\"gallery-col col\" >\n          <div class=\"col-inner\">\n                        <div class=\"box has-hover gallery-box box-default\">\n              <div class=\"box-image\" >\n                <img loading=\"lazy\" decoding=\"async\" width=\"750\" height=\"562\" src=\"https:\/\/www.sideaita.it\/wp-content\/uploads\/2020\/10\/allenamento-funzionale-corsa-sidea-2.jpg\" class=\"attachment-original size-original\" alt=\"Entrenamiento funcional running sidea\" ids=\"107702,107699,107701,107700\" style=\"default\" lightbox=\"false\" type=\"slider-full\" slider_nav_style=\"circle\" slider_nav_color=\"light\" slider_bullets=\"true\" auto_slide=\"7000\" image_size=\"original\" srcset=\"https:\/\/www.sideaita.it\/wp-content\/uploads\/2020\/10\/allenamento-funzionale-corsa-sidea-2.jpg 750w, https:\/\/www.sideaita.it\/wp-content\/uploads\/2020\/10\/allenamento-funzionale-corsa-sidea-2-534x400.jpg 534w, https:\/\/www.sideaita.it\/wp-content\/uploads\/2020\/10\/allenamento-funzionale-corsa-sidea-2-700x525.jpg 700w\" sizes=\"auto, (max-width: 750px) 100vw, 750px\" \/>                                                              <\/div>\n              <div class=\"box-text text-left\" >\n                 <p><\/p>\n              <\/div>\n            <\/div>\n                      <\/div>\n         <\/div><\/div>\n<div align=\"justify\">\n<p>En cuanto a los ejercicios de <strong>cuerpo libre funcional<\/strong>Todo el mundo ha o\u00eddo hablar de los burpees, los mountain climbers, las sentadillas, las planchas, etc. \u00c9stos son s\u00f3lo algunos de los ejercicios que pueden incluirse en un programa de entrenamiento. <strong>circuito funcional<\/strong>y yo personalmente los aprecio mucho, porque <strong>me permiten variar mis entrenamientos<\/strong>.<\/p>\n<p>La repetici\u00f3n de ejercicios multiarticulares durante varios segundos puede mejorar la elasticidad con potencia, lo que nos hace <strong>m\u00e1s resistente a las carreras largas<\/strong>. Para lo funcional tambi\u00e9n se utilizan peque\u00f1as herramientas como <a href=\"https:\/\/www.sideaita.it\/es\/categorias-de-equipos-de-fitness\/kettlebell-strong-kettlebell-competition-kettlebell-vinyl\/\">kettlebells<\/a>que son perfectos para los que quieren ser a\u00fan m\u00e1s potentes pero al mismo tiempo seguir siendo el\u00e1sticos.<\/p>\n<\/div>\n\t\n  \n    <div class=\"row  equalize-box large-columns-4 medium-columns-3 small-columns-2 row-small has-shadow row-box-shadow-1 row-box-shadow-3-hover slider row-slider slider-nav-reveal slider-nav-push\"  data-flickity-options='{&quot;imagesLoaded&quot;: true, &quot;groupCells&quot;: &quot;100%&quot;, &quot;dragThreshold&quot; : 5, &quot;cellAlign&quot;: &quot;left&quot;,&quot;wrapAround&quot;: true,&quot;prevNextButtons&quot;: true,&quot;percentPosition&quot;: true,&quot;pageDots&quot;: false, &quot;rightToLeft&quot;: false, &quot;autoPlay&quot; : false}' >\n\n  \n\t     <div class=\"product-small col has-hover product type-product post-916 status-publish first instock product_cat-attrezzi-functional-training-palestre-professionisti-fitness product_cat-group-activity product_cat-homegym product_cat-kettlebell-strong-kettlebell-competition-kettlebell-vinyl product_cat-products-code-order product_tag-kettlebell has-post-thumbnail taxable shipping-taxable purchasable product-type-variable has-default-attributes\">\n\t<div class=\"col-inner\">\n\t\n<div class=\"badge-container absolute left top z-1\">\n\n<\/div>\n\t<div class=\"product-small box\">\n\t\t<div class=\"box-image\">\n\t\t\t<div class=\"image-fade_in_back\">\n\t\t\t\t<a href=\"https:\/\/www.sideaita.it\/es\/attrezzatura-fitness\/2169-2181-vinyl-vinile-kettlebell\/\">\n\t\t\t\t\t<img loading=\"lazy\" decoding=\"async\" width=\"300\" height=\"300\" src=\"https:\/\/www.sideaita.it\/wp-content\/uploads\/2018\/07\/2169-2181-Vinyl-Kettlebell-foto-prodotto-piu-compatta-300x300.jpg\" class=\"attachment-woocommerce_thumbnail size-woocommerce_thumbnail\" alt=\"2169-2181 Kettlebell de vinilo\" srcset=\"https:\/\/www.sideaita.it\/wp-content\/uploads\/2018\/07\/2169-2181-Vinyl-Kettlebell-foto-prodotto-piu-compatta-300x300.jpg 300w, https:\/\/www.sideaita.it\/wp-content\/uploads\/2018\/07\/2169-2181-Vinyl-Kettlebell-foto-prodotto-piu-compatta-400x400.jpg 400w, https:\/\/www.sideaita.it\/wp-content\/uploads\/2018\/07\/2169-2181-Vinyl-Kettlebell-foto-prodotto-piu-compatta-800x800.jpg 800w, https:\/\/www.sideaita.it\/wp-content\/uploads\/2018\/07\/2169-2181-Vinyl-Kettlebell-foto-prodotto-piu-compatta-768x768.jpg 768w, https:\/\/www.sideaita.it\/wp-content\/uploads\/2018\/07\/2169-2181-Vinyl-Kettlebell-foto-prodotto-piu-compatta-12x12.jpg 12w, https:\/\/www.sideaita.it\/wp-content\/uploads\/2018\/07\/2169-2181-Vinyl-Kettlebell-foto-prodotto-piu-compatta-700x700.jpg 700w, https:\/\/www.sideaita.it\/wp-content\/uploads\/2018\/07\/2169-2181-Vinyl-Kettlebell-foto-prodotto-piu-compatta-100x100.jpg 100w, https:\/\/www.sideaita.it\/wp-content\/uploads\/2018\/07\/2169-2181-Vinyl-Kettlebell-foto-prodotto-piu-compatta.jpg 1000w\" sizes=\"auto, (max-width: 300px) 100vw, 300px\" title=\"2169-2181 Kettlebell de vinilo\" \/><img loading=\"lazy\" decoding=\"async\" width=\"300\" height=\"300\" src=\"https:\/\/www.sideaita.it\/wp-content\/uploads\/2018\/07\/2169-2181-Vinyl-Kettlebell-25-09-04-Martina-12-300x300.jpg\" class=\"show-on-hover absolute fill hide-for-small back-image\" alt=\"2169-2181 Kettlebell de vinilo\" aria-hidden=\"true\" srcset=\"https:\/\/www.sideaita.it\/wp-content\/uploads\/2018\/07\/2169-2181-Vinyl-Kettlebell-25-09-04-Martina-12-300x300.jpg 300w, https:\/\/www.sideaita.it\/wp-content\/uploads\/2018\/07\/2169-2181-Vinyl-Kettlebell-25-09-04-Martina-12-400x400.jpg 400w, https:\/\/www.sideaita.it\/wp-content\/uploads\/2018\/07\/2169-2181-Vinyl-Kettlebell-25-09-04-Martina-12-800x800.jpg 800w, https:\/\/www.sideaita.it\/wp-content\/uploads\/2018\/07\/2169-2181-Vinyl-Kettlebell-25-09-04-Martina-12-768x768.jpg 768w, https:\/\/www.sideaita.it\/wp-content\/uploads\/2018\/07\/2169-2181-Vinyl-Kettlebell-25-09-04-Martina-12-12x12.jpg 12w, https:\/\/www.sideaita.it\/wp-content\/uploads\/2018\/07\/2169-2181-Vinyl-Kettlebell-25-09-04-Martina-12-700x700.jpg 700w, https:\/\/www.sideaita.it\/wp-content\/uploads\/2018\/07\/2169-2181-Vinyl-Kettlebell-25-09-04-Martina-12-100x100.jpg 100w, https:\/\/www.sideaita.it\/wp-content\/uploads\/2018\/07\/2169-2181-Vinyl-Kettlebell-25-09-04-Martina-12.jpg 1000w\" sizes=\"auto, (max-width: 300px) 100vw, 300px\" title=\"2169-2181 Kettlebell de vinilo\" \/>\t\t\t\t<\/a>\n\t\t\t<\/div>\n\t\t\t<div class=\"image-tools is-small top right show-on-hover\">\n\t\t\t\t\t\t\t<\/div>\n\t\t\t<div class=\"image-tools is-small hide-for-small bottom left show-on-hover\">\n\t\t\t\t\t\t\t<\/div>\n\t\t\t<div class=\"image-tools grid-tools text-center hide-for-small bottom hover-slide-in show-on-hover\">\n\t\t\t\t<a href=\"#quick-view\" class=\"quick-view\" role=\"button\" data-prod=\"916\" aria-haspopup=\"dialog\" aria-expanded=\"false\" data-flatsome-role-button>Vista R\u00e1pida<\/a>\t\t\t<\/div>\n\t\t\t\t\t<\/div>\n\n\t\t<div class=\"box-text box-text-products\">\n\t\t\t<div class=\"title-wrapper\">\t\t<p class=\"category uppercase is-smaller no-text-overflow product-cat op-8\">\n\t\t\tEntrenamiento funcional\t\t<\/p>\n\t<p class=\"name product-title woocommerce-loop-product__title\"><a href=\"https:\/\/www.sideaita.it\/es\/attrezzatura-fitness\/2169-2181-vinyl-vinile-kettlebell\/\" class=\"woocommerce-LoopProduct-link woocommerce-loop-product__link\">2169-2181 Kettlebell de vinilo<\/a><\/p><\/div><div class=\"price-wrapper\">\n\t<span class=\"price\"><span class=\"ywcrbp_regular_price\"> <span class=\"woocommerce-Price-amount amount\"><bdi>12,20<span class=\"woocommerce-Price-currencySymbol\">&euro;<\/span><\/bdi><\/span> <span aria-hidden=\"true\">-<\/span> <span class=\"woocommerce-Price-amount amount\"><bdi>99,13<span class=\"woocommerce-Price-currencySymbol\">&euro;<\/span><\/bdi><\/span><span class=\"screen-reader-text\" data-no-translation=\"\" data-trp-gettext=\"\">Rango de precios: desde 12,20&euro; hasta 99,13&euro;<\/span><\/span> <small class=\"woocommerce-price-suffix\">tasas e impuestos no incluidos<\/small><\/span>\n<\/div><div class=\"add-to-cart-button\"><a href=\"https:\/\/www.sideaita.it\/es\/attrezzatura-fitness\/2169-2181-vinyl-vinile-kettlebell\/\" aria-describedby=\"woocommerce_loop_add_to_cart_link_describedby_916\" data-quantity=\"1\" class=\"primary is-small mb-0 button product_type_variable add_to_cart_button is-underline\" data-product_id=\"916\" data-product_sku=\"KETTVIN\" aria-label=\"Elige las opciones para \u201c2169-2181 Vinyl Kettlebell\u201d\" rel=\"nofollow\" data-no-translation=\"\" data-trp-gettext=\"\" data-no-translation-aria-label=\"\">Seleccionar opciones<\/a><\/div>\t<span id=\"woocommerce_loop_add_to_cart_link_describedby_916\" class=\"screen-reader-text\">\n\t\tEste producto tiene m\u00faltiples variantes. Las opciones se pueden elegir en la p\u00e1gina de producto\t<\/span>\n\t\t<\/div>\n\t<\/div>\n\t<span class=\"gtm4wp_productdata\" style=\"display:none; visibility:hidden;\" data-gtm4wp_product_data=\"{&quot;internal_id&quot;:916,&quot;item_id&quot;:916,&quot;item_name&quot;:&quot;2169-2181 Vinyl Kettlebell&quot;,&quot;sku&quot;:&quot;KETTVIN&quot;,&quot;price&quot;:12.2,&quot;stocklevel&quot;:null,&quot;stockstatus&quot;:&quot;instock&quot;,&quot;google_business_vertical&quot;:&quot;retail&quot;,&quot;item_category&quot;:&quot;Kettlebell Strong Competition &amp; vinyl&quot;,&quot;id&quot;:916,&quot;item_brand&quot;:&quot;&quot;,&quot;productlink&quot;:&quot;https:\\\/\\\/www.sideaita.it\\\/es\\\/attrezzatura-fitness\\\/2169-2181-vinyl-vinile-kettlebell\\\/&quot;,&quot;item_list_name&quot;:&quot;Lista general de productos&quot;,&quot;index&quot;:1,&quot;product_type&quot;:&quot;variable&quot;}\"><\/span>\t<\/div>\n<\/div><div class=\"product-small col has-hover product type-product post-929 status-publish instock product_cat-attrezzi-functional-training-palestre-professionisti-fitness product_cat-group-activity product_cat-kettlebell-strong-kettlebell-competition-kettlebell-vinyl product_cat-products-code-order product_cat-attrezzi-strong-fitness-training product_tag-kettlebell has-post-thumbnail taxable shipping-taxable purchasable product-type-variable has-default-attributes\">\n\t<div class=\"col-inner\">\n\t\n<div class=\"badge-container absolute left top z-1\">\n\n<\/div>\n\t<div class=\"product-small box\">\n\t\t<div class=\"box-image\">\n\t\t\t<div class=\"image-fade_in_back\">\n\t\t\t\t<a href=\"https:\/\/www.sideaita.it\/es\/attrezzatura-fitness\/2189-2201-competition-kettlebell-dimensioni-standard\/\">\n\t\t\t\t\t<img loading=\"lazy\" decoding=\"async\" width=\"300\" height=\"300\" src=\"https:\/\/www.sideaita.it\/wp-content\/uploads\/2022\/05\/2189-2201-kettlebell-competition-300x300.jpg\" class=\"attachment-woocommerce_thumbnail size-woocommerce_thumbnail\" alt=\"2189-2201 Kettlebell de competici\u00f3n\" srcset=\"https:\/\/www.sideaita.it\/wp-content\/uploads\/2022\/05\/2189-2201-kettlebell-competition-300x300.jpg 300w, https:\/\/www.sideaita.it\/wp-content\/uploads\/2022\/05\/2189-2201-kettlebell-competition-400x400.jpg 400w, https:\/\/www.sideaita.it\/wp-content\/uploads\/2022\/05\/2189-2201-kettlebell-competition-800x800.jpg 800w, https:\/\/www.sideaita.it\/wp-content\/uploads\/2022\/05\/2189-2201-kettlebell-competition-768x768.jpg 768w, https:\/\/www.sideaita.it\/wp-content\/uploads\/2022\/05\/2189-2201-kettlebell-competition-700x700.jpg 700w, https:\/\/www.sideaita.it\/wp-content\/uploads\/2022\/05\/2189-2201-kettlebell-competition-100x100.jpg 100w, https:\/\/www.sideaita.it\/wp-content\/uploads\/2022\/05\/2189-2201-kettlebell-competition.jpg 1000w\" sizes=\"auto, (max-width: 300px) 100vw, 300px\" title=\"2189-2201 Kettlebell de competici\u00f3n\" \/><img loading=\"lazy\" decoding=\"async\" width=\"300\" height=\"300\" src=\"https:\/\/www.sideaita.it\/wp-content\/uploads\/2018\/07\/2189-2201-kettlebell-competition-8_-300x300.jpg\" class=\"show-on-hover absolute fill hide-for-small back-image\" alt=\"2189-2201 Kettlebell de competici\u00f3n\" aria-hidden=\"true\" srcset=\"https:\/\/www.sideaita.it\/wp-content\/uploads\/2018\/07\/2189-2201-kettlebell-competition-8_-300x300.jpg 300w, https:\/\/www.sideaita.it\/wp-content\/uploads\/2018\/07\/2189-2201-kettlebell-competition-8_-400x400.jpg 400w, https:\/\/www.sideaita.it\/wp-content\/uploads\/2018\/07\/2189-2201-kettlebell-competition-8_-800x800.jpg 800w, https:\/\/www.sideaita.it\/wp-content\/uploads\/2018\/07\/2189-2201-kettlebell-competition-8_-768x768.jpg 768w, https:\/\/www.sideaita.it\/wp-content\/uploads\/2018\/07\/2189-2201-kettlebell-competition-8_-700x700.jpg 700w, https:\/\/www.sideaita.it\/wp-content\/uploads\/2018\/07\/2189-2201-kettlebell-competition-8_-100x100.jpg 100w, https:\/\/www.sideaita.it\/wp-content\/uploads\/2018\/07\/2189-2201-kettlebell-competition-8_.jpg 1000w\" sizes=\"auto, (max-width: 300px) 100vw, 300px\" title=\"2189-2201 Kettlebell de competici\u00f3n\" \/>\t\t\t\t<\/a>\n\t\t\t<\/div>\n\t\t\t<div class=\"image-tools is-small top right show-on-hover\">\n\t\t\t\t\t\t\t<\/div>\n\t\t\t<div class=\"image-tools is-small hide-for-small bottom left show-on-hover\">\n\t\t\t\t\t\t\t<\/div>\n\t\t\t<div class=\"image-tools grid-tools text-center hide-for-small bottom hover-slide-in show-on-hover\">\n\t\t\t\t<a href=\"#quick-view\" class=\"quick-view\" role=\"button\" data-prod=\"929\" aria-haspopup=\"dialog\" aria-expanded=\"false\" data-flatsome-role-button>Vista R\u00e1pida<\/a>\t\t\t<\/div>\n\t\t\t\t\t<\/div>\n\n\t\t<div class=\"box-text box-text-products\">\n\t\t\t<div class=\"title-wrapper\">\t\t<p class=\"category uppercase is-smaller no-text-overflow product-cat op-8\">\n\t\t\tEntrenamiento funcional\t\t<\/p>\n\t<p class=\"name product-title woocommerce-loop-product__title\"><a href=\"https:\/\/www.sideaita.it\/es\/attrezzatura-fitness\/2189-2201-competition-kettlebell-dimensioni-standard\/\" class=\"woocommerce-LoopProduct-link woocommerce-loop-product__link\">2189-2201 Kettlebell de competici\u00f3n<\/a><\/p><\/div><div class=\"price-wrapper\">\n\t<span class=\"price\"><span class=\"ywcrbp_regular_price\"> <span class=\"woocommerce-Price-amount amount\"><bdi>61,00<span class=\"woocommerce-Price-currencySymbol\">&euro;<\/span><\/bdi><\/span> <span aria-hidden=\"true\">-<\/span> <span class=\"woocommerce-Price-amount amount\"><bdi>385,83<span class=\"woocommerce-Price-currencySymbol\">&euro;<\/span><\/bdi><\/span><span class=\"screen-reader-text\" data-no-translation=\"\" data-trp-gettext=\"\">Rango de precios: desde 61,00&euro; hasta 385,83&euro;<\/span><\/span> <small class=\"woocommerce-price-suffix\">tasas e impuestos no incluidos<\/small><\/span>\n<\/div><div class=\"add-to-cart-button\"><a href=\"https:\/\/www.sideaita.it\/es\/attrezzatura-fitness\/2189-2201-competition-kettlebell-dimensioni-standard\/\" aria-describedby=\"woocommerce_loop_add_to_cart_link_describedby_929\" data-quantity=\"1\" class=\"primary is-small mb-0 button product_type_variable add_to_cart_button is-underline\" data-product_id=\"929\" data-product_sku=\"KETTCOMP\" aria-label=\"Elige las opciones para \u201c2189-2201 Competition Kettlebell\u201d\" rel=\"nofollow\" data-no-translation=\"\" data-trp-gettext=\"\" data-no-translation-aria-label=\"\">Seleccionar opciones<\/a><\/div>\t<span id=\"woocommerce_loop_add_to_cart_link_describedby_929\" class=\"screen-reader-text\">\n\t\tEste producto tiene m\u00faltiples variantes. Las opciones se pueden elegir en la p\u00e1gina de producto\t<\/span>\n\t\t<\/div>\n\t<\/div>\n\t<span class=\"gtm4wp_productdata\" style=\"display:none; visibility:hidden;\" data-gtm4wp_product_data=\"{&quot;internal_id&quot;:929,&quot;item_id&quot;:929,&quot;item_name&quot;:&quot;2189-2201 Competition Kettlebell&quot;,&quot;sku&quot;:&quot;KETTCOMP&quot;,&quot;price&quot;:61,&quot;stocklevel&quot;:null,&quot;stockstatus&quot;:&quot;instock&quot;,&quot;google_business_vertical&quot;:&quot;retail&quot;,&quot;item_category&quot;:&quot;Kettlebell Strong Competition &amp; vinyl&quot;,&quot;id&quot;:929,&quot;item_brand&quot;:&quot;&quot;,&quot;productlink&quot;:&quot;https:\\\/\\\/www.sideaita.it\\\/es\\\/attrezzatura-fitness\\\/2189-2201-competition-kettlebell-dimensioni-standard\\\/&quot;,&quot;item_list_name&quot;:&quot;Lista general de productos&quot;,&quot;index&quot;:2,&quot;product_type&quot;:&quot;variable&quot;}\"><\/span>\t<\/div>\n<\/div><div class=\"product-small col has-hover product type-product post-938 status-publish last instock product_cat-attrezzi-functional-training-palestre-professionisti-fitness product_cat-group-activity product_cat-kettlebell-strong-kettlebell-competition-kettlebell-vinyl product_cat-products-code-order product_cat-attrezzi-strong-fitness-training product_tag-functional-training product_tag-kettlebell has-post-thumbnail taxable shipping-taxable purchasable product-type-variable has-default-attributes\">\n\t<div class=\"col-inner\">\n\t\n<div class=\"badge-container absolute left top z-1\">\n\n<\/div>\n\t<div class=\"product-small box\">\n\t\t<div class=\"box-image\">\n\t\t\t<div class=\"image-fade_in_back\">\n\t\t\t\t<a href=\"https:\/\/www.sideaita.it\/es\/attrezzatura-fitness\/2206-2292-iron-black-kettlebell\/\">\n\t\t\t\t\t<img loading=\"lazy\" decoding=\"async\" width=\"300\" height=\"300\" src=\"https:\/\/www.sideaita.it\/wp-content\/uploads\/2018\/07\/2206-800-300x300.jpg\" class=\"attachment-woocommerce_thumbnail size-woocommerce_thumbnail\" alt=\"2206-2292 Mancuerna de hierro negra\" srcset=\"https:\/\/www.sideaita.it\/wp-content\/uploads\/2018\/07\/2206-800-300x300.jpg 300w, https:\/\/www.sideaita.it\/wp-content\/uploads\/2018\/07\/2206-800-100x100.jpg 100w, https:\/\/www.sideaita.it\/wp-content\/uploads\/2018\/07\/2206-800.jpg 700w, https:\/\/www.sideaita.it\/wp-content\/uploads\/2018\/07\/2206-800-280x280.jpg 280w, https:\/\/www.sideaita.it\/wp-content\/uploads\/2018\/07\/2206-800-400x400.jpg 400w, https:\/\/www.sideaita.it\/wp-content\/uploads\/2018\/07\/2206-800-600x600.jpg 600w, https:\/\/www.sideaita.it\/wp-content\/uploads\/2018\/07\/2206-800-510x510.jpg 510w\" sizes=\"auto, (max-width: 300px) 100vw, 300px\" title=\"2206-2292 Mancuerna de hierro negra\" \/><img loading=\"lazy\" decoding=\"async\" width=\"300\" height=\"300\" src=\"https:\/\/www.sideaita.it\/wp-content\/uploads\/2018\/07\/2206-2292-Iron-Black-Kettlebell-Sidea-1-300x300.jpg\" class=\"show-on-hover absolute fill hide-for-small back-image\" alt=\"2206-2292 Mancuerna de hierro negra\" aria-hidden=\"true\" srcset=\"https:\/\/www.sideaita.it\/wp-content\/uploads\/2018\/07\/2206-2292-Iron-Black-Kettlebell-Sidea-1-300x300.jpg 300w, https:\/\/www.sideaita.it\/wp-content\/uploads\/2018\/07\/2206-2292-Iron-Black-Kettlebell-Sidea-1-400x400.jpg 400w, https:\/\/www.sideaita.it\/wp-content\/uploads\/2018\/07\/2206-2292-Iron-Black-Kettlebell-Sidea-1-100x100.jpg 100w, https:\/\/www.sideaita.it\/wp-content\/uploads\/2018\/07\/2206-2292-Iron-Black-Kettlebell-Sidea-1.jpg 700w\" sizes=\"auto, (max-width: 300px) 100vw, 300px\" title=\"2206-2292 Mancuerna de hierro negra\" \/>\t\t\t\t<\/a>\n\t\t\t<\/div>\n\t\t\t<div class=\"image-tools is-small top right show-on-hover\">\n\t\t\t\t\t\t\t<\/div>\n\t\t\t<div class=\"image-tools is-small hide-for-small bottom left show-on-hover\">\n\t\t\t\t\t\t\t<\/div>\n\t\t\t<div class=\"image-tools grid-tools text-center hide-for-small bottom hover-slide-in show-on-hover\">\n\t\t\t\t<a href=\"#quick-view\" class=\"quick-view\" role=\"button\" data-prod=\"938\" aria-haspopup=\"dialog\" aria-expanded=\"false\" data-flatsome-role-button>Vista R\u00e1pida<\/a>\t\t\t<\/div>\n\t\t\t\t\t<\/div>\n\n\t\t<div class=\"box-text box-text-products\">\n\t\t\t<div class=\"title-wrapper\">\t\t<p class=\"category uppercase is-smaller no-text-overflow product-cat op-8\">\n\t\t\tEntrenamiento funcional\t\t<\/p>\n\t<p class=\"name product-title woocommerce-loop-product__title\"><a href=\"https:\/\/www.sideaita.it\/es\/attrezzatura-fitness\/2206-2292-iron-black-kettlebell\/\" class=\"woocommerce-LoopProduct-link woocommerce-loop-product__link\">2206-2292 Mancuerna de hierro negra<\/a><\/p><\/div><div class=\"price-wrapper\">\n\t<span class=\"price\"><span class=\"ywcrbp_regular_price\"> <span class=\"woocommerce-Price-amount amount\"><bdi>30,50<span class=\"woocommerce-Price-currencySymbol\">&euro;<\/span><\/bdi><\/span> <span aria-hidden=\"true\">-<\/span> <span class=\"woocommerce-Price-amount amount\"><bdi>358,38<span class=\"woocommerce-Price-currencySymbol\">&euro;<\/span><\/bdi><\/span><span class=\"screen-reader-text\" data-no-translation=\"\" data-trp-gettext=\"\">Rango de precios: desde 30,50&euro; hasta 358,38&euro;<\/span><\/span> <small class=\"woocommerce-price-suffix\">tasas e impuestos no incluidos<\/small><\/span>\n<\/div><div class=\"add-to-cart-button\"><a href=\"https:\/\/www.sideaita.it\/es\/attrezzatura-fitness\/2206-2292-iron-black-kettlebell\/\" aria-describedby=\"woocommerce_loop_add_to_cart_link_describedby_938\" data-quantity=\"1\" class=\"primary is-small mb-0 button product_type_variable add_to_cart_button is-underline\" data-product_id=\"938\" data-product_sku=\"KETTIRON\" aria-label=\"Elige las opciones para \u201c2206-2292 Iron Black Kettlebell\u201d\" rel=\"nofollow\" data-no-translation=\"\" data-trp-gettext=\"\" data-no-translation-aria-label=\"\">Seleccionar opciones<\/a><\/div>\t<span id=\"woocommerce_loop_add_to_cart_link_describedby_938\" class=\"screen-reader-text\">\n\t\tEste producto tiene m\u00faltiples variantes. Las opciones se pueden elegir en la p\u00e1gina de producto\t<\/span>\n\t\t<\/div>\n\t<\/div>\n\t<span class=\"gtm4wp_productdata\" style=\"display:none; visibility:hidden;\" data-gtm4wp_product_data=\"{&quot;internal_id&quot;:938,&quot;item_id&quot;:938,&quot;item_name&quot;:&quot;2206-2292 Iron Black Kettlebell&quot;,&quot;sku&quot;:&quot;KETTIRON&quot;,&quot;price&quot;:30.5,&quot;stocklevel&quot;:null,&quot;stockstatus&quot;:&quot;instock&quot;,&quot;google_business_vertical&quot;:&quot;retail&quot;,&quot;item_category&quot;:&quot;Kettlebell Strong Competition &amp; vinyl&quot;,&quot;id&quot;:938,&quot;item_brand&quot;:&quot;&quot;,&quot;productlink&quot;:&quot;https:\\\/\\\/www.sideaita.it\\\/es\\\/attrezzatura-fitness\\\/2206-2292-iron-black-kettlebell\\\/&quot;,&quot;item_list_name&quot;:&quot;Lista general de productos&quot;,&quot;index&quot;:3,&quot;product_type&quot;:&quot;variable&quot;}\"><\/span>\t<\/div>\n<\/div><div class=\"product-small col has-hover product type-product post-375795 status-publish first instock product_cat-kettlebell-strong-kettlebell-competition-kettlebell-vinyl product_cat-news-product-trends-fitness-functional-training product_cat-products-code-order product_tag-kettlebell has-post-thumbnail taxable shipping-taxable purchasable product-type-variable has-default-attributes\">\n\t<div class=\"col-inner\">\n\t\n<div class=\"badge-container absolute left top z-1\">\n\n<\/div>\n\t<div class=\"product-small box\">\n\t\t<div class=\"box-image\">\n\t\t\t<div class=\"image-fade_in_back\">\n\t\t\t\t<a href=\"https:\/\/www.sideaita.it\/es\/attrezzatura-fitness\/2208-1-2248-1-strongfirst-kettlebell\/\">\n\t\t\t\t\t<img loading=\"lazy\" decoding=\"async\" width=\"300\" height=\"300\" src=\"https:\/\/www.sideaita.it\/wp-content\/uploads\/2025\/01\/kettlebell-strongfirst-2-300x300.jpg\" class=\"attachment-woocommerce_thumbnail size-woocommerce_thumbnail\" alt=\"2208\/1- 2248\/1 StrongFirst\u00ae Kettlebell\" srcset=\"https:\/\/www.sideaita.it\/wp-content\/uploads\/2025\/01\/kettlebell-strongfirst-2-300x300.jpg 300w, https:\/\/www.sideaita.it\/wp-content\/uploads\/2025\/01\/kettlebell-strongfirst-2-400x400.jpg 400w, https:\/\/www.sideaita.it\/wp-content\/uploads\/2025\/01\/kettlebell-strongfirst-2-800x800.jpg 800w, https:\/\/www.sideaita.it\/wp-content\/uploads\/2025\/01\/kettlebell-strongfirst-2-768x768.jpg 768w, https:\/\/www.sideaita.it\/wp-content\/uploads\/2025\/01\/kettlebell-strongfirst-2-700x700.jpg 700w, https:\/\/www.sideaita.it\/wp-content\/uploads\/2025\/01\/kettlebell-strongfirst-2-100x100.jpg 100w, https:\/\/www.sideaita.it\/wp-content\/uploads\/2025\/01\/kettlebell-strongfirst-2.jpg 1000w\" sizes=\"auto, (max-width: 300px) 100vw, 300px\" title=\"2208\/1- 2248\/1 StrongFirst\u00ae Kettlebell\" \/><img loading=\"lazy\" decoding=\"async\" width=\"300\" height=\"300\" src=\"https:\/\/www.sideaita.it\/wp-content\/uploads\/2025\/01\/kettlebell-strongfirst-fabio-in-azione-300x300.jpg\" class=\"show-on-hover absolute fill hide-for-small back-image\" alt=\"2208\/1- 2248\/1 StrongFirst\u00ae Kettlebell\" aria-hidden=\"true\" srcset=\"https:\/\/www.sideaita.it\/wp-content\/uploads\/2025\/01\/kettlebell-strongfirst-fabio-in-azione-300x300.jpg 300w, https:\/\/www.sideaita.it\/wp-content\/uploads\/2025\/01\/kettlebell-strongfirst-fabio-in-azione-400x400.jpg 400w, https:\/\/www.sideaita.it\/wp-content\/uploads\/2025\/01\/kettlebell-strongfirst-fabio-in-azione-800x800.jpg 800w, https:\/\/www.sideaita.it\/wp-content\/uploads\/2025\/01\/kettlebell-strongfirst-fabio-in-azione-768x768.jpg 768w, https:\/\/www.sideaita.it\/wp-content\/uploads\/2025\/01\/kettlebell-strongfirst-fabio-in-azione-700x700.jpg 700w, https:\/\/www.sideaita.it\/wp-content\/uploads\/2025\/01\/kettlebell-strongfirst-fabio-in-azione-100x100.jpg 100w, https:\/\/www.sideaita.it\/wp-content\/uploads\/2025\/01\/kettlebell-strongfirst-fabio-in-azione.jpg 1000w\" sizes=\"auto, (max-width: 300px) 100vw, 300px\" title=\"2208\/1- 2248\/1 StrongFirst\u00ae Kettlebell\" \/>\t\t\t\t<\/a>\n\t\t\t<\/div>\n\t\t\t<div class=\"image-tools is-small top right show-on-hover\">\n\t\t\t\t\t\t\t<\/div>\n\t\t\t<div class=\"image-tools is-small hide-for-small bottom left show-on-hover\">\n\t\t\t\t\t\t\t<\/div>\n\t\t\t<div class=\"image-tools grid-tools text-center hide-for-small bottom hover-slide-in show-on-hover\">\n\t\t\t\t<a href=\"#quick-view\" class=\"quick-view\" role=\"button\" data-prod=\"375795\" aria-haspopup=\"dialog\" aria-expanded=\"false\" data-flatsome-role-button>Vista R\u00e1pida<\/a>\t\t\t<\/div>\n\t\t\t\t\t<\/div>\n\n\t\t<div class=\"box-text box-text-products\">\n\t\t\t<div class=\"title-wrapper\">\t\t<p class=\"category uppercase is-smaller no-text-overflow product-cat op-8\">\n\t\t\tKettlebell Strong Competici\u00f3n y vinilo\t\t<\/p>\n\t<p class=\"name product-title woocommerce-loop-product__title\"><a href=\"https:\/\/www.sideaita.it\/es\/attrezzatura-fitness\/2208-1-2248-1-strongfirst-kettlebell\/\" class=\"woocommerce-LoopProduct-link woocommerce-loop-product__link\">2208\/1- 2248\/1 StrongFirst\u00ae Kettlebell<\/a><\/p><\/div><div class=\"price-wrapper\">\n\t<span class=\"price\"><span class=\"ywcrbp_regular_price\"> <span class=\"woocommerce-Price-amount amount\"><bdi>42,70<span class=\"woocommerce-Price-currencySymbol\">&euro;<\/span><\/bdi><\/span> <span aria-hidden=\"true\">-<\/span> <span class=\"woocommerce-Price-amount amount\"><bdi>256,20<span class=\"woocommerce-Price-currencySymbol\">&euro;<\/span><\/bdi><\/span><span class=\"screen-reader-text\" data-no-translation=\"\" data-trp-gettext=\"\">Rango de precios: desde 42,70&euro; hasta 256,20&euro;<\/span><\/span> <small class=\"woocommerce-price-suffix\">tasas e impuestos no incluidos<\/small><\/span>\n<\/div><div class=\"add-to-cart-button\"><a href=\"https:\/\/www.sideaita.it\/es\/attrezzatura-fitness\/2208-1-2248-1-strongfirst-kettlebell\/\" aria-describedby=\"woocommerce_loop_add_to_cart_link_describedby_375795\" data-quantity=\"1\" class=\"primary is-small mb-0 button product_type_variable add_to_cart_button is-underline\" data-product_id=\"375795\" data-product_sku=\"strongfirst kettlebell\" aria-label=\"Elige las opciones para \u201c2208\/1- 2248\/1 StrongFirst\u00ae Kettlebell\u201d\" rel=\"nofollow\" data-no-translation=\"\" data-trp-gettext=\"\" data-no-translation-aria-label=\"\">Seleccionar opciones<\/a><\/div>\t<span id=\"woocommerce_loop_add_to_cart_link_describedby_375795\" class=\"screen-reader-text\">\n\t\tEste producto tiene m\u00faltiples variantes. Las opciones se pueden elegir en la p\u00e1gina de producto\t<\/span>\n\t\t<\/div>\n\t<\/div>\n\t<span class=\"gtm4wp_productdata\" style=\"display:none; visibility:hidden;\" data-gtm4wp_product_data=\"{&quot;internal_id&quot;:375795,&quot;item_id&quot;:375795,&quot;item_name&quot;:&quot;2208\\\/1- 2248\\\/1 StrongFirst\\u00ae Kettlebell&quot;,&quot;sku&quot;:&quot;strongfirst kettlebell&quot;,&quot;price&quot;:42.7,&quot;stocklevel&quot;:null,&quot;stockstatus&quot;:&quot;instock&quot;,&quot;google_business_vertical&quot;:&quot;retail&quot;,&quot;item_category&quot;:&quot;Kettlebell Strong Competition &amp; vinyl&quot;,&quot;id&quot;:375795,&quot;item_brand&quot;:&quot;&quot;,&quot;productlink&quot;:&quot;https:\\\/\\\/www.sideaita.it\\\/es\\\/attrezzatura-fitness\\\/2208-1-2248-1-strongfirst-kettlebell\\\/&quot;,&quot;item_list_name&quot;:&quot;Lista general de productos&quot;,&quot;index&quot;:4,&quot;product_type&quot;:&quot;variable&quot;}\"><\/span>\t<\/div>\n<\/div><div class=\"product-small col has-hover product type-product post-486971 status-publish instock product_cat-attrezzi-functional-training-palestre-professionisti-fitness product_cat-homegym product_cat-kettlebell-strong-kettlebell-competition-kettlebell-vinyl product_cat-news-product-trends-fitness-functional-training product_cat-prevendita product_cat-products-code-order product_tag-kettlebell has-post-thumbnail taxable shipping-taxable purchasable product-type-simple\">\n\t<div class=\"col-inner\">\n\t\n<div class=\"badge-container absolute left top z-1\">\n\n<\/div>\n\t<div class=\"product-small box\">\n\t\t<div class=\"box-image\">\n\t\t\t<div class=\"image-fade_in_back\">\n\t\t\t\t<a href=\"https:\/\/www.sideaita.it\/es\/attrezzatura-fitness\/2187-adjustable-kettlebell\/\">\n\t\t\t\t\t<img loading=\"lazy\" decoding=\"async\" width=\"300\" height=\"300\" src=\"https:\/\/www.sideaita.it\/wp-content\/uploads\/2026\/01\/sidea-2187-adjustable-kettlebell-1-300x300.jpg\" class=\"attachment-woocommerce_thumbnail size-woocommerce_thumbnail\" alt=\"2187 Kettlebell ajustable\" srcset=\"https:\/\/www.sideaita.it\/wp-content\/uploads\/2026\/01\/sidea-2187-adjustable-kettlebell-1-300x300.jpg 300w, https:\/\/www.sideaita.it\/wp-content\/uploads\/2026\/01\/sidea-2187-adjustable-kettlebell-1-400x400.jpg 400w, https:\/\/www.sideaita.it\/wp-content\/uploads\/2026\/01\/sidea-2187-adjustable-kettlebell-1-800x800.jpg 800w, https:\/\/www.sideaita.it\/wp-content\/uploads\/2026\/01\/sidea-2187-adjustable-kettlebell-1-768x768.jpg 768w, https:\/\/www.sideaita.it\/wp-content\/uploads\/2026\/01\/sidea-2187-adjustable-kettlebell-1-12x12.jpg 12w, https:\/\/www.sideaita.it\/wp-content\/uploads\/2026\/01\/sidea-2187-adjustable-kettlebell-1-700x700.jpg 700w, https:\/\/www.sideaita.it\/wp-content\/uploads\/2026\/01\/sidea-2187-adjustable-kettlebell-1-100x100.jpg 100w, https:\/\/www.sideaita.it\/wp-content\/uploads\/2026\/01\/sidea-2187-adjustable-kettlebell-1.jpg 1000w\" sizes=\"auto, (max-width: 300px) 100vw, 300px\" title=\"2187 Kettlebell ajustable\" \/><img loading=\"lazy\" decoding=\"async\" width=\"300\" height=\"300\" src=\"https:\/\/www.sideaita.it\/wp-content\/uploads\/2026\/01\/sidea-2187-adjustable-kettlebell-7-300x300.jpg\" class=\"show-on-hover absolute fill hide-for-small back-image\" alt=\"2187 Kettlebell ajustable\" aria-hidden=\"true\" srcset=\"https:\/\/www.sideaita.it\/wp-content\/uploads\/2026\/01\/sidea-2187-adjustable-kettlebell-7-300x300.jpg 300w, https:\/\/www.sideaita.it\/wp-content\/uploads\/2026\/01\/sidea-2187-adjustable-kettlebell-7-400x400.jpg 400w, https:\/\/www.sideaita.it\/wp-content\/uploads\/2026\/01\/sidea-2187-adjustable-kettlebell-7-800x800.jpg 800w, https:\/\/www.sideaita.it\/wp-content\/uploads\/2026\/01\/sidea-2187-adjustable-kettlebell-7-768x768.jpg 768w, https:\/\/www.sideaita.it\/wp-content\/uploads\/2026\/01\/sidea-2187-adjustable-kettlebell-7-12x12.jpg 12w, https:\/\/www.sideaita.it\/wp-content\/uploads\/2026\/01\/sidea-2187-adjustable-kettlebell-7-700x700.jpg 700w, https:\/\/www.sideaita.it\/wp-content\/uploads\/2026\/01\/sidea-2187-adjustable-kettlebell-7-100x100.jpg 100w, https:\/\/www.sideaita.it\/wp-content\/uploads\/2026\/01\/sidea-2187-adjustable-kettlebell-7.jpg 1000w\" sizes=\"auto, (max-width: 300px) 100vw, 300px\" title=\"2187 Kettlebell ajustable\" \/>\t\t\t\t<\/a>\n\t\t\t<\/div>\n\t\t\t<div class=\"image-tools is-small top right show-on-hover\">\n\t\t\t\t\t\t\t<\/div>\n\t\t\t<div class=\"image-tools is-small hide-for-small bottom left show-on-hover\">\n\t\t\t\t\t\t\t<\/div>\n\t\t\t<div class=\"image-tools grid-tools text-center hide-for-small bottom hover-slide-in show-on-hover\">\n\t\t\t\t<a href=\"#quick-view\" class=\"quick-view\" role=\"button\" data-prod=\"486971\" aria-haspopup=\"dialog\" aria-expanded=\"false\" data-flatsome-role-button>Vista R\u00e1pida<\/a>\t\t\t<\/div>\n\t\t\t\t\t<\/div>\n\n\t\t<div class=\"box-text box-text-products\">\n\t\t\t<div class=\"title-wrapper\">\t\t<p class=\"category uppercase is-smaller no-text-overflow product-cat op-8\">\n\t\t\tEntrenamiento funcional\t\t<\/p>\n\t<p class=\"name product-title woocommerce-loop-product__title\"><a href=\"https:\/\/www.sideaita.it\/es\/attrezzatura-fitness\/2187-adjustable-kettlebell\/\" class=\"woocommerce-LoopProduct-link woocommerce-loop-product__link\">2187 Kettlebell ajustable<\/a><\/p><\/div><div class=\"price-wrapper\">\n\t<span class=\"price\"><span class=\"ywcrbp_regular_price\"><span class=\"woocommerce-Price-amount amount\"><bdi>199,00<span class=\"woocommerce-Price-currencySymbol\">\u20ac<\/span><\/bdi><\/span> <\/span> <small class=\"woocommerce-price-suffix\">tasas e impuestos no incluidos<\/small><\/span>\n<\/div><div class=\"add-to-cart-button\"><a href=\"\/es\/wp-json\/wp\/v2\/posts\/107653?add-to-cart=486971\" aria-describedby=\"woocommerce_loop_add_to_cart_link_describedby_486971\" data-quantity=\"1\" class=\"primary is-small mb-0 button product_type_simple add_to_cart_button ajax_add_to_cart is-underline\" data-product_id=\"486971\" data-product_sku=\"2187\" aria-label=\"A\u00f1adir al carrito: \u201c2187 Adjustable Kettlebell\u201d\" rel=\"nofollow\" data-success_message=\"\u00ab2187 Adjustable Kettlebell\u00bb se ha a\u00f1adido a tu carrito\" role=\"button\" data-no-translation=\"\" data-trp-gettext=\"\" data-no-translation-aria-label=\"\" data-no-translation-data-success_message=\"\">A\u00f1adir a la cesta<\/a><\/div>\t<span id=\"woocommerce_loop_add_to_cart_link_describedby_486971\" class=\"screen-reader-text\">\n\t\t\t<\/span>\n\t\t<\/div>\n\t<\/div>\n\t<span class=\"gtm4wp_productdata\" style=\"display:none; visibility:hidden;\" data-gtm4wp_product_data=\"{&quot;internal_id&quot;:486971,&quot;item_id&quot;:486971,&quot;item_name&quot;:&quot;2187 Adjustable Kettlebell&quot;,&quot;sku&quot;:&quot;2187&quot;,&quot;price&quot;:199,&quot;stocklevel&quot;:78,&quot;stockstatus&quot;:&quot;instock&quot;,&quot;google_business_vertical&quot;:&quot;retail&quot;,&quot;item_category&quot;:&quot;Functional Training&quot;,&quot;id&quot;:486971,&quot;item_brand&quot;:&quot;&quot;,&quot;productlink&quot;:&quot;https:\\\/\\\/www.sideaita.it\\\/es\\\/attrezzatura-fitness\\\/2187-adjustable-kettlebell\\\/&quot;,&quot;item_list_name&quot;:&quot;Lista general de productos&quot;,&quot;index&quot;:5,&quot;product_type&quot;:&quot;simple&quot;}\"><\/span>\t<\/div>\n<\/div><\/div>\n<div align=\"justify\">\n<h3>El programa semanal del corredor<\/h3>\n<p>En mi <strong>semana t\u00edpica<\/strong> Inserto <strong>dos ejercicios de refuerzo<\/strong>una con pesas y otra funcional. Normalmente las sesiones no superan <strong>50 minutos<\/strong> y al d\u00eda siguiente, si tengo que correr, me reservo una sesi\u00f3n de carrera continua orientada a la mejora aer\u00f3bica, pero tambi\u00e9n a la <strong>relajar los m\u00fasculos cansados<\/strong>.<\/p>\n<p>Por \u00faltimo, no olvide <strong>ejercicios de estiramiento<\/strong> al final de cada sesi\u00f3n de entrenamiento o, a\u00fan mejor, dedicar <strong>una sesi\u00f3n semanal de estiramientos de al menos 20 minutos<\/strong>.<\/p>\n<\/div>\n\n\t<section class=\"section\" id=\"section_185445668\">\n\t\t<div class=\"section-bg fill\" >\n\t\t\t\t\t\t\t\t\t<div class=\"section-bg-overlay absolute fill\"><\/div>\n\t\t\t\n\t<div class=\"is-border\"\n\t\tstyle=\"border-color:rgb(235, 235, 235);border-width:0px 0px 0px 0px;\">\n\t<\/div>\n\n\t\t<\/div>\n\n\t\t\n\n\t\t<div class=\"section-content relative\">\n\t\t\t\n<div class=\"row row-large align-middle align-center\"  id=\"row-1987725906\">\n\n\t<div id=\"col-1441028963\" class=\"col medium-6 small-12 large-6 col-divided\"  >\n\t\t\t\t<div class=\"col-inner box-shadow-2 box-shadow-5-hover\" style=\"background-color:rgb(255, 255, 255);\" >\n\t\t\t\n\t\t\t\n\t<div class=\"img has-hover x md-x lg-x y md-y lg-y\" id=\"image_507848243\">\n\t\t\t\t\t\t\t\t<div class=\"img-inner image-overlay-remove image-cover dark\" style=\"padding-top:100%;\" data-no-translation=\"\">\n\t\t\t\t\t\t\t\t\t\t<div class=\"overlay\" style=\"background-color: rgba(0, 0, 0, 0.16)\"><\/div>\n\t\t\t\t\t\t\n\t\t\t\t\t<\/div>\n\t\t\t\t\t\t\t\t\n<style>\n#image_507848243 {\n  width: 100%;\n}\n<\/style>\n\t<\/div>\n\t\n\t\t<\/div>\n\t\t\t\t\n<style>\n#col-1441028963 > .col-inner {\n  padding: 0px 0px 0px 0px;\n  margin: 0px 0px -30px 0px;\n}\n<\/style>\n\t<\/div>\n\n\t\n\n\t<div id=\"col-683006717\" class=\"col medium-6 small-12 large-6\"  >\n\t\t\t\t<div class=\"col-inner text-center dark\"  >\n\t\t\t\n\t\t\t\n<p>&nbsp;<\/p>\n<h2 style=\"text-align: left;\"><a href=\"https:\/\/www.instagram.com\/veronicafabrianesi\/\">Veronica Fabrianesi<\/a><\/h2>\n<ul>\n<li style=\"text-align: left;\">Corredor aficionado inscrito en la Fidal, amante del running y del fitness integral. Quien piense que no van de la mano est\u00e1 muy equivocado.<\/li>\n<li style=\"text-align: left;\">Contable administrativo en la vida diaria, escapo de mi escritorio y me cambio de mi elegante traje a la ropa que m\u00e1s adoro: pantalones cortos y zapatillas de correr, y me siento libre<\/li>\n<li style=\"text-align: left;\">Espero inspirar a la gente al movimiento, con mi humilde experiencia s\u00f3lo quiero poner en movimiento a los perezosos y empujar m\u00e1s lejos a los m\u00e1s atrevidos. He corrido en el desierto, tengo una gran tenacidad<\/li>\n<\/ul>\n<a href=\"https:\/\/www.sideaita.it\/es\/autor\/veronica-fabrianesi\/\" target=\"_blank\" class=\"button primary\" rel=\"noopener\" style=\"border-radius:81px;\">\n\t\t<span>Leer art\u00edculos<\/span>\n\t<\/a>\n\n\t\t<\/div>\n\t\t\t\t\t<\/div>\n\n\t\n<\/div>\n\t\t<\/div>\n\n\t\t\n<style>\n#section_185445668 {\n  padding-top: 26px;\n  padding-bottom: 26px;\n  min-height: 0px;\n  background-color: rgb(171, 171, 171);\n}\n#section_185445668 .section-bg-overlay {\n  background-color: rgba(0, 0, 0, 0.78);\n}\n<\/style>\n\t<\/section>\n\t\n<div class=\"text-center\"><div class=\"is-divider divider clearfix\" style=\"max-width:200px;\"><\/div><\/div>\n\n  \n    <div class=\"row large-columns-4 medium-columns-3 small-columns-1 row-small row-full-width has-shadow row-box-shadow-1 slider row-slider slider-nav-reveal slider-nav-push\"  data-flickity-options='{&quot;imagesLoaded&quot;: true, &quot;groupCells&quot;: &quot;100%&quot;, &quot;dragThreshold&quot; : 5, &quot;cellAlign&quot;: &quot;left&quot;,&quot;wrapAround&quot;: true,&quot;prevNextButtons&quot;: true,&quot;percentPosition&quot;: true,&quot;pageDots&quot;: false, &quot;rightToLeft&quot;: false, &quot;autoPlay&quot; : 7000}' >\n\n  <div class=\"col post-item\" >\n\t\t\t<div class=\"col-inner\">\n\t\t\t\t<div class=\"box box-normal box-text-bottom box-blog-post has-hover\">\n            \t\t\t\t\t<div class=\"box-image\" >\n  \t\t\t\t\t\t<div class=\"image-color image-overlay-remove image-cover\" style=\"padding-top:144%;\">\n\t\t\t\t\t\t\t<a href=\"https:\/\/www.sideaita.it\/es\/2026\/06\/30\/agilita-delite-perche-cambiare-direzione-non-e-solo-una-questione-di-forza\/\" class=\"plain\" aria-label=\"Agilidad de \u00e9lite: por qu\u00e9 cambiar de direcci\u00f3n no es solo una cuesti\u00f3n de fuerza\">\n\t\t\t\t\t\t\t\t<img loading=\"lazy\" decoding=\"async\" width=\"711\" height=\"400\" src=\"https:\/\/www.sideaita.it\/wp-content\/uploads\/2026\/06\/sidea-stiffness-agilita-preparazione-atletica-strength-and-conditioning-calcio-training-1-711x400.jpg\" class=\"attachment-medium size-medium wp-post-image\" alt=\"sidea rigidez agilidad preparaci\u00f3n f\u00edsica fuerza y acondicionamiento f\u00fatbol entrenamiento 1\" srcset=\"https:\/\/www.sideaita.it\/wp-content\/uploads\/2026\/06\/sidea-stiffness-agilita-preparazione-atletica-strength-and-conditioning-calcio-training-1-711x400.jpg 711w, https:\/\/www.sideaita.it\/wp-content\/uploads\/2026\/06\/sidea-stiffness-agilita-preparazione-atletica-strength-and-conditioning-calcio-training-1-1400x788.jpg 1400w, https:\/\/www.sideaita.it\/wp-content\/uploads\/2026\/06\/sidea-stiffness-agilita-preparazione-atletica-strength-and-conditioning-calcio-training-1-768x432.jpg 768w, https:\/\/www.sideaita.it\/wp-content\/uploads\/2026\/06\/sidea-stiffness-agilita-preparazione-atletica-strength-and-conditioning-calcio-training-1-1536x864.jpg 1536w, https:\/\/www.sideaita.it\/wp-content\/uploads\/2026\/06\/sidea-stiffness-agilita-preparazione-atletica-strength-and-conditioning-calcio-training-1-18x10.jpg 18w, https:\/\/www.sideaita.it\/wp-content\/uploads\/2026\/06\/sidea-stiffness-agilita-preparazione-atletica-strength-and-conditioning-calcio-training-1-700x394.jpg 700w, https:\/\/www.sideaita.it\/wp-content\/uploads\/2026\/06\/sidea-stiffness-agilita-preparazione-atletica-strength-and-conditioning-calcio-training-1.jpg 1920w\" sizes=\"auto, (max-width: 711px) 100vw, 711px\" \/>\t\t\t\t\t\t\t<\/a>\n  \t\t\t\t\t\t\t<div class=\"overlay\" style=\"background-color: rgba(0, 0, 0, 0.56)\"><\/div>  \t\t\t\t\t\t\t  \t\t\t\t\t\t<\/div>\n  \t\t\t\t\t\t  \t\t\t\t\t<\/div>\n          \t\t\t\t\t<div class=\"box-text text-center\" >\n\t\t\t\t\t<div class=\"box-text-inner blog-post-inner\">\n\n\t\t\t\t\t\n\t\t\t\t\t\t\t\t\t\t<h5 class=\"post-title is-smaller uppercase\">\n\t\t\t\t\t\t<a href=\"https:\/\/www.sideaita.it\/es\/2026\/06\/30\/agilita-delite-perche-cambiare-direzione-non-e-solo-una-questione-di-forza\/\" class=\"plain\">Agilidad de \u00e9lite: por qu\u00e9 cambiar de direcci\u00f3n no es solo una cuesti\u00f3n de fuerza<\/a>\n\t\t\t\t\t<\/h5>\n\t\t\t\t\t<div class=\"post-meta is-small op-8\">30 de junio de 2026<\/div>\t\t\t\t\t<div class=\"is-divider\"><\/div>\n\t\t\t\t\t                    \n\t\t\t\t\t\t\t\t\t\t\t<a href=\"https:\/\/www.sideaita.it\/es\/2026\/06\/30\/agilita-delite-perche-cambiare-direzione-non-e-solo-una-questione-di-forza\/\" class=\"button  is-outline is-small mb-0\">\n\t\t\t\t\t\t\tLeer\t\t\t\t\t\t<\/a>\n\t\t\t\t\t\n\t\t\t\t\t\n\t\t\t\t\t<\/div>\n\t\t\t\t\t<\/div>\n\t\t\t\t\t\t\t\t\t<\/div>\n\t\t\t<\/div>\n\t\t<\/div><div class=\"col post-item\" >\n\t\t\t<div class=\"col-inner\">\n\t\t\t\t<div class=\"box box-normal box-text-bottom box-blog-post has-hover\">\n            \t\t\t\t\t<div class=\"box-image\" >\n  \t\t\t\t\t\t<div class=\"image-color image-overlay-remove image-cover\" style=\"padding-top:144%;\">\n\t\t\t\t\t\t\t<a href=\"https:\/\/www.sideaita.it\/es\/2026\/05\/15\/ipertrofia-e-forza-essere-piu-muscolosi-significa-davvero-essere-piu-forti\/\" class=\"plain\" aria-label=\"Hipertrofia y fuerza: \u00bfser m\u00e1s musculoso significa realmente ser m\u00e1s fuerte?\">\n\t\t\t\t\t\t\t\t<img loading=\"lazy\" decoding=\"async\" width=\"711\" height=\"400\" src=\"https:\/\/www.sideaita.it\/wp-content\/uploads\/2026\/02\/Sidea-summit-of-strength-strongfirst-fabio-zonin-1-711x400.jpg\" class=\"attachment-medium size-medium wp-post-image\" alt=\"Sidea cumbre de la fuerza strongfirst fabio zonin conferencia etapa 1\" srcset=\"https:\/\/www.sideaita.it\/wp-content\/uploads\/2026\/02\/Sidea-summit-of-strength-strongfirst-fabio-zonin-1-711x400.jpg 711w, https:\/\/www.sideaita.it\/wp-content\/uploads\/2026\/02\/Sidea-summit-of-strength-strongfirst-fabio-zonin-1-1400x788.jpg 1400w, https:\/\/www.sideaita.it\/wp-content\/uploads\/2026\/02\/Sidea-summit-of-strength-strongfirst-fabio-zonin-1-768x432.jpg 768w, https:\/\/www.sideaita.it\/wp-content\/uploads\/2026\/02\/Sidea-summit-of-strength-strongfirst-fabio-zonin-1-1536x864.jpg 1536w, https:\/\/www.sideaita.it\/wp-content\/uploads\/2026\/02\/Sidea-summit-of-strength-strongfirst-fabio-zonin-1-18x10.jpg 18w, https:\/\/www.sideaita.it\/wp-content\/uploads\/2026\/02\/Sidea-summit-of-strength-strongfirst-fabio-zonin-1-700x394.jpg 700w, https:\/\/www.sideaita.it\/wp-content\/uploads\/2026\/02\/Sidea-summit-of-strength-strongfirst-fabio-zonin-1.jpg 1920w\" sizes=\"auto, (max-width: 711px) 100vw, 711px\" \/>\t\t\t\t\t\t\t<\/a>\n  \t\t\t\t\t\t\t<div class=\"overlay\" style=\"background-color: rgba(0, 0, 0, 0.56)\"><\/div>  \t\t\t\t\t\t\t  \t\t\t\t\t\t<\/div>\n  \t\t\t\t\t\t  \t\t\t\t\t<\/div>\n          \t\t\t\t\t<div class=\"box-text text-center\" >\n\t\t\t\t\t<div class=\"box-text-inner blog-post-inner\">\n\n\t\t\t\t\t\n\t\t\t\t\t\t\t\t\t\t<h5 class=\"post-title is-smaller uppercase\">\n\t\t\t\t\t\t<a href=\"https:\/\/www.sideaita.it\/es\/2026\/05\/15\/ipertrofia-e-forza-essere-piu-muscolosi-significa-davvero-essere-piu-forti\/\" class=\"plain\">Hipertrofia y fuerza: \u00bfser m\u00e1s musculoso significa realmente ser m\u00e1s fuerte?<\/a>\n\t\t\t\t\t<\/h5>\n\t\t\t\t\t<div class=\"post-meta is-small op-8\">15 mayo 2026<\/div>\t\t\t\t\t<div class=\"is-divider\"><\/div>\n\t\t\t\t\t                    \n\t\t\t\t\t\t\t\t\t\t\t<a href=\"https:\/\/www.sideaita.it\/es\/2026\/05\/15\/ipertrofia-e-forza-essere-piu-muscolosi-significa-davvero-essere-piu-forti\/\" class=\"button  is-outline is-small mb-0\">\n\t\t\t\t\t\t\tLeer\t\t\t\t\t\t<\/a>\n\t\t\t\t\t\n\t\t\t\t\t\n\t\t\t\t\t<\/div>\n\t\t\t\t\t<\/div>\n\t\t\t\t\t\t\t\t\t<\/div>\n\t\t\t<\/div>\n\t\t<\/div><div class=\"col post-item\" >\n\t\t\t<div class=\"col-inner\">\n\t\t\t\t<div class=\"box box-normal box-text-bottom box-blog-post has-hover\">\n            \t\t\t\t\t<div class=\"box-image\" >\n  \t\t\t\t\t\t<div class=\"image-color image-overlay-remove image-cover\" style=\"padding-top:144%;\">\n\t\t\t\t\t\t\t<a href=\"https:\/\/www.sideaita.it\/es\/2026\/04\/02\/guida-pratica-per-preparare-la-tua-prima-gara-hyrox\/\" class=\"plain\" aria-label=\"Gu\u00eda pr\u00e1ctica para preparar tu primera carrera HYROX\">\n\t\t\t\t\t\t\t\t<img loading=\"lazy\" decoding=\"async\" width=\"711\" height=\"400\" src=\"https:\/\/www.sideaita.it\/wp-content\/uploads\/2026\/03\/Sidea-push-sled-hyrox-functional-training-711x400.jpg\" class=\"attachment-medium size-medium wp-post-image\" alt=\"Equipo de fitness profesional para entrenamientos de alta intensidad, ideal para mejorar la fuerza y la resistencia.\" srcset=\"https:\/\/www.sideaita.it\/wp-content\/uploads\/2026\/03\/Sidea-push-sled-hyrox-functional-training-711x400.jpg 711w, https:\/\/www.sideaita.it\/wp-content\/uploads\/2026\/03\/Sidea-push-sled-hyrox-functional-training-1400x788.jpg 1400w, https:\/\/www.sideaita.it\/wp-content\/uploads\/2026\/03\/Sidea-push-sled-hyrox-functional-training-768x432.jpg 768w, https:\/\/www.sideaita.it\/wp-content\/uploads\/2026\/03\/Sidea-push-sled-hyrox-functional-training-1536x864.jpg 1536w, https:\/\/www.sideaita.it\/wp-content\/uploads\/2026\/03\/Sidea-push-sled-hyrox-functional-training-18x10.jpg 18w, https:\/\/www.sideaita.it\/wp-content\/uploads\/2026\/03\/Sidea-push-sled-hyrox-functional-training-700x394.jpg 700w, https:\/\/www.sideaita.it\/wp-content\/uploads\/2026\/03\/Sidea-push-sled-hyrox-functional-training.jpg 1920w\" sizes=\"auto, (max-width: 711px) 100vw, 711px\" \/>\t\t\t\t\t\t\t<\/a>\n  \t\t\t\t\t\t\t<div class=\"overlay\" style=\"background-color: rgba(0, 0, 0, 0.56)\"><\/div>  \t\t\t\t\t\t\t  \t\t\t\t\t\t<\/div>\n  \t\t\t\t\t\t  \t\t\t\t\t<\/div>\n          \t\t\t\t\t<div class=\"box-text text-center\" >\n\t\t\t\t\t<div class=\"box-text-inner blog-post-inner\">\n\n\t\t\t\t\t\n\t\t\t\t\t\t\t\t\t\t<h5 class=\"post-title is-smaller uppercase\">\n\t\t\t\t\t\t<a href=\"https:\/\/www.sideaita.it\/es\/2026\/04\/02\/guida-pratica-per-preparare-la-tua-prima-gara-hyrox\/\" class=\"plain\">Gu\u00eda pr\u00e1ctica para preparar tu primera carrera HYROX<\/a>\n\t\t\t\t\t<\/h5>\n\t\t\t\t\t<div class=\"post-meta is-small op-8\">2 abril 2026<\/div>\t\t\t\t\t<div class=\"is-divider\"><\/div>\n\t\t\t\t\t                    \n\t\t\t\t\t\t\t\t\t\t\t<a href=\"https:\/\/www.sideaita.it\/es\/2026\/04\/02\/guida-pratica-per-preparare-la-tua-prima-gara-hyrox\/\" class=\"button  is-outline is-small mb-0\">\n\t\t\t\t\t\t\tLeer\t\t\t\t\t\t<\/a>\n\t\t\t\t\t\n\t\t\t\t\t\n\t\t\t\t\t<\/div>\n\t\t\t\t\t<\/div>\n\t\t\t\t\t\t\t\t\t<\/div>\n\t\t\t<\/div>\n\t\t<\/div><div class=\"col post-item\" >\n\t\t\t<div class=\"col-inner\">\n\t\t\t\t<div class=\"box box-normal box-text-bottom box-blog-post has-hover\">\n            \t\t\t\t\t<div class=\"box-image\" >\n  \t\t\t\t\t\t<div class=\"image-color image-overlay-remove image-cover\" style=\"padding-top:144%;\">\n\t\t\t\t\t\t\t<a href=\"https:\/\/www.sideaita.it\/es\/2026\/03\/20\/guida-hyrox-nutrizione-e-fisiologia-della-performance-ibrida-by-sidea\/\" class=\"plain\" aria-label=\"Gu\u00eda HYROX: Nutrici\u00f3n y fisiolog\u00eda del rendimiento h\u00edbrido por Sidea\">\n\t\t\t\t\t\t\t\t<img loading=\"lazy\" decoding=\"async\" width=\"711\" height=\"400\" src=\"https:\/\/www.sideaita.it\/wp-content\/uploads\/2025\/05\/stand-fibo-colonia-2025-push-sled-711x400.jpg\" class=\"attachment-medium size-medium wp-post-image\" alt=\"stand fibo colonia 2025 trineo de empuje\" srcset=\"https:\/\/www.sideaita.it\/wp-content\/uploads\/2025\/05\/stand-fibo-colonia-2025-push-sled-711x400.jpg 711w, https:\/\/www.sideaita.it\/wp-content\/uploads\/2025\/05\/stand-fibo-colonia-2025-push-sled-1400x788.jpg 1400w, https:\/\/www.sideaita.it\/wp-content\/uploads\/2025\/05\/stand-fibo-colonia-2025-push-sled-768x432.jpg 768w, https:\/\/www.sideaita.it\/wp-content\/uploads\/2025\/05\/stand-fibo-colonia-2025-push-sled-1536x864.jpg 1536w, https:\/\/www.sideaita.it\/wp-content\/uploads\/2025\/05\/stand-fibo-colonia-2025-push-sled-700x394.jpg 700w, https:\/\/www.sideaita.it\/wp-content\/uploads\/2025\/05\/stand-fibo-colonia-2025-push-sled.jpg 1920w\" sizes=\"auto, (max-width: 711px) 100vw, 711px\" \/>\t\t\t\t\t\t\t<\/a>\n  \t\t\t\t\t\t\t<div class=\"overlay\" style=\"background-color: rgba(0, 0, 0, 0.56)\"><\/div>  \t\t\t\t\t\t\t  \t\t\t\t\t\t<\/div>\n  \t\t\t\t\t\t  \t\t\t\t\t<\/div>\n          \t\t\t\t\t<div class=\"box-text text-center\" >\n\t\t\t\t\t<div class=\"box-text-inner blog-post-inner\">\n\n\t\t\t\t\t\n\t\t\t\t\t\t\t\t\t\t<h5 class=\"post-title is-smaller uppercase\">\n\t\t\t\t\t\t<a href=\"https:\/\/www.sideaita.it\/es\/2026\/03\/20\/guida-hyrox-nutrizione-e-fisiologia-della-performance-ibrida-by-sidea\/\" class=\"plain\">Gu\u00eda HYROX: Nutrici\u00f3n y fisiolog\u00eda del rendimiento h\u00edbrido por Sidea<\/a>\n\t\t\t\t\t<\/h5>\n\t\t\t\t\t<div class=\"post-meta is-small op-8\">20 de marzo de 2026<\/div>\t\t\t\t\t<div class=\"is-divider\"><\/div>\n\t\t\t\t\t                    \n\t\t\t\t\t\t\t\t\t\t\t<a href=\"https:\/\/www.sideaita.it\/es\/2026\/03\/20\/guida-hyrox-nutrizione-e-fisiologia-della-performance-ibrida-by-sidea\/\" class=\"button  is-outline is-small mb-0\">\n\t\t\t\t\t\t\tLeer\t\t\t\t\t\t<\/a>\n\t\t\t\t\t\n\t\t\t\t\t\n\t\t\t\t\t<\/div>\n\t\t\t\t\t<\/div>\n\t\t\t\t\t\t\t\t\t<\/div>\n\t\t\t<\/div>\n\t\t<\/div><div class=\"col post-item\" >\n\t\t\t<div class=\"col-inner\">\n\t\t\t\t<div class=\"box box-normal box-text-bottom box-blog-post has-hover\">\n            \t\t\t\t\t<div class=\"box-image\" >\n  \t\t\t\t\t\t<div class=\"image-color image-overlay-remove image-cover\" style=\"padding-top:144%;\">\n\t\t\t\t\t\t\t<a href=\"https:\/\/www.sideaita.it\/es\/2026\/02\/20\/panca-a-terra-con-braccio-teso-e-flesso\/\" class=\"plain\" aria-label=\"Fuerza de brazos flexionados y fuerza de brazos estirados\">\n\t\t\t\t\t\t\t\t<img loading=\"lazy\" decoding=\"async\" width=\"711\" height=\"400\" src=\"https:\/\/www.sideaita.it\/wp-content\/uploads\/2026\/02\/Sidea-summit-of-strength-strongfirst-Serena-conferenza-10-711x400.jpg\" class=\"attachment-medium size-medium wp-post-image\" alt=\"Sidea cumbre de la fuerza strongfirst Serena conferencia 10\" srcset=\"https:\/\/www.sideaita.it\/wp-content\/uploads\/2026\/02\/Sidea-summit-of-strength-strongfirst-Serena-conferenza-10-711x400.jpg 711w, https:\/\/www.sideaita.it\/wp-content\/uploads\/2026\/02\/Sidea-summit-of-strength-strongfirst-Serena-conferenza-10-1400x788.jpg 1400w, https:\/\/www.sideaita.it\/wp-content\/uploads\/2026\/02\/Sidea-summit-of-strength-strongfirst-Serena-conferenza-10-768x432.jpg 768w, https:\/\/www.sideaita.it\/wp-content\/uploads\/2026\/02\/Sidea-summit-of-strength-strongfirst-Serena-conferenza-10-1536x864.jpg 1536w, https:\/\/www.sideaita.it\/wp-content\/uploads\/2026\/02\/Sidea-summit-of-strength-strongfirst-Serena-conferenza-10-18x10.jpg 18w, https:\/\/www.sideaita.it\/wp-content\/uploads\/2026\/02\/Sidea-summit-of-strength-strongfirst-Serena-conferenza-10-700x394.jpg 700w, https:\/\/www.sideaita.it\/wp-content\/uploads\/2026\/02\/Sidea-summit-of-strength-strongfirst-Serena-conferenza-10.jpg 1920w\" sizes=\"auto, (max-width: 711px) 100vw, 711px\" \/>\t\t\t\t\t\t\t<\/a>\n  \t\t\t\t\t\t\t<div class=\"overlay\" style=\"background-color: rgba(0, 0, 0, 0.56)\"><\/div>  \t\t\t\t\t\t\t  \t\t\t\t\t\t<\/div>\n  \t\t\t\t\t\t  \t\t\t\t\t<\/div>\n          \t\t\t\t\t<div class=\"box-text text-center\" >\n\t\t\t\t\t<div class=\"box-text-inner blog-post-inner\">\n\n\t\t\t\t\t\n\t\t\t\t\t\t\t\t\t\t<h5 class=\"post-title is-smaller uppercase\">\n\t\t\t\t\t\t<a href=\"https:\/\/www.sideaita.it\/es\/2026\/02\/20\/panca-a-terra-con-braccio-teso-e-flesso\/\" class=\"plain\">Fuerza de brazos flexionados y fuerza de brazos estirados<\/a>\n\t\t\t\t\t<\/h5>\n\t\t\t\t\t<div class=\"post-meta is-small op-8\">20 febrero 2026<\/div>\t\t\t\t\t<div class=\"is-divider\"><\/div>\n\t\t\t\t\t                    \n\t\t\t\t\t\t\t\t\t\t\t<a href=\"https:\/\/www.sideaita.it\/es\/2026\/02\/20\/panca-a-terra-con-braccio-teso-e-flesso\/\" class=\"button  is-outline is-small mb-0\">\n\t\t\t\t\t\t\tLeer\t\t\t\t\t\t<\/a>\n\t\t\t\t\t\n\t\t\t\t\t\n\t\t\t\t\t<\/div>\n\t\t\t\t\t<\/div>\n\t\t\t\t\t\t\t\t\t<\/div>\n\t\t\t<\/div>\n\t\t<\/div><div class=\"col post-item\" >\n\t\t\t<div class=\"col-inner\">\n\t\t\t\t<div class=\"box box-normal box-text-bottom box-blog-post has-hover\">\n            \t\t\t\t\t<div class=\"box-image\" >\n  \t\t\t\t\t\t<div class=\"image-color image-overlay-remove image-cover\" style=\"padding-top:144%;\">\n\t\t\t\t\t\t\t<a href=\"https:\/\/www.sideaita.it\/es\/2026\/01\/16\/functional-training-dalle-origini-alla-scienza-del-movimento\/\" class=\"plain\" aria-label=\"Entrenamiento funcional: de los or\u00edgenes a la ciencia del movimiento\">\n\t\t\t\t\t\t\t\t<img loading=\"lazy\" decoding=\"async\" width=\"711\" height=\"400\" src=\"https:\/\/www.sideaita.it\/wp-content\/uploads\/2025\/07\/outrace-per-blog-sidea-leader-italiano-nellallenamento-funzionale-dal-design-alla-realizzazione-11-711x400.jpg\" class=\"attachment-medium size-medium wp-post-image\" alt=\"outrace para el blog sidea l\u00edder italiano en entrenamiento funcional - del dise\u00f1o a la realizaci\u00f3n (11)\" srcset=\"https:\/\/www.sideaita.it\/wp-content\/uploads\/2025\/07\/outrace-per-blog-sidea-leader-italiano-nellallenamento-funzionale-dal-design-alla-realizzazione-11-711x400.jpg 711w, https:\/\/www.sideaita.it\/wp-content\/uploads\/2025\/07\/outrace-per-blog-sidea-leader-italiano-nellallenamento-funzionale-dal-design-alla-realizzazione-11-1400x788.jpg 1400w, https:\/\/www.sideaita.it\/wp-content\/uploads\/2025\/07\/outrace-per-blog-sidea-leader-italiano-nellallenamento-funzionale-dal-design-alla-realizzazione-11-768x432.jpg 768w, https:\/\/www.sideaita.it\/wp-content\/uploads\/2025\/07\/outrace-per-blog-sidea-leader-italiano-nellallenamento-funzionale-dal-design-alla-realizzazione-11-1536x864.jpg 1536w, https:\/\/www.sideaita.it\/wp-content\/uploads\/2025\/07\/outrace-per-blog-sidea-leader-italiano-nellallenamento-funzionale-dal-design-alla-realizzazione-11-18x10.jpg 18w, https:\/\/www.sideaita.it\/wp-content\/uploads\/2025\/07\/outrace-per-blog-sidea-leader-italiano-nellallenamento-funzionale-dal-design-alla-realizzazione-11-700x394.jpg 700w, https:\/\/www.sideaita.it\/wp-content\/uploads\/2025\/07\/outrace-per-blog-sidea-leader-italiano-nellallenamento-funzionale-dal-design-alla-realizzazione-11.jpg 1920w\" sizes=\"auto, (max-width: 711px) 100vw, 711px\" \/>\t\t\t\t\t\t\t<\/a>\n  \t\t\t\t\t\t\t<div class=\"overlay\" style=\"background-color: rgba(0, 0, 0, 0.56)\"><\/div>  \t\t\t\t\t\t\t  \t\t\t\t\t\t<\/div>\n  \t\t\t\t\t\t  \t\t\t\t\t<\/div>\n          \t\t\t\t\t<div class=\"box-text text-center\" >\n\t\t\t\t\t<div class=\"box-text-inner blog-post-inner\">\n\n\t\t\t\t\t\n\t\t\t\t\t\t\t\t\t\t<h5 class=\"post-title is-smaller uppercase\">\n\t\t\t\t\t\t<a href=\"https:\/\/www.sideaita.it\/es\/2026\/01\/16\/functional-training-dalle-origini-alla-scienza-del-movimento\/\" class=\"plain\">Entrenamiento funcional: de los or\u00edgenes a la ciencia del movimiento<\/a>\n\t\t\t\t\t<\/h5>\n\t\t\t\t\t<div class=\"post-meta is-small op-8\">16 enero 2026<\/div>\t\t\t\t\t<div class=\"is-divider\"><\/div>\n\t\t\t\t\t                    \n\t\t\t\t\t\t\t\t\t\t\t<a href=\"https:\/\/www.sideaita.it\/es\/2026\/01\/16\/functional-training-dalle-origini-alla-scienza-del-movimento\/\" class=\"button  is-outline is-small mb-0\">\n\t\t\t\t\t\t\tLeer\t\t\t\t\t\t<\/a>\n\t\t\t\t\t\n\t\t\t\t\t\n\t\t\t\t\t<\/div>\n\t\t\t\t\t<\/div>\n\t\t\t\t\t\t\t\t\t<\/div>\n\t\t\t<\/div>\n\t\t<\/div><div class=\"col post-item\" >\n\t\t\t<div class=\"col-inner\">\n\t\t\t\t<div class=\"box box-normal box-text-bottom box-blog-post has-hover\">\n            \t\t\t\t\t<div class=\"box-image\" >\n  \t\t\t\t\t\t<div class=\"image-color image-overlay-remove image-cover\" style=\"padding-top:144%;\">\n\t\t\t\t\t\t\t<a href=\"https:\/\/www.sideaita.it\/es\/2025\/12\/30\/total-core-pin-training-la-scienza-della-forza-rotazionale-e-della-performance-3d\/\" class=\"plain\" aria-label=\"Entrenamiento con clavijas de n\u00facleo total: la ciencia de la fuerza rotacional y el rendimiento 3D\">\n\t\t\t\t\t\t\t\t<img loading=\"lazy\" decoding=\"async\" width=\"600\" height=\"400\" src=\"https:\/\/www.sideaita.it\/wp-content\/uploads\/2021\/07\/9029-Total-Core-Pin-copertina-600x400.jpg\" class=\"attachment-medium size-medium wp-post-image\" alt=\"Total-core-barbell-lever-landmine-landminer-weight-lifting-core-training-strength-training-landmine-press-barbell\" srcset=\"https:\/\/www.sideaita.it\/wp-content\/uploads\/2021\/07\/9029-Total-Core-Pin-copertina-600x400.jpg 600w, https:\/\/www.sideaita.it\/wp-content\/uploads\/2021\/07\/9029-Total-Core-Pin-copertina-1200x800.jpg 1200w, https:\/\/www.sideaita.it\/wp-content\/uploads\/2021\/07\/9029-Total-Core-Pin-copertina-768x512.jpg 768w, https:\/\/www.sideaita.it\/wp-content\/uploads\/2021\/07\/9029-Total-Core-Pin-copertina-1536x1024.jpg 1536w, https:\/\/www.sideaita.it\/wp-content\/uploads\/2021\/07\/9029-Total-Core-Pin-copertina-700x467.jpg 700w, https:\/\/www.sideaita.it\/wp-content\/uploads\/2021\/07\/9029-Total-Core-Pin-copertina.jpg 2000w\" sizes=\"auto, (max-width: 600px) 100vw, 600px\" \/>\t\t\t\t\t\t\t<\/a>\n  \t\t\t\t\t\t\t<div class=\"overlay\" style=\"background-color: rgba(0, 0, 0, 0.56)\"><\/div>  \t\t\t\t\t\t\t  \t\t\t\t\t\t<\/div>\n  \t\t\t\t\t\t  \t\t\t\t\t<\/div>\n          \t\t\t\t\t<div class=\"box-text text-center\" >\n\t\t\t\t\t<div class=\"box-text-inner blog-post-inner\">\n\n\t\t\t\t\t\n\t\t\t\t\t\t\t\t\t\t<h5 class=\"post-title is-smaller uppercase\">\n\t\t\t\t\t\t<a href=\"https:\/\/www.sideaita.it\/es\/2025\/12\/30\/total-core-pin-training-la-scienza-della-forza-rotazionale-e-della-performance-3d\/\" class=\"plain\">Entrenamiento con clavijas de n\u00facleo total: la ciencia de la fuerza rotacional y el rendimiento 3D<\/a>\n\t\t\t\t\t<\/h5>\n\t\t\t\t\t<div class=\"post-meta is-small op-8\">30 de diciembre de 2025<\/div>\t\t\t\t\t<div class=\"is-divider\"><\/div>\n\t\t\t\t\t                    \n\t\t\t\t\t\t\t\t\t\t\t<a href=\"https:\/\/www.sideaita.it\/es\/2025\/12\/30\/total-core-pin-training-la-scienza-della-forza-rotazionale-e-della-performance-3d\/\" class=\"button  is-outline is-small mb-0\">\n\t\t\t\t\t\t\tLeer\t\t\t\t\t\t<\/a>\n\t\t\t\t\t\n\t\t\t\t\t\n\t\t\t\t\t<\/div>\n\t\t\t\t\t<\/div>\n\t\t\t\t\t\t\t\t\t<\/div>\n\t\t\t<\/div>\n\t\t<\/div><div class=\"col post-item\" >\n\t\t\t<div class=\"col-inner\">\n\t\t\t\t<div class=\"box box-normal box-text-bottom box-blog-post has-hover\">\n            \t\t\t\t\t<div class=\"box-image\" >\n  \t\t\t\t\t\t<div class=\"image-color image-overlay-remove image-cover\" style=\"padding-top:144%;\">\n\t\t\t\t\t\t\t<a href=\"https:\/\/www.sideaita.it\/es\/2025\/10\/24\/dalla-romagna-al-podio-mondiale-la-rivincita-di-ferro-di-sofia-gatta\/\" class=\"plain\" aria-label=\"De Roma\u00f1a al podio mundial: el renacimiento del hierro de Sofia Gatta\">\n\t\t\t\t\t\t\t\t<img loading=\"lazy\" decoding=\"async\" width=\"711\" height=\"400\" src=\"https:\/\/www.sideaita.it\/wp-content\/uploads\/2025\/10\/sofia-con-medaglie-711x400.jpg\" class=\"attachment-medium size-medium wp-post-image\" alt=\"sof\u00eda con medallas\" srcset=\"https:\/\/www.sideaita.it\/wp-content\/uploads\/2025\/10\/sofia-con-medaglie-711x400.jpg 711w, https:\/\/www.sideaita.it\/wp-content\/uploads\/2025\/10\/sofia-con-medaglie-1400x788.jpg 1400w, https:\/\/www.sideaita.it\/wp-content\/uploads\/2025\/10\/sofia-con-medaglie-768x432.jpg 768w, https:\/\/www.sideaita.it\/wp-content\/uploads\/2025\/10\/sofia-con-medaglie-1536x864.jpg 1536w, https:\/\/www.sideaita.it\/wp-content\/uploads\/2025\/10\/sofia-con-medaglie-18x10.jpg 18w, https:\/\/www.sideaita.it\/wp-content\/uploads\/2025\/10\/sofia-con-medaglie-700x394.jpg 700w, https:\/\/www.sideaita.it\/wp-content\/uploads\/2025\/10\/sofia-con-medaglie.jpg 1920w\" sizes=\"auto, (max-width: 711px) 100vw, 711px\" \/>\t\t\t\t\t\t\t<\/a>\n  \t\t\t\t\t\t\t<div class=\"overlay\" style=\"background-color: rgba(0, 0, 0, 0.56)\"><\/div>  \t\t\t\t\t\t\t  \t\t\t\t\t\t<\/div>\n  \t\t\t\t\t\t  \t\t\t\t\t<\/div>\n          \t\t\t\t\t<div class=\"box-text text-center\" >\n\t\t\t\t\t<div class=\"box-text-inner blog-post-inner\">\n\n\t\t\t\t\t\n\t\t\t\t\t\t\t\t\t\t<h5 class=\"post-title is-smaller uppercase\">\n\t\t\t\t\t\t<a href=\"https:\/\/www.sideaita.it\/es\/2025\/10\/24\/dalla-romagna-al-podio-mondiale-la-rivincita-di-ferro-di-sofia-gatta\/\" class=\"plain\">De Roma\u00f1a al podio mundial: el renacimiento del hierro de Sofia Gatta<\/a>\n\t\t\t\t\t<\/h5>\n\t\t\t\t\t<div class=\"post-meta is-small op-8\">24 de octubre de 2025<\/div>\t\t\t\t\t<div class=\"is-divider\"><\/div>\n\t\t\t\t\t                    \n\t\t\t\t\t\t\t\t\t\t\t<a href=\"https:\/\/www.sideaita.it\/es\/2025\/10\/24\/dalla-romagna-al-podio-mondiale-la-rivincita-di-ferro-di-sofia-gatta\/\" class=\"button  is-outline is-small mb-0\">\n\t\t\t\t\t\t\tLeer\t\t\t\t\t\t<\/a>\n\t\t\t\t\t\n\t\t\t\t\t\n\t\t\t\t\t<\/div>\n\t\t\t\t\t<\/div>\n\t\t\t\t\t\t\t\t\t<\/div>\n\t\t\t<\/div>\n\t\t<\/div><\/div>\n\n  <div class=\"banner has-hover\" id=\"banner-1509110848\">\n          <div class=\"banner-inner fill\">\n        <div class=\"banner-bg fill\" >\n            <img loading=\"lazy\" decoding=\"async\" width=\"1020\" height=\"319\" src=\"https:\/\/www.sideaita.it\/wp-content\/uploads\/2024\/02\/COPERTINA-MAILING-DISCHI-DA-PL-2--1400x438.jpg\" class=\"bg attachment-large size-large\" alt=\"CUBIERTA DISCOS DE CORREO DE PL 2\" \/>                        <div class=\"overlay\"><\/div>            \n                    <\/div>\n\t\t\n        <div class=\"banner-layers container\">\n            <div class=\"fill banner-link\"><\/div>            \n   <div id=\"text-box-989013656\" class=\"text-box banner-layer x50 md-x50 lg-x50 y50 md-y50 lg-y50 res-text\">\n                                <div class=\"text-box-content text dark\">\n              \n              <div class=\"text-inner text-center\">\n                  \n\t<div id=\"text-3174782998\" class=\"text\">\n\t\t\n<p><strong>BOLET\u00cdN SIDEA<\/strong><\/p>\n<p>Suscr\u00edbase a nuestro bolet\u00edn para recibir noticias, promociones e informaci\u00f3n sobre el mundo de Sidea.<br \/>\n\t\t\n<style>\n#text-3174782998 {\n  font-size: 1.45rem;\n  line-height: 1.25;\n}\n<\/style>\n\t<\/div>\n\t\n<a href=\"http:\/\/eepurl.com\/iD9wQo\" class=\"button white is-outline is-large\" style=\"border-radius:26px;\">\n\t\t<span>\u00daNASE A<\/span>\n\t<\/a>\n\n              <\/div>\n           <\/div>\n                            \n<style>\n#text-box-989013656 {\n  width: 60%;\n}\n#text-box-989013656 .text-box-content {\n  font-size: 100%;\n}\n<\/style>\n    <\/div>\n \n        <\/div>\n      <\/div>\n\n            \n<style>\n#banner-1509110848 {\n  padding-top: 300px;\n  background-color: rgb(0, 0, 0);\n}\n#banner-1509110848 .overlay {\n  background-color: rgba(0, 0, 0, 0.669);\n}\n<\/style>\n  <\/div>","protected":false},"excerpt":{"rendered":"<p>Cuando corremos, activamos muchos m\u00fasculos. Por eso necesitamos un entrenamiento funcional espec\u00edfico para correr, ya sea libre o con pesas.<\/p>","protected":false},"author":5098,"featured_media":107662,"comment_status":"open","ping_status":"open","sticky":false,"template":"","format":"standard","meta":{"footnotes":""},"categories":[4754],"tags":[3624,276],"class_list":["post-107653","post","type-post","status-publish","format-standard","has-post-thumbnail","hentry","category-preparazione-atletica","tag-preparazione-atletica","tag-sidea"],"yoast_head":"<!-- This site is optimized with the Yoast SEO Premium plugin v28.1 (Yoast SEO v28.1) - https:\/\/yoast.com\/product\/yoast-seo-premium-wordpress\/ -->\n<title>Allenamento funzionale e corsa: perch\u00e9 \u00e8 utile e quali esercizi effettuare<\/title>\n<meta name=\"description\" content=\"Quando corriamo, attiviamo tanti muscoli. Per questo abbiamo bisogno di una preparazione funzionale specifica per la corsa, a corpo libero o coi pesi.\" \/>\n<meta name=\"robots\" content=\"index, follow, max-snippet:-1, max-image-preview:large, max-video-preview:-1\" \/>\n<link rel=\"canonical\" href=\"https:\/\/www.sideaita.it\/es\/2020\/10\/14\/entrenamiento-funcional-ejercicios-de-carrera\/\" \/>\n<meta property=\"og:locale\" content=\"es_ES\" \/>\n<meta property=\"og:type\" content=\"article\" \/>\n<meta property=\"og:title\" content=\"Allenamento funzionale e corsa: perch\u00e9 \u00e8 utile e che tipo di esercizi effettuare\" \/>\n<meta property=\"og:description\" content=\"Quando corriamo, attiviamo tanti muscoli. Per questo abbiamo bisogno di una preparazione funzionale specifica per la corsa, a corpo libero o coi pesi.\" \/>\n<meta property=\"og:url\" content=\"https:\/\/www.sideaita.it\/es\/2020\/10\/14\/entrenamiento-funcional-ejercicios-de-carrera\/\" \/>\n<meta property=\"og:site_name\" content=\"Sidea | Attrezzatura Fitness Professionale\" \/>\n<meta property=\"article:publisher\" content=\"https:\/\/www.facebook.com\/sideaita\/\" \/>\n<meta property=\"article:published_time\" content=\"2020-10-14T07:30:39+00:00\" \/>\n<meta property=\"article:modified_time\" content=\"2024-06-11T10:48:08+00:00\" \/>\n<meta property=\"og:image\" content=\"https:\/\/www.sideaita.it\/wp-content\/uploads\/2020\/10\/allenamento-funzionale-corsa-sidea.jpg\" \/>\n\t<meta property=\"og:image:width\" content=\"2500\" \/>\n\t<meta property=\"og:image:height\" content=\"1875\" \/>\n\t<meta property=\"og:image:type\" content=\"image\/jpeg\" \/>\n<meta name=\"author\" content=\"Veronica Fabrianesi\" \/>\n<meta name=\"twitter:card\" content=\"summary_large_image\" \/>\n<meta name=\"twitter:label1\" content=\"Escrito por\" \/>\n\t<meta name=\"twitter:data1\" content=\"Veronica Fabrianesi\" \/>\n\t<meta name=\"twitter:label2\" content=\"Tiempo de lectura\" \/>\n\t<meta name=\"twitter:data2\" content=\"4 minutos\" \/>\n<script type=\"application\/ld+json\" class=\"yoast-schema-graph\">{\"@context\":\"https:\\\/\\\/schema.org\",\"@graph\":[{\"@type\":\"Article\",\"@id\":\"https:\\\/\\\/www.sideaita.it\\\/2020\\\/10\\\/14\\\/allenamento-funzionale-corsa-esercizi\\\/#article\",\"isPartOf\":{\"@id\":\"https:\\\/\\\/www.sideaita.it\\\/2020\\\/10\\\/14\\\/allenamento-funzionale-corsa-esercizi\\\/\"},\"author\":{\"name\":\"Veronica Fabrianesi\",\"@id\":\"https:\\\/\\\/www.sideaita.it\\\/#\\\/schema\\\/person\\\/38bfbca138c0b9a212f494080152e7a1\"},\"headline\":\"Allenamento funzionale e corsa: perch\u00e9 \u00e8 utile e che tipo di esercizi effettuare\",\"datePublished\":\"2020-10-14T07:30:39+00:00\",\"dateModified\":\"2024-06-11T10:48:08+00:00\",\"mainEntityOfPage\":{\"@id\":\"https:\\\/\\\/www.sideaita.it\\\/2020\\\/10\\\/14\\\/allenamento-funzionale-corsa-esercizi\\\/\"},\"wordCount\":806,\"commentCount\":0,\"publisher\":{\"@id\":\"https:\\\/\\\/www.sideaita.it\\\/#organization\"},\"image\":{\"@id\":\"https:\\\/\\\/www.sideaita.it\\\/2020\\\/10\\\/14\\\/allenamento-funzionale-corsa-esercizi\\\/#primaryimage\"},\"thumbnailUrl\":\"https:\\\/\\\/www.sideaita.it\\\/wp-content\\\/uploads\\\/2020\\\/10\\\/allenamento-funzionale-corsa-sidea.jpg\",\"keywords\":[\"News Sidea - preparazione atletica\",\"sidea\"],\"articleSection\":[\"Preparazione atletica\"],\"inLanguage\":\"es\",\"potentialAction\":[{\"@type\":\"CommentAction\",\"name\":\"Comment\",\"target\":[\"https:\\\/\\\/www.sideaita.it\\\/2020\\\/10\\\/14\\\/allenamento-funzionale-corsa-esercizi\\\/#respond\"]}]},{\"@type\":\"WebPage\",\"@id\":\"https:\\\/\\\/www.sideaita.it\\\/2020\\\/10\\\/14\\\/allenamento-funzionale-corsa-esercizi\\\/\",\"url\":\"https:\\\/\\\/www.sideaita.it\\\/2020\\\/10\\\/14\\\/allenamento-funzionale-corsa-esercizi\\\/\",\"name\":\"Allenamento funzionale e corsa: perch\u00e9 \u00e8 utile e quali esercizi effettuare\",\"isPartOf\":{\"@id\":\"https:\\\/\\\/www.sideaita.it\\\/#website\"},\"primaryImageOfPage\":{\"@id\":\"https:\\\/\\\/www.sideaita.it\\\/2020\\\/10\\\/14\\\/allenamento-funzionale-corsa-esercizi\\\/#primaryimage\"},\"image\":{\"@id\":\"https:\\\/\\\/www.sideaita.it\\\/2020\\\/10\\\/14\\\/allenamento-funzionale-corsa-esercizi\\\/#primaryimage\"},\"thumbnailUrl\":\"https:\\\/\\\/www.sideaita.it\\\/wp-content\\\/uploads\\\/2020\\\/10\\\/allenamento-funzionale-corsa-sidea.jpg\",\"datePublished\":\"2020-10-14T07:30:39+00:00\",\"dateModified\":\"2024-06-11T10:48:08+00:00\",\"description\":\"Quando corriamo, attiviamo tanti muscoli. Per questo abbiamo bisogno di una preparazione funzionale specifica per la corsa, a corpo libero o coi pesi.\",\"breadcrumb\":{\"@id\":\"https:\\\/\\\/www.sideaita.it\\\/2020\\\/10\\\/14\\\/allenamento-funzionale-corsa-esercizi\\\/#breadcrumb\"},\"inLanguage\":\"es\",\"potentialAction\":[{\"@type\":\"ReadAction\",\"target\":[\"https:\\\/\\\/www.sideaita.it\\\/2020\\\/10\\\/14\\\/allenamento-funzionale-corsa-esercizi\\\/\"]}]},{\"@type\":\"ImageObject\",\"inLanguage\":\"es\",\"@id\":\"https:\\\/\\\/www.sideaita.it\\\/2020\\\/10\\\/14\\\/allenamento-funzionale-corsa-esercizi\\\/#primaryimage\",\"url\":\"https:\\\/\\\/www.sideaita.it\\\/wp-content\\\/uploads\\\/2020\\\/10\\\/allenamento-funzionale-corsa-sidea.jpg\",\"contentUrl\":\"https:\\\/\\\/www.sideaita.it\\\/wp-content\\\/uploads\\\/2020\\\/10\\\/allenamento-funzionale-corsa-sidea.jpg\",\"width\":2500,\"height\":1875,\"caption\":\"allenamento-funzionale-corsa-sidea\"},{\"@type\":\"BreadcrumbList\",\"@id\":\"https:\\\/\\\/www.sideaita.it\\\/2020\\\/10\\\/14\\\/allenamento-funzionale-corsa-esercizi\\\/#breadcrumb\",\"itemListElement\":[{\"@type\":\"ListItem\",\"position\":1,\"name\":\"Home\",\"item\":\"https:\\\/\\\/www.sideaita.it\\\/\"},{\"@type\":\"ListItem\",\"position\":2,\"name\":\"Allenamento funzionale e corsa: perch\u00e9 \u00e8 utile e che tipo di esercizi effettuare\"}]},{\"@type\":\"WebSite\",\"@id\":\"https:\\\/\\\/www.sideaita.it\\\/#website\",\"url\":\"https:\\\/\\\/www.sideaita.it\\\/\",\"name\":\"Sidea | Attrezzatura Fitness Professionale\",\"description\":\"SIDEA \u2013 Allenati, diventa pi\u00f9 forte, vivi meglio | Attrezzatura professionale per la preparazione fisica ed il functional training. Nata dalla passione per lo sport, sviluppata per le palestre.\",\"publisher\":{\"@id\":\"https:\\\/\\\/www.sideaita.it\\\/#organization\"},\"potentialAction\":[{\"@type\":\"SearchAction\",\"target\":{\"@type\":\"EntryPoint\",\"urlTemplate\":\"https:\\\/\\\/www.sideaita.it\\\/?s={search_term_string}\"},\"query-input\":{\"@type\":\"PropertyValueSpecification\",\"valueRequired\":true,\"valueName\":\"search_term_string\"}}],\"inLanguage\":\"es\"},{\"@type\":\"Organization\",\"@id\":\"https:\\\/\\\/www.sideaita.it\\\/#organization\",\"name\":\"Sidea Srl\",\"alternateName\":\"Sidea\",\"url\":\"https:\\\/\\\/www.sideaita.it\\\/\",\"logo\":{\"@type\":\"ImageObject\",\"inLanguage\":\"es\",\"@id\":\"https:\\\/\\\/www.sideaita.it\\\/#\\\/schema\\\/logo\\\/image\\\/\",\"url\":\"https:\\\/\\\/www.sideaita.it\\\/wp-content\\\/uploads\\\/2023\\\/06\\\/cropped-logo-solo-s-1440x1440-1.jpg\",\"contentUrl\":\"https:\\\/\\\/www.sideaita.it\\\/wp-content\\\/uploads\\\/2023\\\/06\\\/cropped-logo-solo-s-1440x1440-1.jpg\",\"width\":512,\"height\":512,\"caption\":\"Sidea Srl\"},\"image\":{\"@id\":\"https:\\\/\\\/www.sideaita.it\\\/#\\\/schema\\\/logo\\\/image\\\/\"},\"sameAs\":[\"https:\\\/\\\/www.facebook.com\\\/sideaita\\\/\",\"https:\\\/\\\/www.instagram.com\\\/sidea_fitness\\\/\",\"https:\\\/\\\/www.linkedin.com\\\/company\\\/sideafitness\\\/\",\"https:\\\/\\\/www.pinterest.it\\\/sideafitness\\\/\",\"https:\\\/\\\/www.youtube.com\\\/user\\\/FitnessIT\\\/\",\"https:\\\/\\\/www.tiktok.com\\\/@sidea_fitness\"],\"description\":\"SIDEA \u2013 Allenati, diventa pi\u00f9 forte, vivi meglio | Attrezzatura professionale per la preparazione fisica ed il functional training. Nata dalla passione per lo sport, sviluppata per le palestre.\",\"email\":\"sidea@sideaita.it\",\"legalName\":\"Sidea Srl\",\"vatID\":\"IT02693190403\",\"taxID\":\"IT02693190403\",\"hasMerchantReturnPolicy\":{\"@type\":\"MerchantReturnPolicy\",\"merchantReturnLink\":\"https:\\\/\\\/www.sideaita.it\\\/es\\\/termini-condizioni-di-vendita\\\/\"}},{\"@type\":\"Person\",\"@id\":\"https:\\\/\\\/www.sideaita.it\\\/#\\\/schema\\\/person\\\/38bfbca138c0b9a212f494080152e7a1\",\"name\":\"Veronica Fabrianesi\",\"image\":{\"@type\":\"ImageObject\",\"inLanguage\":\"es\",\"@id\":\"https:\\\/\\\/secure.gravatar.com\\\/avatar\\\/eb09f653aa00b8bfc2d8c60cb7983460bbc40a2175fba5ac160ae524cd9584b0?s=96&d=mm&r=g\",\"url\":\"https:\\\/\\\/secure.gravatar.com\\\/avatar\\\/eb09f653aa00b8bfc2d8c60cb7983460bbc40a2175fba5ac160ae524cd9584b0?s=96&d=mm&r=g\",\"contentUrl\":\"https:\\\/\\\/secure.gravatar.com\\\/avatar\\\/eb09f653aa00b8bfc2d8c60cb7983460bbc40a2175fba5ac160ae524cd9584b0?s=96&d=mm&r=g\",\"caption\":\"Veronica Fabrianesi\"},\"url\":\"https:\\\/\\\/www.sideaita.it\\\/es\\\/author\\\/veronica-fabrianesi\\\/\"}]}<\/script>\n<!-- \/ Yoast SEO Premium plugin. -->","yoast_head_json":{"title":"Entrenamiento funcional y carrera: por qu\u00e9 es \u00fatil y qu\u00e9 ejercicios realizar","description":"Cuando corremos, activamos muchos m\u00fasculos. Por eso necesitamos un entrenamiento funcional espec\u00edfico para correr, ya sea libre o con pesas.","robots":{"index":"index","follow":"follow","max-snippet":"max-snippet:-1","max-image-preview":"max-image-preview:large","max-video-preview":"max-video-preview:-1"},"canonical":"https:\/\/www.sideaita.it\/es\/2020\/10\/14\/entrenamiento-funcional-ejercicios-de-carrera\/","og_locale":"es_ES","og_type":"article","og_title":"Allenamento funzionale e corsa: perch\u00e9 \u00e8 utile e che tipo di esercizi effettuare","og_description":"Quando corriamo, attiviamo tanti muscoli. Per questo abbiamo bisogno di una preparazione funzionale specifica per la corsa, a corpo libero o coi pesi.","og_url":"https:\/\/www.sideaita.it\/es\/2020\/10\/14\/entrenamiento-funcional-ejercicios-de-carrera\/","og_site_name":"Sidea | Attrezzatura Fitness Professionale","article_publisher":"https:\/\/www.facebook.com\/sideaita\/","article_published_time":"2020-10-14T07:30:39+00:00","article_modified_time":"2024-06-11T10:48:08+00:00","og_image":[{"width":2500,"height":1875,"url":"https:\/\/www.sideaita.it\/wp-content\/uploads\/2020\/10\/allenamento-funzionale-corsa-sidea.jpg","type":"image\/jpeg"}],"author":"Veronica Fabrianesi","twitter_card":"summary_large_image","twitter_misc":{"Escrito por":"Veronica Fabrianesi","Tiempo de lectura":"4 minutos"},"schema":{"@context":"https:\/\/schema.org","@graph":[{"@type":"Article","@id":"https:\/\/www.sideaita.it\/2020\/10\/14\/allenamento-funzionale-corsa-esercizi\/#article","isPartOf":{"@id":"https:\/\/www.sideaita.it\/2020\/10\/14\/allenamento-funzionale-corsa-esercizi\/"},"author":{"name":"Veronica Fabrianesi","@id":"https:\/\/www.sideaita.it\/#\/schema\/person\/38bfbca138c0b9a212f494080152e7a1"},"headline":"Allenamento funzionale e corsa: perch\u00e9 \u00e8 utile e che tipo di esercizi effettuare","datePublished":"2020-10-14T07:30:39+00:00","dateModified":"2024-06-11T10:48:08+00:00","mainEntityOfPage":{"@id":"https:\/\/www.sideaita.it\/2020\/10\/14\/allenamento-funzionale-corsa-esercizi\/"},"wordCount":806,"commentCount":0,"publisher":{"@id":"https:\/\/www.sideaita.it\/#organization"},"image":{"@id":"https:\/\/www.sideaita.it\/2020\/10\/14\/allenamento-funzionale-corsa-esercizi\/#primaryimage"},"thumbnailUrl":"https:\/\/www.sideaita.it\/wp-content\/uploads\/2020\/10\/allenamento-funzionale-corsa-sidea.jpg","keywords":["News Sidea - preparazione atletica","sidea"],"articleSection":["Preparazione atletica"],"inLanguage":"es","potentialAction":[{"@type":"CommentAction","name":"Comment","target":["https:\/\/www.sideaita.it\/2020\/10\/14\/allenamento-funzionale-corsa-esercizi\/#respond"]}]},{"@type":"WebPage","@id":"https:\/\/www.sideaita.it\/2020\/10\/14\/allenamento-funzionale-corsa-esercizi\/","url":"https:\/\/www.sideaita.it\/2020\/10\/14\/allenamento-funzionale-corsa-esercizi\/","name":"Entrenamiento funcional y carrera: por qu\u00e9 es \u00fatil y qu\u00e9 ejercicios realizar","isPartOf":{"@id":"https:\/\/www.sideaita.it\/#website"},"primaryImageOfPage":{"@id":"https:\/\/www.sideaita.it\/2020\/10\/14\/allenamento-funzionale-corsa-esercizi\/#primaryimage"},"image":{"@id":"https:\/\/www.sideaita.it\/2020\/10\/14\/allenamento-funzionale-corsa-esercizi\/#primaryimage"},"thumbnailUrl":"https:\/\/www.sideaita.it\/wp-content\/uploads\/2020\/10\/allenamento-funzionale-corsa-sidea.jpg","datePublished":"2020-10-14T07:30:39+00:00","dateModified":"2024-06-11T10:48:08+00:00","description":"Cuando corremos, activamos muchos m\u00fasculos. Por eso necesitamos un entrenamiento funcional espec\u00edfico para correr, ya sea libre o con pesas.","breadcrumb":{"@id":"https:\/\/www.sideaita.it\/2020\/10\/14\/allenamento-funzionale-corsa-esercizi\/#breadcrumb"},"inLanguage":"es","potentialAction":[{"@type":"ReadAction","target":["https:\/\/www.sideaita.it\/2020\/10\/14\/allenamento-funzionale-corsa-esercizi\/"]}]},{"@type":"ImageObject","inLanguage":"es","@id":"https:\/\/www.sideaita.it\/2020\/10\/14\/allenamento-funzionale-corsa-esercizi\/#primaryimage","url":"https:\/\/www.sideaita.it\/wp-content\/uploads\/2020\/10\/allenamento-funzionale-corsa-sidea.jpg","contentUrl":"https:\/\/www.sideaita.it\/wp-content\/uploads\/2020\/10\/allenamento-funzionale-corsa-sidea.jpg","width":2500,"height":1875,"caption":"allenamento-funzionale-corsa-sidea"},{"@type":"BreadcrumbList","@id":"https:\/\/www.sideaita.it\/2020\/10\/14\/allenamento-funzionale-corsa-esercizi\/#breadcrumb","itemListElement":[{"@type":"ListItem","position":1,"name":"Home","item":"https:\/\/www.sideaita.it\/"},{"@type":"ListItem","position":2,"name":"Allenamento funzionale e corsa: perch\u00e9 \u00e8 utile e che tipo di esercizi effettuare"}]},{"@type":"WebSite","@id":"https:\/\/www.sideaita.it\/#website","url":"https:\/\/www.sideaita.it\/","name":"Sidea | Equipos de fitness profesionales","description":"SIDEA - Entrenar, fortalecerse, vivir mejor | Equipamiento profesional para la preparaci\u00f3n f\u00edsica y el entrenamiento funcional. Nacido de la pasi\u00f3n por el deporte, desarrollado para gimnasios.","publisher":{"@id":"https:\/\/www.sideaita.it\/#organization"},"potentialAction":[{"@type":"SearchAction","target":{"@type":"EntryPoint","urlTemplate":"https:\/\/www.sideaita.it\/?s={search_term_string}"},"query-input":{"@type":"PropertyValueSpecification","valueRequired":true,"valueName":"search_term_string"}}],"inLanguage":"es"},{"@type":"Organization","@id":"https:\/\/www.sideaita.it\/#organization","name":"Sidea Srl","alternateName":"Sidea","url":"https:\/\/www.sideaita.it\/","logo":{"@type":"ImageObject","inLanguage":"es","@id":"https:\/\/www.sideaita.it\/#\/schema\/logo\/image\/","url":"https:\/\/www.sideaita.it\/wp-content\/uploads\/2023\/06\/cropped-logo-solo-s-1440x1440-1.jpg","contentUrl":"https:\/\/www.sideaita.it\/wp-content\/uploads\/2023\/06\/cropped-logo-solo-s-1440x1440-1.jpg","width":512,"height":512,"caption":"Sidea Srl"},"image":{"@id":"https:\/\/www.sideaita.it\/#\/schema\/logo\/image\/"},"sameAs":["https:\/\/www.facebook.com\/sideaita\/","https:\/\/www.instagram.com\/sidea_fitness\/","https:\/\/www.linkedin.com\/company\/sideafitness\/","https:\/\/www.pinterest.it\/sideafitness\/","https:\/\/www.youtube.com\/user\/FitnessIT\/","https:\/\/www.tiktok.com\/@sidea_fitness"],"description":"SIDEA - Entrenar, fortalecerse, vivir mejor | Equipamiento profesional para la preparaci\u00f3n f\u00edsica y el entrenamiento funcional. Nacido de la pasi\u00f3n por el deporte, desarrollado para gimnasios.","email":"sidea@sideaita.it","legalName":"Sidea Srl","vatID":"IT02693190403","taxID":"IT02693190403","hasMerchantReturnPolicy":{"@type":"MerchantReturnPolicy","merchantReturnLink":"https:\/\/www.sideaita.it\/es\/termini-condizioni-di-vendita\/"}},{"@type":"Person","@id":"https:\/\/www.sideaita.it\/#\/schema\/person\/38bfbca138c0b9a212f494080152e7a1","name":"Veronica Fabrianesi","image":{"@type":"ImageObject","inLanguage":"es","@id":"https:\/\/secure.gravatar.com\/avatar\/eb09f653aa00b8bfc2d8c60cb7983460bbc40a2175fba5ac160ae524cd9584b0?s=96&d=mm&r=g","url":"https:\/\/secure.gravatar.com\/avatar\/eb09f653aa00b8bfc2d8c60cb7983460bbc40a2175fba5ac160ae524cd9584b0?s=96&d=mm&r=g","contentUrl":"https:\/\/secure.gravatar.com\/avatar\/eb09f653aa00b8bfc2d8c60cb7983460bbc40a2175fba5ac160ae524cd9584b0?s=96&d=mm&r=g","caption":"Veronica Fabrianesi"},"url":"https:\/\/www.sideaita.it\/es\/author\/veronica-fabrianesi\/"}]}},"_links":{"self":[{"href":"https:\/\/www.sideaita.it\/es\/wp-json\/wp\/v2\/posts\/107653","targetHints":{"allow":["GET"]}}],"collection":[{"href":"https:\/\/www.sideaita.it\/es\/wp-json\/wp\/v2\/posts"}],"about":[{"href":"https:\/\/www.sideaita.it\/es\/wp-json\/wp\/v2\/types\/post"}],"author":[{"embeddable":true,"href":"https:\/\/www.sideaita.it\/es\/wp-json\/wp\/v2\/users\/5098"}],"replies":[{"embeddable":true,"href":"https:\/\/www.sideaita.it\/es\/wp-json\/wp\/v2\/comments?post=107653"}],"version-history":[{"count":2,"href":"https:\/\/www.sideaita.it\/es\/wp-json\/wp\/v2\/posts\/107653\/revisions"}],"predecessor-version":[{"id":326275,"href":"https:\/\/www.sideaita.it\/es\/wp-json\/wp\/v2\/posts\/107653\/revisions\/326275"}],"wp:featuredmedia":[{"embeddable":true,"href":"https:\/\/www.sideaita.it\/es\/wp-json\/wp\/v2\/media\/107662"}],"wp:attachment":[{"href":"https:\/\/www.sideaita.it\/es\/wp-json\/wp\/v2\/media?parent=107653"}],"wp:term":[{"taxonomy":"category","embeddable":true,"href":"https:\/\/www.sideaita.it\/es\/wp-json\/wp\/v2\/categories?post=107653"},{"taxonomy":"post_tag","embeddable":true,"href":"https:\/\/www.sideaita.it\/es\/wp-json\/wp\/v2\/tags?post=107653"}],"curies":[{"name":"wp","href":"https:\/\/api.w.org\/{rel}","templated":true}]}}