{"id":309447,"date":"2024-03-25T12:31:47","date_gmt":"2024-03-25T11:31:47","guid":{"rendered":"https:\/\/www.sideaita.it\/?p=309447"},"modified":"2025-06-18T17:03:57","modified_gmt":"2025-06-18T15:03:57","slug":"entrevista-con-michael-tisselli-nueva-boutique-de-fitness-en-cesena","status":"publish","type":"post","link":"https:\/\/www.sideaita.it\/es\/2024\/03\/25\/intervista-a-michael-tisselli-nuova-fitness-boutique-a-cesena\/","title":{"rendered":"Entrevista con Michael Tisselli - Nueva Boutique del Fitness en Cesena"},"content":{"rendered":"<p style=\"text-align: center;\"><strong>En Via Plauto, Cesena, se abre un interesante espacio dedicado al entrenamiento. Al frente de esta innovadora boutique de fitness, que abrir\u00e1 sus puertas en abril, est\u00e1 Michael Tisselli, un joven emprendedor que ha convertido su pasi\u00f3n por el entrenamiento en una profesi\u00f3n de \u00e9xito. Tuvimos el placer de sentarnos con Michael para hablar de su nuevo proyecto y de su visi\u00f3n del entrenamiento f\u00edsico.<\/strong><\/p>\n<p style=\"text-align: left;\"><strong><span style=\"font-size: 110%;\"><em>P: Michael, \u00bfpuedes contarnos c\u00f3mo empezaste tu andadura en el mundo del fitness?<\/em><\/span><br \/>\n<\/strong>Mi aventura empez\u00f3 en el garaje de mi casa, donde mont\u00e9 un peque\u00f1o gimnasio. Como siempre me ha apasionado la cultura f\u00edsica, quer\u00eda crear un espacio donde poder compartir mi pasi\u00f3n con los dem\u00e1s. A\u00f1os de dedicaci\u00f3n y duro trabajo me llevaron a hacer realidad mi sue\u00f1o de abrir este nuevo espacio.<\/p>\n<p style=\"text-align: left;\"><strong><span style=\"font-size: 110%;\"><em>P: \u00bfCu\u00e1les son las principales caracter\u00edsticas de esta nueva realidad?<\/em><\/span><br \/>\n<\/strong>Pens\u00e9 en una boutique de fitness, con atenci\u00f3n a los m\u00e1s m\u00ednimos detalles; desde lo completo del equipamiento hasta la personalizaci\u00f3n de los entrenamientos. Queremos ofrecer a los clientes el m\u00e1ximo nivel de calidad, tanto en los entrenamientos individuales y en grupos reducidos como en el cuidado del entorno. El entorno es una parte esencial de la experiencia de entrenamiento; aunque me encanta un entrenamiento espartano e intenso, creo que esto no tiene por qu\u00e9 traducirse en un entorno inadecuado y descuidado.<\/p>\n\t<div class=\"img has-hover x md-x lg-x y md-y lg-y\" id=\"image_1012749894\">\n\t\t\t\t\t\t\t\t<div class=\"img-inner dark\" data-no-translation=\"\" >\n\t\t\t<img loading=\"lazy\" decoding=\"async\" width=\"1920\" height=\"1000\" src=\"https:\/\/www.sideaita.it\/wp-content\/uploads\/2024\/03\/zona-living-blog-hybrid-training-michael-tissellii.jpg\" class=\"attachment-original size-original\" alt=\"zona living blog hybrid training michael tissellii\" srcset=\"https:\/\/www.sideaita.it\/wp-content\/uploads\/2024\/03\/zona-living-blog-hybrid-training-michael-tissellii.jpg 1920w, https:\/\/www.sideaita.it\/wp-content\/uploads\/2024\/03\/zona-living-blog-hybrid-training-michael-tissellii-768x400.jpg 768w, https:\/\/www.sideaita.it\/wp-content\/uploads\/2024\/03\/zona-living-blog-hybrid-training-michael-tissellii-1400x729.jpg 1400w, https:\/\/www.sideaita.it\/wp-content\/uploads\/2024\/03\/zona-living-blog-hybrid-training-michael-tissellii-1536x800.jpg 1536w, https:\/\/www.sideaita.it\/wp-content\/uploads\/2024\/03\/zona-living-blog-hybrid-training-michael-tissellii-700x365.jpg 700w\" sizes=\"auto, (max-width: 1920px) 100vw, 1920px\" data-no-translation=\"\" \/>\t\t\t\t\t\t\n\t\t\t\t\t<\/div>\n\t\t\t\t\t\t\t\t\n<style>\n#image_1012749894 {\n  width: 100%;\n}\n<\/style>\n\t<\/div>\n\t\n<p>&nbsp;<\/p>\n<p><strong><span style=\"font-size: 110%;\"><em>P: \u00bfQu\u00e9 tipo de entrenamiento prefiere y cu\u00e1les son sus fuentes de inspiraci\u00f3n?<\/em><\/span><br \/>\n<\/strong>Me apasiona el entrenamiento de fuerza en todas sus facetas: desde el entrenamiento del rendimiento hasta el bienestar y la est\u00e9tica. Sin embargo, es fundamental enmarcar el entrenamiento en algo m\u00e1s amplio, como la evoluci\u00f3n del entrenamiento funcional. Esta disciplina ha evolucionado con el tiempo, integrando diversas metodolog\u00edas, y hoy es m\u00e1s apropiado hablar de entrenamiento h\u00edbrido, una tendencia que combina elementos del entrenamiento funcional, el culturismo, el powerlifting y el entrenamiento de resistencia. Este enfoque multidisciplinar pretende ofrecer un entrenamiento completo, optimizando los resultados.<\/p>\n\t<div class=\"img has-hover x md-x lg-x y md-y lg-y\" id=\"image_820410365\">\n\t\t\t\t\t\t\t\t<div class=\"img-inner dark\" data-no-translation=\"\" >\n\t\t\t<img loading=\"lazy\" decoding=\"async\" width=\"1920\" height=\"1000\" src=\"https:\/\/www.sideaita.it\/wp-content\/uploads\/2024\/03\/high-performance-blog-hybrid-training-michael-tissellii.jpg\" class=\"attachment-original size-original\" alt=\"high performance blog hybrid training michael tissellii\" srcset=\"https:\/\/www.sideaita.it\/wp-content\/uploads\/2024\/03\/high-performance-blog-hybrid-training-michael-tissellii.jpg 1920w, https:\/\/www.sideaita.it\/wp-content\/uploads\/2024\/03\/high-performance-blog-hybrid-training-michael-tissellii-768x400.jpg 768w, https:\/\/www.sideaita.it\/wp-content\/uploads\/2024\/03\/high-performance-blog-hybrid-training-michael-tissellii-1400x729.jpg 1400w, https:\/\/www.sideaita.it\/wp-content\/uploads\/2024\/03\/high-performance-blog-hybrid-training-michael-tissellii-1536x800.jpg 1536w, https:\/\/www.sideaita.it\/wp-content\/uploads\/2024\/03\/high-performance-blog-hybrid-training-michael-tissellii-700x365.jpg 700w\" sizes=\"auto, (max-width: 1920px) 100vw, 1920px\" data-no-translation=\"\" \/>\t\t\t\t\t\t\n\t\t\t\t\t<\/div>\n\t\t\t\t\t\t\t\t\n<style>\n#image_820410365 {\n  width: 100%;\n}\n<\/style>\n\t<\/div>\n\t\n<p>&nbsp;<\/p>\n<p><strong><span style=\"font-size: 110%;\"><em>P: \u00bfQu\u00e9 opina de la evoluci\u00f3n del fitness y el entrenamiento f\u00edsico?<\/em><\/span><br \/>\n<\/strong>La evoluci\u00f3n del entrenamiento funcional y cruzado al entrenamiento h\u00edbrido refleja una ampliaci\u00f3n del concepto de fitness y entrenamiento atl\u00e9tico. Asistimos al paso de un entrenamiento puramente funcional o especializado a un enfoque a\u00fan m\u00e1s amplio. Estos avances responden a las necesidades de cada individuo; atleta o deportista, haciendo hincapi\u00e9 en la importancia de una preparaci\u00f3n equilibrada, capaz de afrontar diferentes retos f\u00edsicos. Aunque el entrenamiento de la fuerza sigue teniendo una importancia central, parece igualmente fundamental entrenar el movimiento.<\/p>\n\t<div class=\"img has-hover x md-x lg-x y md-y lg-y\" id=\"image_821183646\">\n\t\t\t\t\t\t\t\t<div class=\"img-inner dark\" data-no-translation=\"\" >\n\t\t\t<img loading=\"lazy\" decoding=\"async\" width=\"1920\" height=\"1000\" src=\"https:\/\/www.sideaita.it\/wp-content\/uploads\/2024\/03\/outrace-blog-hybrid-training-michael-tisselli.jpg\" class=\"attachment-original size-original\" alt=\"outrace blog hybrid training michael tisselli\" srcset=\"https:\/\/www.sideaita.it\/wp-content\/uploads\/2024\/03\/outrace-blog-hybrid-training-michael-tisselli.jpg 1920w, https:\/\/www.sideaita.it\/wp-content\/uploads\/2024\/03\/outrace-blog-hybrid-training-michael-tisselli-768x400.jpg 768w, https:\/\/www.sideaita.it\/wp-content\/uploads\/2024\/03\/outrace-blog-hybrid-training-michael-tisselli-1400x729.jpg 1400w, https:\/\/www.sideaita.it\/wp-content\/uploads\/2024\/03\/outrace-blog-hybrid-training-michael-tisselli-1536x800.jpg 1536w, https:\/\/www.sideaita.it\/wp-content\/uploads\/2024\/03\/outrace-blog-hybrid-training-michael-tisselli-700x365.jpg 700w\" sizes=\"auto, (max-width: 1920px) 100vw, 1920px\" data-no-translation=\"\" \/>\t\t\t\t\t\t\n\t\t\t\t\t<\/div>\n\t\t\t\t\t\t\t\t\n<style>\n#image_821183646 {\n  width: 100%;\n}\n<\/style>\n\t<\/div>\n\t\n<p>&nbsp;<\/p>\n<p><strong><span style=\"font-size: 110%;\"><em>P: \u00bfEs Iron Paradise en realidad una boutique de gimnasia de fuerza caracterizada por espacios libres dedicados al movimiento? \u00a0\u00a0<\/em><\/span><br \/>\n<\/strong>S\u00ed, no pod\u00eda traicionar mi pasi\u00f3n por las planchas; de ah\u00ed el nombre, pero al mismo tiempo era necesario crear un espacio espec\u00edfico, con c\u00e9sped sint\u00e9tico acolchado, para entrenar el movimiento. Entrenar el movimiento va m\u00e1s all\u00e1 de realizar ejercicios en cintas de correr o m\u00e1quinas similares.<\/p>\n<p>Es esencial reactivar los patrones motores b\u00e1sicos, que son fundamentales para mejorar el bienestar general y optimizar el rendimiento f\u00edsico. Este enfoque requiere no s\u00f3lo resistencia aer\u00f3bica, sino tambi\u00e9n la capacidad de moverse en el espacio mediante la realizaci\u00f3n de ejercicios multiplanares de alta intensidad. Dichos movimientos, que pueden realizarse con o sin sobrecargas, son cruciales para estimular el organismo de forma integral, favoreciendo, a menudo recuperando, la movilidad articular, la propiocepci\u00f3n, la agilidad, el equilibrio, la coordinaci\u00f3n y, por tanto, la potencia. Gran parte del bienestar psicof\u00edsico tambi\u00e9n depende de estos factores.<\/p>\n\t<div class=\"img has-hover x md-x lg-x y md-y lg-y\" id=\"image_1269492503\">\n\t\t\t\t\t\t\t\t<div class=\"img-inner dark\" data-no-translation=\"\" >\n\t\t\t<img loading=\"lazy\" decoding=\"async\" width=\"2400\" height=\"750\" src=\"https:\/\/www.sideaita.it\/wp-content\/uploads\/2024\/03\/formato-diverso-zona-living-blog-hybrid-training-michael-tissellii.jpg\" class=\"attachment-original size-original\" alt=\"formato diverso zona living blog hybrid training michael tissellii\" srcset=\"https:\/\/www.sideaita.it\/wp-content\/uploads\/2024\/03\/formato-diverso-zona-living-blog-hybrid-training-michael-tissellii.jpg 2400w, https:\/\/www.sideaita.it\/wp-content\/uploads\/2024\/03\/formato-diverso-zona-living-blog-hybrid-training-michael-tissellii-800x250.jpg 800w, https:\/\/www.sideaita.it\/wp-content\/uploads\/2024\/03\/formato-diverso-zona-living-blog-hybrid-training-michael-tissellii-1400x438.jpg 1400w, https:\/\/www.sideaita.it\/wp-content\/uploads\/2024\/03\/formato-diverso-zona-living-blog-hybrid-training-michael-tissellii-768x240.jpg 768w, https:\/\/www.sideaita.it\/wp-content\/uploads\/2024\/03\/formato-diverso-zona-living-blog-hybrid-training-michael-tissellii-1536x480.jpg 1536w, https:\/\/www.sideaita.it\/wp-content\/uploads\/2024\/03\/formato-diverso-zona-living-blog-hybrid-training-michael-tissellii-2048x640.jpg 2048w, https:\/\/www.sideaita.it\/wp-content\/uploads\/2024\/03\/formato-diverso-zona-living-blog-hybrid-training-michael-tissellii-700x219.jpg 700w\" sizes=\"auto, (max-width: 2400px) 100vw, 2400px\" data-no-translation=\"\" \/>\t\t\t\t\t\t\n\t\t\t\t\t<\/div>\n\t\t\t\t\t\t\t\t\n<style>\n#image_1269492503 {\n  width: 100%;\n}\n<\/style>\n\t<\/div>\n\t\n<p>&nbsp;<\/p>\n<p><strong><span style=\"font-size: 110%;\"><em>P: \u00bfCu\u00e1les son sus objetivos para el futuro?<\/em><\/span><br \/>\n<\/strong>Mi principal objetivo es crear una comunidad de personas que compartan la pasi\u00f3n por el entrenamiento y el bienestar f\u00edsico. Tambi\u00e9n me gustar\u00eda que nuestro espacio no fuera s\u00f3lo un lugar para hacer ejercicio, sino tambi\u00e9n un punto de encuentro donde la gente pueda sentirse motivada e inspirada para llevar un estilo de vida sano y activo antes que un rendimiento. El lanzamiento de nuestra boutique de fitness en Cesena es s\u00f3lo el principio de este apasionante viaje.<\/p>\n<p>&nbsp;<\/p>\n<p style=\"text-align: center;\"><em>Sidea y Michael Tisselli<\/em><\/p>\n<a data-animate=\"fadeInRight\" href=\"https:\/\/www.instagram.com\/iron_paradise_ptstudio\/\" target=\"_blank\" class=\"button success is-outline box-shadow-3 expand\" rel=\"noopener\" style=\"border-radius:99px;\">\n\t<i class=\"icon-instagram\" aria-hidden=\"true\"><\/i>\t<span>PARA\u00cdSO DE HIERRO<\/span>\n\t<\/a>\n\n<div class=\"video video-fit mb\" style=\"padding-top:56.25%;\"><p><iframe loading=\"lazy\" title=\"...del render a la realidad...\" width=\"1020\" height=\"574\" src=\"https:\/\/www.youtube.com\/embed\/SC6P_4kbXes?feature=oembed&#038;enablejsapi=1&#038;origin=https:\/\/www.sideaita.it\" frameborder=\"0\" allow=\"accelerometer; autoplay; clipboard-write; encrypted-media; gyroscope; picture-in-picture; web-share\" referrerpolicy=\"strict-origin-when-cross-origin\" allowfullscreen><\/iframe><\/p>\n<\/div>\n\n  <div class=\"banner has-hover\" id=\"banner-427005044\">\n          <div class=\"banner-inner fill\">\n        <div class=\"banner-bg fill\" >\n            <img loading=\"lazy\" decoding=\"async\" width=\"1020\" height=\"319\" src=\"https:\/\/www.sideaita.it\/wp-content\/uploads\/2024\/02\/COPERTINA-MAILING-DISCHI-DA-PL-2--1400x438.jpg\" class=\"bg attachment-large size-large\" alt=\"CUBIERTA DISCOS DE CORREO DE PL 2\" \/>                        <div class=\"overlay\"><\/div>            \n                    <\/div>\n\t\t\n        <div class=\"banner-layers container\">\n            <div class=\"fill banner-link\"><\/div>            \n   <div id=\"text-box-272948543\" class=\"text-box banner-layer x50 md-x50 lg-x50 y50 md-y50 lg-y50 res-text\">\n                                <div class=\"text-box-content text dark\">\n              \n              <div class=\"text-inner text-center\">\n                  \n\t<div id=\"text-2913710228\" class=\"text\">\n\t\t\n<p><strong>BOLET\u00cdN SIDEA<\/strong><\/p>\n<p>Suscr\u00edbase a nuestro bolet\u00edn para recibir noticias, promociones e informaci\u00f3n sobre el mundo de Sidea.<br \/>\n\t\t\n<style>\n#text-2913710228 {\n  font-size: 1.45rem;\n  line-height: 1.25;\n}\n<\/style>\n\t<\/div>\n\t\n<a href=\"http:\/\/eepurl.com\/iD9wQo\" class=\"button white is-outline is-large\" style=\"border-radius:26px;\">\n\t\t<span>\u00daNASE A<\/span>\n\t<\/a>\n\n              <\/div>\n           <\/div>\n                            \n<style>\n#text-box-272948543 {\n  width: 60%;\n}\n#text-box-272948543 .text-box-content {\n  font-size: 100%;\n}\n<\/style>\n    <\/div>\n \n        <\/div>\n      <\/div>\n\n            \n<style>\n#banner-427005044 {\n  padding-top: 300px;\n  background-color: rgb(0, 0, 0);\n}\n#banner-427005044 .overlay {\n  background-color: rgba(0, 0, 0, 0.669);\n}\n<\/style>\n  <\/div>","protected":false},"excerpt":{"rendered":"<p>In via Plauto, a Cesena, stiamo allestendo un interessante spazio dedicato all\u2019allenamento. A guidare questa innovativa fitness boutique, che aprir\u00e0 ad aprile, \u00e8 Michael Tisselli, un giovane imprenditore che ha trasformato la sua passione per il training in una professione di successo. Abbiamo avuto il piacere di sederci con Michael per discutere del suo nuovo [&#8230;]\n","protected":false},"author":3,"featured_media":313199,"comment_status":"closed","ping_status":"open","sticky":false,"template":"","format":"standard","meta":{"footnotes":""},"categories":[277],"tags":[278],"class_list":["post-309447","post","type-post","status-publish","format-standard","has-post-thumbnail","hentry","category-functional-training","tag-functional-training"],"yoast_head":"<!-- This site is optimized with the Yoast SEO Premium plugin v28.1 (Yoast SEO v28.1) - https:\/\/yoast.com\/product\/yoast-seo-premium-wordpress\/ -->\n<title>Intervista a Michael Tisselli - Nuova Fitness Boutique a Cesena - Sidea | Attrezzatura Fitness Professionale<\/title>\n<meta name=\"description\" content=\"stiamo allestendo un interessante spazio dedicato all\u2019allenamento. A guidare questa innovativa fitness boutique, che aprir\u00e0 ad aprile.\" \/>\n<meta name=\"robots\" content=\"index, follow, max-snippet:-1, max-image-preview:large, max-video-preview:-1\" \/>\n<link rel=\"canonical\" href=\"https:\/\/www.sideaita.it\/es\/2024\/03\/25\/entrevista-con-michael-tisselli-nueva-boutique-de-fitness-en-cesena\/\" \/>\n<meta property=\"og:locale\" content=\"es_ES\" \/>\n<meta property=\"og:type\" content=\"article\" \/>\n<meta property=\"og:title\" content=\"Intervista a Michael Tisselli - Nuova Fitness Boutique a Cesena\" \/>\n<meta property=\"og:description\" content=\"stiamo allestendo un interessante spazio dedicato all\u2019allenamento. A guidare questa innovativa fitness boutique, che aprir\u00e0 ad aprile.\" \/>\n<meta property=\"og:url\" content=\"https:\/\/www.sideaita.it\/es\/2024\/03\/25\/entrevista-con-michael-tisselli-nueva-boutique-de-fitness-en-cesena\/\" \/>\n<meta property=\"og:site_name\" content=\"Sidea | Attrezzatura Fitness Professionale\" \/>\n<meta property=\"article:publisher\" content=\"https:\/\/www.facebook.com\/sideaita\/\" \/>\n<meta property=\"article:published_time\" content=\"2024-03-25T11:31:47+00:00\" \/>\n<meta property=\"article:modified_time\" content=\"2025-06-18T15:03:57+00:00\" \/>\n<meta property=\"og:image\" content=\"https:\/\/www.sideaita.it\/wp-content\/uploads\/2024\/03\/fitness-boutique-high-performance-sled.jpg\" \/>\n\t<meta property=\"og:image:width\" content=\"1999\" \/>\n\t<meta property=\"og:image:height\" content=\"1333\" \/>\n\t<meta property=\"og:image:type\" content=\"image\/jpeg\" \/>\n<meta name=\"author\" content=\"Sidea\" \/>\n<meta name=\"twitter:card\" content=\"summary_large_image\" \/>\n<meta name=\"twitter:label1\" content=\"Escrito por\" \/>\n\t<meta name=\"twitter:data1\" content=\"Sidea\" \/>\n\t<meta name=\"twitter:label2\" content=\"Tiempo de lectura\" \/>\n\t<meta name=\"twitter:data2\" content=\"4 minutos\" \/>\n<script type=\"application\/ld+json\" class=\"yoast-schema-graph\">{\"@context\":\"https:\\\/\\\/schema.org\",\"@graph\":[{\"@type\":\"Article\",\"@id\":\"https:\\\/\\\/www.sideaita.it\\\/2024\\\/03\\\/25\\\/intervista-a-michael-tisselli-nuova-fitness-boutique-a-cesena\\\/#article\",\"isPartOf\":{\"@id\":\"https:\\\/\\\/www.sideaita.it\\\/2024\\\/03\\\/25\\\/intervista-a-michael-tisselli-nuova-fitness-boutique-a-cesena\\\/\"},\"author\":{\"name\":\"Sidea\",\"@id\":\"https:\\\/\\\/www.sideaita.it\\\/#\\\/schema\\\/person\\\/dffac77f9ef1c6ee0bee663f15d9de31\"},\"headline\":\"Intervista a Michael Tisselli &#8211; Nuova Fitness Boutique a Cesena\",\"datePublished\":\"2024-03-25T11:31:47+00:00\",\"dateModified\":\"2025-06-18T15:03:57+00:00\",\"mainEntityOfPage\":{\"@id\":\"https:\\\/\\\/www.sideaita.it\\\/2024\\\/03\\\/25\\\/intervista-a-michael-tisselli-nuova-fitness-boutique-a-cesena\\\/\"},\"wordCount\":778,\"publisher\":{\"@id\":\"https:\\\/\\\/www.sideaita.it\\\/#organization\"},\"image\":{\"@id\":\"https:\\\/\\\/www.sideaita.it\\\/2024\\\/03\\\/25\\\/intervista-a-michael-tisselli-nuova-fitness-boutique-a-cesena\\\/#primaryimage\"},\"thumbnailUrl\":\"https:\\\/\\\/www.sideaita.it\\\/wp-content\\\/uploads\\\/2024\\\/03\\\/fitness-boutique-high-performance-sled.jpg\",\"keywords\":[\"functional training\"],\"articleSection\":[\"News Functional Training\"],\"inLanguage\":\"es\"},{\"@type\":\"WebPage\",\"@id\":\"https:\\\/\\\/www.sideaita.it\\\/2024\\\/03\\\/25\\\/intervista-a-michael-tisselli-nuova-fitness-boutique-a-cesena\\\/\",\"url\":\"https:\\\/\\\/www.sideaita.it\\\/2024\\\/03\\\/25\\\/intervista-a-michael-tisselli-nuova-fitness-boutique-a-cesena\\\/\",\"name\":\"Intervista a Michael Tisselli - Nuova Fitness Boutique a Cesena - Sidea | Attrezzatura Fitness Professionale\",\"isPartOf\":{\"@id\":\"https:\\\/\\\/www.sideaita.it\\\/#website\"},\"primaryImageOfPage\":{\"@id\":\"https:\\\/\\\/www.sideaita.it\\\/2024\\\/03\\\/25\\\/intervista-a-michael-tisselli-nuova-fitness-boutique-a-cesena\\\/#primaryimage\"},\"image\":{\"@id\":\"https:\\\/\\\/www.sideaita.it\\\/2024\\\/03\\\/25\\\/intervista-a-michael-tisselli-nuova-fitness-boutique-a-cesena\\\/#primaryimage\"},\"thumbnailUrl\":\"https:\\\/\\\/www.sideaita.it\\\/wp-content\\\/uploads\\\/2024\\\/03\\\/fitness-boutique-high-performance-sled.jpg\",\"datePublished\":\"2024-03-25T11:31:47+00:00\",\"dateModified\":\"2025-06-18T15:03:57+00:00\",\"description\":\"stiamo allestendo un interessante spazio dedicato all\u2019allenamento. A guidare questa innovativa fitness boutique, che aprir\u00e0 ad aprile.\",\"breadcrumb\":{\"@id\":\"https:\\\/\\\/www.sideaita.it\\\/2024\\\/03\\\/25\\\/intervista-a-michael-tisselli-nuova-fitness-boutique-a-cesena\\\/#breadcrumb\"},\"inLanguage\":\"es\",\"potentialAction\":[{\"@type\":\"ReadAction\",\"target\":[\"https:\\\/\\\/www.sideaita.it\\\/2024\\\/03\\\/25\\\/intervista-a-michael-tisselli-nuova-fitness-boutique-a-cesena\\\/\"]}]},{\"@type\":\"ImageObject\",\"inLanguage\":\"es\",\"@id\":\"https:\\\/\\\/www.sideaita.it\\\/2024\\\/03\\\/25\\\/intervista-a-michael-tisselli-nuova-fitness-boutique-a-cesena\\\/#primaryimage\",\"url\":\"https:\\\/\\\/www.sideaita.it\\\/wp-content\\\/uploads\\\/2024\\\/03\\\/fitness-boutique-high-performance-sled.jpg\",\"contentUrl\":\"https:\\\/\\\/www.sideaita.it\\\/wp-content\\\/uploads\\\/2024\\\/03\\\/fitness-boutique-high-performance-sled.jpg\",\"width\":1999,\"height\":1333,\"caption\":\"fitness boutique high performance sled\"},{\"@type\":\"BreadcrumbList\",\"@id\":\"https:\\\/\\\/www.sideaita.it\\\/2024\\\/03\\\/25\\\/intervista-a-michael-tisselli-nuova-fitness-boutique-a-cesena\\\/#breadcrumb\",\"itemListElement\":[{\"@type\":\"ListItem\",\"position\":1,\"name\":\"Home\",\"item\":\"https:\\\/\\\/www.sideaita.it\\\/\"},{\"@type\":\"ListItem\",\"position\":2,\"name\":\"Intervista a Michael Tisselli &#8211; Nuova Fitness Boutique a Cesena\"}]},{\"@type\":\"WebSite\",\"@id\":\"https:\\\/\\\/www.sideaita.it\\\/#website\",\"url\":\"https:\\\/\\\/www.sideaita.it\\\/\",\"name\":\"Sidea | Attrezzatura Fitness Professionale\",\"description\":\"SIDEA \u2013 Allenati, diventa pi\u00f9 forte, vivi meglio | Attrezzatura professionale per la preparazione fisica ed il functional training. Nata dalla passione per lo sport, sviluppata per le palestre.\",\"publisher\":{\"@id\":\"https:\\\/\\\/www.sideaita.it\\\/#organization\"},\"potentialAction\":[{\"@type\":\"SearchAction\",\"target\":{\"@type\":\"EntryPoint\",\"urlTemplate\":\"https:\\\/\\\/www.sideaita.it\\\/?s={search_term_string}\"},\"query-input\":{\"@type\":\"PropertyValueSpecification\",\"valueRequired\":true,\"valueName\":\"search_term_string\"}}],\"inLanguage\":\"es\"},{\"@type\":\"Organization\",\"@id\":\"https:\\\/\\\/www.sideaita.it\\\/#organization\",\"name\":\"Sidea Srl\",\"alternateName\":\"Sidea\",\"url\":\"https:\\\/\\\/www.sideaita.it\\\/\",\"logo\":{\"@type\":\"ImageObject\",\"inLanguage\":\"es\",\"@id\":\"https:\\\/\\\/www.sideaita.it\\\/#\\\/schema\\\/logo\\\/image\\\/\",\"url\":\"https:\\\/\\\/www.sideaita.it\\\/wp-content\\\/uploads\\\/2023\\\/06\\\/cropped-logo-solo-s-1440x1440-1.jpg\",\"contentUrl\":\"https:\\\/\\\/www.sideaita.it\\\/wp-content\\\/uploads\\\/2023\\\/06\\\/cropped-logo-solo-s-1440x1440-1.jpg\",\"width\":512,\"height\":512,\"caption\":\"Sidea Srl\"},\"image\":{\"@id\":\"https:\\\/\\\/www.sideaita.it\\\/#\\\/schema\\\/logo\\\/image\\\/\"},\"sameAs\":[\"https:\\\/\\\/www.facebook.com\\\/sideaita\\\/\",\"https:\\\/\\\/www.instagram.com\\\/sidea_fitness\\\/\",\"https:\\\/\\\/www.linkedin.com\\\/company\\\/sideafitness\\\/\",\"https:\\\/\\\/www.pinterest.it\\\/sideafitness\\\/\",\"https:\\\/\\\/www.youtube.com\\\/user\\\/FitnessIT\\\/\",\"https:\\\/\\\/www.tiktok.com\\\/@sidea_fitness\"],\"description\":\"SIDEA \u2013 Allenati, diventa pi\u00f9 forte, vivi meglio | Attrezzatura professionale per la preparazione fisica ed il functional training. Nata dalla passione per lo sport, sviluppata per le palestre.\",\"email\":\"sidea@sideaita.it\",\"legalName\":\"Sidea Srl\",\"vatID\":\"IT02693190403\",\"taxID\":\"IT02693190403\",\"hasMerchantReturnPolicy\":{\"@type\":\"MerchantReturnPolicy\",\"merchantReturnLink\":\"https:\\\/\\\/www.sideaita.it\\\/es\\\/termini-condizioni-di-vendita\\\/\"}},{\"@type\":\"Person\",\"@id\":\"https:\\\/\\\/www.sideaita.it\\\/#\\\/schema\\\/person\\\/dffac77f9ef1c6ee0bee663f15d9de31\",\"name\":\"Sidea\",\"image\":{\"@type\":\"ImageObject\",\"inLanguage\":\"es\",\"@id\":\"https:\\\/\\\/secure.gravatar.com\\\/avatar\\\/1f053fd372d4715dae69f2348830136846525c9c803cd9d3899b193518df4fe1?s=96&d=mm&r=g\",\"url\":\"https:\\\/\\\/secure.gravatar.com\\\/avatar\\\/1f053fd372d4715dae69f2348830136846525c9c803cd9d3899b193518df4fe1?s=96&d=mm&r=g\",\"contentUrl\":\"https:\\\/\\\/secure.gravatar.com\\\/avatar\\\/1f053fd372d4715dae69f2348830136846525c9c803cd9d3899b193518df4fe1?s=96&d=mm&r=g\",\"caption\":\"Sidea\"},\"sameAs\":[\"riccardo\"],\"url\":\"https:\\\/\\\/www.sideaita.it\\\/es\\\/author\\\/gioele\\\/\"}]}<\/script>\n<!-- \/ Yoast SEO Premium plugin. -->","yoast_head_json":{"title":"Entrevista con Michael Tisselli - Nueva Boutique de Fitness en Cesena - Sidea | Professional Fitness Equipment","description":"estamos creando un interesante espacio de entrenamiento. Al frente de esta innovadora boutique de fitness, que abrir\u00e1 sus puertas en abril.","robots":{"index":"index","follow":"follow","max-snippet":"max-snippet:-1","max-image-preview":"max-image-preview:large","max-video-preview":"max-video-preview:-1"},"canonical":"https:\/\/www.sideaita.it\/es\/2024\/03\/25\/entrevista-con-michael-tisselli-nueva-boutique-de-fitness-en-cesena\/","og_locale":"es_ES","og_type":"article","og_title":"Intervista a Michael Tisselli - Nuova Fitness Boutique a Cesena","og_description":"stiamo allestendo un interessante spazio dedicato all\u2019allenamento. A guidare questa innovativa fitness boutique, che aprir\u00e0 ad aprile.","og_url":"https:\/\/www.sideaita.it\/es\/2024\/03\/25\/entrevista-con-michael-tisselli-nueva-boutique-de-fitness-en-cesena\/","og_site_name":"Sidea | Attrezzatura Fitness Professionale","article_publisher":"https:\/\/www.facebook.com\/sideaita\/","article_published_time":"2024-03-25T11:31:47+00:00","article_modified_time":"2025-06-18T15:03:57+00:00","og_image":[{"width":1999,"height":1333,"url":"https:\/\/www.sideaita.it\/wp-content\/uploads\/2024\/03\/fitness-boutique-high-performance-sled.jpg","type":"image\/jpeg"}],"author":"Sidea","twitter_card":"summary_large_image","twitter_misc":{"Escrito por":"Sidea","Tiempo de lectura":"4 minutos"},"schema":{"@context":"https:\/\/schema.org","@graph":[{"@type":"Article","@id":"https:\/\/www.sideaita.it\/2024\/03\/25\/intervista-a-michael-tisselli-nuova-fitness-boutique-a-cesena\/#article","isPartOf":{"@id":"https:\/\/www.sideaita.it\/2024\/03\/25\/intervista-a-michael-tisselli-nuova-fitness-boutique-a-cesena\/"},"author":{"name":"Sidea","@id":"https:\/\/www.sideaita.it\/#\/schema\/person\/dffac77f9ef1c6ee0bee663f15d9de31"},"headline":"Intervista a Michael Tisselli &#8211; Nuova Fitness Boutique a Cesena","datePublished":"2024-03-25T11:31:47+00:00","dateModified":"2025-06-18T15:03:57+00:00","mainEntityOfPage":{"@id":"https:\/\/www.sideaita.it\/2024\/03\/25\/intervista-a-michael-tisselli-nuova-fitness-boutique-a-cesena\/"},"wordCount":778,"publisher":{"@id":"https:\/\/www.sideaita.it\/#organization"},"image":{"@id":"https:\/\/www.sideaita.it\/2024\/03\/25\/intervista-a-michael-tisselli-nuova-fitness-boutique-a-cesena\/#primaryimage"},"thumbnailUrl":"https:\/\/www.sideaita.it\/wp-content\/uploads\/2024\/03\/fitness-boutique-high-performance-sled.jpg","keywords":["functional training"],"articleSection":["News Functional Training"],"inLanguage":"es"},{"@type":"WebPage","@id":"https:\/\/www.sideaita.it\/2024\/03\/25\/intervista-a-michael-tisselli-nuova-fitness-boutique-a-cesena\/","url":"https:\/\/www.sideaita.it\/2024\/03\/25\/intervista-a-michael-tisselli-nuova-fitness-boutique-a-cesena\/","name":"Entrevista con Michael Tisselli - Nueva Boutique de Fitness en Cesena - Sidea | Professional Fitness Equipment","isPartOf":{"@id":"https:\/\/www.sideaita.it\/#website"},"primaryImageOfPage":{"@id":"https:\/\/www.sideaita.it\/2024\/03\/25\/intervista-a-michael-tisselli-nuova-fitness-boutique-a-cesena\/#primaryimage"},"image":{"@id":"https:\/\/www.sideaita.it\/2024\/03\/25\/intervista-a-michael-tisselli-nuova-fitness-boutique-a-cesena\/#primaryimage"},"thumbnailUrl":"https:\/\/www.sideaita.it\/wp-content\/uploads\/2024\/03\/fitness-boutique-high-performance-sled.jpg","datePublished":"2024-03-25T11:31:47+00:00","dateModified":"2025-06-18T15:03:57+00:00","description":"estamos creando un interesante espacio de entrenamiento. Al frente de esta innovadora boutique de fitness, que abrir\u00e1 sus puertas en abril.","breadcrumb":{"@id":"https:\/\/www.sideaita.it\/2024\/03\/25\/intervista-a-michael-tisselli-nuova-fitness-boutique-a-cesena\/#breadcrumb"},"inLanguage":"es","potentialAction":[{"@type":"ReadAction","target":["https:\/\/www.sideaita.it\/2024\/03\/25\/intervista-a-michael-tisselli-nuova-fitness-boutique-a-cesena\/"]}]},{"@type":"ImageObject","inLanguage":"es","@id":"https:\/\/www.sideaita.it\/2024\/03\/25\/intervista-a-michael-tisselli-nuova-fitness-boutique-a-cesena\/#primaryimage","url":"https:\/\/www.sideaita.it\/wp-content\/uploads\/2024\/03\/fitness-boutique-high-performance-sled.jpg","contentUrl":"https:\/\/www.sideaita.it\/wp-content\/uploads\/2024\/03\/fitness-boutique-high-performance-sled.jpg","width":1999,"height":1333,"caption":"fitness boutique high performance sled"},{"@type":"BreadcrumbList","@id":"https:\/\/www.sideaita.it\/2024\/03\/25\/intervista-a-michael-tisselli-nuova-fitness-boutique-a-cesena\/#breadcrumb","itemListElement":[{"@type":"ListItem","position":1,"name":"Home","item":"https:\/\/www.sideaita.it\/"},{"@type":"ListItem","position":2,"name":"Intervista a Michael Tisselli &#8211; Nuova Fitness Boutique a Cesena"}]},{"@type":"WebSite","@id":"https:\/\/www.sideaita.it\/#website","url":"https:\/\/www.sideaita.it\/","name":"Sidea | Equipos de fitness profesionales","description":"SIDEA - Entrenar, fortalecerse, vivir mejor | Equipamiento profesional para la preparaci\u00f3n f\u00edsica y el entrenamiento funcional. Nacido de la pasi\u00f3n por el deporte, desarrollado para gimnasios.","publisher":{"@id":"https:\/\/www.sideaita.it\/#organization"},"potentialAction":[{"@type":"SearchAction","target":{"@type":"EntryPoint","urlTemplate":"https:\/\/www.sideaita.it\/?s={search_term_string}"},"query-input":{"@type":"PropertyValueSpecification","valueRequired":true,"valueName":"search_term_string"}}],"inLanguage":"es"},{"@type":"Organization","@id":"https:\/\/www.sideaita.it\/#organization","name":"Sidea Srl","alternateName":"Sidea","url":"https:\/\/www.sideaita.it\/","logo":{"@type":"ImageObject","inLanguage":"es","@id":"https:\/\/www.sideaita.it\/#\/schema\/logo\/image\/","url":"https:\/\/www.sideaita.it\/wp-content\/uploads\/2023\/06\/cropped-logo-solo-s-1440x1440-1.jpg","contentUrl":"https:\/\/www.sideaita.it\/wp-content\/uploads\/2023\/06\/cropped-logo-solo-s-1440x1440-1.jpg","width":512,"height":512,"caption":"Sidea Srl"},"image":{"@id":"https:\/\/www.sideaita.it\/#\/schema\/logo\/image\/"},"sameAs":["https:\/\/www.facebook.com\/sideaita\/","https:\/\/www.instagram.com\/sidea_fitness\/","https:\/\/www.linkedin.com\/company\/sideafitness\/","https:\/\/www.pinterest.it\/sideafitness\/","https:\/\/www.youtube.com\/user\/FitnessIT\/","https:\/\/www.tiktok.com\/@sidea_fitness"],"description":"SIDEA - Entrenar, fortalecerse, vivir mejor | Equipamiento profesional para la preparaci\u00f3n f\u00edsica y el entrenamiento funcional. Nacido de la pasi\u00f3n por el deporte, desarrollado para gimnasios.","email":"sidea@sideaita.it","legalName":"Sidea Srl","vatID":"IT02693190403","taxID":"IT02693190403","hasMerchantReturnPolicy":{"@type":"MerchantReturnPolicy","merchantReturnLink":"https:\/\/www.sideaita.it\/es\/termini-condizioni-di-vendita\/"}},{"@type":"Person","@id":"https:\/\/www.sideaita.it\/#\/schema\/person\/dffac77f9ef1c6ee0bee663f15d9de31","name":"Sidea","image":{"@type":"ImageObject","inLanguage":"es","@id":"https:\/\/secure.gravatar.com\/avatar\/1f053fd372d4715dae69f2348830136846525c9c803cd9d3899b193518df4fe1?s=96&d=mm&r=g","url":"https:\/\/secure.gravatar.com\/avatar\/1f053fd372d4715dae69f2348830136846525c9c803cd9d3899b193518df4fe1?s=96&d=mm&r=g","contentUrl":"https:\/\/secure.gravatar.com\/avatar\/1f053fd372d4715dae69f2348830136846525c9c803cd9d3899b193518df4fe1?s=96&d=mm&r=g","caption":"Sidea"},"sameAs":["riccardo"],"url":"https:\/\/www.sideaita.it\/es\/author\/gioele\/"}]}},"_links":{"self":[{"href":"https:\/\/www.sideaita.it\/es\/wp-json\/wp\/v2\/posts\/309447","targetHints":{"allow":["GET"]}}],"collection":[{"href":"https:\/\/www.sideaita.it\/es\/wp-json\/wp\/v2\/posts"}],"about":[{"href":"https:\/\/www.sideaita.it\/es\/wp-json\/wp\/v2\/types\/post"}],"author":[{"embeddable":true,"href":"https:\/\/www.sideaita.it\/es\/wp-json\/wp\/v2\/users\/3"}],"replies":[{"embeddable":true,"href":"https:\/\/www.sideaita.it\/es\/wp-json\/wp\/v2\/comments?post=309447"}],"version-history":[{"count":34,"href":"https:\/\/www.sideaita.it\/es\/wp-json\/wp\/v2\/posts\/309447\/revisions"}],"predecessor-version":[{"id":424367,"href":"https:\/\/www.sideaita.it\/es\/wp-json\/wp\/v2\/posts\/309447\/revisions\/424367"}],"wp:featuredmedia":[{"embeddable":true,"href":"https:\/\/www.sideaita.it\/es\/wp-json\/wp\/v2\/media\/313199"}],"wp:attachment":[{"href":"https:\/\/www.sideaita.it\/es\/wp-json\/wp\/v2\/media?parent=309447"}],"wp:term":[{"taxonomy":"category","embeddable":true,"href":"https:\/\/www.sideaita.it\/es\/wp-json\/wp\/v2\/categories?post=309447"},{"taxonomy":"post_tag","embeddable":true,"href":"https:\/\/www.sideaita.it\/es\/wp-json\/wp\/v2\/tags?post=309447"}],"curies":[{"name":"wp","href":"https:\/\/api.w.org\/{rel}","templated":true}]}}