{"id":374875,"date":"2024-12-23T12:11:58","date_gmt":"2024-12-23T11:11:58","guid":{"rendered":"https:\/\/www.sideaita.it\/?p=374875"},"modified":"2025-12-19T10:48:12","modified_gmt":"2025-12-19T09:48:12","slug":"entrevista-con-andrea-mazzoni-el-acuerdo-con-strongfirst-va-mas-alla-de-los-aspectos-puramente-comerciales","status":"publish","type":"post","link":"https:\/\/www.sideaita.it\/es\/2024\/12\/23\/intervista-ad-andrea-mazzoni-lintesa-con-strongfirst-va-oltre-gli-aspetti-puramente-commerciali\/","title":{"rendered":"Entrevista con Andrea Mazzoni: el acuerdo con StrongFirst\u00ae va m\u00e1s all\u00e1 de los aspectos puramente comerciales"},"content":{"rendered":"<p style=\"text-align: center;\"><span style=\"font-size: 100%;\">A partir de 2025, Sidea se convertir\u00e1 en el distribuidor oficial europeo de los kettlebells StrongFirst\u00ae.\u00a0<\/span><em>Para celebrar el inicio de esta colaboraci\u00f3n, participaremos como patrocinador t\u00e9cnico en el StrongFirst OPEN DAY Workshop, una cita ineludible para entrar en contacto con el mundo de la preparaci\u00f3n f\u00edsica a trav\u00e9s del entrenamiento de la fuerza y el estudio del movimiento atl\u00e9tico, que se celebrar\u00e1 el d\u00eda<br \/>\n2 de febrero en Cesena.<\/em><\/p>\n<p style=\"text-align: center;\"><em><strong><a href=\"https:\/\/www.nextlevelstrength.it\/eventi-strongfirst-elenco-generale\/eventi-strongfirst-workshop-2\/\">REG\u00cdSTRESE<\/a> <\/strong>y leer el art\u00edculo, esperamos vivir juntos una excelente experiencia de formaci\u00f3n.<br \/>\n<span style=\"font-size: 120%;\"><a href=\"https:\/\/www.sideaita.it\/es\/equipos-de-fitness\/2208-1-2248-1-strongfirst-kettlebell\/\"><strong>HAGA CLIC AQU\u00cd PARA COMPRAR 2208\/1-2248\/1 KETTLEBELL STRONGFIRST\u00a0 \u00a0<\/strong><\/a><\/span><\/em><\/p>\n<p style=\"text-align: left;\"><span style=\"font-size: 115%;\"><em><strong>P: Andrea, a partir del segundo semestre de 2025, Sidea ser\u00e1 el distribuidor oficial europeo de los kettlebells StrongFirst\u00ae. Qu\u00e9 te ha llevado a tomar esta decisi\u00f3n?<\/strong><\/em><\/span><\/p>\n<p>La certificaci\u00f3n StrongFirst\u00ae para kettlebells es sin duda la m\u00e1s exclusiva y prestigiosa del sector, y los kettlebells que llevan esta etiqueta se han convertido en un icono del entrenamiento con kettlebells en todo el mundo. Adem\u00e1s, la escuela de entrenamiento StrongFirst\u00ae tiene una presencia verdaderamente global, con una fuerte presencia en Europa, Am\u00e9rica y, m\u00e1s recientemente, Asia.<\/p>\n<p>Desde hace algunos a\u00f1os, Sidea est\u00e1 llevando a cabo un importante proceso de internacionalizaci\u00f3n, y esta colaboraci\u00f3n encaja perfectamente en esta estrategia, representando un paso natural para reforzar nuestra presencia en los mercados internacionales.<\/p>\n\t<div class=\"img has-hover x md-x lg-x y md-y lg-y\" id=\"image_718686266\">\n\t\t\t\t\t\t\t\t<div class=\"img-inner dark\" data-no-translation=\"\" >\n\t\t\t<img loading=\"lazy\" decoding=\"async\" width=\"1920\" height=\"1080\" src=\"https:\/\/www.sideaita.it\/wp-content\/uploads\/2024\/12\/andrea-e-fabio-in-showroom.jpg\" class=\"attachment-original size-original\" alt=\"andrea e fabio in showroom\" srcset=\"https:\/\/www.sideaita.it\/wp-content\/uploads\/2024\/12\/andrea-e-fabio-in-showroom.jpg 1920w, https:\/\/www.sideaita.it\/wp-content\/uploads\/2024\/12\/andrea-e-fabio-in-showroom-711x400.jpg 711w, https:\/\/www.sideaita.it\/wp-content\/uploads\/2024\/12\/andrea-e-fabio-in-showroom-1400x788.jpg 1400w, https:\/\/www.sideaita.it\/wp-content\/uploads\/2024\/12\/andrea-e-fabio-in-showroom-768x432.jpg 768w, https:\/\/www.sideaita.it\/wp-content\/uploads\/2024\/12\/andrea-e-fabio-in-showroom-1536x864.jpg 1536w, https:\/\/www.sideaita.it\/wp-content\/uploads\/2024\/12\/andrea-e-fabio-in-showroom-700x394.jpg 700w\" sizes=\"auto, (max-width: 1920px) 100vw, 1920px\" data-no-translation=\"\" \/>\t\t\t\t\t\t\n\t\t\t\t\t<\/div>\n\t\t\t\t\t\t\t\t\n<style>\n#image_718686266 {\n  width: 100%;\n}\n<\/style>\n\t<\/div>\n\t\n<p>&nbsp;<\/p>\n<p><em><span style=\"font-size: 115%;\"><strong>P: \u00bfEl acuerdo con StrongFirst\u00ae va m\u00e1s all\u00e1 de los aspectos puramente comerciales?<\/strong><\/span><\/em><\/p>\n<p>Absolutamente. Llevamos m\u00e1s de veinte a\u00f1os apoyando el entrenamiento deportivo, la preparaci\u00f3n f\u00edsica y el bienestar, colaborando con los mejores profesionales del sector. StrongFirst\u00ae es reconocida como la m\u00e1s prestigiosa \"escuela de fuerza\" a nivel internacional, y esta colaboraci\u00f3n nace de compartir un principio fundamental: el entrenamiento de la fuerza es la base de todas las capacidades atl\u00e9ticas, incluido el bienestar psicof\u00edsico.<\/p>\n<p>Ya en 2010, en la Convenci\u00f3n \"Wellcome Fitness\" organizada por FIF\u00ae (Federaci\u00f3n Italiana de Fitness), apoyamos un seminario pionero sobre kettlebells y entrenamiento funcional, proporcionando el equipo necesario. En ese momento StrongFirst\u00ae a\u00fan no exist\u00eda, pero el seminario fue impartido por Pavel Tsatsouline, fundador de StrongFirst\u00ae, y Fabio Zonin, hoy director de operaciones de la empresa.<\/p>\n<p>Nuestro liderazgo se basa en gran medida en las actividades de investigaci\u00f3n y desarrollo, estrechamente vinculadas a la interacci\u00f3n continua con clientes, entrenadores y formadores. Es esta sinergia la que hace posible nuestra mejora constante.<\/p>\n<p>&nbsp;<\/p>\n\t<div class=\"img has-hover x md-x lg-x y md-y lg-y\" id=\"image_186955158\">\n\t\t\t\t\t\t\t\t<div class=\"img-inner dark\" data-no-translation=\"\" >\n\t\t\t<img loading=\"lazy\" decoding=\"async\" width=\"1920\" height=\"1080\" src=\"https:\/\/www.sideaita.it\/wp-content\/uploads\/2024\/12\/Grosseto-2010.jpg\" class=\"attachment-original size-original\" alt=\"Grosseto 2010\" srcset=\"https:\/\/www.sideaita.it\/wp-content\/uploads\/2024\/12\/Grosseto-2010.jpg 1920w, https:\/\/www.sideaita.it\/wp-content\/uploads\/2024\/12\/Grosseto-2010-711x400.jpg 711w, https:\/\/www.sideaita.it\/wp-content\/uploads\/2024\/12\/Grosseto-2010-1400x788.jpg 1400w, https:\/\/www.sideaita.it\/wp-content\/uploads\/2024\/12\/Grosseto-2010-768x432.jpg 768w, https:\/\/www.sideaita.it\/wp-content\/uploads\/2024\/12\/Grosseto-2010-1536x864.jpg 1536w, https:\/\/www.sideaita.it\/wp-content\/uploads\/2024\/12\/Grosseto-2010-700x394.jpg 700w\" sizes=\"auto, (max-width: 1920px) 100vw, 1920px\" data-no-translation=\"\" \/>\t\t\t\t\t\t\n\t\t\t\t\t<\/div>\n\t\t\t\t\t\t\t\t\n<style>\n#image_186955158 {\n  width: 100%;\n}\n<\/style>\n\t<\/div>\n\t\n<p>&nbsp;<\/p>\n<p><strong><span style=\"font-size: 110%;\"><em>P: \"Baja tecnolog\u00eda\/alto concepto\" es una de las muchas frases rectoras del m\u00e9todo StrongFirst\u00ae. \u00bfEs tambi\u00e9n representativa de Sidea?\u00a0 <\/em><\/span><\/strong><\/p>\n<p>S\u00ed, la frase indica un enfoque en el que se utilizan tecnolog\u00edas sencillas o poco complejas (low tech), pero con ideas creativas de alto concepto (high concept). En esencia, se trata de centrarse en la concienciaci\u00f3n en el uso de un equipo de ejercicio, m\u00e1s que en su complejidad tecnol\u00f3gica. Este principio tambi\u00e9n gu\u00eda nuestro dise\u00f1o, en el que la simplicidad tecnol\u00f3gica est\u00e1 pensada para realzar la centralidad del ser humano, promoviendo una mayor conciencia de los movimientos f\u00edsicos. Para nosotros, el equipo de gimnasia es un accesorio: una herramienta complementaria que, mediante sobrecargas e incluso soluciones desestabilizadoras, refuerza el organismo humano, que sigue siendo el verdadero protagonista y el punto central en el \u00e1mbito deportivo.<\/p>\n<p>&nbsp;<\/p>\n\t<div class=\"img has-hover x md-x lg-x y md-y lg-y\" id=\"image_521446104\">\n\t\t\t\t\t\t\t\t<div class=\"img-inner dark\" data-no-translation=\"\" >\n\t\t\t<img loading=\"lazy\" decoding=\"async\" width=\"1920\" height=\"1080\" src=\"https:\/\/www.sideaita.it\/wp-content\/uploads\/2024\/12\/Fabio-in-azione-2-1.jpg\" class=\"attachment-original size-original\" alt=\"Fabio in azione 2\" srcset=\"https:\/\/www.sideaita.it\/wp-content\/uploads\/2024\/12\/Fabio-in-azione-2-1.jpg 1920w, https:\/\/www.sideaita.it\/wp-content\/uploads\/2024\/12\/Fabio-in-azione-2-1-711x400.jpg 711w, https:\/\/www.sideaita.it\/wp-content\/uploads\/2024\/12\/Fabio-in-azione-2-1-1400x788.jpg 1400w, https:\/\/www.sideaita.it\/wp-content\/uploads\/2024\/12\/Fabio-in-azione-2-1-768x432.jpg 768w, https:\/\/www.sideaita.it\/wp-content\/uploads\/2024\/12\/Fabio-in-azione-2-1-1536x864.jpg 1536w, https:\/\/www.sideaita.it\/wp-content\/uploads\/2024\/12\/Fabio-in-azione-2-1-700x394.jpg 700w\" sizes=\"auto, (max-width: 1920px) 100vw, 1920px\" data-no-translation=\"\" \/>\t\t\t\t\t\t\n\t\t\t\t\t<\/div>\n\t\t\t\t\t\t\t\t\n<style>\n#image_521446104 {\n  width: 100%;\n}\n<\/style>\n\t<\/div>\n\t\n<p>&nbsp;<\/p>\n<p><span style=\"font-size: 115%;\"><strong><em>P: \u00bfEste concepto se relaciona tambi\u00e9n con la idea del deporte como desintoxicaci\u00f3n digital?<\/em><\/strong><\/span><\/p>\n<p>Absolutamente. La creciente tecnologizaci\u00f3n del deporte y de la vida cotidiana ha llevado a muchas personas a buscar experiencias m\u00e1s aut\u00e9nticas y \"desconectadas\", especialmente cuando se trata de actividad f\u00edsica. La idea del deporte como desintoxicaci\u00f3n digital representa la necesidad de volver a una actividad f\u00edsica aut\u00e9ntica y sin intermediarios, en la que la atenci\u00f3n se centre en el presente y en la experiencia real. El concepto de \"GYM as DIGITAL DETOX\" describe un espacio donde el individuo puede dedicarse por completo a su bienestar mental y f\u00edsico, sin distracciones. Es un eslogan que apreciamos, no en un sentido absoluto, sino por su valor a la hora de promover un enfoque del bienestar, o mejor dicho, del wellness, por utilizar el lenguaje espec\u00edfico del sector.<\/p>\n<p><em><span style=\"font-size: 110%;\"><strong>D: <\/strong><\/span><strong><span style=\"font-size: 110%;\">Sidea ser\u00e1 el patrocinador t\u00e9cnico del OPEN DAY de StrongFirst el 2 de febrero en Cesena; un evento gratuito dirigido precisamente a quienes deseen entrar en contacto con este tipo de formaci\u00f3n?<\/span> <\/strong><\/em><\/p>\n<p>El OPEN DAY est\u00e1 abierto a todos. Los entrenadores podr\u00e1n adquirir conocimientos t\u00e9cnicos para desarrollarlos posteriormente en cursos de formaci\u00f3n especializados, mientras que los no expertos tendr\u00e1n la oportunidad de entrar en contacto con el mundo de la preparaci\u00f3n f\u00edsica a trav\u00e9s del entrenamiento de la fuerza y el conocimiento de los patrones motores b\u00e1sicos.<\/p>\n<p>Para Sidea, 2025 ser\u00e1 el inicio de una divulgaci\u00f3n dirigida a los principiantes, con el objetivo de promover un enfoque del bienestar como respuesta a los problemas metab\u00f3licos del mundo moderno; la sobrealimentaci\u00f3n, el abuso del az\u00facar, el sedentarismo y la p\u00e9rdida de los movimientos naturales y fundamentales del cuerpo humano.<\/p>\n<p>La digitalizaci\u00f3n y la creciente conectividad, hasta el uso cada vez m\u00e1s generalizado de la inteligencia artificial, representan el colmo del sedentarismo, no s\u00f3lo f\u00edsico sino tambi\u00e9n intelectual. Esta condici\u00f3n genera inactividad social y motriz, y es precisamente la lucha contra estas formas de pasividad lo que define la misi\u00f3n de Sidea: volver a poner al individuo en el centro, a trav\u00e9s del movimiento consciente, el deporte y la naturaleza.<\/p>\n<p>&nbsp;<\/p>\n\t<div class=\"img has-hover x md-x lg-x y md-y lg-y\" id=\"image_222867430\">\n\t\t\t\t\t\t\t\t<div class=\"img-inner dark\" data-no-translation=\"\" >\n\t\t\t<img loading=\"lazy\" decoding=\"async\" width=\"2400\" height=\"750\" src=\"https:\/\/www.sideaita.it\/wp-content\/uploads\/2024\/12\/Group.jpg\" class=\"attachment-original size-original\" alt=\"Group\" srcset=\"https:\/\/www.sideaita.it\/wp-content\/uploads\/2024\/12\/Group.jpg 2400w, https:\/\/www.sideaita.it\/wp-content\/uploads\/2024\/12\/Group-800x250.jpg 800w, https:\/\/www.sideaita.it\/wp-content\/uploads\/2024\/12\/Group-1400x438.jpg 1400w, https:\/\/www.sideaita.it\/wp-content\/uploads\/2024\/12\/Group-768x240.jpg 768w, https:\/\/www.sideaita.it\/wp-content\/uploads\/2024\/12\/Group-1536x480.jpg 1536w, https:\/\/www.sideaita.it\/wp-content\/uploads\/2024\/12\/Group-2048x640.jpg 2048w, https:\/\/www.sideaita.it\/wp-content\/uploads\/2024\/12\/Group-700x219.jpg 700w\" sizes=\"auto, (max-width: 2400px) 100vw, 2400px\" data-no-translation=\"\" \/>\t\t\t\t\t\t\n\t\t\t\t\t<\/div>\n\t\t\t\t\t\t\t\t\n<style>\n#image_222867430 {\n  width: 100%;\n}\n<\/style>\n\t<\/div>\n\t\n\t\n  \n    <div class=\"row  equalize-box large-columns-4 medium-columns-3 small-columns-2 row-small has-shadow row-box-shadow-1 row-box-shadow-3-hover slider row-slider slider-nav-reveal slider-nav-push\"  data-flickity-options='{&quot;imagesLoaded&quot;: true, &quot;groupCells&quot;: &quot;100%&quot;, &quot;dragThreshold&quot; : 5, &quot;cellAlign&quot;: &quot;left&quot;,&quot;wrapAround&quot;: true,&quot;prevNextButtons&quot;: true,&quot;percentPosition&quot;: true,&quot;pageDots&quot;: false, &quot;rightToLeft&quot;: false, &quot;autoPlay&quot; : false}' >\n\n  \n\t     <div class=\"product-small col has-hover product type-product post-486971 status-publish first instock product_cat-attrezzi-functional-training-palestre-professionisti-fitness product_cat-homegym product_cat-kettlebell-strong-kettlebell-competition-kettlebell-vinyl product_cat-news-product-trends-fitness-functional-training product_cat-prevendita product_cat-products-code-order product_tag-kettlebell has-post-thumbnail taxable shipping-taxable purchasable product-type-simple\">\n\t<div class=\"col-inner\">\n\t\n<div class=\"badge-container absolute left top z-1\">\n\n<\/div>\n\t<div class=\"product-small box\">\n\t\t<div class=\"box-image\">\n\t\t\t<div class=\"image-fade_in_back\">\n\t\t\t\t<a href=\"https:\/\/www.sideaita.it\/es\/attrezzatura-fitness\/2187-adjustable-kettlebell\/\">\n\t\t\t\t\t<img loading=\"lazy\" decoding=\"async\" width=\"300\" height=\"300\" src=\"https:\/\/www.sideaita.it\/wp-content\/uploads\/2026\/01\/sidea-2187-adjustable-kettlebell-1-300x300.jpg\" class=\"attachment-woocommerce_thumbnail size-woocommerce_thumbnail\" alt=\"2187 Kettlebell ajustable\" srcset=\"https:\/\/www.sideaita.it\/wp-content\/uploads\/2026\/01\/sidea-2187-adjustable-kettlebell-1-300x300.jpg 300w, https:\/\/www.sideaita.it\/wp-content\/uploads\/2026\/01\/sidea-2187-adjustable-kettlebell-1-400x400.jpg 400w, https:\/\/www.sideaita.it\/wp-content\/uploads\/2026\/01\/sidea-2187-adjustable-kettlebell-1-800x800.jpg 800w, https:\/\/www.sideaita.it\/wp-content\/uploads\/2026\/01\/sidea-2187-adjustable-kettlebell-1-768x768.jpg 768w, https:\/\/www.sideaita.it\/wp-content\/uploads\/2026\/01\/sidea-2187-adjustable-kettlebell-1-12x12.jpg 12w, https:\/\/www.sideaita.it\/wp-content\/uploads\/2026\/01\/sidea-2187-adjustable-kettlebell-1-700x700.jpg 700w, https:\/\/www.sideaita.it\/wp-content\/uploads\/2026\/01\/sidea-2187-adjustable-kettlebell-1-100x100.jpg 100w, https:\/\/www.sideaita.it\/wp-content\/uploads\/2026\/01\/sidea-2187-adjustable-kettlebell-1.jpg 1000w\" sizes=\"auto, (max-width: 300px) 100vw, 300px\" title=\"2187 Kettlebell ajustable\" \/><img loading=\"lazy\" decoding=\"async\" width=\"300\" height=\"300\" src=\"https:\/\/www.sideaita.it\/wp-content\/uploads\/2026\/01\/sidea-2187-adjustable-kettlebell-7-300x300.jpg\" class=\"show-on-hover absolute fill hide-for-small back-image\" alt=\"2187 Kettlebell ajustable\" aria-hidden=\"true\" srcset=\"https:\/\/www.sideaita.it\/wp-content\/uploads\/2026\/01\/sidea-2187-adjustable-kettlebell-7-300x300.jpg 300w, https:\/\/www.sideaita.it\/wp-content\/uploads\/2026\/01\/sidea-2187-adjustable-kettlebell-7-400x400.jpg 400w, https:\/\/www.sideaita.it\/wp-content\/uploads\/2026\/01\/sidea-2187-adjustable-kettlebell-7-800x800.jpg 800w, https:\/\/www.sideaita.it\/wp-content\/uploads\/2026\/01\/sidea-2187-adjustable-kettlebell-7-768x768.jpg 768w, https:\/\/www.sideaita.it\/wp-content\/uploads\/2026\/01\/sidea-2187-adjustable-kettlebell-7-12x12.jpg 12w, https:\/\/www.sideaita.it\/wp-content\/uploads\/2026\/01\/sidea-2187-adjustable-kettlebell-7-700x700.jpg 700w, https:\/\/www.sideaita.it\/wp-content\/uploads\/2026\/01\/sidea-2187-adjustable-kettlebell-7-100x100.jpg 100w, https:\/\/www.sideaita.it\/wp-content\/uploads\/2026\/01\/sidea-2187-adjustable-kettlebell-7.jpg 1000w\" sizes=\"auto, (max-width: 300px) 100vw, 300px\" title=\"2187 Kettlebell ajustable\" \/>\t\t\t\t<\/a>\n\t\t\t<\/div>\n\t\t\t<div class=\"image-tools is-small top right show-on-hover\">\n\t\t\t\t\t\t\t<\/div>\n\t\t\t<div class=\"image-tools is-small hide-for-small bottom left show-on-hover\">\n\t\t\t\t\t\t\t<\/div>\n\t\t\t<div class=\"image-tools grid-tools text-center hide-for-small bottom hover-slide-in show-on-hover\">\n\t\t\t\t<a href=\"#quick-view\" class=\"quick-view\" role=\"button\" data-prod=\"486971\" aria-haspopup=\"dialog\" aria-expanded=\"false\" data-flatsome-role-button>Vista R\u00e1pida<\/a>\t\t\t<\/div>\n\t\t\t\t\t<\/div>\n\n\t\t<div class=\"box-text box-text-products\">\n\t\t\t<div class=\"title-wrapper\">\t\t<p class=\"category uppercase is-smaller no-text-overflow product-cat op-8\">\n\t\t\tEntrenamiento funcional\t\t<\/p>\n\t<p class=\"name product-title woocommerce-loop-product__title\"><a href=\"https:\/\/www.sideaita.it\/es\/attrezzatura-fitness\/2187-adjustable-kettlebell\/\" class=\"woocommerce-LoopProduct-link woocommerce-loop-product__link\">2187 Kettlebell ajustable<\/a><\/p><\/div><div class=\"price-wrapper\">\n\t<span class=\"price\"><span class=\"ywcrbp_regular_price\"><span class=\"woocommerce-Price-amount amount\"><bdi>199,00<span class=\"woocommerce-Price-currencySymbol\">\u20ac<\/span><\/bdi><\/span> <\/span> <small class=\"woocommerce-price-suffix\">tasas e impuestos no incluidos<\/small><\/span>\n<\/div><div class=\"add-to-cart-button\"><a href=\"\/es\/wp-json\/wp\/v2\/posts\/374875?add-to-cart=486971\" aria-describedby=\"woocommerce_loop_add_to_cart_link_describedby_486971\" data-quantity=\"1\" class=\"primary is-small mb-0 button product_type_simple add_to_cart_button ajax_add_to_cart is-underline\" data-product_id=\"486971\" data-product_sku=\"2187\" aria-label=\"A\u00f1adir al carrito: \u201c2187 Adjustable Kettlebell\u201d\" rel=\"nofollow\" data-success_message=\"\u00ab2187 Adjustable Kettlebell\u00bb se ha a\u00f1adido a tu carrito\" role=\"button\" data-no-translation=\"\" data-trp-gettext=\"\" data-no-translation-aria-label=\"\" data-no-translation-data-success_message=\"\">A\u00f1adir a la cesta<\/a><\/div>\t<span id=\"woocommerce_loop_add_to_cart_link_describedby_486971\" class=\"screen-reader-text\">\n\t\t\t<\/span>\n\t\t<\/div>\n\t<\/div>\n\t<span class=\"gtm4wp_productdata\" style=\"display:none; visibility:hidden;\" data-gtm4wp_product_data=\"{&quot;internal_id&quot;:486971,&quot;item_id&quot;:486971,&quot;item_name&quot;:&quot;2187 Adjustable Kettlebell&quot;,&quot;sku&quot;:&quot;2187&quot;,&quot;price&quot;:199,&quot;stocklevel&quot;:80,&quot;stockstatus&quot;:&quot;instock&quot;,&quot;google_business_vertical&quot;:&quot;retail&quot;,&quot;item_category&quot;:&quot;Functional Training&quot;,&quot;id&quot;:486971,&quot;item_brand&quot;:&quot;&quot;,&quot;productlink&quot;:&quot;https:\\\/\\\/www.sideaita.it\\\/es\\\/attrezzatura-fitness\\\/2187-adjustable-kettlebell\\\/&quot;,&quot;item_list_name&quot;:&quot;Lista general de productos&quot;,&quot;index&quot;:1,&quot;product_type&quot;:&quot;simple&quot;}\"><\/span>\t<\/div>\n<\/div><div class=\"product-small col has-hover product type-product post-375795 status-publish instock product_cat-kettlebell-strong-kettlebell-competition-kettlebell-vinyl product_cat-news-product-trends-fitness-functional-training product_cat-products-code-order product_tag-kettlebell has-post-thumbnail taxable shipping-taxable purchasable product-type-variable has-default-attributes\">\n\t<div class=\"col-inner\">\n\t\n<div class=\"badge-container absolute left top z-1\">\n\n<\/div>\n\t<div class=\"product-small box\">\n\t\t<div class=\"box-image\">\n\t\t\t<div class=\"image-fade_in_back\">\n\t\t\t\t<a href=\"https:\/\/www.sideaita.it\/es\/attrezzatura-fitness\/2208-1-2248-1-strongfirst-kettlebell\/\">\n\t\t\t\t\t<img loading=\"lazy\" decoding=\"async\" width=\"300\" height=\"300\" src=\"https:\/\/www.sideaita.it\/wp-content\/uploads\/2025\/01\/kettlebell-strongfirst-2-300x300.jpg\" class=\"attachment-woocommerce_thumbnail size-woocommerce_thumbnail\" alt=\"2208\/1- 2248\/1 StrongFirst\u00ae Kettlebell\" srcset=\"https:\/\/www.sideaita.it\/wp-content\/uploads\/2025\/01\/kettlebell-strongfirst-2-300x300.jpg 300w, https:\/\/www.sideaita.it\/wp-content\/uploads\/2025\/01\/kettlebell-strongfirst-2-400x400.jpg 400w, https:\/\/www.sideaita.it\/wp-content\/uploads\/2025\/01\/kettlebell-strongfirst-2-800x800.jpg 800w, https:\/\/www.sideaita.it\/wp-content\/uploads\/2025\/01\/kettlebell-strongfirst-2-768x768.jpg 768w, https:\/\/www.sideaita.it\/wp-content\/uploads\/2025\/01\/kettlebell-strongfirst-2-700x700.jpg 700w, https:\/\/www.sideaita.it\/wp-content\/uploads\/2025\/01\/kettlebell-strongfirst-2-100x100.jpg 100w, https:\/\/www.sideaita.it\/wp-content\/uploads\/2025\/01\/kettlebell-strongfirst-2.jpg 1000w\" sizes=\"auto, (max-width: 300px) 100vw, 300px\" title=\"2208\/1- 2248\/1 StrongFirst\u00ae Kettlebell\" \/><img loading=\"lazy\" decoding=\"async\" width=\"300\" height=\"300\" src=\"https:\/\/www.sideaita.it\/wp-content\/uploads\/2025\/01\/kettlebell-strongfirst-fabio-in-azione-300x300.jpg\" class=\"show-on-hover absolute fill hide-for-small back-image\" alt=\"2208\/1- 2248\/1 StrongFirst\u00ae Kettlebell\" aria-hidden=\"true\" srcset=\"https:\/\/www.sideaita.it\/wp-content\/uploads\/2025\/01\/kettlebell-strongfirst-fabio-in-azione-300x300.jpg 300w, https:\/\/www.sideaita.it\/wp-content\/uploads\/2025\/01\/kettlebell-strongfirst-fabio-in-azione-400x400.jpg 400w, https:\/\/www.sideaita.it\/wp-content\/uploads\/2025\/01\/kettlebell-strongfirst-fabio-in-azione-800x800.jpg 800w, https:\/\/www.sideaita.it\/wp-content\/uploads\/2025\/01\/kettlebell-strongfirst-fabio-in-azione-768x768.jpg 768w, https:\/\/www.sideaita.it\/wp-content\/uploads\/2025\/01\/kettlebell-strongfirst-fabio-in-azione-700x700.jpg 700w, https:\/\/www.sideaita.it\/wp-content\/uploads\/2025\/01\/kettlebell-strongfirst-fabio-in-azione-100x100.jpg 100w, https:\/\/www.sideaita.it\/wp-content\/uploads\/2025\/01\/kettlebell-strongfirst-fabio-in-azione.jpg 1000w\" sizes=\"auto, (max-width: 300px) 100vw, 300px\" title=\"2208\/1- 2248\/1 StrongFirst\u00ae Kettlebell\" \/>\t\t\t\t<\/a>\n\t\t\t<\/div>\n\t\t\t<div class=\"image-tools is-small top right show-on-hover\">\n\t\t\t\t\t\t\t<\/div>\n\t\t\t<div class=\"image-tools is-small hide-for-small bottom left show-on-hover\">\n\t\t\t\t\t\t\t<\/div>\n\t\t\t<div class=\"image-tools grid-tools text-center hide-for-small bottom hover-slide-in show-on-hover\">\n\t\t\t\t<a href=\"#quick-view\" class=\"quick-view\" role=\"button\" data-prod=\"375795\" aria-haspopup=\"dialog\" aria-expanded=\"false\" data-flatsome-role-button>Vista R\u00e1pida<\/a>\t\t\t<\/div>\n\t\t\t\t\t<\/div>\n\n\t\t<div class=\"box-text box-text-products\">\n\t\t\t<div class=\"title-wrapper\">\t\t<p class=\"category uppercase is-smaller no-text-overflow product-cat op-8\">\n\t\t\tKettlebell Strong Competici\u00f3n y vinilo\t\t<\/p>\n\t<p class=\"name product-title woocommerce-loop-product__title\"><a href=\"https:\/\/www.sideaita.it\/es\/attrezzatura-fitness\/2208-1-2248-1-strongfirst-kettlebell\/\" class=\"woocommerce-LoopProduct-link woocommerce-loop-product__link\">2208\/1- 2248\/1 StrongFirst\u00ae Kettlebell<\/a><\/p><\/div><div class=\"price-wrapper\">\n\t<span class=\"price\"><span class=\"ywcrbp_regular_price\"> <span class=\"woocommerce-Price-amount amount\"><bdi>42,70<span class=\"woocommerce-Price-currencySymbol\">&euro;<\/span><\/bdi><\/span> <span aria-hidden=\"true\">-<\/span> <span class=\"woocommerce-Price-amount amount\"><bdi>256,20<span class=\"woocommerce-Price-currencySymbol\">&euro;<\/span><\/bdi><\/span><span class=\"screen-reader-text\" data-no-translation=\"\" data-trp-gettext=\"\">Rango de precios: desde 42,70&euro; hasta 256,20&euro;<\/span><\/span> <small class=\"woocommerce-price-suffix\">tasas e impuestos no incluidos<\/small><\/span>\n<\/div><div class=\"add-to-cart-button\"><a href=\"https:\/\/www.sideaita.it\/es\/attrezzatura-fitness\/2208-1-2248-1-strongfirst-kettlebell\/\" aria-describedby=\"woocommerce_loop_add_to_cart_link_describedby_375795\" data-quantity=\"1\" class=\"primary is-small mb-0 button product_type_variable add_to_cart_button is-underline\" data-product_id=\"375795\" data-product_sku=\"strongfirst kettlebell\" aria-label=\"Elige las opciones para \u201c2208\/1- 2248\/1 StrongFirst\u00ae Kettlebell\u201d\" rel=\"nofollow\" data-no-translation=\"\" data-trp-gettext=\"\" data-no-translation-aria-label=\"\">Seleccionar opciones<\/a><\/div>\t<span id=\"woocommerce_loop_add_to_cart_link_describedby_375795\" class=\"screen-reader-text\">\n\t\tEste producto tiene m\u00faltiples variantes. Las opciones se pueden elegir en la p\u00e1gina de producto\t<\/span>\n\t\t<\/div>\n\t<\/div>\n\t<span class=\"gtm4wp_productdata\" style=\"display:none; visibility:hidden;\" data-gtm4wp_product_data=\"{&quot;internal_id&quot;:375795,&quot;item_id&quot;:375795,&quot;item_name&quot;:&quot;2208\\\/1- 2248\\\/1 StrongFirst\\u00ae Kettlebell&quot;,&quot;sku&quot;:&quot;strongfirst kettlebell&quot;,&quot;price&quot;:42.7,&quot;stocklevel&quot;:null,&quot;stockstatus&quot;:&quot;instock&quot;,&quot;google_business_vertical&quot;:&quot;retail&quot;,&quot;item_category&quot;:&quot;Kettlebell Strong Competition &amp; vinyl&quot;,&quot;id&quot;:375795,&quot;item_brand&quot;:&quot;&quot;,&quot;productlink&quot;:&quot;https:\\\/\\\/www.sideaita.it\\\/es\\\/attrezzatura-fitness\\\/2208-1-2248-1-strongfirst-kettlebell\\\/&quot;,&quot;item_list_name&quot;:&quot;Lista general de productos&quot;,&quot;index&quot;:2,&quot;product_type&quot;:&quot;variable&quot;}\"><\/span>\t<\/div>\n<\/div><div class=\"product-small col has-hover product type-product post-938 status-publish last instock product_cat-attrezzi-functional-training-palestre-professionisti-fitness product_cat-group-activity product_cat-kettlebell-strong-kettlebell-competition-kettlebell-vinyl product_cat-products-code-order product_cat-attrezzi-strong-fitness-training product_tag-functional-training product_tag-kettlebell has-post-thumbnail taxable shipping-taxable purchasable product-type-variable has-default-attributes\">\n\t<div class=\"col-inner\">\n\t\n<div class=\"badge-container absolute left top z-1\">\n\n<\/div>\n\t<div class=\"product-small box\">\n\t\t<div class=\"box-image\">\n\t\t\t<div class=\"image-fade_in_back\">\n\t\t\t\t<a href=\"https:\/\/www.sideaita.it\/es\/attrezzatura-fitness\/2206-2292-iron-black-kettlebell\/\">\n\t\t\t\t\t<img loading=\"lazy\" decoding=\"async\" width=\"300\" height=\"300\" src=\"https:\/\/www.sideaita.it\/wp-content\/uploads\/2018\/07\/2206-800-300x300.jpg\" class=\"attachment-woocommerce_thumbnail size-woocommerce_thumbnail\" alt=\"2206-2292 Mancuerna de hierro negra\" srcset=\"https:\/\/www.sideaita.it\/wp-content\/uploads\/2018\/07\/2206-800-300x300.jpg 300w, https:\/\/www.sideaita.it\/wp-content\/uploads\/2018\/07\/2206-800-100x100.jpg 100w, https:\/\/www.sideaita.it\/wp-content\/uploads\/2018\/07\/2206-800.jpg 700w, https:\/\/www.sideaita.it\/wp-content\/uploads\/2018\/07\/2206-800-280x280.jpg 280w, https:\/\/www.sideaita.it\/wp-content\/uploads\/2018\/07\/2206-800-400x400.jpg 400w, https:\/\/www.sideaita.it\/wp-content\/uploads\/2018\/07\/2206-800-600x600.jpg 600w, https:\/\/www.sideaita.it\/wp-content\/uploads\/2018\/07\/2206-800-510x510.jpg 510w\" sizes=\"auto, (max-width: 300px) 100vw, 300px\" title=\"2206-2292 Mancuerna de hierro negra\" \/><img loading=\"lazy\" decoding=\"async\" width=\"300\" height=\"300\" src=\"https:\/\/www.sideaita.it\/wp-content\/uploads\/2018\/07\/2206-2292-Iron-Black-Kettlebell-Sidea-1-300x300.jpg\" class=\"show-on-hover absolute fill hide-for-small back-image\" alt=\"2206-2292 Mancuerna de hierro negra\" aria-hidden=\"true\" srcset=\"https:\/\/www.sideaita.it\/wp-content\/uploads\/2018\/07\/2206-2292-Iron-Black-Kettlebell-Sidea-1-300x300.jpg 300w, https:\/\/www.sideaita.it\/wp-content\/uploads\/2018\/07\/2206-2292-Iron-Black-Kettlebell-Sidea-1-400x400.jpg 400w, https:\/\/www.sideaita.it\/wp-content\/uploads\/2018\/07\/2206-2292-Iron-Black-Kettlebell-Sidea-1-100x100.jpg 100w, https:\/\/www.sideaita.it\/wp-content\/uploads\/2018\/07\/2206-2292-Iron-Black-Kettlebell-Sidea-1.jpg 700w\" sizes=\"auto, (max-width: 300px) 100vw, 300px\" title=\"2206-2292 Mancuerna de hierro negra\" \/>\t\t\t\t<\/a>\n\t\t\t<\/div>\n\t\t\t<div class=\"image-tools is-small top right show-on-hover\">\n\t\t\t\t\t\t\t<\/div>\n\t\t\t<div class=\"image-tools is-small hide-for-small bottom left show-on-hover\">\n\t\t\t\t\t\t\t<\/div>\n\t\t\t<div class=\"image-tools grid-tools text-center hide-for-small bottom hover-slide-in show-on-hover\">\n\t\t\t\t<a href=\"#quick-view\" class=\"quick-view\" role=\"button\" data-prod=\"938\" aria-haspopup=\"dialog\" aria-expanded=\"false\" data-flatsome-role-button>Vista R\u00e1pida<\/a>\t\t\t<\/div>\n\t\t\t\t\t<\/div>\n\n\t\t<div class=\"box-text box-text-products\">\n\t\t\t<div class=\"title-wrapper\">\t\t<p class=\"category uppercase is-smaller no-text-overflow product-cat op-8\">\n\t\t\tEntrenamiento funcional\t\t<\/p>\n\t<p class=\"name product-title woocommerce-loop-product__title\"><a href=\"https:\/\/www.sideaita.it\/es\/attrezzatura-fitness\/2206-2292-iron-black-kettlebell\/\" class=\"woocommerce-LoopProduct-link woocommerce-loop-product__link\">2206-2292 Mancuerna de hierro negra<\/a><\/p><\/div><div class=\"price-wrapper\">\n\t<span class=\"price\"><span class=\"ywcrbp_regular_price\"> <span class=\"woocommerce-Price-amount amount\"><bdi>30,50<span class=\"woocommerce-Price-currencySymbol\">&euro;<\/span><\/bdi><\/span> <span aria-hidden=\"true\">-<\/span> <span class=\"woocommerce-Price-amount amount\"><bdi>358,38<span class=\"woocommerce-Price-currencySymbol\">&euro;<\/span><\/bdi><\/span><span class=\"screen-reader-text\" data-no-translation=\"\" data-trp-gettext=\"\">Rango de precios: desde 30,50&euro; hasta 358,38&euro;<\/span><\/span> <small class=\"woocommerce-price-suffix\">tasas e impuestos no incluidos<\/small><\/span>\n<\/div><div class=\"add-to-cart-button\"><a href=\"https:\/\/www.sideaita.it\/es\/attrezzatura-fitness\/2206-2292-iron-black-kettlebell\/\" aria-describedby=\"woocommerce_loop_add_to_cart_link_describedby_938\" data-quantity=\"1\" class=\"primary is-small mb-0 button product_type_variable add_to_cart_button is-underline\" data-product_id=\"938\" data-product_sku=\"KETTIRON\" aria-label=\"Elige las opciones para \u201c2206-2292 Iron Black Kettlebell\u201d\" rel=\"nofollow\" data-no-translation=\"\" data-trp-gettext=\"\" data-no-translation-aria-label=\"\">Seleccionar opciones<\/a><\/div>\t<span id=\"woocommerce_loop_add_to_cart_link_describedby_938\" class=\"screen-reader-text\">\n\t\tEste producto tiene m\u00faltiples variantes. Las opciones se pueden elegir en la p\u00e1gina de producto\t<\/span>\n\t\t<\/div>\n\t<\/div>\n\t<span class=\"gtm4wp_productdata\" style=\"display:none; visibility:hidden;\" data-gtm4wp_product_data=\"{&quot;internal_id&quot;:938,&quot;item_id&quot;:938,&quot;item_name&quot;:&quot;2206-2292 Iron Black Kettlebell&quot;,&quot;sku&quot;:&quot;KETTIRON&quot;,&quot;price&quot;:30.5,&quot;stocklevel&quot;:null,&quot;stockstatus&quot;:&quot;instock&quot;,&quot;google_business_vertical&quot;:&quot;retail&quot;,&quot;item_category&quot;:&quot;Kettlebell Strong Competition &amp; vinyl&quot;,&quot;id&quot;:938,&quot;item_brand&quot;:&quot;&quot;,&quot;productlink&quot;:&quot;https:\\\/\\\/www.sideaita.it\\\/es\\\/attrezzatura-fitness\\\/2206-2292-iron-black-kettlebell\\\/&quot;,&quot;item_list_name&quot;:&quot;Lista general de productos&quot;,&quot;index&quot;:3,&quot;product_type&quot;:&quot;variable&quot;}\"><\/span>\t<\/div>\n<\/div><div class=\"product-small col has-hover product type-product post-929 status-publish first instock product_cat-attrezzi-functional-training-palestre-professionisti-fitness product_cat-group-activity product_cat-kettlebell-strong-kettlebell-competition-kettlebell-vinyl product_cat-products-code-order product_cat-attrezzi-strong-fitness-training product_tag-kettlebell has-post-thumbnail taxable shipping-taxable purchasable product-type-variable has-default-attributes\">\n\t<div class=\"col-inner\">\n\t\n<div class=\"badge-container absolute left top z-1\">\n\n<\/div>\n\t<div class=\"product-small box\">\n\t\t<div class=\"box-image\">\n\t\t\t<div class=\"image-fade_in_back\">\n\t\t\t\t<a href=\"https:\/\/www.sideaita.it\/es\/attrezzatura-fitness\/2189-2201-competition-kettlebell-dimensioni-standard\/\">\n\t\t\t\t\t<img loading=\"lazy\" decoding=\"async\" width=\"300\" height=\"300\" src=\"https:\/\/www.sideaita.it\/wp-content\/uploads\/2022\/05\/2189-2201-kettlebell-competition-300x300.jpg\" class=\"attachment-woocommerce_thumbnail size-woocommerce_thumbnail\" alt=\"2189-2201 Kettlebell de competici\u00f3n\" srcset=\"https:\/\/www.sideaita.it\/wp-content\/uploads\/2022\/05\/2189-2201-kettlebell-competition-300x300.jpg 300w, https:\/\/www.sideaita.it\/wp-content\/uploads\/2022\/05\/2189-2201-kettlebell-competition-400x400.jpg 400w, https:\/\/www.sideaita.it\/wp-content\/uploads\/2022\/05\/2189-2201-kettlebell-competition-800x800.jpg 800w, https:\/\/www.sideaita.it\/wp-content\/uploads\/2022\/05\/2189-2201-kettlebell-competition-768x768.jpg 768w, https:\/\/www.sideaita.it\/wp-content\/uploads\/2022\/05\/2189-2201-kettlebell-competition-700x700.jpg 700w, https:\/\/www.sideaita.it\/wp-content\/uploads\/2022\/05\/2189-2201-kettlebell-competition-100x100.jpg 100w, https:\/\/www.sideaita.it\/wp-content\/uploads\/2022\/05\/2189-2201-kettlebell-competition.jpg 1000w\" sizes=\"auto, (max-width: 300px) 100vw, 300px\" title=\"2189-2201 Kettlebell de competici\u00f3n\" \/><img loading=\"lazy\" decoding=\"async\" width=\"300\" height=\"300\" src=\"https:\/\/www.sideaita.it\/wp-content\/uploads\/2018\/07\/2189-2201-kettlebell-competition-8_-300x300.jpg\" class=\"show-on-hover absolute fill hide-for-small back-image\" alt=\"2189-2201 Kettlebell de competici\u00f3n\" aria-hidden=\"true\" srcset=\"https:\/\/www.sideaita.it\/wp-content\/uploads\/2018\/07\/2189-2201-kettlebell-competition-8_-300x300.jpg 300w, https:\/\/www.sideaita.it\/wp-content\/uploads\/2018\/07\/2189-2201-kettlebell-competition-8_-400x400.jpg 400w, https:\/\/www.sideaita.it\/wp-content\/uploads\/2018\/07\/2189-2201-kettlebell-competition-8_-800x800.jpg 800w, https:\/\/www.sideaita.it\/wp-content\/uploads\/2018\/07\/2189-2201-kettlebell-competition-8_-768x768.jpg 768w, https:\/\/www.sideaita.it\/wp-content\/uploads\/2018\/07\/2189-2201-kettlebell-competition-8_-700x700.jpg 700w, https:\/\/www.sideaita.it\/wp-content\/uploads\/2018\/07\/2189-2201-kettlebell-competition-8_-100x100.jpg 100w, https:\/\/www.sideaita.it\/wp-content\/uploads\/2018\/07\/2189-2201-kettlebell-competition-8_.jpg 1000w\" sizes=\"auto, (max-width: 300px) 100vw, 300px\" title=\"2189-2201 Kettlebell de competici\u00f3n\" \/>\t\t\t\t<\/a>\n\t\t\t<\/div>\n\t\t\t<div class=\"image-tools is-small top right show-on-hover\">\n\t\t\t\t\t\t\t<\/div>\n\t\t\t<div class=\"image-tools is-small hide-for-small bottom left show-on-hover\">\n\t\t\t\t\t\t\t<\/div>\n\t\t\t<div class=\"image-tools grid-tools text-center hide-for-small bottom hover-slide-in show-on-hover\">\n\t\t\t\t<a href=\"#quick-view\" class=\"quick-view\" role=\"button\" data-prod=\"929\" aria-haspopup=\"dialog\" aria-expanded=\"false\" data-flatsome-role-button>Vista R\u00e1pida<\/a>\t\t\t<\/div>\n\t\t\t\t\t<\/div>\n\n\t\t<div class=\"box-text box-text-products\">\n\t\t\t<div class=\"title-wrapper\">\t\t<p class=\"category uppercase is-smaller no-text-overflow product-cat op-8\">\n\t\t\tEntrenamiento funcional\t\t<\/p>\n\t<p class=\"name product-title woocommerce-loop-product__title\"><a href=\"https:\/\/www.sideaita.it\/es\/attrezzatura-fitness\/2189-2201-competition-kettlebell-dimensioni-standard\/\" class=\"woocommerce-LoopProduct-link woocommerce-loop-product__link\">2189-2201 Kettlebell de competici\u00f3n<\/a><\/p><\/div><div class=\"price-wrapper\">\n\t<span class=\"price\"><span class=\"ywcrbp_regular_price\"> <span class=\"woocommerce-Price-amount amount\"><bdi>61,00<span class=\"woocommerce-Price-currencySymbol\">&euro;<\/span><\/bdi><\/span> <span aria-hidden=\"true\">-<\/span> <span class=\"woocommerce-Price-amount amount\"><bdi>385,83<span class=\"woocommerce-Price-currencySymbol\">&euro;<\/span><\/bdi><\/span><span class=\"screen-reader-text\" data-no-translation=\"\" data-trp-gettext=\"\">Rango de precios: desde 61,00&euro; hasta 385,83&euro;<\/span><\/span> <small class=\"woocommerce-price-suffix\">tasas e impuestos no incluidos<\/small><\/span>\n<\/div><div class=\"add-to-cart-button\"><a href=\"https:\/\/www.sideaita.it\/es\/attrezzatura-fitness\/2189-2201-competition-kettlebell-dimensioni-standard\/\" aria-describedby=\"woocommerce_loop_add_to_cart_link_describedby_929\" data-quantity=\"1\" class=\"primary is-small mb-0 button product_type_variable add_to_cart_button is-underline\" data-product_id=\"929\" data-product_sku=\"KETTCOMP\" aria-label=\"Elige las opciones para \u201c2189-2201 Competition Kettlebell\u201d\" rel=\"nofollow\" data-no-translation=\"\" data-trp-gettext=\"\" data-no-translation-aria-label=\"\">Seleccionar opciones<\/a><\/div>\t<span id=\"woocommerce_loop_add_to_cart_link_describedby_929\" class=\"screen-reader-text\">\n\t\tEste producto tiene m\u00faltiples variantes. Las opciones se pueden elegir en la p\u00e1gina de producto\t<\/span>\n\t\t<\/div>\n\t<\/div>\n\t<span class=\"gtm4wp_productdata\" style=\"display:none; visibility:hidden;\" data-gtm4wp_product_data=\"{&quot;internal_id&quot;:929,&quot;item_id&quot;:929,&quot;item_name&quot;:&quot;2189-2201 Competition Kettlebell&quot;,&quot;sku&quot;:&quot;KETTCOMP&quot;,&quot;price&quot;:61,&quot;stocklevel&quot;:null,&quot;stockstatus&quot;:&quot;instock&quot;,&quot;google_business_vertical&quot;:&quot;retail&quot;,&quot;item_category&quot;:&quot;Kettlebell Strong Competition &amp; vinyl&quot;,&quot;id&quot;:929,&quot;item_brand&quot;:&quot;&quot;,&quot;productlink&quot;:&quot;https:\\\/\\\/www.sideaita.it\\\/es\\\/attrezzatura-fitness\\\/2189-2201-competition-kettlebell-dimensioni-standard\\\/&quot;,&quot;item_list_name&quot;:&quot;Lista general de productos&quot;,&quot;index&quot;:4,&quot;product_type&quot;:&quot;variable&quot;}\"><\/span>\t<\/div>\n<\/div><div class=\"product-small col has-hover product type-product post-916 status-publish instock product_cat-attrezzi-functional-training-palestre-professionisti-fitness product_cat-group-activity product_cat-homegym product_cat-kettlebell-strong-kettlebell-competition-kettlebell-vinyl product_cat-products-code-order product_tag-kettlebell has-post-thumbnail taxable shipping-taxable purchasable product-type-variable has-default-attributes\">\n\t<div class=\"col-inner\">\n\t\n<div class=\"badge-container absolute left top z-1\">\n\n<\/div>\n\t<div class=\"product-small box\">\n\t\t<div class=\"box-image\">\n\t\t\t<div class=\"image-fade_in_back\">\n\t\t\t\t<a href=\"https:\/\/www.sideaita.it\/es\/attrezzatura-fitness\/2169-2181-vinyl-vinile-kettlebell\/\">\n\t\t\t\t\t<img loading=\"lazy\" decoding=\"async\" width=\"300\" height=\"300\" src=\"https:\/\/www.sideaita.it\/wp-content\/uploads\/2018\/07\/2169-2181-Vinyl-Kettlebell-foto-prodotto-piu-compatta-300x300.jpg\" class=\"attachment-woocommerce_thumbnail size-woocommerce_thumbnail\" alt=\"2169-2181 Kettlebell de vinilo\" srcset=\"https:\/\/www.sideaita.it\/wp-content\/uploads\/2018\/07\/2169-2181-Vinyl-Kettlebell-foto-prodotto-piu-compatta-300x300.jpg 300w, https:\/\/www.sideaita.it\/wp-content\/uploads\/2018\/07\/2169-2181-Vinyl-Kettlebell-foto-prodotto-piu-compatta-400x400.jpg 400w, https:\/\/www.sideaita.it\/wp-content\/uploads\/2018\/07\/2169-2181-Vinyl-Kettlebell-foto-prodotto-piu-compatta-800x800.jpg 800w, https:\/\/www.sideaita.it\/wp-content\/uploads\/2018\/07\/2169-2181-Vinyl-Kettlebell-foto-prodotto-piu-compatta-768x768.jpg 768w, https:\/\/www.sideaita.it\/wp-content\/uploads\/2018\/07\/2169-2181-Vinyl-Kettlebell-foto-prodotto-piu-compatta-12x12.jpg 12w, https:\/\/www.sideaita.it\/wp-content\/uploads\/2018\/07\/2169-2181-Vinyl-Kettlebell-foto-prodotto-piu-compatta-700x700.jpg 700w, https:\/\/www.sideaita.it\/wp-content\/uploads\/2018\/07\/2169-2181-Vinyl-Kettlebell-foto-prodotto-piu-compatta-100x100.jpg 100w, https:\/\/www.sideaita.it\/wp-content\/uploads\/2018\/07\/2169-2181-Vinyl-Kettlebell-foto-prodotto-piu-compatta.jpg 1000w\" sizes=\"auto, (max-width: 300px) 100vw, 300px\" title=\"2169-2181 Kettlebell de vinilo\" \/><img loading=\"lazy\" decoding=\"async\" width=\"300\" height=\"300\" src=\"https:\/\/www.sideaita.it\/wp-content\/uploads\/2018\/07\/2169-2181-Vinyl-Kettlebell-25-09-04-Martina-12-300x300.jpg\" class=\"show-on-hover absolute fill hide-for-small back-image\" alt=\"2169-2181 Kettlebell de vinilo\" aria-hidden=\"true\" srcset=\"https:\/\/www.sideaita.it\/wp-content\/uploads\/2018\/07\/2169-2181-Vinyl-Kettlebell-25-09-04-Martina-12-300x300.jpg 300w, https:\/\/www.sideaita.it\/wp-content\/uploads\/2018\/07\/2169-2181-Vinyl-Kettlebell-25-09-04-Martina-12-400x400.jpg 400w, https:\/\/www.sideaita.it\/wp-content\/uploads\/2018\/07\/2169-2181-Vinyl-Kettlebell-25-09-04-Martina-12-800x800.jpg 800w, https:\/\/www.sideaita.it\/wp-content\/uploads\/2018\/07\/2169-2181-Vinyl-Kettlebell-25-09-04-Martina-12-768x768.jpg 768w, https:\/\/www.sideaita.it\/wp-content\/uploads\/2018\/07\/2169-2181-Vinyl-Kettlebell-25-09-04-Martina-12-12x12.jpg 12w, https:\/\/www.sideaita.it\/wp-content\/uploads\/2018\/07\/2169-2181-Vinyl-Kettlebell-25-09-04-Martina-12-700x700.jpg 700w, https:\/\/www.sideaita.it\/wp-content\/uploads\/2018\/07\/2169-2181-Vinyl-Kettlebell-25-09-04-Martina-12-100x100.jpg 100w, https:\/\/www.sideaita.it\/wp-content\/uploads\/2018\/07\/2169-2181-Vinyl-Kettlebell-25-09-04-Martina-12.jpg 1000w\" sizes=\"auto, (max-width: 300px) 100vw, 300px\" title=\"2169-2181 Kettlebell de vinilo\" \/>\t\t\t\t<\/a>\n\t\t\t<\/div>\n\t\t\t<div class=\"image-tools is-small top right show-on-hover\">\n\t\t\t\t\t\t\t<\/div>\n\t\t\t<div class=\"image-tools is-small hide-for-small bottom left show-on-hover\">\n\t\t\t\t\t\t\t<\/div>\n\t\t\t<div class=\"image-tools grid-tools text-center hide-for-small bottom hover-slide-in show-on-hover\">\n\t\t\t\t<a href=\"#quick-view\" class=\"quick-view\" role=\"button\" data-prod=\"916\" aria-haspopup=\"dialog\" aria-expanded=\"false\" data-flatsome-role-button>Vista R\u00e1pida<\/a>\t\t\t<\/div>\n\t\t\t\t\t<\/div>\n\n\t\t<div class=\"box-text box-text-products\">\n\t\t\t<div class=\"title-wrapper\">\t\t<p class=\"category uppercase is-smaller no-text-overflow product-cat op-8\">\n\t\t\tEntrenamiento funcional\t\t<\/p>\n\t<p class=\"name product-title woocommerce-loop-product__title\"><a href=\"https:\/\/www.sideaita.it\/es\/attrezzatura-fitness\/2169-2181-vinyl-vinile-kettlebell\/\" class=\"woocommerce-LoopProduct-link woocommerce-loop-product__link\">2169-2181 Kettlebell de vinilo<\/a><\/p><\/div><div class=\"price-wrapper\">\n\t<span class=\"price\"><span class=\"ywcrbp_regular_price\"> <span class=\"woocommerce-Price-amount amount\"><bdi>12,20<span class=\"woocommerce-Price-currencySymbol\">&euro;<\/span><\/bdi><\/span> <span aria-hidden=\"true\">-<\/span> <span class=\"woocommerce-Price-amount amount\"><bdi>99,13<span class=\"woocommerce-Price-currencySymbol\">&euro;<\/span><\/bdi><\/span><span class=\"screen-reader-text\" data-no-translation=\"\" data-trp-gettext=\"\">Rango de precios: desde 12,20&euro; hasta 99,13&euro;<\/span><\/span> <small class=\"woocommerce-price-suffix\">tasas e impuestos no incluidos<\/small><\/span>\n<\/div><div class=\"add-to-cart-button\"><a href=\"https:\/\/www.sideaita.it\/es\/attrezzatura-fitness\/2169-2181-vinyl-vinile-kettlebell\/\" aria-describedby=\"woocommerce_loop_add_to_cart_link_describedby_916\" data-quantity=\"1\" class=\"primary is-small mb-0 button product_type_variable add_to_cart_button is-underline\" data-product_id=\"916\" data-product_sku=\"KETTVIN\" aria-label=\"Elige las opciones para \u201c2169-2181 Vinyl Kettlebell\u201d\" rel=\"nofollow\" data-no-translation=\"\" data-trp-gettext=\"\" data-no-translation-aria-label=\"\">Seleccionar opciones<\/a><\/div>\t<span id=\"woocommerce_loop_add_to_cart_link_describedby_916\" class=\"screen-reader-text\">\n\t\tEste producto tiene m\u00faltiples variantes. Las opciones se pueden elegir en la p\u00e1gina de producto\t<\/span>\n\t\t<\/div>\n\t<\/div>\n\t<span class=\"gtm4wp_productdata\" style=\"display:none; visibility:hidden;\" data-gtm4wp_product_data=\"{&quot;internal_id&quot;:916,&quot;item_id&quot;:916,&quot;item_name&quot;:&quot;2169-2181 Vinyl Kettlebell&quot;,&quot;sku&quot;:&quot;KETTVIN&quot;,&quot;price&quot;:12.2,&quot;stocklevel&quot;:null,&quot;stockstatus&quot;:&quot;instock&quot;,&quot;google_business_vertical&quot;:&quot;retail&quot;,&quot;item_category&quot;:&quot;Kettlebell Strong Competition &amp; vinyl&quot;,&quot;id&quot;:916,&quot;item_brand&quot;:&quot;&quot;,&quot;productlink&quot;:&quot;https:\\\/\\\/www.sideaita.it\\\/es\\\/attrezzatura-fitness\\\/2169-2181-vinyl-vinile-kettlebell\\\/&quot;,&quot;item_list_name&quot;:&quot;Lista general de productos&quot;,&quot;index&quot;:5,&quot;product_type&quot;:&quot;variable&quot;}\"><\/span>\t<\/div>\n<\/div><\/div>\n<p>&nbsp;<\/p>\n<p style=\"text-align: center;\"><em>Sidea<\/em><\/p>\n\n  <div class=\"banner has-hover\" id=\"banner-1201975312\">\n          <div class=\"banner-inner fill\">\n        <div class=\"banner-bg fill\" >\n            <img loading=\"lazy\" decoding=\"async\" width=\"1020\" height=\"319\" src=\"https:\/\/www.sideaita.it\/wp-content\/uploads\/2024\/02\/COPERTINA-MAILING-DISCHI-DA-PL-2--1400x438.jpg\" class=\"bg attachment-large size-large\" alt=\"2169-2181 Kettlebell de vinilo\" title=\"2169-2181 Kettlebell de vinilo\" \/>                        <div class=\"overlay\"><\/div>            \n                    <\/div>\n\t\t\n        <div class=\"banner-layers container\">\n            <div class=\"fill banner-link\"><\/div>            \n   <div id=\"text-box-933009079\" class=\"text-box banner-layer x50 md-x50 lg-x50 y50 md-y50 lg-y50 res-text\">\n                                <div class=\"text-box-content text dark\">\n              \n              <div class=\"text-inner text-center\">\n                  \n\t<div id=\"text-1724709735\" class=\"text\">\n\t\t\n<p><strong>BOLET\u00cdN SIDEA<\/strong><\/p>\n<p>Suscr\u00edbase a nuestro bolet\u00edn para recibir noticias, promociones e informaci\u00f3n sobre el mundo de Sidea.<br \/>\n\t\t\n<style>\n#text-1724709735 {\n  font-size: 1.45rem;\n  line-height: 1.25;\n}\n<\/style>\n\t<\/div>\n\t\n<a href=\"#header-newsletter-signup\" class=\"button white is-outline is-large\" style=\"border-radius:26px;\">\n\t\t<span>\u00daNASE A<\/span>\n\t<\/a>\n\n              <\/div>\n           <\/div>\n                            \n<style>\n#text-box-933009079 {\n  width: 60%;\n}\n#text-box-933009079 .text-box-content {\n  font-size: 100%;\n}\n<\/style>\n    <\/div>\n \n        <\/div>\n      <\/div>\n\n            \n<style>\n#banner-1201975312 {\n  padding-top: 300px;\n  background-color: rgb(0, 0, 0);\n}\n#banner-1201975312 .overlay {\n  background-color: rgba(0, 0, 0, 0.669);\n}\n<\/style>\n  <\/div>","protected":false},"excerpt":{"rendered":"<p>Dal 2025, Sidea diventer\u00e0 il distributore ufficiale europeo delle Kettlebell StrongFirst\u00ae.\u00a0Per celebrare l&#8217;inizio di questa collaborazione, parteciperemo come sponsor tecnico al StrongFirst OPEN DAY Workshop un evento imperdibile per entrare in contatto col mondo della preparazione fisica attraverso l\u2019allenamento della forza e lo studio del movimento atletico, che si terr\u00e0 il 2 febbraio a Cesena. [&#8230;]\n","protected":false},"author":3,"featured_media":374882,"comment_status":"closed","ping_status":"open","sticky":false,"template":"","format":"standard","meta":{"footnotes":""},"categories":[277],"tags":[],"class_list":["post-374875","post","type-post","status-publish","format-standard","has-post-thumbnail","hentry","category-functional-training"],"yoast_head":"<!-- This site is optimized with the Yoast SEO Premium plugin v28.1 (Yoast SEO v28.1) - https:\/\/yoast.com\/product\/yoast-seo-premium-wordpress\/ -->\n<title>Intervista ad Andrea Mazzoni - l\u2019intesa con StrongFirst\u00ae va oltre gli aspetti puramente commerciali - Sidea | Attrezzatura Fitness Professionale<\/title>\n<meta name=\"robots\" content=\"index, follow, max-snippet:-1, max-image-preview:large, max-video-preview:-1\" \/>\n<link rel=\"canonical\" href=\"https:\/\/www.sideaita.it\/es\/2024\/12\/23\/entrevista-con-andrea-mazzoni-el-acuerdo-con-strongfirst-va-mas-alla-de-los-aspectos-puramente-comerciales\/\" \/>\n<meta property=\"og:locale\" content=\"es_ES\" \/>\n<meta property=\"og:type\" content=\"article\" \/>\n<meta property=\"og:title\" content=\"Intervista ad Andrea Mazzoni - l\u2019intesa con StrongFirst\u00ae va oltre gli aspetti puramente commerciali\" \/>\n<meta property=\"og:description\" content=\"Dal 2025, Sidea diventer\u00e0 il distributore ufficiale europeo delle Kettlebell StrongFirst\u00ae.\u00a0Per celebrare l&#8217;inizio di questa collaborazione, parteciperemo come sponsor tecnico al StrongFirst OPEN DAY Workshop un evento imperdibile per entrare in contatto col mondo della preparazione fisica attraverso l\u2019allenamento della forza e lo studio del movimento atletico, che si terr\u00e0 il 2 febbraio a Cesena. [...]\" \/>\n<meta property=\"og:url\" content=\"https:\/\/www.sideaita.it\/es\/2024\/12\/23\/entrevista-con-andrea-mazzoni-el-acuerdo-con-strongfirst-va-mas-alla-de-los-aspectos-puramente-comerciales\/\" \/>\n<meta property=\"og:site_name\" content=\"Sidea | Attrezzatura Fitness Professionale\" \/>\n<meta property=\"article:publisher\" content=\"https:\/\/www.facebook.com\/sideaita\/\" \/>\n<meta property=\"article:published_time\" content=\"2024-12-23T11:11:58+00:00\" \/>\n<meta property=\"article:modified_time\" content=\"2025-12-19T09:48:12+00:00\" \/>\n<meta property=\"og:image\" content=\"https:\/\/www.sideaita.it\/wp-content\/uploads\/2024\/12\/andrea-e-fabio-in-showroom-con-sfumatura.jpg\" \/>\n\t<meta property=\"og:image:width\" content=\"1920\" \/>\n\t<meta property=\"og:image:height\" content=\"1080\" \/>\n\t<meta property=\"og:image:type\" content=\"image\/jpeg\" \/>\n<meta name=\"author\" content=\"Sidea\" \/>\n<meta name=\"twitter:card\" content=\"summary_large_image\" \/>\n<meta name=\"twitter:label1\" content=\"Escrito por\" \/>\n\t<meta name=\"twitter:data1\" content=\"Sidea\" \/>\n\t<meta name=\"twitter:label2\" content=\"Tiempo de lectura\" \/>\n\t<meta name=\"twitter:data2\" content=\"5 minutos\" \/>\n<script type=\"application\/ld+json\" class=\"yoast-schema-graph\">{\"@context\":\"https:\\\/\\\/schema.org\",\"@graph\":[{\"@type\":\"Article\",\"@id\":\"https:\\\/\\\/www.sideaita.it\\\/2024\\\/12\\\/23\\\/intervista-ad-andrea-mazzoni-lintesa-con-strongfirst-va-oltre-gli-aspetti-puramente-commerciali\\\/#article\",\"isPartOf\":{\"@id\":\"https:\\\/\\\/www.sideaita.it\\\/2024\\\/12\\\/23\\\/intervista-ad-andrea-mazzoni-lintesa-con-strongfirst-va-oltre-gli-aspetti-puramente-commerciali\\\/\"},\"author\":{\"name\":\"Sidea\",\"@id\":\"https:\\\/\\\/www.sideaita.it\\\/#\\\/schema\\\/person\\\/dffac77f9ef1c6ee0bee663f15d9de31\"},\"headline\":\"Intervista ad Andrea Mazzoni &#8211; l\u2019intesa con StrongFirst\u00ae va oltre gli aspetti puramente commerciali\",\"datePublished\":\"2024-12-23T11:11:58+00:00\",\"dateModified\":\"2025-12-19T09:48:12+00:00\",\"mainEntityOfPage\":{\"@id\":\"https:\\\/\\\/www.sideaita.it\\\/2024\\\/12\\\/23\\\/intervista-ad-andrea-mazzoni-lintesa-con-strongfirst-va-oltre-gli-aspetti-puramente-commerciali\\\/\"},\"wordCount\":888,\"publisher\":{\"@id\":\"https:\\\/\\\/www.sideaita.it\\\/#organization\"},\"image\":{\"@id\":\"https:\\\/\\\/www.sideaita.it\\\/2024\\\/12\\\/23\\\/intervista-ad-andrea-mazzoni-lintesa-con-strongfirst-va-oltre-gli-aspetti-puramente-commerciali\\\/#primaryimage\"},\"thumbnailUrl\":\"https:\\\/\\\/www.sideaita.it\\\/wp-content\\\/uploads\\\/2024\\\/12\\\/andrea-e-fabio-in-showroom-con-sfumatura.jpg\",\"articleSection\":[\"News Functional Training\"],\"inLanguage\":\"es\"},{\"@type\":\"WebPage\",\"@id\":\"https:\\\/\\\/www.sideaita.it\\\/2024\\\/12\\\/23\\\/intervista-ad-andrea-mazzoni-lintesa-con-strongfirst-va-oltre-gli-aspetti-puramente-commerciali\\\/\",\"url\":\"https:\\\/\\\/www.sideaita.it\\\/2024\\\/12\\\/23\\\/intervista-ad-andrea-mazzoni-lintesa-con-strongfirst-va-oltre-gli-aspetti-puramente-commerciali\\\/\",\"name\":\"Intervista ad Andrea Mazzoni - l\u2019intesa con StrongFirst\u00ae va oltre gli aspetti puramente commerciali - Sidea | Attrezzatura Fitness Professionale\",\"isPartOf\":{\"@id\":\"https:\\\/\\\/www.sideaita.it\\\/#website\"},\"primaryImageOfPage\":{\"@id\":\"https:\\\/\\\/www.sideaita.it\\\/2024\\\/12\\\/23\\\/intervista-ad-andrea-mazzoni-lintesa-con-strongfirst-va-oltre-gli-aspetti-puramente-commerciali\\\/#primaryimage\"},\"image\":{\"@id\":\"https:\\\/\\\/www.sideaita.it\\\/2024\\\/12\\\/23\\\/intervista-ad-andrea-mazzoni-lintesa-con-strongfirst-va-oltre-gli-aspetti-puramente-commerciali\\\/#primaryimage\"},\"thumbnailUrl\":\"https:\\\/\\\/www.sideaita.it\\\/wp-content\\\/uploads\\\/2024\\\/12\\\/andrea-e-fabio-in-showroom-con-sfumatura.jpg\",\"datePublished\":\"2024-12-23T11:11:58+00:00\",\"dateModified\":\"2025-12-19T09:48:12+00:00\",\"breadcrumb\":{\"@id\":\"https:\\\/\\\/www.sideaita.it\\\/2024\\\/12\\\/23\\\/intervista-ad-andrea-mazzoni-lintesa-con-strongfirst-va-oltre-gli-aspetti-puramente-commerciali\\\/#breadcrumb\"},\"inLanguage\":\"es\",\"potentialAction\":[{\"@type\":\"ReadAction\",\"target\":[\"https:\\\/\\\/www.sideaita.it\\\/2024\\\/12\\\/23\\\/intervista-ad-andrea-mazzoni-lintesa-con-strongfirst-va-oltre-gli-aspetti-puramente-commerciali\\\/\"]}]},{\"@type\":\"ImageObject\",\"inLanguage\":\"es\",\"@id\":\"https:\\\/\\\/www.sideaita.it\\\/2024\\\/12\\\/23\\\/intervista-ad-andrea-mazzoni-lintesa-con-strongfirst-va-oltre-gli-aspetti-puramente-commerciali\\\/#primaryimage\",\"url\":\"https:\\\/\\\/www.sideaita.it\\\/wp-content\\\/uploads\\\/2024\\\/12\\\/andrea-e-fabio-in-showroom-con-sfumatura.jpg\",\"contentUrl\":\"https:\\\/\\\/www.sideaita.it\\\/wp-content\\\/uploads\\\/2024\\\/12\\\/andrea-e-fabio-in-showroom-con-sfumatura.jpg\",\"width\":1920,\"height\":1080,\"caption\":\"andrea e fabio in showroom con sfumatura\"},{\"@type\":\"BreadcrumbList\",\"@id\":\"https:\\\/\\\/www.sideaita.it\\\/2024\\\/12\\\/23\\\/intervista-ad-andrea-mazzoni-lintesa-con-strongfirst-va-oltre-gli-aspetti-puramente-commerciali\\\/#breadcrumb\",\"itemListElement\":[{\"@type\":\"ListItem\",\"position\":1,\"name\":\"Home\",\"item\":\"https:\\\/\\\/www.sideaita.it\\\/\"},{\"@type\":\"ListItem\",\"position\":2,\"name\":\"Intervista ad Andrea Mazzoni &#8211; l\u2019intesa con StrongFirst\u00ae va oltre gli aspetti puramente commerciali\"}]},{\"@type\":\"WebSite\",\"@id\":\"https:\\\/\\\/www.sideaita.it\\\/#website\",\"url\":\"https:\\\/\\\/www.sideaita.it\\\/\",\"name\":\"Sidea | Attrezzatura Fitness Professionale\",\"description\":\"SIDEA \u2013 Allenati, diventa pi\u00f9 forte, vivi meglio | Attrezzatura professionale per la preparazione fisica ed il functional training. Nata dalla passione per lo sport, sviluppata per le palestre.\",\"publisher\":{\"@id\":\"https:\\\/\\\/www.sideaita.it\\\/#organization\"},\"potentialAction\":[{\"@type\":\"SearchAction\",\"target\":{\"@type\":\"EntryPoint\",\"urlTemplate\":\"https:\\\/\\\/www.sideaita.it\\\/?s={search_term_string}\"},\"query-input\":{\"@type\":\"PropertyValueSpecification\",\"valueRequired\":true,\"valueName\":\"search_term_string\"}}],\"inLanguage\":\"es\"},{\"@type\":\"Organization\",\"@id\":\"https:\\\/\\\/www.sideaita.it\\\/#organization\",\"name\":\"Sidea Srl\",\"alternateName\":\"Sidea\",\"url\":\"https:\\\/\\\/www.sideaita.it\\\/\",\"logo\":{\"@type\":\"ImageObject\",\"inLanguage\":\"es\",\"@id\":\"https:\\\/\\\/www.sideaita.it\\\/#\\\/schema\\\/logo\\\/image\\\/\",\"url\":\"https:\\\/\\\/www.sideaita.it\\\/wp-content\\\/uploads\\\/2023\\\/06\\\/cropped-logo-solo-s-1440x1440-1.jpg\",\"contentUrl\":\"https:\\\/\\\/www.sideaita.it\\\/wp-content\\\/uploads\\\/2023\\\/06\\\/cropped-logo-solo-s-1440x1440-1.jpg\",\"width\":512,\"height\":512,\"caption\":\"Sidea Srl\"},\"image\":{\"@id\":\"https:\\\/\\\/www.sideaita.it\\\/#\\\/schema\\\/logo\\\/image\\\/\"},\"sameAs\":[\"https:\\\/\\\/www.facebook.com\\\/sideaita\\\/\",\"https:\\\/\\\/www.instagram.com\\\/sidea_fitness\\\/\",\"https:\\\/\\\/www.linkedin.com\\\/company\\\/sideafitness\\\/\",\"https:\\\/\\\/www.pinterest.it\\\/sideafitness\\\/\",\"https:\\\/\\\/www.youtube.com\\\/user\\\/FitnessIT\\\/\",\"https:\\\/\\\/www.tiktok.com\\\/@sidea_fitness\"],\"description\":\"SIDEA \u2013 Allenati, diventa pi\u00f9 forte, vivi meglio | Attrezzatura professionale per la preparazione fisica ed il functional training. Nata dalla passione per lo sport, sviluppata per le palestre.\",\"email\":\"sidea@sideaita.it\",\"legalName\":\"Sidea Srl\",\"vatID\":\"IT02693190403\",\"taxID\":\"IT02693190403\",\"hasMerchantReturnPolicy\":{\"@type\":\"MerchantReturnPolicy\",\"merchantReturnLink\":\"https:\\\/\\\/www.sideaita.it\\\/es\\\/termini-condizioni-di-vendita\\\/\"}},{\"@type\":\"Person\",\"@id\":\"https:\\\/\\\/www.sideaita.it\\\/#\\\/schema\\\/person\\\/dffac77f9ef1c6ee0bee663f15d9de31\",\"name\":\"Sidea\",\"image\":{\"@type\":\"ImageObject\",\"inLanguage\":\"es\",\"@id\":\"https:\\\/\\\/secure.gravatar.com\\\/avatar\\\/1f053fd372d4715dae69f2348830136846525c9c803cd9d3899b193518df4fe1?s=96&d=mm&r=g\",\"url\":\"https:\\\/\\\/secure.gravatar.com\\\/avatar\\\/1f053fd372d4715dae69f2348830136846525c9c803cd9d3899b193518df4fe1?s=96&d=mm&r=g\",\"contentUrl\":\"https:\\\/\\\/secure.gravatar.com\\\/avatar\\\/1f053fd372d4715dae69f2348830136846525c9c803cd9d3899b193518df4fe1?s=96&d=mm&r=g\",\"caption\":\"Sidea\"},\"sameAs\":[\"riccardo\"],\"url\":\"https:\\\/\\\/www.sideaita.it\\\/es\\\/author\\\/gioele\\\/\"}]}<\/script>\n<meta property=\"og:availability\" content=\"instock\" \/>\n<meta property=\"product:availability\" content=\"instock\" \/>\n<meta property=\"product:retailer_item_id\" content=\"KETTVIN\" \/>\n<meta property=\"product:condition\" content=\"new\" \/>\n<!-- \/ Yoast SEO Premium plugin. -->","yoast_head_json":{"title":"Entrevista con Andrea Mazzoni - el acuerdo con StrongFirst\u00ae va m\u00e1s all\u00e1 de los aspectos puramente comerciales - Sidea | Professional Fitness Equipment","robots":{"index":"index","follow":"follow","max-snippet":"max-snippet:-1","max-image-preview":"max-image-preview:large","max-video-preview":"max-video-preview:-1"},"canonical":"https:\/\/www.sideaita.it\/es\/2024\/12\/23\/entrevista-con-andrea-mazzoni-el-acuerdo-con-strongfirst-va-mas-alla-de-los-aspectos-puramente-comerciales\/","og_locale":"es_ES","og_type":"article","og_title":"Intervista ad Andrea Mazzoni - l\u2019intesa con StrongFirst\u00ae va oltre gli aspetti puramente commerciali","og_description":"Dal 2025, Sidea diventer\u00e0 il distributore ufficiale europeo delle Kettlebell StrongFirst\u00ae.\u00a0Per celebrare l&#8217;inizio di questa collaborazione, parteciperemo come sponsor tecnico al StrongFirst OPEN DAY Workshop un evento imperdibile per entrare in contatto col mondo della preparazione fisica attraverso l\u2019allenamento della forza e lo studio del movimento atletico, che si terr\u00e0 il 2 febbraio a Cesena. [...]","og_url":"https:\/\/www.sideaita.it\/es\/2024\/12\/23\/entrevista-con-andrea-mazzoni-el-acuerdo-con-strongfirst-va-mas-alla-de-los-aspectos-puramente-comerciales\/","og_site_name":"Sidea | Attrezzatura Fitness Professionale","article_publisher":"https:\/\/www.facebook.com\/sideaita\/","article_published_time":"2024-12-23T11:11:58+00:00","article_modified_time":"2025-12-19T09:48:12+00:00","og_image":[{"width":1920,"height":1080,"url":"https:\/\/www.sideaita.it\/wp-content\/uploads\/2024\/12\/andrea-e-fabio-in-showroom-con-sfumatura.jpg","type":"image\/jpeg"}],"author":"Sidea","twitter_card":"summary_large_image","twitter_misc":{"Escrito por":"Sidea","Tiempo de lectura":"5 minutos"},"schema":{"@context":"https:\/\/schema.org","@graph":[{"@type":"Article","@id":"https:\/\/www.sideaita.it\/2024\/12\/23\/intervista-ad-andrea-mazzoni-lintesa-con-strongfirst-va-oltre-gli-aspetti-puramente-commerciali\/#article","isPartOf":{"@id":"https:\/\/www.sideaita.it\/2024\/12\/23\/intervista-ad-andrea-mazzoni-lintesa-con-strongfirst-va-oltre-gli-aspetti-puramente-commerciali\/"},"author":{"name":"Sidea","@id":"https:\/\/www.sideaita.it\/#\/schema\/person\/dffac77f9ef1c6ee0bee663f15d9de31"},"headline":"Intervista ad Andrea Mazzoni &#8211; l\u2019intesa con StrongFirst\u00ae va oltre gli aspetti puramente commerciali","datePublished":"2024-12-23T11:11:58+00:00","dateModified":"2025-12-19T09:48:12+00:00","mainEntityOfPage":{"@id":"https:\/\/www.sideaita.it\/2024\/12\/23\/intervista-ad-andrea-mazzoni-lintesa-con-strongfirst-va-oltre-gli-aspetti-puramente-commerciali\/"},"wordCount":888,"publisher":{"@id":"https:\/\/www.sideaita.it\/#organization"},"image":{"@id":"https:\/\/www.sideaita.it\/2024\/12\/23\/intervista-ad-andrea-mazzoni-lintesa-con-strongfirst-va-oltre-gli-aspetti-puramente-commerciali\/#primaryimage"},"thumbnailUrl":"https:\/\/www.sideaita.it\/wp-content\/uploads\/2024\/12\/andrea-e-fabio-in-showroom-con-sfumatura.jpg","articleSection":["News Functional Training"],"inLanguage":"es"},{"@type":"WebPage","@id":"https:\/\/www.sideaita.it\/2024\/12\/23\/intervista-ad-andrea-mazzoni-lintesa-con-strongfirst-va-oltre-gli-aspetti-puramente-commerciali\/","url":"https:\/\/www.sideaita.it\/2024\/12\/23\/intervista-ad-andrea-mazzoni-lintesa-con-strongfirst-va-oltre-gli-aspetti-puramente-commerciali\/","name":"Entrevista con Andrea Mazzoni - el acuerdo con StrongFirst\u00ae va m\u00e1s all\u00e1 de los aspectos puramente comerciales - Sidea | Professional Fitness Equipment","isPartOf":{"@id":"https:\/\/www.sideaita.it\/#website"},"primaryImageOfPage":{"@id":"https:\/\/www.sideaita.it\/2024\/12\/23\/intervista-ad-andrea-mazzoni-lintesa-con-strongfirst-va-oltre-gli-aspetti-puramente-commerciali\/#primaryimage"},"image":{"@id":"https:\/\/www.sideaita.it\/2024\/12\/23\/intervista-ad-andrea-mazzoni-lintesa-con-strongfirst-va-oltre-gli-aspetti-puramente-commerciali\/#primaryimage"},"thumbnailUrl":"https:\/\/www.sideaita.it\/wp-content\/uploads\/2024\/12\/andrea-e-fabio-in-showroom-con-sfumatura.jpg","datePublished":"2024-12-23T11:11:58+00:00","dateModified":"2025-12-19T09:48:12+00:00","breadcrumb":{"@id":"https:\/\/www.sideaita.it\/2024\/12\/23\/intervista-ad-andrea-mazzoni-lintesa-con-strongfirst-va-oltre-gli-aspetti-puramente-commerciali\/#breadcrumb"},"inLanguage":"es","potentialAction":[{"@type":"ReadAction","target":["https:\/\/www.sideaita.it\/2024\/12\/23\/intervista-ad-andrea-mazzoni-lintesa-con-strongfirst-va-oltre-gli-aspetti-puramente-commerciali\/"]}]},{"@type":"ImageObject","inLanguage":"es","@id":"https:\/\/www.sideaita.it\/2024\/12\/23\/intervista-ad-andrea-mazzoni-lintesa-con-strongfirst-va-oltre-gli-aspetti-puramente-commerciali\/#primaryimage","url":"https:\/\/www.sideaita.it\/wp-content\/uploads\/2024\/12\/andrea-e-fabio-in-showroom-con-sfumatura.jpg","contentUrl":"https:\/\/www.sideaita.it\/wp-content\/uploads\/2024\/12\/andrea-e-fabio-in-showroom-con-sfumatura.jpg","width":1920,"height":1080,"caption":"andrea e fabio in showroom con sfumatura"},{"@type":"BreadcrumbList","@id":"https:\/\/www.sideaita.it\/2024\/12\/23\/intervista-ad-andrea-mazzoni-lintesa-con-strongfirst-va-oltre-gli-aspetti-puramente-commerciali\/#breadcrumb","itemListElement":[{"@type":"ListItem","position":1,"name":"Home","item":"https:\/\/www.sideaita.it\/"},{"@type":"ListItem","position":2,"name":"Intervista ad Andrea Mazzoni &#8211; l\u2019intesa con StrongFirst\u00ae va oltre gli aspetti puramente commerciali"}]},{"@type":"WebSite","@id":"https:\/\/www.sideaita.it\/#website","url":"https:\/\/www.sideaita.it\/","name":"Sidea | Equipos de fitness profesionales","description":"SIDEA - Entrenar, fortalecerse, vivir mejor | Equipamiento profesional para la preparaci\u00f3n f\u00edsica y el entrenamiento funcional. Nacido de la pasi\u00f3n por el deporte, desarrollado para gimnasios.","publisher":{"@id":"https:\/\/www.sideaita.it\/#organization"},"potentialAction":[{"@type":"SearchAction","target":{"@type":"EntryPoint","urlTemplate":"https:\/\/www.sideaita.it\/?s={search_term_string}"},"query-input":{"@type":"PropertyValueSpecification","valueRequired":true,"valueName":"search_term_string"}}],"inLanguage":"es"},{"@type":"Organization","@id":"https:\/\/www.sideaita.it\/#organization","name":"Sidea Srl","alternateName":"Sidea","url":"https:\/\/www.sideaita.it\/","logo":{"@type":"ImageObject","inLanguage":"es","@id":"https:\/\/www.sideaita.it\/#\/schema\/logo\/image\/","url":"https:\/\/www.sideaita.it\/wp-content\/uploads\/2023\/06\/cropped-logo-solo-s-1440x1440-1.jpg","contentUrl":"https:\/\/www.sideaita.it\/wp-content\/uploads\/2023\/06\/cropped-logo-solo-s-1440x1440-1.jpg","width":512,"height":512,"caption":"Sidea Srl"},"image":{"@id":"https:\/\/www.sideaita.it\/#\/schema\/logo\/image\/"},"sameAs":["https:\/\/www.facebook.com\/sideaita\/","https:\/\/www.instagram.com\/sidea_fitness\/","https:\/\/www.linkedin.com\/company\/sideafitness\/","https:\/\/www.pinterest.it\/sideafitness\/","https:\/\/www.youtube.com\/user\/FitnessIT\/","https:\/\/www.tiktok.com\/@sidea_fitness"],"description":"SIDEA - Entrenar, fortalecerse, vivir mejor | Equipamiento profesional para la preparaci\u00f3n f\u00edsica y el entrenamiento funcional. Nacido de la pasi\u00f3n por el deporte, desarrollado para gimnasios.","email":"sidea@sideaita.it","legalName":"Sidea Srl","vatID":"IT02693190403","taxID":"IT02693190403","hasMerchantReturnPolicy":{"@type":"MerchantReturnPolicy","merchantReturnLink":"https:\/\/www.sideaita.it\/es\/termini-condizioni-di-vendita\/"}},{"@type":"Person","@id":"https:\/\/www.sideaita.it\/#\/schema\/person\/dffac77f9ef1c6ee0bee663f15d9de31","name":"Sidea","image":{"@type":"ImageObject","inLanguage":"es","@id":"https:\/\/secure.gravatar.com\/avatar\/1f053fd372d4715dae69f2348830136846525c9c803cd9d3899b193518df4fe1?s=96&d=mm&r=g","url":"https:\/\/secure.gravatar.com\/avatar\/1f053fd372d4715dae69f2348830136846525c9c803cd9d3899b193518df4fe1?s=96&d=mm&r=g","contentUrl":"https:\/\/secure.gravatar.com\/avatar\/1f053fd372d4715dae69f2348830136846525c9c803cd9d3899b193518df4fe1?s=96&d=mm&r=g","caption":"Sidea"},"sameAs":["riccardo"],"url":"https:\/\/www.sideaita.it\/es\/author\/gioele\/"}]},"og_availability":"instock","product_availability":"instock","product_retailer_item_id":"KETTVIN","product_condition":"new"},"_links":{"self":[{"href":"https:\/\/www.sideaita.it\/es\/wp-json\/wp\/v2\/posts\/374875","targetHints":{"allow":["GET"]}}],"collection":[{"href":"https:\/\/www.sideaita.it\/es\/wp-json\/wp\/v2\/posts"}],"about":[{"href":"https:\/\/www.sideaita.it\/es\/wp-json\/wp\/v2\/types\/post"}],"author":[{"embeddable":true,"href":"https:\/\/www.sideaita.it\/es\/wp-json\/wp\/v2\/users\/3"}],"replies":[{"embeddable":true,"href":"https:\/\/www.sideaita.it\/es\/wp-json\/wp\/v2\/comments?post=374875"}],"version-history":[{"count":15,"href":"https:\/\/www.sideaita.it\/es\/wp-json\/wp\/v2\/posts\/374875\/revisions"}],"predecessor-version":[{"id":480838,"href":"https:\/\/www.sideaita.it\/es\/wp-json\/wp\/v2\/posts\/374875\/revisions\/480838"}],"wp:featuredmedia":[{"embeddable":true,"href":"https:\/\/www.sideaita.it\/es\/wp-json\/wp\/v2\/media\/374882"}],"wp:attachment":[{"href":"https:\/\/www.sideaita.it\/es\/wp-json\/wp\/v2\/media?parent=374875"}],"wp:term":[{"taxonomy":"category","embeddable":true,"href":"https:\/\/www.sideaita.it\/es\/wp-json\/wp\/v2\/categories?post=374875"},{"taxonomy":"post_tag","embeddable":true,"href":"https:\/\/www.sideaita.it\/es\/wp-json\/wp\/v2\/tags?post=374875"}],"curies":[{"name":"wp","href":"https:\/\/api.w.org\/{rel}","templated":true}]}}