{"id":59025,"date":"2019-12-06T09:14:10","date_gmt":"2019-12-06T08:14:10","guid":{"rendered":"https:\/\/www.sideaita.it\/?p=59025"},"modified":"2024-06-11T12:54:01","modified_gmt":"2024-06-11T10:54:01","slug":"atalanta-preparacion-del-sector-de-la-juventud","status":"publish","type":"post","link":"https:\/\/www.sideaita.it\/es\/2019\/12\/06\/settore-giovanile-atalanta-preparazione\/","title":{"rendered":"El Atalanta y el arte del f\u00fatbol juvenil: c\u00f3mo se prepara la mejor cantera de Italia"},"content":{"rendered":"<div align=\"justify\">\n<h5 style=\"text-align: right;\"><\/h5>\n<div align=\"justify\">\n<p>Cada a\u00f1o, resultados importantes a todos los niveles y decenas de j\u00f3venes que abastecen a las selecciones nacionales: si se trata del primer equipo de la<strong>Atalanta<\/strong>que este a\u00f1o juega la Liga de Campeones por primera vez en su historia y sigue obteniendo resultados incre\u00edbles en la Serie A, <strong>el verdadero buque insignia de la <a href=\"https:\/\/www.atalanta.it\/\">sociedad de B\u00e9rgamo<\/a> es y sigue siendo su propio Sector de Juventud<\/strong>que, gracias a continuas inversiones y a una organizaci\u00f3n al nivel de los mejores clubes de Europa, se est\u00e1 ganando cada vez m\u00e1s la reputaci\u00f3n de <strong>mejor guarder\u00eda de Italia<\/strong>. Dentro del <strong>Polideportivo \"Bortolotti\" de Zingonia<\/strong>De hecho, los j\u00f3venes nerazzurri cuentan con una infraestructura y un equipamiento del que pocos pueden presumir, y los resultados llegan con una regularidad que atestigua el excelente trabajo realizado.<\/p>\n<\/div>\n<\/div>\n\n  \n    <div id=\"gallery-1551430956\" class=\"lightbox-multi-gallery hide-for-small slider slider-auto-height row-collapse slider-nav-circle\" data-flickity-options='{&quot;imagesLoaded&quot;: true, &quot;dragThreshold&quot; : 5, &quot;cellAlign&quot;: &quot;left&quot;,&quot;wrapAround&quot;: true,&quot;prevNextButtons&quot;: true,&quot;percentPosition&quot;: true,&quot;pageDots&quot;: true, &quot;rightToLeft&quot;: false, &quot;autoPlay&quot; : 7000}'>\n\n  <div class=\"gallery-col col\" >\n          <div class=\"col-inner\">\n                        <div class=\"box has-hover gallery-box box-none\">\n              <div class=\"box-image\" >\n                <img loading=\"lazy\" decoding=\"async\" width=\"750\" height=\"500\" src=\"https:\/\/www.sideaita.it\/wp-content\/uploads\/2019\/12\/settore-giovanile-atalanta-palestra-9.jpg\" class=\"attachment-original size-original\" alt=\"sector juvenil-atalanta-gym\" ids=\"59063,59056,59057,59055,59059,59060,59064,59061,59058,59062\" style=\"none\" lightbox=\"false\" type=\"slider-full\" slider_nav_style=\"circle\" slider_bullets=\"true\" auto_slide=\"7000\" image_size=\"original\" visibility=\"hide-for-small\" srcset=\"https:\/\/www.sideaita.it\/wp-content\/uploads\/2019\/12\/settore-giovanile-atalanta-palestra-9.jpg 750w, https:\/\/www.sideaita.it\/wp-content\/uploads\/2019\/12\/settore-giovanile-atalanta-palestra-9-600x400.jpg 600w, https:\/\/www.sideaita.it\/wp-content\/uploads\/2019\/12\/settore-giovanile-atalanta-palestra-9-700x467.jpg 700w\" sizes=\"auto, (max-width: 750px) 100vw, 750px\" \/>                                                              <\/div>\n              <div class=\"box-text text-left\" >\n                 <p><\/p>\n              <\/div>\n            <\/div>\n                      <\/div>\n         <\/div><div class=\"gallery-col col\" >\n          <div class=\"col-inner\">\n                        <div class=\"box has-hover gallery-box box-none\">\n              <div class=\"box-image\" >\n                <img loading=\"lazy\" decoding=\"async\" width=\"750\" height=\"500\" src=\"https:\/\/www.sideaita.it\/wp-content\/uploads\/2019\/12\/settore-giovanile-atalanta-palestra-2.jpg\" class=\"attachment-original size-original\" alt=\"Sector juvenil gimnasio atalanta\" ids=\"59063,59056,59057,59055,59059,59060,59064,59061,59058,59062\" style=\"none\" lightbox=\"false\" type=\"slider-full\" slider_nav_style=\"circle\" slider_bullets=\"true\" auto_slide=\"7000\" image_size=\"original\" visibility=\"hide-for-small\" srcset=\"https:\/\/www.sideaita.it\/wp-content\/uploads\/2019\/12\/settore-giovanile-atalanta-palestra-2.jpg 750w, https:\/\/www.sideaita.it\/wp-content\/uploads\/2019\/12\/settore-giovanile-atalanta-palestra-2-600x400.jpg 600w, https:\/\/www.sideaita.it\/wp-content\/uploads\/2019\/12\/settore-giovanile-atalanta-palestra-2-700x467.jpg 700w\" sizes=\"auto, (max-width: 750px) 100vw, 750px\" \/>                                                              <\/div>\n              <div class=\"box-text text-left\" >\n                 <p><\/p>\n              <\/div>\n            <\/div>\n                      <\/div>\n         <\/div><div class=\"gallery-col col\" >\n          <div class=\"col-inner\">\n                        <div class=\"box has-hover gallery-box box-none\">\n              <div class=\"box-image\" >\n                <img loading=\"lazy\" decoding=\"async\" width=\"750\" height=\"500\" src=\"https:\/\/www.sideaita.it\/wp-content\/uploads\/2019\/12\/settore-giovanile-atalanta-palestra-3.jpg\" class=\"attachment-original size-original\" alt=\"Sector juvenil gimnasio atalanta\" ids=\"59063,59056,59057,59055,59059,59060,59064,59061,59058,59062\" style=\"none\" lightbox=\"false\" type=\"slider-full\" slider_nav_style=\"circle\" slider_bullets=\"true\" auto_slide=\"7000\" image_size=\"original\" visibility=\"hide-for-small\" srcset=\"https:\/\/www.sideaita.it\/wp-content\/uploads\/2019\/12\/settore-giovanile-atalanta-palestra-3.jpg 750w, https:\/\/www.sideaita.it\/wp-content\/uploads\/2019\/12\/settore-giovanile-atalanta-palestra-3-600x400.jpg 600w, https:\/\/www.sideaita.it\/wp-content\/uploads\/2019\/12\/settore-giovanile-atalanta-palestra-3-700x467.jpg 700w\" sizes=\"auto, (max-width: 750px) 100vw, 750px\" \/>                                                              <\/div>\n              <div class=\"box-text text-left\" >\n                 <p><\/p>\n              <\/div>\n            <\/div>\n                      <\/div>\n         <\/div><div class=\"gallery-col col\" >\n          <div class=\"col-inner\">\n                        <div class=\"box has-hover gallery-box box-none\">\n              <div class=\"box-image\" >\n                <img loading=\"lazy\" decoding=\"async\" width=\"750\" height=\"500\" src=\"https:\/\/www.sideaita.it\/wp-content\/uploads\/2019\/12\/settore-giovanile-atalanta-palestra-1.jpg\" class=\"attachment-original size-original\" alt=\"sector juvenil-atalanta-gym\" ids=\"59063,59056,59057,59055,59059,59060,59064,59061,59058,59062\" style=\"none\" lightbox=\"false\" type=\"slider-full\" slider_nav_style=\"circle\" slider_bullets=\"true\" auto_slide=\"7000\" image_size=\"original\" visibility=\"hide-for-small\" srcset=\"https:\/\/www.sideaita.it\/wp-content\/uploads\/2019\/12\/settore-giovanile-atalanta-palestra-1.jpg 750w, https:\/\/www.sideaita.it\/wp-content\/uploads\/2019\/12\/settore-giovanile-atalanta-palestra-1-600x400.jpg 600w, https:\/\/www.sideaita.it\/wp-content\/uploads\/2019\/12\/settore-giovanile-atalanta-palestra-1-700x467.jpg 700w\" sizes=\"auto, (max-width: 750px) 100vw, 750px\" \/>                                                              <\/div>\n              <div class=\"box-text text-left\" >\n                 <p><\/p>\n              <\/div>\n            <\/div>\n                      <\/div>\n         <\/div><div class=\"gallery-col col\" >\n          <div class=\"col-inner\">\n                        <div class=\"box has-hover gallery-box box-none\">\n              <div class=\"box-image\" >\n                <img loading=\"lazy\" decoding=\"async\" width=\"750\" height=\"500\" src=\"https:\/\/www.sideaita.it\/wp-content\/uploads\/2019\/12\/settore-giovanile-atalanta-palestra-5.jpg\" class=\"attachment-original size-original\" alt=\"Sector juvenil gimnasio atalanta\" ids=\"59063,59056,59057,59055,59059,59060,59064,59061,59058,59062\" style=\"none\" lightbox=\"false\" type=\"slider-full\" slider_nav_style=\"circle\" slider_bullets=\"true\" auto_slide=\"7000\" image_size=\"original\" visibility=\"hide-for-small\" srcset=\"https:\/\/www.sideaita.it\/wp-content\/uploads\/2019\/12\/settore-giovanile-atalanta-palestra-5.jpg 750w, https:\/\/www.sideaita.it\/wp-content\/uploads\/2019\/12\/settore-giovanile-atalanta-palestra-5-600x400.jpg 600w, https:\/\/www.sideaita.it\/wp-content\/uploads\/2019\/12\/settore-giovanile-atalanta-palestra-5-700x467.jpg 700w\" sizes=\"auto, (max-width: 750px) 100vw, 750px\" \/>                                                              <\/div>\n              <div class=\"box-text text-left\" >\n                 <p><\/p>\n              <\/div>\n            <\/div>\n                      <\/div>\n         <\/div><div class=\"gallery-col col\" >\n          <div class=\"col-inner\">\n                        <div class=\"box has-hover gallery-box box-none\">\n              <div class=\"box-image\" >\n                <img loading=\"lazy\" decoding=\"async\" width=\"750\" height=\"500\" src=\"https:\/\/www.sideaita.it\/wp-content\/uploads\/2019\/12\/settore-giovanile-atalanta-palestra-6.jpg\" class=\"attachment-original size-original\" alt=\"Sector juvenil gimnasio atalanta\" ids=\"59063,59056,59057,59055,59059,59060,59064,59061,59058,59062\" style=\"none\" lightbox=\"false\" type=\"slider-full\" slider_nav_style=\"circle\" slider_bullets=\"true\" auto_slide=\"7000\" image_size=\"original\" visibility=\"hide-for-small\" srcset=\"https:\/\/www.sideaita.it\/wp-content\/uploads\/2019\/12\/settore-giovanile-atalanta-palestra-6.jpg 750w, https:\/\/www.sideaita.it\/wp-content\/uploads\/2019\/12\/settore-giovanile-atalanta-palestra-6-600x400.jpg 600w, https:\/\/www.sideaita.it\/wp-content\/uploads\/2019\/12\/settore-giovanile-atalanta-palestra-6-700x467.jpg 700w\" sizes=\"auto, (max-width: 750px) 100vw, 750px\" \/>                                                              <\/div>\n              <div class=\"box-text text-left\" >\n                 <p><\/p>\n              <\/div>\n            <\/div>\n                      <\/div>\n         <\/div><div class=\"gallery-col col\" >\n          <div class=\"col-inner\">\n                        <div class=\"box has-hover gallery-box box-none\">\n              <div class=\"box-image\" >\n                <img loading=\"lazy\" decoding=\"async\" width=\"750\" height=\"500\" src=\"https:\/\/www.sideaita.it\/wp-content\/uploads\/2019\/12\/settore-giovanile-atalanta-palestra-10.jpg\" class=\"attachment-original size-original\" alt=\"sector juvenil-atalanta-gym\" ids=\"59063,59056,59057,59055,59059,59060,59064,59061,59058,59062\" style=\"none\" lightbox=\"false\" type=\"slider-full\" slider_nav_style=\"circle\" slider_bullets=\"true\" auto_slide=\"7000\" image_size=\"original\" visibility=\"hide-for-small\" srcset=\"https:\/\/www.sideaita.it\/wp-content\/uploads\/2019\/12\/settore-giovanile-atalanta-palestra-10.jpg 750w, https:\/\/www.sideaita.it\/wp-content\/uploads\/2019\/12\/settore-giovanile-atalanta-palestra-10-600x400.jpg 600w, https:\/\/www.sideaita.it\/wp-content\/uploads\/2019\/12\/settore-giovanile-atalanta-palestra-10-700x467.jpg 700w\" sizes=\"auto, (max-width: 750px) 100vw, 750px\" \/>                                                              <\/div>\n              <div class=\"box-text text-left\" >\n                 <p><\/p>\n              <\/div>\n            <\/div>\n                      <\/div>\n         <\/div><div class=\"gallery-col col\" >\n          <div class=\"col-inner\">\n                        <div class=\"box has-hover gallery-box box-none\">\n              <div class=\"box-image\" >\n                <img loading=\"lazy\" decoding=\"async\" width=\"750\" height=\"500\" src=\"https:\/\/www.sideaita.it\/wp-content\/uploads\/2019\/12\/settore-giovanile-atalanta-palestra-7.jpg\" class=\"attachment-original size-original\" alt=\"sector juvenil-atalanta-gym\" ids=\"59063,59056,59057,59055,59059,59060,59064,59061,59058,59062\" style=\"none\" lightbox=\"false\" type=\"slider-full\" slider_nav_style=\"circle\" slider_bullets=\"true\" auto_slide=\"7000\" image_size=\"original\" visibility=\"hide-for-small\" srcset=\"https:\/\/www.sideaita.it\/wp-content\/uploads\/2019\/12\/settore-giovanile-atalanta-palestra-7.jpg 750w, https:\/\/www.sideaita.it\/wp-content\/uploads\/2019\/12\/settore-giovanile-atalanta-palestra-7-600x400.jpg 600w, https:\/\/www.sideaita.it\/wp-content\/uploads\/2019\/12\/settore-giovanile-atalanta-palestra-7-700x467.jpg 700w\" sizes=\"auto, (max-width: 750px) 100vw, 750px\" \/>                                                              <\/div>\n              <div class=\"box-text text-left\" >\n                 <p><\/p>\n              <\/div>\n            <\/div>\n                      <\/div>\n         <\/div><div class=\"gallery-col col\" >\n          <div class=\"col-inner\">\n                        <div class=\"box has-hover gallery-box box-none\">\n              <div class=\"box-image\" >\n                <img loading=\"lazy\" decoding=\"async\" width=\"750\" height=\"500\" src=\"https:\/\/www.sideaita.it\/wp-content\/uploads\/2019\/12\/settore-giovanile-atalanta-palestra-4.jpg\" class=\"attachment-original size-original\" alt=\"sector juvenil-atalanta-gym\" ids=\"59063,59056,59057,59055,59059,59060,59064,59061,59058,59062\" style=\"none\" lightbox=\"false\" type=\"slider-full\" slider_nav_style=\"circle\" slider_bullets=\"true\" auto_slide=\"7000\" image_size=\"original\" visibility=\"hide-for-small\" srcset=\"https:\/\/www.sideaita.it\/wp-content\/uploads\/2019\/12\/settore-giovanile-atalanta-palestra-4.jpg 750w, https:\/\/www.sideaita.it\/wp-content\/uploads\/2019\/12\/settore-giovanile-atalanta-palestra-4-600x400.jpg 600w, https:\/\/www.sideaita.it\/wp-content\/uploads\/2019\/12\/settore-giovanile-atalanta-palestra-4-700x467.jpg 700w\" sizes=\"auto, (max-width: 750px) 100vw, 750px\" \/>                                                              <\/div>\n              <div class=\"box-text text-left\" >\n                 <p><\/p>\n              <\/div>\n            <\/div>\n                      <\/div>\n         <\/div><div class=\"gallery-col col\" >\n          <div class=\"col-inner\">\n                        <div class=\"box has-hover gallery-box box-none\">\n              <div class=\"box-image\" >\n                <img loading=\"lazy\" decoding=\"async\" width=\"750\" height=\"500\" src=\"https:\/\/www.sideaita.it\/wp-content\/uploads\/2019\/12\/settore-giovanile-atalanta-palestra-8.jpg\" class=\"attachment-original size-original\" alt=\"Sector juvenil gimnasio atalanta\" ids=\"59063,59056,59057,59055,59059,59060,59064,59061,59058,59062\" style=\"none\" lightbox=\"false\" type=\"slider-full\" slider_nav_style=\"circle\" slider_bullets=\"true\" auto_slide=\"7000\" image_size=\"original\" visibility=\"hide-for-small\" srcset=\"https:\/\/www.sideaita.it\/wp-content\/uploads\/2019\/12\/settore-giovanile-atalanta-palestra-8.jpg 750w, https:\/\/www.sideaita.it\/wp-content\/uploads\/2019\/12\/settore-giovanile-atalanta-palestra-8-600x400.jpg 600w, https:\/\/www.sideaita.it\/wp-content\/uploads\/2019\/12\/settore-giovanile-atalanta-palestra-8-700x467.jpg 700w\" sizes=\"auto, (max-width: 750px) 100vw, 750px\" \/>                                                              <\/div>\n              <div class=\"box-text text-left\" >\n                 <p><\/p>\n              <\/div>\n            <\/div>\n                      <\/div>\n         <\/div><\/div>\n\n  \n    <div id=\"gallery-837438355\" class=\"lightbox-multi-gallery show-for-small slider slider-auto-height row-collapse slider-nav-circle\" data-flickity-options='{&quot;imagesLoaded&quot;: true, &quot;dragThreshold&quot; : 5, &quot;cellAlign&quot;: &quot;left&quot;,&quot;wrapAround&quot;: true,&quot;prevNextButtons&quot;: true,&quot;percentPosition&quot;: true,&quot;pageDots&quot;: false, &quot;rightToLeft&quot;: false, &quot;autoPlay&quot; : 7000}'>\n\n  <div class=\"gallery-col col\" >\n          <div class=\"col-inner\">\n            <a class=\"\" href=\"https:\/\/www.sideaita.it\/wp-content\/uploads\/2019\/12\/settore-giovanile-atalanta-palestra-9.jpg\" title=\"\">            <div class=\"box has-hover gallery-box box-none\">\n              <div class=\"box-image\" >\n                <img loading=\"lazy\" decoding=\"async\" width=\"750\" height=\"500\" src=\"https:\/\/www.sideaita.it\/wp-content\/uploads\/2019\/12\/settore-giovanile-atalanta-palestra-9.jpg\" class=\"attachment-original size-original\" alt=\"sector juvenil-atalanta-gym\" ids=\"59063,59056,59057,59055,59059,59060,59064,59061,59058,59062\" style=\"none\" lightbox_image_size=\"original\" type=\"slider-full\" slider_nav_style=\"circle\" auto_slide=\"7000\" image_size=\"original\" visibility=\"show-for-small\" srcset=\"https:\/\/www.sideaita.it\/wp-content\/uploads\/2019\/12\/settore-giovanile-atalanta-palestra-9.jpg 750w, https:\/\/www.sideaita.it\/wp-content\/uploads\/2019\/12\/settore-giovanile-atalanta-palestra-9-600x400.jpg 600w, https:\/\/www.sideaita.it\/wp-content\/uploads\/2019\/12\/settore-giovanile-atalanta-palestra-9-700x467.jpg 700w\" sizes=\"auto, (max-width: 750px) 100vw, 750px\" \/>                                                              <\/div>\n              <div class=\"box-text text-left\" >\n                 <p><\/p>\n              <\/div>\n            <\/div>\n            <\/a>          <\/div>\n         <\/div><div class=\"gallery-col col\" >\n          <div class=\"col-inner\">\n            <a class=\"\" href=\"https:\/\/www.sideaita.it\/wp-content\/uploads\/2019\/12\/settore-giovanile-atalanta-palestra-2.jpg\" title=\"\">            <div class=\"box has-hover gallery-box box-none\">\n              <div class=\"box-image\" >\n                <img loading=\"lazy\" decoding=\"async\" width=\"750\" height=\"500\" src=\"https:\/\/www.sideaita.it\/wp-content\/uploads\/2019\/12\/settore-giovanile-atalanta-palestra-2.jpg\" class=\"attachment-original size-original\" alt=\"Sector juvenil gimnasio atalanta\" ids=\"59063,59056,59057,59055,59059,59060,59064,59061,59058,59062\" style=\"none\" lightbox_image_size=\"original\" type=\"slider-full\" slider_nav_style=\"circle\" auto_slide=\"7000\" image_size=\"original\" visibility=\"show-for-small\" srcset=\"https:\/\/www.sideaita.it\/wp-content\/uploads\/2019\/12\/settore-giovanile-atalanta-palestra-2.jpg 750w, https:\/\/www.sideaita.it\/wp-content\/uploads\/2019\/12\/settore-giovanile-atalanta-palestra-2-600x400.jpg 600w, https:\/\/www.sideaita.it\/wp-content\/uploads\/2019\/12\/settore-giovanile-atalanta-palestra-2-700x467.jpg 700w\" sizes=\"auto, (max-width: 750px) 100vw, 750px\" \/>                                                              <\/div>\n              <div class=\"box-text text-left\" >\n                 <p><\/p>\n              <\/div>\n            <\/div>\n            <\/a>          <\/div>\n         <\/div><div class=\"gallery-col col\" >\n          <div class=\"col-inner\">\n            <a class=\"\" href=\"https:\/\/www.sideaita.it\/wp-content\/uploads\/2019\/12\/settore-giovanile-atalanta-palestra-3.jpg\" title=\"\">            <div class=\"box has-hover gallery-box box-none\">\n              <div class=\"box-image\" >\n                <img loading=\"lazy\" decoding=\"async\" width=\"750\" height=\"500\" src=\"https:\/\/www.sideaita.it\/wp-content\/uploads\/2019\/12\/settore-giovanile-atalanta-palestra-3.jpg\" class=\"attachment-original size-original\" alt=\"Sector juvenil gimnasio atalanta\" ids=\"59063,59056,59057,59055,59059,59060,59064,59061,59058,59062\" style=\"none\" lightbox_image_size=\"original\" type=\"slider-full\" slider_nav_style=\"circle\" auto_slide=\"7000\" image_size=\"original\" visibility=\"show-for-small\" srcset=\"https:\/\/www.sideaita.it\/wp-content\/uploads\/2019\/12\/settore-giovanile-atalanta-palestra-3.jpg 750w, https:\/\/www.sideaita.it\/wp-content\/uploads\/2019\/12\/settore-giovanile-atalanta-palestra-3-600x400.jpg 600w, https:\/\/www.sideaita.it\/wp-content\/uploads\/2019\/12\/settore-giovanile-atalanta-palestra-3-700x467.jpg 700w\" sizes=\"auto, (max-width: 750px) 100vw, 750px\" \/>                                                              <\/div>\n              <div class=\"box-text text-left\" >\n                 <p><\/p>\n              <\/div>\n            <\/div>\n            <\/a>          <\/div>\n         <\/div><div class=\"gallery-col col\" >\n          <div class=\"col-inner\">\n            <a class=\"\" href=\"https:\/\/www.sideaita.it\/wp-content\/uploads\/2019\/12\/settore-giovanile-atalanta-palestra-1.jpg\" title=\"\">            <div class=\"box has-hover gallery-box box-none\">\n              <div class=\"box-image\" >\n                <img loading=\"lazy\" decoding=\"async\" width=\"750\" height=\"500\" src=\"https:\/\/www.sideaita.it\/wp-content\/uploads\/2019\/12\/settore-giovanile-atalanta-palestra-1.jpg\" class=\"attachment-original size-original\" alt=\"sector juvenil-atalanta-gym\" ids=\"59063,59056,59057,59055,59059,59060,59064,59061,59058,59062\" style=\"none\" lightbox_image_size=\"original\" type=\"slider-full\" slider_nav_style=\"circle\" auto_slide=\"7000\" image_size=\"original\" visibility=\"show-for-small\" srcset=\"https:\/\/www.sideaita.it\/wp-content\/uploads\/2019\/12\/settore-giovanile-atalanta-palestra-1.jpg 750w, https:\/\/www.sideaita.it\/wp-content\/uploads\/2019\/12\/settore-giovanile-atalanta-palestra-1-600x400.jpg 600w, https:\/\/www.sideaita.it\/wp-content\/uploads\/2019\/12\/settore-giovanile-atalanta-palestra-1-700x467.jpg 700w\" sizes=\"auto, (max-width: 750px) 100vw, 750px\" \/>                                                              <\/div>\n              <div class=\"box-text text-left\" >\n                 <p><\/p>\n              <\/div>\n            <\/div>\n            <\/a>          <\/div>\n         <\/div><div class=\"gallery-col col\" >\n          <div class=\"col-inner\">\n            <a class=\"\" href=\"https:\/\/www.sideaita.it\/wp-content\/uploads\/2019\/12\/settore-giovanile-atalanta-palestra-5.jpg\" title=\"\">            <div class=\"box has-hover gallery-box box-none\">\n              <div class=\"box-image\" >\n                <img loading=\"lazy\" decoding=\"async\" width=\"750\" height=\"500\" src=\"https:\/\/www.sideaita.it\/wp-content\/uploads\/2019\/12\/settore-giovanile-atalanta-palestra-5.jpg\" class=\"attachment-original size-original\" alt=\"Sector juvenil gimnasio atalanta\" ids=\"59063,59056,59057,59055,59059,59060,59064,59061,59058,59062\" style=\"none\" lightbox_image_size=\"original\" type=\"slider-full\" slider_nav_style=\"circle\" auto_slide=\"7000\" image_size=\"original\" visibility=\"show-for-small\" srcset=\"https:\/\/www.sideaita.it\/wp-content\/uploads\/2019\/12\/settore-giovanile-atalanta-palestra-5.jpg 750w, https:\/\/www.sideaita.it\/wp-content\/uploads\/2019\/12\/settore-giovanile-atalanta-palestra-5-600x400.jpg 600w, https:\/\/www.sideaita.it\/wp-content\/uploads\/2019\/12\/settore-giovanile-atalanta-palestra-5-700x467.jpg 700w\" sizes=\"auto, (max-width: 750px) 100vw, 750px\" \/>                                                              <\/div>\n              <div class=\"box-text text-left\" >\n                 <p><\/p>\n              <\/div>\n            <\/div>\n            <\/a>          <\/div>\n         <\/div><div class=\"gallery-col col\" >\n          <div class=\"col-inner\">\n            <a class=\"\" href=\"https:\/\/www.sideaita.it\/wp-content\/uploads\/2019\/12\/settore-giovanile-atalanta-palestra-6.jpg\" title=\"\">            <div class=\"box has-hover gallery-box box-none\">\n              <div class=\"box-image\" >\n                <img loading=\"lazy\" decoding=\"async\" width=\"750\" height=\"500\" src=\"https:\/\/www.sideaita.it\/wp-content\/uploads\/2019\/12\/settore-giovanile-atalanta-palestra-6.jpg\" class=\"attachment-original size-original\" alt=\"Sector juvenil gimnasio atalanta\" ids=\"59063,59056,59057,59055,59059,59060,59064,59061,59058,59062\" style=\"none\" lightbox_image_size=\"original\" type=\"slider-full\" slider_nav_style=\"circle\" auto_slide=\"7000\" image_size=\"original\" visibility=\"show-for-small\" srcset=\"https:\/\/www.sideaita.it\/wp-content\/uploads\/2019\/12\/settore-giovanile-atalanta-palestra-6.jpg 750w, https:\/\/www.sideaita.it\/wp-content\/uploads\/2019\/12\/settore-giovanile-atalanta-palestra-6-600x400.jpg 600w, https:\/\/www.sideaita.it\/wp-content\/uploads\/2019\/12\/settore-giovanile-atalanta-palestra-6-700x467.jpg 700w\" sizes=\"auto, (max-width: 750px) 100vw, 750px\" \/>                                                              <\/div>\n              <div class=\"box-text text-left\" >\n                 <p><\/p>\n              <\/div>\n            <\/div>\n            <\/a>          <\/div>\n         <\/div><div class=\"gallery-col col\" >\n          <div class=\"col-inner\">\n            <a class=\"\" href=\"https:\/\/www.sideaita.it\/wp-content\/uploads\/2019\/12\/settore-giovanile-atalanta-palestra-10.jpg\" title=\"\">            <div class=\"box has-hover gallery-box box-none\">\n              <div class=\"box-image\" >\n                <img loading=\"lazy\" decoding=\"async\" width=\"750\" height=\"500\" src=\"https:\/\/www.sideaita.it\/wp-content\/uploads\/2019\/12\/settore-giovanile-atalanta-palestra-10.jpg\" class=\"attachment-original size-original\" alt=\"sector juvenil-atalanta-gym\" ids=\"59063,59056,59057,59055,59059,59060,59064,59061,59058,59062\" style=\"none\" lightbox_image_size=\"original\" type=\"slider-full\" slider_nav_style=\"circle\" auto_slide=\"7000\" image_size=\"original\" visibility=\"show-for-small\" srcset=\"https:\/\/www.sideaita.it\/wp-content\/uploads\/2019\/12\/settore-giovanile-atalanta-palestra-10.jpg 750w, https:\/\/www.sideaita.it\/wp-content\/uploads\/2019\/12\/settore-giovanile-atalanta-palestra-10-600x400.jpg 600w, https:\/\/www.sideaita.it\/wp-content\/uploads\/2019\/12\/settore-giovanile-atalanta-palestra-10-700x467.jpg 700w\" sizes=\"auto, (max-width: 750px) 100vw, 750px\" \/>                                                              <\/div>\n              <div class=\"box-text text-left\" >\n                 <p><\/p>\n              <\/div>\n            <\/div>\n            <\/a>          <\/div>\n         <\/div><div class=\"gallery-col col\" >\n          <div class=\"col-inner\">\n            <a class=\"\" href=\"https:\/\/www.sideaita.it\/wp-content\/uploads\/2019\/12\/settore-giovanile-atalanta-palestra-7.jpg\" title=\"\">            <div class=\"box has-hover gallery-box box-none\">\n              <div class=\"box-image\" >\n                <img loading=\"lazy\" decoding=\"async\" width=\"750\" height=\"500\" src=\"https:\/\/www.sideaita.it\/wp-content\/uploads\/2019\/12\/settore-giovanile-atalanta-palestra-7.jpg\" class=\"attachment-original size-original\" alt=\"sector juvenil-atalanta-gym\" ids=\"59063,59056,59057,59055,59059,59060,59064,59061,59058,59062\" style=\"none\" lightbox_image_size=\"original\" type=\"slider-full\" slider_nav_style=\"circle\" auto_slide=\"7000\" image_size=\"original\" visibility=\"show-for-small\" srcset=\"https:\/\/www.sideaita.it\/wp-content\/uploads\/2019\/12\/settore-giovanile-atalanta-palestra-7.jpg 750w, https:\/\/www.sideaita.it\/wp-content\/uploads\/2019\/12\/settore-giovanile-atalanta-palestra-7-600x400.jpg 600w, https:\/\/www.sideaita.it\/wp-content\/uploads\/2019\/12\/settore-giovanile-atalanta-palestra-7-700x467.jpg 700w\" sizes=\"auto, (max-width: 750px) 100vw, 750px\" \/>                                                              <\/div>\n              <div class=\"box-text text-left\" >\n                 <p><\/p>\n              <\/div>\n            <\/div>\n            <\/a>          <\/div>\n         <\/div><div class=\"gallery-col col\" >\n          <div class=\"col-inner\">\n            <a class=\"\" href=\"https:\/\/www.sideaita.it\/wp-content\/uploads\/2019\/12\/settore-giovanile-atalanta-palestra-4.jpg\" title=\"\">            <div class=\"box has-hover gallery-box box-none\">\n              <div class=\"box-image\" >\n                <img loading=\"lazy\" decoding=\"async\" width=\"750\" height=\"500\" src=\"https:\/\/www.sideaita.it\/wp-content\/uploads\/2019\/12\/settore-giovanile-atalanta-palestra-4.jpg\" class=\"attachment-original size-original\" alt=\"sector juvenil-atalanta-gym\" ids=\"59063,59056,59057,59055,59059,59060,59064,59061,59058,59062\" style=\"none\" lightbox_image_size=\"original\" type=\"slider-full\" slider_nav_style=\"circle\" auto_slide=\"7000\" image_size=\"original\" visibility=\"show-for-small\" srcset=\"https:\/\/www.sideaita.it\/wp-content\/uploads\/2019\/12\/settore-giovanile-atalanta-palestra-4.jpg 750w, https:\/\/www.sideaita.it\/wp-content\/uploads\/2019\/12\/settore-giovanile-atalanta-palestra-4-600x400.jpg 600w, https:\/\/www.sideaita.it\/wp-content\/uploads\/2019\/12\/settore-giovanile-atalanta-palestra-4-700x467.jpg 700w\" sizes=\"auto, (max-width: 750px) 100vw, 750px\" \/>                                                              <\/div>\n              <div class=\"box-text text-left\" >\n                 <p><\/p>\n              <\/div>\n            <\/div>\n            <\/a>          <\/div>\n         <\/div><div class=\"gallery-col col\" >\n          <div class=\"col-inner\">\n            <a class=\"\" href=\"https:\/\/www.sideaita.it\/wp-content\/uploads\/2019\/12\/settore-giovanile-atalanta-palestra-8.jpg\" title=\"\">            <div class=\"box has-hover gallery-box box-none\">\n              <div class=\"box-image\" >\n                <img loading=\"lazy\" decoding=\"async\" width=\"750\" height=\"500\" src=\"https:\/\/www.sideaita.it\/wp-content\/uploads\/2019\/12\/settore-giovanile-atalanta-palestra-8.jpg\" class=\"attachment-original size-original\" alt=\"Sector juvenil gimnasio atalanta\" ids=\"59063,59056,59057,59055,59059,59060,59064,59061,59058,59062\" style=\"none\" lightbox_image_size=\"original\" type=\"slider-full\" slider_nav_style=\"circle\" auto_slide=\"7000\" image_size=\"original\" visibility=\"show-for-small\" srcset=\"https:\/\/www.sideaita.it\/wp-content\/uploads\/2019\/12\/settore-giovanile-atalanta-palestra-8.jpg 750w, https:\/\/www.sideaita.it\/wp-content\/uploads\/2019\/12\/settore-giovanile-atalanta-palestra-8-600x400.jpg 600w, https:\/\/www.sideaita.it\/wp-content\/uploads\/2019\/12\/settore-giovanile-atalanta-palestra-8-700x467.jpg 700w\" sizes=\"auto, (max-width: 750px) 100vw, 750px\" \/>                                                              <\/div>\n              <div class=\"box-text text-left\" >\n                 <p><\/p>\n              <\/div>\n            <\/div>\n            <\/a>          <\/div>\n         <\/div><\/div>\n\t<div id=\"gap-877325999\" class=\"gap-element clearfix\" style=\"display:block; height:auto;\">\n\t\t\n<style>\n#gap-877325999 {\n  padding-top: 30px;\n}\n<\/style>\n\t<\/div>\n\t\n<div align=\"justify\">\n<h3>Puntos fuertes del sector juvenil de Atalanta<\/h3>\n<p>\"<em>Los \u00e9xitos de este Sector de Juventud no tienen secretos.<\/em> - explicado <strong>Alberto Pasini<\/strong>entrenador deportivo del equipo Atalanta Primavera y jefe de los entrenadores del Sector Juvenil. <em>Sencillamente, las principales armas de esta sociedad son las del <strong>trabajo<\/strong>de la<strong>organizaci\u00f3n<\/strong> y el <strong>creemos firmemente en lo que hacemos<\/strong>. Adem\u00e1s, me parece obvio que con s\u00f3lo entrar en Zingonia <strong>la calidad de las infraestructuras y los equipos<\/strong> puesto a nuestra disposici\u00f3n, fruto de la previsi\u00f3n de quienes invierten y siguen invirtiendo en este vivero. Y es que en el Atalanta, aunque el primer equipo est\u00e1 haciendo cosas incre\u00edbles, <strong>el Sector de la Juventud sigue consider\u00e1ndose la parte principal<\/strong> de la propia empresa, y esto es algo que, por lo que he podido comprobar desde que trabajo aqu\u00ed, sigue aumentando con el tiempo<\/em>\".<\/p>\n<p>Una se\u00f1al muy clara de hasta qu\u00e9 punto el Atalanta conf\u00eda en sus j\u00f3venes ha llegado en los \u00faltimos meses, con <strong>la construcci\u00f3n de un nuevo edificio en el Polideportivo de Zingonia destinado \u00edntegramente al Sector de la Juventud<\/strong> y dise\u00f1ado para mejorar no s\u00f3lo a los atletas, sino tambi\u00e9n a todos los directivos, personal t\u00e9cnico y m\u00e9dico que trabajan cada d\u00eda para la cantera nerazzurra. En el interior del nuevo edificio, que llevar\u00e1 el nombre del antiguo jefe del Sector Juvenil Mino Favini, tambi\u00e9n se ha equipado <strong>un gimnasio dedicado enteramente a las categor\u00edas inferiores de los Nerazzurri<\/strong>equipado con un <a href=\"https:\/\/www.sideaita.it\/es\/categorias-de-equipos-de-fitness\/estacion-base\/\">Rackstation Sidea<\/a> y de <a href=\"https:\/\/www.sideaita.it\/es\/categorias-de-equipos-de-fitness\/suelo-tecnico-de-caucho-para-gimnasios\/\">plataformas de musculaci\u00f3n<\/a> personalizada con los colores de la empresa de B\u00e9rgamo.<\/p>\n<\/div>\n\n  <div class=\"banner has-hover hide-for-small\" id=\"banner-1782356933\">\n          <div class=\"banner-inner fill\">\n        <div class=\"banner-bg fill\" >\n            <img loading=\"lazy\" decoding=\"async\" width=\"750\" height=\"500\" src=\"https:\/\/www.sideaita.it\/wp-content\/uploads\/2019\/12\/settore-giovanile-atalanta-palestra-4.jpg\" class=\"bg attachment-original size-original\" alt=\"sector juvenil-atalanta-gym\" \/>                                    \n\t<div class=\"is-border\"\n\t\tstyle=\"border-width:0px 0px 0px 0px;margin:0px 0px 30px 0px;\">\n\t<\/div>\n                    <\/div>\n\t\t\n        <div class=\"banner-layers container\">\n            <div class=\"fill banner-link\"><\/div>            \t<div class=\"hotspot-wrapper x65 md-x60 lg-x60 y25 md-y25 lg-y25 dark\">\n\t\t<div data-animate=\"bounceIn\">\n\t\t\t\t\t\t\t<a href=\"https:\/\/www.sideaita.it\/es\/categorias-de-equipos-de-fitness\/estacion-base\/\" class=\"hotspot tooltip\" title=\"9095 RackStation\" aria-label=\"9095 RackStation\" style=\"background-color:rgb(0,0,0);\">\n\t\t\t\t\t<i class=\"icon-search\" aria-hidden=\"true\"><\/i>\t\t\t\t<\/a>\n\t\t\t\t\t\t<\/div>\n\t<\/div>\n\t\t<div class=\"hotspot-wrapper x15 md-x15 lg-x15 y45 md-y45 lg-y45 dark\">\n\t\t<div data-animate=\"bounceIn\">\n\t\t\t\t\t\t\t\t<a href=\"#quick-view\" class=\"hotspot tooltip quick-view\" title=\"9015\/4 Barra Ol\u00edmpica Masculina Premium\" data-prod=\"465\" role=\"button\" aria-label=\"9015\/4 Barra Ol\u00edmpica Masculina Premium\" aria-expanded=\"false\" aria-haspopup=\"dialog\" data-flatsome-role-button>\n\t\t\t\t\t\t<i class=\"icon-search\" aria-hidden=\"true\"><\/i>\t\t\t\t\t<\/a>\n\t\t\t\t\t\t\t<\/div>\n\t<\/div>\n\t\t<div class=\"hotspot-wrapper x25 md-x25 lg-x25 y85 md-y75 lg-y75 dark\">\n\t\t<div data-animate=\"bounceIn\">\n\t\t\t\t\t\t\t\t<a href=\"#quick-view\" class=\"hotspot tooltip quick-view\" data-prod=\"1703\" role=\"button\" aria-expanded=\"false\" aria-haspopup=\"dialog\" data-flatsome-role-button>\n\t\t\t\t\t\t<i class=\"icon-search\" aria-hidden=\"true\"><\/i>\t\t\t\t\t<\/a>\n\t\t\t\t\t\t\t<\/div>\n\t<\/div>\n\t\t<div class=\"hotspot-wrapper x5 md-x10 lg-x10 y75 md-y75 lg-y75 dark\">\n\t\t<div data-animate=\"bounceIn\">\n\t\t\t\t\t\t\t\t<a href=\"#quick-view\" class=\"hotspot tooltip quick-view\" title=\"9105-9107 Plyobox Impacto Suave\" data-prod=\"1339\" role=\"button\" aria-label=\"9105-9107 Plyobox Impacto Suave\" aria-expanded=\"false\" aria-haspopup=\"dialog\" data-flatsome-role-button>\n\t\t\t\t\t\t<i class=\"icon-search\" aria-hidden=\"true\"><\/i>\t\t\t\t\t<\/a>\n\t\t\t\t\t\t\t<\/div>\n\t<\/div>\n\t\t<div class=\"hotspot-wrapper x50 md-x50 lg-x50 y90 md-y90 lg-y90 dark\">\n\t\t<div data-animate=\"bounceIn\">\n\t\t\t\t\t\t\t\t<a href=\"#quick-view\" class=\"hotspot tooltip quick-view\" title=\"9209 Jaula de potencia para entrenamiento\" data-prod=\"1153\" role=\"button\" aria-label=\"9209 Jaula de potencia para entrenamiento\" aria-expanded=\"false\" aria-haspopup=\"dialog\" data-flatsome-role-button>\n\t\t\t\t\t\t<i class=\"icon-search\" aria-hidden=\"true\"><\/i>\t\t\t\t\t<\/a>\n\t\t\t\t\t\t\t<\/div>\n\t<\/div>\n\t\t<div class=\"hotspot-wrapper x80 md-x80 lg-x80 y95 md-y90 lg-y90 dark\">\n\t\t<div data-animate=\"bounceIn\">\n\t\t\t\t\t\t\t\t<a href=\"#quick-view\" class=\"hotspot tooltip quick-view\" title=\"9203 EcoGym Jard\u00edn 35mm\" data-prod=\"1128\" role=\"button\" aria-label=\"9203 EcoGym Jard\u00edn 35mm\" aria-expanded=\"false\" aria-haspopup=\"dialog\" data-flatsome-role-button>\n\t\t\t\t\t\t<i class=\"icon-search\" aria-hidden=\"true\"><\/i>\t\t\t\t\t<\/a>\n\t\t\t\t\t\t\t<\/div>\n\t<\/div>\n\t\n\n\n\n\n\n\n        <\/div>\n      <\/div>\n\n              <div class=\"height-fix is-invisible\"><img loading=\"lazy\" decoding=\"async\" width=\"750\" height=\"500\" src=\"https:\/\/www.sideaita.it\/wp-content\/uploads\/2019\/12\/settore-giovanile-atalanta-palestra-4.jpg\" class=\"attachment-original size-original\" alt=\"sector juvenil-atalanta-gym\" srcset=\"https:\/\/www.sideaita.it\/wp-content\/uploads\/2019\/12\/settore-giovanile-atalanta-palestra-4.jpg 750w, https:\/\/www.sideaita.it\/wp-content\/uploads\/2019\/12\/settore-giovanile-atalanta-palestra-4-600x400.jpg 600w, https:\/\/www.sideaita.it\/wp-content\/uploads\/2019\/12\/settore-giovanile-atalanta-palestra-4-700x467.jpg 700w\" sizes=\"auto, (max-width: 750px) 100vw, 750px\" \/><\/div>\n              <\/div>\n\n\n\n  <div class=\"banner has-hover show-for-small\" id=\"banner-981447617\">\n          <div class=\"banner-inner fill\">\n        <div class=\"banner-bg fill\" >\n            <img loading=\"lazy\" decoding=\"async\" width=\"750\" height=\"500\" src=\"https:\/\/www.sideaita.it\/wp-content\/uploads\/2019\/12\/settore-giovanile-atalanta-palestra-4.jpg\" class=\"bg attachment-original size-original\" alt=\"sector juvenil-atalanta-gym\" \/>                                    \n\t<div class=\"is-border\"\n\t\tstyle=\"border-width:0px 0px 0px 0px;margin:0px 0px 30px 0px;\">\n\t<\/div>\n                    <\/div>\n\t\t\n        <div class=\"banner-layers container\">\n            <div class=\"fill banner-link\"><\/div>            \t<div class=\"hotspot-wrapper x65 md-x60 lg-x60 y25 md-y25 lg-y25 is-xsmall dark\">\n\t\t<div data-animate=\"bounceIn\">\n\t\t\t\t\t\t\t<a href=\"https:\/\/www.sideaita.it\/es\/categorias-de-equipos-de-fitness\/estacion-base\/\" class=\"hotspot tooltip\" title=\"9095 RackStation\" aria-label=\"9095 RackStation\" style=\"background-color:rgb(0,0,0);\">\n\t\t\t\t\t<i class=\"icon-search\" aria-hidden=\"true\"><\/i>\t\t\t\t<\/a>\n\t\t\t\t\t\t<\/div>\n\t<\/div>\n\t\t<div class=\"hotspot-wrapper x15 md-x15 lg-x15 y45 md-y45 lg-y45 is-xsmall dark\">\n\t\t<div data-animate=\"bounceIn\">\n\t\t\t\t\t\t\t\t<a href=\"#quick-view\" class=\"hotspot tooltip quick-view\" title=\"9015\/4 Barra Ol\u00edmpica Masculina Premium\" data-prod=\"465\" role=\"button\" aria-label=\"9015\/4 Barra Ol\u00edmpica Masculina Premium\" aria-expanded=\"false\" aria-haspopup=\"dialog\" data-flatsome-role-button>\n\t\t\t\t\t\t<i class=\"icon-search\" aria-hidden=\"true\"><\/i>\t\t\t\t\t<\/a>\n\t\t\t\t\t\t\t<\/div>\n\t<\/div>\n\t\t<div class=\"hotspot-wrapper x25 md-x25 lg-x25 y85 md-y75 lg-y75 is-xsmall dark\">\n\t\t<div data-animate=\"bounceIn\">\n\t\t\t\t\t\t\t\t<a href=\"#quick-view\" class=\"hotspot tooltip quick-view\" data-prod=\"1703\" role=\"button\" aria-expanded=\"false\" aria-haspopup=\"dialog\" data-flatsome-role-button>\n\t\t\t\t\t\t<i class=\"icon-search\" aria-hidden=\"true\"><\/i>\t\t\t\t\t<\/a>\n\t\t\t\t\t\t\t<\/div>\n\t<\/div>\n\t\t<div class=\"hotspot-wrapper x5 md-x10 lg-x10 y75 md-y75 lg-y75 is-xsmall dark\">\n\t\t<div data-animate=\"bounceIn\">\n\t\t\t\t\t\t\t\t<a href=\"#quick-view\" class=\"hotspot tooltip quick-view\" title=\"9105-9107 Plyobox Impacto Suave\" data-prod=\"1339\" role=\"button\" aria-label=\"9105-9107 Plyobox Impacto Suave\" aria-expanded=\"false\" aria-haspopup=\"dialog\" data-flatsome-role-button>\n\t\t\t\t\t\t<i class=\"icon-search\" aria-hidden=\"true\"><\/i>\t\t\t\t\t<\/a>\n\t\t\t\t\t\t\t<\/div>\n\t<\/div>\n\t\t<div class=\"hotspot-wrapper x50 md-x50 lg-x50 y90 md-y90 lg-y90 is-xsmall dark\">\n\t\t<div data-animate=\"bounceIn\">\n\t\t\t\t\t\t\t\t<a href=\"#quick-view\" class=\"hotspot tooltip quick-view\" title=\"9209 Jaula de potencia para entrenamiento\" data-prod=\"1153\" role=\"button\" aria-label=\"9209 Jaula de potencia para entrenamiento\" aria-expanded=\"false\" aria-haspopup=\"dialog\" data-flatsome-role-button>\n\t\t\t\t\t\t<i class=\"icon-search\" aria-hidden=\"true\"><\/i>\t\t\t\t\t<\/a>\n\t\t\t\t\t\t\t<\/div>\n\t<\/div>\n\t\t<div class=\"hotspot-wrapper x80 md-x80 lg-x80 y95 md-y90 lg-y90 is-xsmall dark\">\n\t\t<div data-animate=\"bounceIn\">\n\t\t\t\t\t\t\t\t<a href=\"#quick-view\" class=\"hotspot tooltip quick-view\" title=\"9203 EcoGym Jard\u00edn 35mm\" data-prod=\"1128\" role=\"button\" aria-label=\"9203 EcoGym Jard\u00edn 35mm\" aria-expanded=\"false\" aria-haspopup=\"dialog\" data-flatsome-role-button>\n\t\t\t\t\t\t<i class=\"icon-search\" aria-hidden=\"true\"><\/i>\t\t\t\t\t<\/a>\n\t\t\t\t\t\t\t<\/div>\n\t<\/div>\n\t\n\n\n\n\n\n\n        <\/div>\n      <\/div>\n\n              <div class=\"height-fix is-invisible\"><img loading=\"lazy\" decoding=\"async\" width=\"750\" height=\"500\" src=\"https:\/\/www.sideaita.it\/wp-content\/uploads\/2019\/12\/settore-giovanile-atalanta-palestra-4.jpg\" class=\"attachment-original size-original\" alt=\"sector juvenil-atalanta-gym\" srcset=\"https:\/\/www.sideaita.it\/wp-content\/uploads\/2019\/12\/settore-giovanile-atalanta-palestra-4.jpg 750w, https:\/\/www.sideaita.it\/wp-content\/uploads\/2019\/12\/settore-giovanile-atalanta-palestra-4-600x400.jpg 600w, https:\/\/www.sideaita.it\/wp-content\/uploads\/2019\/12\/settore-giovanile-atalanta-palestra-4-700x467.jpg 700w\" sizes=\"auto, (max-width: 750px) 100vw, 750px\" \/><\/div>\n              <\/div>\n\n\n\t<div id=\"gap-1569924127\" class=\"gap-element clearfix\" style=\"display:block; height:auto;\">\n\t\t\n<style>\n#gap-1569924127 {\n  padding-top: 30px;\n}\n<\/style>\n\t<\/div>\n\t\n<div align=\"justify\">\n<p>Un proyecto que se combina con el <strong>nueva organizaci\u00f3n<\/strong> a los t\u00e9cnicos de las categor\u00edas inferiores del Atalanta. <strong>12 \u00e1reas espec\u00edficas relacionadas con la preparaci\u00f3n t\u00e9cnico-t\u00e1ctica y deportiva<\/strong> de los j\u00f3venes nerazzurri, sino tambi\u00e9n a las fases de recuperaci\u00f3n y prevenci\u00f3n de lesiones, cada una dirigida por un responsable que se ocupa de ellas de forma transversal, dictando directrices espec\u00edficas a todos los equipos, desde las actividades de base hasta la Primavera.<\/p>\n<h3>Desde el punto de vista de los jugadores: la experiencia de Rodrigo Guth<\/h3>\n<p>Precisamente al equipo sub-19 del Atalanta pertenece <strong>Rodrigo Guth<\/strong>', un defensa de 19 a\u00f1os que es uno de los m\u00e1s prometedores de la retaguardia nerazzurra y del campeonato Primavera, y que, llegado a B\u00e9rgamo desde Brasil hace tres a\u00f1os, ha tenido la oportunidad de apreciar la calidad de la cantera del Atalanta: '<em>No se trata s\u00f3lo de la <strong>calidad de las infraestructuras<\/strong>del campo al gimnasio, sino tambi\u00e9n y sobre todo la <strong>gente<\/strong>. Aqu\u00ed, en el Zingonia, he encontrado enseguida una verdadera familia que me ha acogido. Esto me ha ayudado mucho a adaptarme al f\u00fatbol italiano, que es completamente diferente al que se juega en <strong>Brasil<\/strong>. Tambi\u00e9n hay una gran diferencia en t\u00e9rminos de preparaci\u00f3n: <strong>la formaci\u00f3n en Italia es mucho m\u00e1s corta, pero tambi\u00e9n mucho m\u00e1s intensa<\/strong>. Todo es m\u00e1s r\u00e1pido, nunca est\u00e1 hecho. Vamos al gimnasio todos los d\u00edas, tanto para sesiones de activaci\u00f3n como de fortalecimiento, y esto a lo largo de una temporada nos permite tener m\u00e1s resistencia y aguantar f\u00edsica y atl\u00e9ticamente hasta el final...\".<\/em>\".<\/p>\n<p>Una combinaci\u00f3n, la de <a href=\"https:\/\/www.sideaita.it\/es\/2019\/12\/09\/preparacion-funcional-para-el-futbol-juvenil-atalanta\/\">f\u00fatbol juvenil y entrenamiento puramente f\u00edsico y atl\u00e9tico en el gimnasio<\/a>que no siempre es f\u00e1cil de combinar, especialmente en las categor\u00edas inferiores: \"<em>Cuando eres ni\u00f1o, y no piensas en los beneficios que te pueden aportar ciertos tipos de entrenamiento, s\u00f3lo quieres jugar con el bal\u00f3n, disputar partidillos y cosas as\u00ed<\/em> - contin\u00faa Rodrigo -<em>. <strong>En el f\u00fatbol moderno, sin embargo, la parte f\u00edsica es cada vez m\u00e1s importante<\/strong> y cuando te das cuenta de que es bueno para ti, te das cuenta de que tienes que hacerlo aunque suponga un esfuerzo o no te guste<\/em>\".<\/p>\n<\/div>\n\n  \n    <div id=\"gallery-1694531513\" class=\"lightbox-multi-gallery hide-for-small slider slider-auto-height row-collapse slider-nav-circle\" data-flickity-options='{&quot;imagesLoaded&quot;: true, &quot;dragThreshold&quot; : 5, &quot;cellAlign&quot;: &quot;left&quot;,&quot;wrapAround&quot;: true,&quot;prevNextButtons&quot;: true,&quot;percentPosition&quot;: true,&quot;pageDots&quot;: true, &quot;rightToLeft&quot;: false, &quot;autoPlay&quot; : 7000}'>\n\n  <div class=\"gallery-col col\" >\n          <div class=\"col-inner\">\n                        <div class=\"box has-hover gallery-box box-none\">\n              <div class=\"box-image\" >\n                <img loading=\"lazy\" decoding=\"async\" width=\"750\" height=\"500\" src=\"https:\/\/www.sideaita.it\/wp-content\/uploads\/2019\/12\/settore-giovanile-atalanta-rodrigo-guth.jpg\" class=\"attachment-original size-original\" alt=\"sector juvenil-atalanta-rodrigo-guth\" ids=\"59080,59081,59082,59083,59084,59085,59086,59087,59088,59089,59090,59091,59093,59094,59095,59096,59097\" style=\"none\" lightbox=\"false\" type=\"slider-full\" slider_nav_style=\"circle\" slider_bullets=\"true\" auto_slide=\"7000\" image_size=\"original\" text_padding=\"0px 0px 0px 0px\" visibility=\"hide-for-small\" srcset=\"https:\/\/www.sideaita.it\/wp-content\/uploads\/2019\/12\/settore-giovanile-atalanta-rodrigo-guth.jpg 750w, https:\/\/www.sideaita.it\/wp-content\/uploads\/2019\/12\/settore-giovanile-atalanta-rodrigo-guth-600x400.jpg 600w, https:\/\/www.sideaita.it\/wp-content\/uploads\/2019\/12\/settore-giovanile-atalanta-rodrigo-guth-700x467.jpg 700w\" sizes=\"auto, (max-width: 750px) 100vw, 750px\" \/>                                                              <\/div>\n              <div class=\"box-text text-left\" style=\"padding:0px 0px 0px 0px;\">\n                 <p>Rodrigo Guth - Atalanta Primavera<\/p>\n              <\/div>\n            <\/div>\n                      <\/div>\n         <\/div><div class=\"gallery-col col\" >\n          <div class=\"col-inner\">\n                        <div class=\"box has-hover gallery-box box-none\">\n              <div class=\"box-image\" >\n                <img loading=\"lazy\" decoding=\"async\" width=\"750\" height=\"500\" src=\"https:\/\/www.sideaita.it\/wp-content\/uploads\/2019\/12\/settore-giovanile-atalanta-rodrigo-guth-1.jpg\" class=\"attachment-original size-original\" alt=\"Atalanta sector juvenil rodrigo guth\" ids=\"59080,59081,59082,59083,59084,59085,59086,59087,59088,59089,59090,59091,59093,59094,59095,59096,59097\" style=\"none\" lightbox=\"false\" type=\"slider-full\" slider_nav_style=\"circle\" slider_bullets=\"true\" auto_slide=\"7000\" image_size=\"original\" text_padding=\"0px 0px 0px 0px\" visibility=\"hide-for-small\" srcset=\"https:\/\/www.sideaita.it\/wp-content\/uploads\/2019\/12\/settore-giovanile-atalanta-rodrigo-guth-1.jpg 750w, https:\/\/www.sideaita.it\/wp-content\/uploads\/2019\/12\/settore-giovanile-atalanta-rodrigo-guth-1-600x400.jpg 600w, https:\/\/www.sideaita.it\/wp-content\/uploads\/2019\/12\/settore-giovanile-atalanta-rodrigo-guth-1-700x467.jpg 700w\" sizes=\"auto, (max-width: 750px) 100vw, 750px\" \/>                                                              <\/div>\n              <div class=\"box-text text-left\" style=\"padding:0px 0px 0px 0px;\">\n                 <p><\/p>\n              <\/div>\n            <\/div>\n                      <\/div>\n         <\/div><div class=\"gallery-col col\" >\n          <div class=\"col-inner\">\n                        <div class=\"box has-hover gallery-box box-none\">\n              <div class=\"box-image\" >\n                <img loading=\"lazy\" decoding=\"async\" width=\"750\" height=\"500\" src=\"https:\/\/www.sideaita.it\/wp-content\/uploads\/2019\/12\/settore-giovanile-atalanta-rodrigo-guth-2.jpg\" class=\"attachment-original size-original\" alt=\"sector juvenil-atalanta-rodrigo-guth\" ids=\"59080,59081,59082,59083,59084,59085,59086,59087,59088,59089,59090,59091,59093,59094,59095,59096,59097\" style=\"none\" lightbox=\"false\" type=\"slider-full\" slider_nav_style=\"circle\" slider_bullets=\"true\" auto_slide=\"7000\" image_size=\"original\" text_padding=\"0px 0px 0px 0px\" visibility=\"hide-for-small\" srcset=\"https:\/\/www.sideaita.it\/wp-content\/uploads\/2019\/12\/settore-giovanile-atalanta-rodrigo-guth-2.jpg 750w, https:\/\/www.sideaita.it\/wp-content\/uploads\/2019\/12\/settore-giovanile-atalanta-rodrigo-guth-2-600x400.jpg 600w, https:\/\/www.sideaita.it\/wp-content\/uploads\/2019\/12\/settore-giovanile-atalanta-rodrigo-guth-2-700x467.jpg 700w\" sizes=\"auto, (max-width: 750px) 100vw, 750px\" \/>                                                              <\/div>\n              <div class=\"box-text text-left\" style=\"padding:0px 0px 0px 0px;\">\n                 <p>Rodrigo Guth - Atalanta Primavera<\/p>\n              <\/div>\n            <\/div>\n                      <\/div>\n         <\/div><div class=\"gallery-col col\" >\n          <div class=\"col-inner\">\n                        <div class=\"box has-hover gallery-box box-none\">\n              <div class=\"box-image\" >\n                <img loading=\"lazy\" decoding=\"async\" width=\"750\" height=\"500\" src=\"https:\/\/www.sideaita.it\/wp-content\/uploads\/2019\/12\/settore-giovanile-atalanta-rodrigo-guth-3.jpg\" class=\"attachment-original size-original\" alt=\"sector juvenil-atalanta-rodrigo-guth\" ids=\"59080,59081,59082,59083,59084,59085,59086,59087,59088,59089,59090,59091,59093,59094,59095,59096,59097\" style=\"none\" lightbox=\"false\" type=\"slider-full\" slider_nav_style=\"circle\" slider_bullets=\"true\" auto_slide=\"7000\" image_size=\"original\" text_padding=\"0px 0px 0px 0px\" visibility=\"hide-for-small\" srcset=\"https:\/\/www.sideaita.it\/wp-content\/uploads\/2019\/12\/settore-giovanile-atalanta-rodrigo-guth-3.jpg 750w, https:\/\/www.sideaita.it\/wp-content\/uploads\/2019\/12\/settore-giovanile-atalanta-rodrigo-guth-3-600x400.jpg 600w, https:\/\/www.sideaita.it\/wp-content\/uploads\/2019\/12\/settore-giovanile-atalanta-rodrigo-guth-3-700x467.jpg 700w\" sizes=\"auto, (max-width: 750px) 100vw, 750px\" \/>                                                              <\/div>\n              <div class=\"box-text text-left\" style=\"padding:0px 0px 0px 0px;\">\n                 <p>Rodrigo Guth - Atalanta Primavera<\/p>\n              <\/div>\n            <\/div>\n                      <\/div>\n         <\/div><div class=\"gallery-col col\" >\n          <div class=\"col-inner\">\n                        <div class=\"box has-hover gallery-box box-none\">\n              <div class=\"box-image\" >\n                <img loading=\"lazy\" decoding=\"async\" width=\"750\" height=\"500\" src=\"https:\/\/www.sideaita.it\/wp-content\/uploads\/2019\/12\/settore-giovanile-atalanta-rodrigo-guth-4.jpg\" class=\"attachment-original size-original\" alt=\"preparaci\u00f3n-f\u00fatbol-sector-juventud-atalanta-rodrigo-guth\" ids=\"59080,59081,59082,59083,59084,59085,59086,59087,59088,59089,59090,59091,59093,59094,59095,59096,59097\" style=\"none\" lightbox=\"false\" type=\"slider-full\" slider_nav_style=\"circle\" slider_bullets=\"true\" auto_slide=\"7000\" image_size=\"original\" text_padding=\"0px 0px 0px 0px\" visibility=\"hide-for-small\" srcset=\"https:\/\/www.sideaita.it\/wp-content\/uploads\/2019\/12\/settore-giovanile-atalanta-rodrigo-guth-4.jpg 750w, https:\/\/www.sideaita.it\/wp-content\/uploads\/2019\/12\/settore-giovanile-atalanta-rodrigo-guth-4-600x400.jpg 600w, https:\/\/www.sideaita.it\/wp-content\/uploads\/2019\/12\/settore-giovanile-atalanta-rodrigo-guth-4-700x467.jpg 700w\" sizes=\"auto, (max-width: 750px) 100vw, 750px\" \/>                                                              <\/div>\n              <div class=\"box-text text-left\" style=\"padding:0px 0px 0px 0px;\">\n                 <p><\/p>\n              <\/div>\n            <\/div>\n                      <\/div>\n         <\/div><div class=\"gallery-col col\" >\n          <div class=\"col-inner\">\n                        <div class=\"box has-hover gallery-box box-none\">\n              <div class=\"box-image\" >\n                <img loading=\"lazy\" decoding=\"async\" width=\"750\" height=\"500\" src=\"https:\/\/www.sideaita.it\/wp-content\/uploads\/2019\/12\/settore-giovanile-atalanta-rodrigo-guth-5.jpg\" class=\"attachment-original size-original\" alt=\"sector juvenil-atalanta-rodrigo-guth\" ids=\"59080,59081,59082,59083,59084,59085,59086,59087,59088,59089,59090,59091,59093,59094,59095,59096,59097\" style=\"none\" lightbox=\"false\" type=\"slider-full\" slider_nav_style=\"circle\" slider_bullets=\"true\" auto_slide=\"7000\" image_size=\"original\" text_padding=\"0px 0px 0px 0px\" visibility=\"hide-for-small\" srcset=\"https:\/\/www.sideaita.it\/wp-content\/uploads\/2019\/12\/settore-giovanile-atalanta-rodrigo-guth-5.jpg 750w, https:\/\/www.sideaita.it\/wp-content\/uploads\/2019\/12\/settore-giovanile-atalanta-rodrigo-guth-5-600x400.jpg 600w, https:\/\/www.sideaita.it\/wp-content\/uploads\/2019\/12\/settore-giovanile-atalanta-rodrigo-guth-5-700x467.jpg 700w\" sizes=\"auto, (max-width: 750px) 100vw, 750px\" \/>                                                              <\/div>\n              <div class=\"box-text text-left\" style=\"padding:0px 0px 0px 0px;\">\n                 <p><\/p>\n              <\/div>\n            <\/div>\n                      <\/div>\n         <\/div><div class=\"gallery-col col\" >\n          <div class=\"col-inner\">\n                        <div class=\"box has-hover gallery-box box-none\">\n              <div class=\"box-image\" >\n                <img loading=\"lazy\" decoding=\"async\" width=\"750\" height=\"500\" src=\"https:\/\/www.sideaita.it\/wp-content\/uploads\/2019\/12\/settore-giovanile-atalanta-rodrigo-guth-6.jpg\" class=\"attachment-original size-original\" alt=\"sector juvenil-atalanta-rodrigo-guth\" ids=\"59080,59081,59082,59083,59084,59085,59086,59087,59088,59089,59090,59091,59093,59094,59095,59096,59097\" style=\"none\" lightbox=\"false\" type=\"slider-full\" slider_nav_style=\"circle\" slider_bullets=\"true\" auto_slide=\"7000\" image_size=\"original\" text_padding=\"0px 0px 0px 0px\" visibility=\"hide-for-small\" srcset=\"https:\/\/www.sideaita.it\/wp-content\/uploads\/2019\/12\/settore-giovanile-atalanta-rodrigo-guth-6.jpg 750w, https:\/\/www.sideaita.it\/wp-content\/uploads\/2019\/12\/settore-giovanile-atalanta-rodrigo-guth-6-600x400.jpg 600w, https:\/\/www.sideaita.it\/wp-content\/uploads\/2019\/12\/settore-giovanile-atalanta-rodrigo-guth-6-700x467.jpg 700w\" sizes=\"auto, (max-width: 750px) 100vw, 750px\" \/>                                                              <\/div>\n              <div class=\"box-text text-left\" style=\"padding:0px 0px 0px 0px;\">\n                 <p><\/p>\n              <\/div>\n            <\/div>\n                      <\/div>\n         <\/div><div class=\"gallery-col col\" >\n          <div class=\"col-inner\">\n                        <div class=\"box has-hover gallery-box box-none\">\n              <div class=\"box-image\" >\n                <img loading=\"lazy\" decoding=\"async\" width=\"750\" height=\"500\" src=\"https:\/\/www.sideaita.it\/wp-content\/uploads\/2019\/12\/settore-giovanile-atalanta-rodrigo-guth-7.jpg\" class=\"attachment-original size-original\" alt=\"sector juvenil-atalanta-rodrigo-guth\" ids=\"59080,59081,59082,59083,59084,59085,59086,59087,59088,59089,59090,59091,59093,59094,59095,59096,59097\" style=\"none\" lightbox=\"false\" type=\"slider-full\" slider_nav_style=\"circle\" slider_bullets=\"true\" auto_slide=\"7000\" image_size=\"original\" text_padding=\"0px 0px 0px 0px\" visibility=\"hide-for-small\" srcset=\"https:\/\/www.sideaita.it\/wp-content\/uploads\/2019\/12\/settore-giovanile-atalanta-rodrigo-guth-7.jpg 750w, https:\/\/www.sideaita.it\/wp-content\/uploads\/2019\/12\/settore-giovanile-atalanta-rodrigo-guth-7-600x400.jpg 600w, https:\/\/www.sideaita.it\/wp-content\/uploads\/2019\/12\/settore-giovanile-atalanta-rodrigo-guth-7-700x467.jpg 700w\" sizes=\"auto, (max-width: 750px) 100vw, 750px\" \/>                                                              <\/div>\n              <div class=\"box-text text-left\" style=\"padding:0px 0px 0px 0px;\">\n                 <p><\/p>\n              <\/div>\n            <\/div>\n                      <\/div>\n         <\/div><div class=\"gallery-col col\" >\n          <div class=\"col-inner\">\n                        <div class=\"box has-hover gallery-box box-none\">\n              <div class=\"box-image\" >\n                <img loading=\"lazy\" decoding=\"async\" width=\"750\" height=\"500\" src=\"https:\/\/www.sideaita.it\/wp-content\/uploads\/2019\/12\/settore-giovanile-atalanta-rodrigo-guth-8.jpg\" class=\"attachment-original size-original\" alt=\"sector juvenil-atalanta-rodrigo-guth\" ids=\"59080,59081,59082,59083,59084,59085,59086,59087,59088,59089,59090,59091,59093,59094,59095,59096,59097\" style=\"none\" lightbox=\"false\" type=\"slider-full\" slider_nav_style=\"circle\" slider_bullets=\"true\" auto_slide=\"7000\" image_size=\"original\" text_padding=\"0px 0px 0px 0px\" visibility=\"hide-for-small\" srcset=\"https:\/\/www.sideaita.it\/wp-content\/uploads\/2019\/12\/settore-giovanile-atalanta-rodrigo-guth-8.jpg 750w, https:\/\/www.sideaita.it\/wp-content\/uploads\/2019\/12\/settore-giovanile-atalanta-rodrigo-guth-8-600x400.jpg 600w, https:\/\/www.sideaita.it\/wp-content\/uploads\/2019\/12\/settore-giovanile-atalanta-rodrigo-guth-8-700x467.jpg 700w\" sizes=\"auto, (max-width: 750px) 100vw, 750px\" \/>                                                              <\/div>\n              <div class=\"box-text text-left\" style=\"padding:0px 0px 0px 0px;\">\n                 <p>Rodrigo Guth - Atalanta Primavera<\/p>\n              <\/div>\n            <\/div>\n                      <\/div>\n         <\/div><div class=\"gallery-col col\" >\n          <div class=\"col-inner\">\n                        <div class=\"box has-hover gallery-box box-none\">\n              <div class=\"box-image\" >\n                <img loading=\"lazy\" decoding=\"async\" width=\"750\" height=\"500\" src=\"https:\/\/www.sideaita.it\/wp-content\/uploads\/2019\/12\/settore-giovanile-atalanta-rodrigo-guth-9.jpg\" class=\"attachment-original size-original\" alt=\"sector juvenil-atalanta-rodrigo-guth\" ids=\"59080,59081,59082,59083,59084,59085,59086,59087,59088,59089,59090,59091,59093,59094,59095,59096,59097\" style=\"none\" lightbox=\"false\" type=\"slider-full\" slider_nav_style=\"circle\" slider_bullets=\"true\" auto_slide=\"7000\" image_size=\"original\" text_padding=\"0px 0px 0px 0px\" visibility=\"hide-for-small\" srcset=\"https:\/\/www.sideaita.it\/wp-content\/uploads\/2019\/12\/settore-giovanile-atalanta-rodrigo-guth-9.jpg 750w, https:\/\/www.sideaita.it\/wp-content\/uploads\/2019\/12\/settore-giovanile-atalanta-rodrigo-guth-9-600x400.jpg 600w, https:\/\/www.sideaita.it\/wp-content\/uploads\/2019\/12\/settore-giovanile-atalanta-rodrigo-guth-9-700x467.jpg 700w\" sizes=\"auto, (max-width: 750px) 100vw, 750px\" \/>                                                              <\/div>\n              <div class=\"box-text text-left\" style=\"padding:0px 0px 0px 0px;\">\n                 <p><\/p>\n              <\/div>\n            <\/div>\n                      <\/div>\n         <\/div><div class=\"gallery-col col\" >\n          <div class=\"col-inner\">\n                        <div class=\"box has-hover gallery-box box-none\">\n              <div class=\"box-image\" >\n                <img loading=\"lazy\" decoding=\"async\" width=\"750\" height=\"500\" src=\"https:\/\/www.sideaita.it\/wp-content\/uploads\/2019\/12\/settore-giovanile-atalanta-rodrigo-guth-10.jpg\" class=\"attachment-original size-original\" alt=\"sector juvenil-atalanta-rodrigo-guth\" ids=\"59080,59081,59082,59083,59084,59085,59086,59087,59088,59089,59090,59091,59093,59094,59095,59096,59097\" style=\"none\" lightbox=\"false\" type=\"slider-full\" slider_nav_style=\"circle\" slider_bullets=\"true\" auto_slide=\"7000\" image_size=\"original\" text_padding=\"0px 0px 0px 0px\" visibility=\"hide-for-small\" srcset=\"https:\/\/www.sideaita.it\/wp-content\/uploads\/2019\/12\/settore-giovanile-atalanta-rodrigo-guth-10.jpg 750w, https:\/\/www.sideaita.it\/wp-content\/uploads\/2019\/12\/settore-giovanile-atalanta-rodrigo-guth-10-600x400.jpg 600w, https:\/\/www.sideaita.it\/wp-content\/uploads\/2019\/12\/settore-giovanile-atalanta-rodrigo-guth-10-700x467.jpg 700w\" sizes=\"auto, (max-width: 750px) 100vw, 750px\" \/>                                                              <\/div>\n              <div class=\"box-text text-left\" style=\"padding:0px 0px 0px 0px;\">\n                 <p><\/p>\n              <\/div>\n            <\/div>\n                      <\/div>\n         <\/div><div class=\"gallery-col col\" >\n          <div class=\"col-inner\">\n                        <div class=\"box has-hover gallery-box box-none\">\n              <div class=\"box-image\" >\n                <img loading=\"lazy\" decoding=\"async\" width=\"750\" height=\"500\" src=\"https:\/\/www.sideaita.it\/wp-content\/uploads\/2019\/12\/settore-giovanile-atalanta-rodrigo-guth-11.jpg\" class=\"attachment-original size-original\" alt=\"sector juvenil-atalanta-rodrigo-guth\" ids=\"59080,59081,59082,59083,59084,59085,59086,59087,59088,59089,59090,59091,59093,59094,59095,59096,59097\" style=\"none\" lightbox=\"false\" type=\"slider-full\" slider_nav_style=\"circle\" slider_bullets=\"true\" auto_slide=\"7000\" image_size=\"original\" text_padding=\"0px 0px 0px 0px\" visibility=\"hide-for-small\" srcset=\"https:\/\/www.sideaita.it\/wp-content\/uploads\/2019\/12\/settore-giovanile-atalanta-rodrigo-guth-11.jpg 750w, https:\/\/www.sideaita.it\/wp-content\/uploads\/2019\/12\/settore-giovanile-atalanta-rodrigo-guth-11-600x400.jpg 600w, https:\/\/www.sideaita.it\/wp-content\/uploads\/2019\/12\/settore-giovanile-atalanta-rodrigo-guth-11-700x467.jpg 700w\" sizes=\"auto, (max-width: 750px) 100vw, 750px\" \/>                                                              <\/div>\n              <div class=\"box-text text-left\" style=\"padding:0px 0px 0px 0px;\">\n                 <p><\/p>\n              <\/div>\n            <\/div>\n                      <\/div>\n         <\/div><div class=\"gallery-col col\" >\n          <div class=\"col-inner\">\n                        <div class=\"box has-hover gallery-box box-none\">\n              <div class=\"box-image\" >\n                <img loading=\"lazy\" decoding=\"async\" width=\"750\" height=\"500\" src=\"https:\/\/www.sideaita.it\/wp-content\/uploads\/2019\/12\/settore-giovanile-atalanta-rodrigo-guth-13.jpg\" class=\"attachment-original size-original\" alt=\"sector juvenil-atalanta-rodrigo-guth\" ids=\"59080,59081,59082,59083,59084,59085,59086,59087,59088,59089,59090,59091,59093,59094,59095,59096,59097\" style=\"none\" lightbox=\"false\" type=\"slider-full\" slider_nav_style=\"circle\" slider_bullets=\"true\" auto_slide=\"7000\" image_size=\"original\" text_padding=\"0px 0px 0px 0px\" visibility=\"hide-for-small\" srcset=\"https:\/\/www.sideaita.it\/wp-content\/uploads\/2019\/12\/settore-giovanile-atalanta-rodrigo-guth-13.jpg 750w, https:\/\/www.sideaita.it\/wp-content\/uploads\/2019\/12\/settore-giovanile-atalanta-rodrigo-guth-13-600x400.jpg 600w, https:\/\/www.sideaita.it\/wp-content\/uploads\/2019\/12\/settore-giovanile-atalanta-rodrigo-guth-13-700x467.jpg 700w\" sizes=\"auto, (max-width: 750px) 100vw, 750px\" \/>                                                              <\/div>\n              <div class=\"box-text text-left\" style=\"padding:0px 0px 0px 0px;\">\n                 <p>Rodrigo Guth - Atalanta Primavera<\/p>\n              <\/div>\n            <\/div>\n                      <\/div>\n         <\/div><div class=\"gallery-col col\" >\n          <div class=\"col-inner\">\n                        <div class=\"box has-hover gallery-box box-none\">\n              <div class=\"box-image\" >\n                <img loading=\"lazy\" decoding=\"async\" width=\"750\" height=\"500\" src=\"https:\/\/www.sideaita.it\/wp-content\/uploads\/2019\/12\/settore-giovanile-atalanta-rodrigo-guth-14.jpg\" class=\"attachment-original size-original\" alt=\"sector juvenil-atalanta-rodrigo-guth\" ids=\"59080,59081,59082,59083,59084,59085,59086,59087,59088,59089,59090,59091,59093,59094,59095,59096,59097\" style=\"none\" lightbox=\"false\" type=\"slider-full\" slider_nav_style=\"circle\" slider_bullets=\"true\" auto_slide=\"7000\" image_size=\"original\" text_padding=\"0px 0px 0px 0px\" visibility=\"hide-for-small\" srcset=\"https:\/\/www.sideaita.it\/wp-content\/uploads\/2019\/12\/settore-giovanile-atalanta-rodrigo-guth-14.jpg 750w, https:\/\/www.sideaita.it\/wp-content\/uploads\/2019\/12\/settore-giovanile-atalanta-rodrigo-guth-14-600x400.jpg 600w, https:\/\/www.sideaita.it\/wp-content\/uploads\/2019\/12\/settore-giovanile-atalanta-rodrigo-guth-14-700x467.jpg 700w\" sizes=\"auto, (max-width: 750px) 100vw, 750px\" \/>                                                              <\/div>\n              <div class=\"box-text text-left\" style=\"padding:0px 0px 0px 0px;\">\n                 <p><\/p>\n              <\/div>\n            <\/div>\n                      <\/div>\n         <\/div><div class=\"gallery-col col\" >\n          <div class=\"col-inner\">\n                        <div class=\"box has-hover gallery-box box-none\">\n              <div class=\"box-image\" >\n                <img loading=\"lazy\" decoding=\"async\" width=\"750\" height=\"500\" src=\"https:\/\/www.sideaita.it\/wp-content\/uploads\/2019\/12\/settore-giovanile-atalanta-rodrigo-guth-15.jpg\" class=\"attachment-original size-original\" alt=\"sector juvenil-atalanta-rodrigo-guth\" ids=\"59080,59081,59082,59083,59084,59085,59086,59087,59088,59089,59090,59091,59093,59094,59095,59096,59097\" style=\"none\" lightbox=\"false\" type=\"slider-full\" slider_nav_style=\"circle\" slider_bullets=\"true\" auto_slide=\"7000\" image_size=\"original\" text_padding=\"0px 0px 0px 0px\" visibility=\"hide-for-small\" srcset=\"https:\/\/www.sideaita.it\/wp-content\/uploads\/2019\/12\/settore-giovanile-atalanta-rodrigo-guth-15.jpg 750w, https:\/\/www.sideaita.it\/wp-content\/uploads\/2019\/12\/settore-giovanile-atalanta-rodrigo-guth-15-600x400.jpg 600w, https:\/\/www.sideaita.it\/wp-content\/uploads\/2019\/12\/settore-giovanile-atalanta-rodrigo-guth-15-700x467.jpg 700w\" sizes=\"auto, (max-width: 750px) 100vw, 750px\" \/>                                                              <\/div>\n              <div class=\"box-text text-left\" style=\"padding:0px 0px 0px 0px;\">\n                 <p><\/p>\n              <\/div>\n            <\/div>\n                      <\/div>\n         <\/div><div class=\"gallery-col col\" >\n          <div class=\"col-inner\">\n                        <div class=\"box has-hover gallery-box box-none\">\n              <div class=\"box-image\" >\n                <img loading=\"lazy\" decoding=\"async\" width=\"750\" height=\"500\" src=\"https:\/\/www.sideaita.it\/wp-content\/uploads\/2019\/12\/settore-giovanile-atalanta-rodrigo-guth-16.jpg\" class=\"attachment-original size-original\" alt=\"Atalanta sector juvenil rodrigo guth\" ids=\"59080,59081,59082,59083,59084,59085,59086,59087,59088,59089,59090,59091,59093,59094,59095,59096,59097\" style=\"none\" lightbox=\"false\" type=\"slider-full\" slider_nav_style=\"circle\" slider_bullets=\"true\" auto_slide=\"7000\" image_size=\"original\" text_padding=\"0px 0px 0px 0px\" visibility=\"hide-for-small\" srcset=\"https:\/\/www.sideaita.it\/wp-content\/uploads\/2019\/12\/settore-giovanile-atalanta-rodrigo-guth-16.jpg 750w, https:\/\/www.sideaita.it\/wp-content\/uploads\/2019\/12\/settore-giovanile-atalanta-rodrigo-guth-16-600x400.jpg 600w, https:\/\/www.sideaita.it\/wp-content\/uploads\/2019\/12\/settore-giovanile-atalanta-rodrigo-guth-16-700x467.jpg 700w\" sizes=\"auto, (max-width: 750px) 100vw, 750px\" \/>                                                              <\/div>\n              <div class=\"box-text text-left\" style=\"padding:0px 0px 0px 0px;\">\n                 <p><\/p>\n              <\/div>\n            <\/div>\n                      <\/div>\n         <\/div><div class=\"gallery-col col\" >\n          <div class=\"col-inner\">\n                        <div class=\"box has-hover gallery-box box-none\">\n              <div class=\"box-image\" >\n                <img loading=\"lazy\" decoding=\"async\" width=\"750\" height=\"500\" src=\"https:\/\/www.sideaita.it\/wp-content\/uploads\/2019\/12\/settore-giovanile-atalanta-rodrigo-guth-17.jpg\" class=\"attachment-original size-original\" alt=\"sector juvenil-atalanta-rodrigo-guth\" ids=\"59080,59081,59082,59083,59084,59085,59086,59087,59088,59089,59090,59091,59093,59094,59095,59096,59097\" style=\"none\" lightbox=\"false\" type=\"slider-full\" slider_nav_style=\"circle\" slider_bullets=\"true\" auto_slide=\"7000\" image_size=\"original\" text_padding=\"0px 0px 0px 0px\" visibility=\"hide-for-small\" srcset=\"https:\/\/www.sideaita.it\/wp-content\/uploads\/2019\/12\/settore-giovanile-atalanta-rodrigo-guth-17.jpg 750w, https:\/\/www.sideaita.it\/wp-content\/uploads\/2019\/12\/settore-giovanile-atalanta-rodrigo-guth-17-600x400.jpg 600w, https:\/\/www.sideaita.it\/wp-content\/uploads\/2019\/12\/settore-giovanile-atalanta-rodrigo-guth-17-700x467.jpg 700w\" sizes=\"auto, (max-width: 750px) 100vw, 750px\" \/>                                                              <\/div>\n              <div class=\"box-text text-left\" style=\"padding:0px 0px 0px 0px;\">\n                 <p><\/p>\n              <\/div>\n            <\/div>\n                      <\/div>\n         <\/div><\/div>\n\n  \n    <div id=\"gallery-394995914\" class=\"lightbox-multi-gallery show-for-small slider slider-auto-height row-collapse slider-nav-circle\" data-flickity-options='{&quot;imagesLoaded&quot;: true, &quot;dragThreshold&quot; : 5, &quot;cellAlign&quot;: &quot;left&quot;,&quot;wrapAround&quot;: true,&quot;prevNextButtons&quot;: true,&quot;percentPosition&quot;: true,&quot;pageDots&quot;: false, &quot;rightToLeft&quot;: false, &quot;autoPlay&quot; : 7000}'>\n\n  <div class=\"gallery-col col\" >\n          <div class=\"col-inner\">\n            <a class=\"\" href=\"https:\/\/www.sideaita.it\/wp-content\/uploads\/2019\/12\/settore-giovanile-atalanta-rodrigo-guth.jpg\" title=\"Rodrigo Guth - Atalanta Primavera\">            <div class=\"box has-hover gallery-box box-none\">\n              <div class=\"box-image\" >\n                <img loading=\"lazy\" decoding=\"async\" width=\"750\" height=\"500\" src=\"https:\/\/www.sideaita.it\/wp-content\/uploads\/2019\/12\/settore-giovanile-atalanta-rodrigo-guth.jpg\" class=\"attachment-original size-original\" alt=\"sector juvenil-atalanta-rodrigo-guth\" ids=\"59080,59081,59082,59083,59084,59085,59086,59087,59088,59089,59090,59091,59093,59094,59095,59096,59097\" style=\"none\" lightbox_image_size=\"original\" type=\"slider-full\" slider_nav_style=\"circle\" auto_slide=\"7000\" image_size=\"original\" text_padding=\"0px 0px 0px 0px\" visibility=\"show-for-small\" srcset=\"https:\/\/www.sideaita.it\/wp-content\/uploads\/2019\/12\/settore-giovanile-atalanta-rodrigo-guth.jpg 750w, https:\/\/www.sideaita.it\/wp-content\/uploads\/2019\/12\/settore-giovanile-atalanta-rodrigo-guth-600x400.jpg 600w, https:\/\/www.sideaita.it\/wp-content\/uploads\/2019\/12\/settore-giovanile-atalanta-rodrigo-guth-700x467.jpg 700w\" sizes=\"auto, (max-width: 750px) 100vw, 750px\" \/>                                                              <\/div>\n              <div class=\"box-text text-left\" style=\"padding:0px 0px 0px 0px;\">\n                 <p>Rodrigo Guth - Atalanta Primavera<\/p>\n              <\/div>\n            <\/div>\n            <\/a>          <\/div>\n         <\/div><div class=\"gallery-col col\" >\n          <div class=\"col-inner\">\n            <a class=\"\" href=\"https:\/\/www.sideaita.it\/wp-content\/uploads\/2019\/12\/settore-giovanile-atalanta-rodrigo-guth-1.jpg\" title=\"\">            <div class=\"box has-hover gallery-box box-none\">\n              <div class=\"box-image\" >\n                <img loading=\"lazy\" decoding=\"async\" width=\"750\" height=\"500\" src=\"https:\/\/www.sideaita.it\/wp-content\/uploads\/2019\/12\/settore-giovanile-atalanta-rodrigo-guth-1.jpg\" class=\"attachment-original size-original\" alt=\"Atalanta sector juvenil rodrigo guth\" ids=\"59080,59081,59082,59083,59084,59085,59086,59087,59088,59089,59090,59091,59093,59094,59095,59096,59097\" style=\"none\" lightbox_image_size=\"original\" type=\"slider-full\" slider_nav_style=\"circle\" auto_slide=\"7000\" image_size=\"original\" text_padding=\"0px 0px 0px 0px\" visibility=\"show-for-small\" srcset=\"https:\/\/www.sideaita.it\/wp-content\/uploads\/2019\/12\/settore-giovanile-atalanta-rodrigo-guth-1.jpg 750w, https:\/\/www.sideaita.it\/wp-content\/uploads\/2019\/12\/settore-giovanile-atalanta-rodrigo-guth-1-600x400.jpg 600w, https:\/\/www.sideaita.it\/wp-content\/uploads\/2019\/12\/settore-giovanile-atalanta-rodrigo-guth-1-700x467.jpg 700w\" sizes=\"auto, (max-width: 750px) 100vw, 750px\" \/>                                                              <\/div>\n              <div class=\"box-text text-left\" style=\"padding:0px 0px 0px 0px;\">\n                 <p><\/p>\n              <\/div>\n            <\/div>\n            <\/a>          <\/div>\n         <\/div><div class=\"gallery-col col\" >\n          <div class=\"col-inner\">\n            <a class=\"\" href=\"https:\/\/www.sideaita.it\/wp-content\/uploads\/2019\/12\/settore-giovanile-atalanta-rodrigo-guth-2.jpg\" title=\"Rodrigo Guth - Atalanta Primavera\">            <div class=\"box has-hover gallery-box box-none\">\n              <div class=\"box-image\" >\n                <img loading=\"lazy\" decoding=\"async\" width=\"750\" height=\"500\" src=\"https:\/\/www.sideaita.it\/wp-content\/uploads\/2019\/12\/settore-giovanile-atalanta-rodrigo-guth-2.jpg\" class=\"attachment-original size-original\" alt=\"sector juvenil-atalanta-rodrigo-guth\" ids=\"59080,59081,59082,59083,59084,59085,59086,59087,59088,59089,59090,59091,59093,59094,59095,59096,59097\" style=\"none\" lightbox_image_size=\"original\" type=\"slider-full\" slider_nav_style=\"circle\" auto_slide=\"7000\" image_size=\"original\" text_padding=\"0px 0px 0px 0px\" visibility=\"show-for-small\" srcset=\"https:\/\/www.sideaita.it\/wp-content\/uploads\/2019\/12\/settore-giovanile-atalanta-rodrigo-guth-2.jpg 750w, https:\/\/www.sideaita.it\/wp-content\/uploads\/2019\/12\/settore-giovanile-atalanta-rodrigo-guth-2-600x400.jpg 600w, https:\/\/www.sideaita.it\/wp-content\/uploads\/2019\/12\/settore-giovanile-atalanta-rodrigo-guth-2-700x467.jpg 700w\" sizes=\"auto, (max-width: 750px) 100vw, 750px\" \/>                                                              <\/div>\n              <div class=\"box-text text-left\" style=\"padding:0px 0px 0px 0px;\">\n                 <p>Rodrigo Guth - Atalanta Primavera<\/p>\n              <\/div>\n            <\/div>\n            <\/a>          <\/div>\n         <\/div><div class=\"gallery-col col\" >\n          <div class=\"col-inner\">\n            <a class=\"\" href=\"https:\/\/www.sideaita.it\/wp-content\/uploads\/2019\/12\/settore-giovanile-atalanta-rodrigo-guth-3.jpg\" title=\"Rodrigo Guth - Atalanta Primavera\">            <div class=\"box has-hover gallery-box box-none\">\n              <div class=\"box-image\" >\n                <img loading=\"lazy\" decoding=\"async\" width=\"750\" height=\"500\" src=\"https:\/\/www.sideaita.it\/wp-content\/uploads\/2019\/12\/settore-giovanile-atalanta-rodrigo-guth-3.jpg\" class=\"attachment-original size-original\" alt=\"sector juvenil-atalanta-rodrigo-guth\" ids=\"59080,59081,59082,59083,59084,59085,59086,59087,59088,59089,59090,59091,59093,59094,59095,59096,59097\" style=\"none\" lightbox_image_size=\"original\" type=\"slider-full\" slider_nav_style=\"circle\" auto_slide=\"7000\" image_size=\"original\" text_padding=\"0px 0px 0px 0px\" visibility=\"show-for-small\" srcset=\"https:\/\/www.sideaita.it\/wp-content\/uploads\/2019\/12\/settore-giovanile-atalanta-rodrigo-guth-3.jpg 750w, https:\/\/www.sideaita.it\/wp-content\/uploads\/2019\/12\/settore-giovanile-atalanta-rodrigo-guth-3-600x400.jpg 600w, https:\/\/www.sideaita.it\/wp-content\/uploads\/2019\/12\/settore-giovanile-atalanta-rodrigo-guth-3-700x467.jpg 700w\" sizes=\"auto, (max-width: 750px) 100vw, 750px\" \/>                                                              <\/div>\n              <div class=\"box-text text-left\" style=\"padding:0px 0px 0px 0px;\">\n                 <p>Rodrigo Guth - Atalanta Primavera<\/p>\n              <\/div>\n            <\/div>\n            <\/a>          <\/div>\n         <\/div><div class=\"gallery-col col\" >\n          <div class=\"col-inner\">\n            <a class=\"\" href=\"https:\/\/www.sideaita.it\/wp-content\/uploads\/2019\/12\/settore-giovanile-atalanta-rodrigo-guth-4.jpg\" title=\"\">            <div class=\"box has-hover gallery-box box-none\">\n              <div class=\"box-image\" >\n                <img loading=\"lazy\" decoding=\"async\" width=\"750\" height=\"500\" src=\"https:\/\/www.sideaita.it\/wp-content\/uploads\/2019\/12\/settore-giovanile-atalanta-rodrigo-guth-4.jpg\" class=\"attachment-original size-original\" alt=\"preparaci\u00f3n-f\u00fatbol-sector-juventud-atalanta-rodrigo-guth\" ids=\"59080,59081,59082,59083,59084,59085,59086,59087,59088,59089,59090,59091,59093,59094,59095,59096,59097\" style=\"none\" lightbox_image_size=\"original\" type=\"slider-full\" slider_nav_style=\"circle\" auto_slide=\"7000\" image_size=\"original\" text_padding=\"0px 0px 0px 0px\" visibility=\"show-for-small\" srcset=\"https:\/\/www.sideaita.it\/wp-content\/uploads\/2019\/12\/settore-giovanile-atalanta-rodrigo-guth-4.jpg 750w, https:\/\/www.sideaita.it\/wp-content\/uploads\/2019\/12\/settore-giovanile-atalanta-rodrigo-guth-4-600x400.jpg 600w, https:\/\/www.sideaita.it\/wp-content\/uploads\/2019\/12\/settore-giovanile-atalanta-rodrigo-guth-4-700x467.jpg 700w\" sizes=\"auto, (max-width: 750px) 100vw, 750px\" \/>                                                              <\/div>\n              <div class=\"box-text text-left\" style=\"padding:0px 0px 0px 0px;\">\n                 <p><\/p>\n              <\/div>\n            <\/div>\n            <\/a>          <\/div>\n         <\/div><div class=\"gallery-col col\" >\n          <div class=\"col-inner\">\n            <a class=\"\" href=\"https:\/\/www.sideaita.it\/wp-content\/uploads\/2019\/12\/settore-giovanile-atalanta-rodrigo-guth-5.jpg\" title=\"\">            <div class=\"box has-hover gallery-box box-none\">\n              <div class=\"box-image\" >\n                <img loading=\"lazy\" decoding=\"async\" width=\"750\" height=\"500\" src=\"https:\/\/www.sideaita.it\/wp-content\/uploads\/2019\/12\/settore-giovanile-atalanta-rodrigo-guth-5.jpg\" class=\"attachment-original size-original\" alt=\"sector juvenil-atalanta-rodrigo-guth\" ids=\"59080,59081,59082,59083,59084,59085,59086,59087,59088,59089,59090,59091,59093,59094,59095,59096,59097\" style=\"none\" lightbox_image_size=\"original\" type=\"slider-full\" slider_nav_style=\"circle\" auto_slide=\"7000\" image_size=\"original\" text_padding=\"0px 0px 0px 0px\" visibility=\"show-for-small\" srcset=\"https:\/\/www.sideaita.it\/wp-content\/uploads\/2019\/12\/settore-giovanile-atalanta-rodrigo-guth-5.jpg 750w, https:\/\/www.sideaita.it\/wp-content\/uploads\/2019\/12\/settore-giovanile-atalanta-rodrigo-guth-5-600x400.jpg 600w, https:\/\/www.sideaita.it\/wp-content\/uploads\/2019\/12\/settore-giovanile-atalanta-rodrigo-guth-5-700x467.jpg 700w\" sizes=\"auto, (max-width: 750px) 100vw, 750px\" \/>                                                              <\/div>\n              <div class=\"box-text text-left\" style=\"padding:0px 0px 0px 0px;\">\n                 <p><\/p>\n              <\/div>\n            <\/div>\n            <\/a>          <\/div>\n         <\/div><div class=\"gallery-col col\" >\n          <div class=\"col-inner\">\n            <a class=\"\" href=\"https:\/\/www.sideaita.it\/wp-content\/uploads\/2019\/12\/settore-giovanile-atalanta-rodrigo-guth-6.jpg\" title=\"\">            <div class=\"box has-hover gallery-box box-none\">\n              <div class=\"box-image\" >\n                <img loading=\"lazy\" decoding=\"async\" width=\"750\" height=\"500\" src=\"https:\/\/www.sideaita.it\/wp-content\/uploads\/2019\/12\/settore-giovanile-atalanta-rodrigo-guth-6.jpg\" class=\"attachment-original size-original\" alt=\"sector juvenil-atalanta-rodrigo-guth\" ids=\"59080,59081,59082,59083,59084,59085,59086,59087,59088,59089,59090,59091,59093,59094,59095,59096,59097\" style=\"none\" lightbox_image_size=\"original\" type=\"slider-full\" slider_nav_style=\"circle\" auto_slide=\"7000\" image_size=\"original\" text_padding=\"0px 0px 0px 0px\" visibility=\"show-for-small\" srcset=\"https:\/\/www.sideaita.it\/wp-content\/uploads\/2019\/12\/settore-giovanile-atalanta-rodrigo-guth-6.jpg 750w, https:\/\/www.sideaita.it\/wp-content\/uploads\/2019\/12\/settore-giovanile-atalanta-rodrigo-guth-6-600x400.jpg 600w, https:\/\/www.sideaita.it\/wp-content\/uploads\/2019\/12\/settore-giovanile-atalanta-rodrigo-guth-6-700x467.jpg 700w\" sizes=\"auto, (max-width: 750px) 100vw, 750px\" \/>                                                              <\/div>\n              <div class=\"box-text text-left\" style=\"padding:0px 0px 0px 0px;\">\n                 <p><\/p>\n              <\/div>\n            <\/div>\n            <\/a>          <\/div>\n         <\/div><div class=\"gallery-col col\" >\n          <div class=\"col-inner\">\n            <a class=\"\" href=\"https:\/\/www.sideaita.it\/wp-content\/uploads\/2019\/12\/settore-giovanile-atalanta-rodrigo-guth-7.jpg\" title=\"\">            <div class=\"box has-hover gallery-box box-none\">\n              <div class=\"box-image\" >\n                <img loading=\"lazy\" decoding=\"async\" width=\"750\" height=\"500\" src=\"https:\/\/www.sideaita.it\/wp-content\/uploads\/2019\/12\/settore-giovanile-atalanta-rodrigo-guth-7.jpg\" class=\"attachment-original size-original\" alt=\"sector juvenil-atalanta-rodrigo-guth\" ids=\"59080,59081,59082,59083,59084,59085,59086,59087,59088,59089,59090,59091,59093,59094,59095,59096,59097\" style=\"none\" lightbox_image_size=\"original\" type=\"slider-full\" slider_nav_style=\"circle\" auto_slide=\"7000\" image_size=\"original\" text_padding=\"0px 0px 0px 0px\" visibility=\"show-for-small\" srcset=\"https:\/\/www.sideaita.it\/wp-content\/uploads\/2019\/12\/settore-giovanile-atalanta-rodrigo-guth-7.jpg 750w, https:\/\/www.sideaita.it\/wp-content\/uploads\/2019\/12\/settore-giovanile-atalanta-rodrigo-guth-7-600x400.jpg 600w, https:\/\/www.sideaita.it\/wp-content\/uploads\/2019\/12\/settore-giovanile-atalanta-rodrigo-guth-7-700x467.jpg 700w\" sizes=\"auto, (max-width: 750px) 100vw, 750px\" \/>                                                              <\/div>\n              <div class=\"box-text text-left\" style=\"padding:0px 0px 0px 0px;\">\n                 <p><\/p>\n              <\/div>\n            <\/div>\n            <\/a>          <\/div>\n         <\/div><div class=\"gallery-col col\" >\n          <div class=\"col-inner\">\n            <a class=\"\" href=\"https:\/\/www.sideaita.it\/wp-content\/uploads\/2019\/12\/settore-giovanile-atalanta-rodrigo-guth-8.jpg\" title=\"Rodrigo Guth - Atalanta Primavera\">            <div class=\"box has-hover gallery-box box-none\">\n              <div class=\"box-image\" >\n                <img loading=\"lazy\" decoding=\"async\" width=\"750\" height=\"500\" src=\"https:\/\/www.sideaita.it\/wp-content\/uploads\/2019\/12\/settore-giovanile-atalanta-rodrigo-guth-8.jpg\" class=\"attachment-original size-original\" alt=\"sector juvenil-atalanta-rodrigo-guth\" ids=\"59080,59081,59082,59083,59084,59085,59086,59087,59088,59089,59090,59091,59093,59094,59095,59096,59097\" style=\"none\" lightbox_image_size=\"original\" type=\"slider-full\" slider_nav_style=\"circle\" auto_slide=\"7000\" image_size=\"original\" text_padding=\"0px 0px 0px 0px\" visibility=\"show-for-small\" srcset=\"https:\/\/www.sideaita.it\/wp-content\/uploads\/2019\/12\/settore-giovanile-atalanta-rodrigo-guth-8.jpg 750w, https:\/\/www.sideaita.it\/wp-content\/uploads\/2019\/12\/settore-giovanile-atalanta-rodrigo-guth-8-600x400.jpg 600w, https:\/\/www.sideaita.it\/wp-content\/uploads\/2019\/12\/settore-giovanile-atalanta-rodrigo-guth-8-700x467.jpg 700w\" sizes=\"auto, (max-width: 750px) 100vw, 750px\" \/>                                                              <\/div>\n              <div class=\"box-text text-left\" style=\"padding:0px 0px 0px 0px;\">\n                 <p>Rodrigo Guth - Atalanta Primavera<\/p>\n              <\/div>\n            <\/div>\n            <\/a>          <\/div>\n         <\/div><div class=\"gallery-col col\" >\n          <div class=\"col-inner\">\n            <a class=\"\" href=\"https:\/\/www.sideaita.it\/wp-content\/uploads\/2019\/12\/settore-giovanile-atalanta-rodrigo-guth-9.jpg\" title=\"\">            <div class=\"box has-hover gallery-box box-none\">\n              <div class=\"box-image\" >\n                <img loading=\"lazy\" decoding=\"async\" width=\"750\" height=\"500\" src=\"https:\/\/www.sideaita.it\/wp-content\/uploads\/2019\/12\/settore-giovanile-atalanta-rodrigo-guth-9.jpg\" class=\"attachment-original size-original\" alt=\"sector juvenil-atalanta-rodrigo-guth\" ids=\"59080,59081,59082,59083,59084,59085,59086,59087,59088,59089,59090,59091,59093,59094,59095,59096,59097\" style=\"none\" lightbox_image_size=\"original\" type=\"slider-full\" slider_nav_style=\"circle\" auto_slide=\"7000\" image_size=\"original\" text_padding=\"0px 0px 0px 0px\" visibility=\"show-for-small\" srcset=\"https:\/\/www.sideaita.it\/wp-content\/uploads\/2019\/12\/settore-giovanile-atalanta-rodrigo-guth-9.jpg 750w, https:\/\/www.sideaita.it\/wp-content\/uploads\/2019\/12\/settore-giovanile-atalanta-rodrigo-guth-9-600x400.jpg 600w, https:\/\/www.sideaita.it\/wp-content\/uploads\/2019\/12\/settore-giovanile-atalanta-rodrigo-guth-9-700x467.jpg 700w\" sizes=\"auto, (max-width: 750px) 100vw, 750px\" \/>                                                              <\/div>\n              <div class=\"box-text text-left\" style=\"padding:0px 0px 0px 0px;\">\n                 <p><\/p>\n              <\/div>\n            <\/div>\n            <\/a>          <\/div>\n         <\/div><div class=\"gallery-col col\" >\n          <div class=\"col-inner\">\n            <a class=\"\" href=\"https:\/\/www.sideaita.it\/wp-content\/uploads\/2019\/12\/settore-giovanile-atalanta-rodrigo-guth-10.jpg\" title=\"\">            <div class=\"box has-hover gallery-box box-none\">\n              <div class=\"box-image\" >\n                <img loading=\"lazy\" decoding=\"async\" width=\"750\" height=\"500\" src=\"https:\/\/www.sideaita.it\/wp-content\/uploads\/2019\/12\/settore-giovanile-atalanta-rodrigo-guth-10.jpg\" class=\"attachment-original size-original\" alt=\"sector juvenil-atalanta-rodrigo-guth\" ids=\"59080,59081,59082,59083,59084,59085,59086,59087,59088,59089,59090,59091,59093,59094,59095,59096,59097\" style=\"none\" lightbox_image_size=\"original\" type=\"slider-full\" slider_nav_style=\"circle\" auto_slide=\"7000\" image_size=\"original\" text_padding=\"0px 0px 0px 0px\" visibility=\"show-for-small\" srcset=\"https:\/\/www.sideaita.it\/wp-content\/uploads\/2019\/12\/settore-giovanile-atalanta-rodrigo-guth-10.jpg 750w, https:\/\/www.sideaita.it\/wp-content\/uploads\/2019\/12\/settore-giovanile-atalanta-rodrigo-guth-10-600x400.jpg 600w, https:\/\/www.sideaita.it\/wp-content\/uploads\/2019\/12\/settore-giovanile-atalanta-rodrigo-guth-10-700x467.jpg 700w\" sizes=\"auto, (max-width: 750px) 100vw, 750px\" \/>                                                              <\/div>\n              <div class=\"box-text text-left\" style=\"padding:0px 0px 0px 0px;\">\n                 <p><\/p>\n              <\/div>\n            <\/div>\n            <\/a>          <\/div>\n         <\/div><div class=\"gallery-col col\" >\n          <div class=\"col-inner\">\n            <a class=\"\" href=\"https:\/\/www.sideaita.it\/wp-content\/uploads\/2019\/12\/settore-giovanile-atalanta-rodrigo-guth-11.jpg\" title=\"\">            <div class=\"box has-hover gallery-box box-none\">\n              <div class=\"box-image\" >\n                <img loading=\"lazy\" decoding=\"async\" width=\"750\" height=\"500\" src=\"https:\/\/www.sideaita.it\/wp-content\/uploads\/2019\/12\/settore-giovanile-atalanta-rodrigo-guth-11.jpg\" class=\"attachment-original size-original\" alt=\"sector juvenil-atalanta-rodrigo-guth\" ids=\"59080,59081,59082,59083,59084,59085,59086,59087,59088,59089,59090,59091,59093,59094,59095,59096,59097\" style=\"none\" lightbox_image_size=\"original\" type=\"slider-full\" slider_nav_style=\"circle\" auto_slide=\"7000\" image_size=\"original\" text_padding=\"0px 0px 0px 0px\" visibility=\"show-for-small\" srcset=\"https:\/\/www.sideaita.it\/wp-content\/uploads\/2019\/12\/settore-giovanile-atalanta-rodrigo-guth-11.jpg 750w, https:\/\/www.sideaita.it\/wp-content\/uploads\/2019\/12\/settore-giovanile-atalanta-rodrigo-guth-11-600x400.jpg 600w, https:\/\/www.sideaita.it\/wp-content\/uploads\/2019\/12\/settore-giovanile-atalanta-rodrigo-guth-11-700x467.jpg 700w\" sizes=\"auto, (max-width: 750px) 100vw, 750px\" \/>                                                              <\/div>\n              <div class=\"box-text text-left\" style=\"padding:0px 0px 0px 0px;\">\n                 <p><\/p>\n              <\/div>\n            <\/div>\n            <\/a>          <\/div>\n         <\/div><div class=\"gallery-col col\" >\n          <div class=\"col-inner\">\n            <a class=\"\" href=\"https:\/\/www.sideaita.it\/wp-content\/uploads\/2019\/12\/settore-giovanile-atalanta-rodrigo-guth-13.jpg\" title=\"Rodrigo Guth - Atalanta Primavera\">            <div class=\"box has-hover gallery-box box-none\">\n              <div class=\"box-image\" >\n                <img loading=\"lazy\" decoding=\"async\" width=\"750\" height=\"500\" src=\"https:\/\/www.sideaita.it\/wp-content\/uploads\/2019\/12\/settore-giovanile-atalanta-rodrigo-guth-13.jpg\" class=\"attachment-original size-original\" alt=\"sector juvenil-atalanta-rodrigo-guth\" ids=\"59080,59081,59082,59083,59084,59085,59086,59087,59088,59089,59090,59091,59093,59094,59095,59096,59097\" style=\"none\" lightbox_image_size=\"original\" type=\"slider-full\" slider_nav_style=\"circle\" auto_slide=\"7000\" image_size=\"original\" text_padding=\"0px 0px 0px 0px\" visibility=\"show-for-small\" srcset=\"https:\/\/www.sideaita.it\/wp-content\/uploads\/2019\/12\/settore-giovanile-atalanta-rodrigo-guth-13.jpg 750w, https:\/\/www.sideaita.it\/wp-content\/uploads\/2019\/12\/settore-giovanile-atalanta-rodrigo-guth-13-600x400.jpg 600w, https:\/\/www.sideaita.it\/wp-content\/uploads\/2019\/12\/settore-giovanile-atalanta-rodrigo-guth-13-700x467.jpg 700w\" sizes=\"auto, (max-width: 750px) 100vw, 750px\" \/>                                                              <\/div>\n              <div class=\"box-text text-left\" style=\"padding:0px 0px 0px 0px;\">\n                 <p>Rodrigo Guth - Atalanta Primavera<\/p>\n              <\/div>\n            <\/div>\n            <\/a>          <\/div>\n         <\/div><div class=\"gallery-col col\" >\n          <div class=\"col-inner\">\n            <a class=\"\" href=\"https:\/\/www.sideaita.it\/wp-content\/uploads\/2019\/12\/settore-giovanile-atalanta-rodrigo-guth-14.jpg\" title=\"\">            <div class=\"box has-hover gallery-box box-none\">\n              <div class=\"box-image\" >\n                <img loading=\"lazy\" decoding=\"async\" width=\"750\" height=\"500\" src=\"https:\/\/www.sideaita.it\/wp-content\/uploads\/2019\/12\/settore-giovanile-atalanta-rodrigo-guth-14.jpg\" class=\"attachment-original size-original\" alt=\"sector juvenil-atalanta-rodrigo-guth\" ids=\"59080,59081,59082,59083,59084,59085,59086,59087,59088,59089,59090,59091,59093,59094,59095,59096,59097\" style=\"none\" lightbox_image_size=\"original\" type=\"slider-full\" slider_nav_style=\"circle\" auto_slide=\"7000\" image_size=\"original\" text_padding=\"0px 0px 0px 0px\" visibility=\"show-for-small\" srcset=\"https:\/\/www.sideaita.it\/wp-content\/uploads\/2019\/12\/settore-giovanile-atalanta-rodrigo-guth-14.jpg 750w, https:\/\/www.sideaita.it\/wp-content\/uploads\/2019\/12\/settore-giovanile-atalanta-rodrigo-guth-14-600x400.jpg 600w, https:\/\/www.sideaita.it\/wp-content\/uploads\/2019\/12\/settore-giovanile-atalanta-rodrigo-guth-14-700x467.jpg 700w\" sizes=\"auto, (max-width: 750px) 100vw, 750px\" \/>                                                              <\/div>\n              <div class=\"box-text text-left\" style=\"padding:0px 0px 0px 0px;\">\n                 <p><\/p>\n              <\/div>\n            <\/div>\n            <\/a>          <\/div>\n         <\/div><div class=\"gallery-col col\" >\n          <div class=\"col-inner\">\n            <a class=\"\" href=\"https:\/\/www.sideaita.it\/wp-content\/uploads\/2019\/12\/settore-giovanile-atalanta-rodrigo-guth-15.jpg\" title=\"\">            <div class=\"box has-hover gallery-box box-none\">\n              <div class=\"box-image\" >\n                <img loading=\"lazy\" decoding=\"async\" width=\"750\" height=\"500\" src=\"https:\/\/www.sideaita.it\/wp-content\/uploads\/2019\/12\/settore-giovanile-atalanta-rodrigo-guth-15.jpg\" class=\"attachment-original size-original\" alt=\"sector juvenil-atalanta-rodrigo-guth\" ids=\"59080,59081,59082,59083,59084,59085,59086,59087,59088,59089,59090,59091,59093,59094,59095,59096,59097\" style=\"none\" lightbox_image_size=\"original\" type=\"slider-full\" slider_nav_style=\"circle\" auto_slide=\"7000\" image_size=\"original\" text_padding=\"0px 0px 0px 0px\" visibility=\"show-for-small\" srcset=\"https:\/\/www.sideaita.it\/wp-content\/uploads\/2019\/12\/settore-giovanile-atalanta-rodrigo-guth-15.jpg 750w, https:\/\/www.sideaita.it\/wp-content\/uploads\/2019\/12\/settore-giovanile-atalanta-rodrigo-guth-15-600x400.jpg 600w, https:\/\/www.sideaita.it\/wp-content\/uploads\/2019\/12\/settore-giovanile-atalanta-rodrigo-guth-15-700x467.jpg 700w\" sizes=\"auto, (max-width: 750px) 100vw, 750px\" \/>                                                              <\/div>\n              <div class=\"box-text text-left\" style=\"padding:0px 0px 0px 0px;\">\n                 <p><\/p>\n              <\/div>\n            <\/div>\n            <\/a>          <\/div>\n         <\/div><div class=\"gallery-col col\" >\n          <div class=\"col-inner\">\n            <a class=\"\" href=\"https:\/\/www.sideaita.it\/wp-content\/uploads\/2019\/12\/settore-giovanile-atalanta-rodrigo-guth-16.jpg\" title=\"\">            <div class=\"box has-hover gallery-box box-none\">\n              <div class=\"box-image\" >\n                <img loading=\"lazy\" decoding=\"async\" width=\"750\" height=\"500\" src=\"https:\/\/www.sideaita.it\/wp-content\/uploads\/2019\/12\/settore-giovanile-atalanta-rodrigo-guth-16.jpg\" class=\"attachment-original size-original\" alt=\"Atalanta sector juvenil rodrigo guth\" ids=\"59080,59081,59082,59083,59084,59085,59086,59087,59088,59089,59090,59091,59093,59094,59095,59096,59097\" style=\"none\" lightbox_image_size=\"original\" type=\"slider-full\" slider_nav_style=\"circle\" auto_slide=\"7000\" image_size=\"original\" text_padding=\"0px 0px 0px 0px\" visibility=\"show-for-small\" srcset=\"https:\/\/www.sideaita.it\/wp-content\/uploads\/2019\/12\/settore-giovanile-atalanta-rodrigo-guth-16.jpg 750w, https:\/\/www.sideaita.it\/wp-content\/uploads\/2019\/12\/settore-giovanile-atalanta-rodrigo-guth-16-600x400.jpg 600w, https:\/\/www.sideaita.it\/wp-content\/uploads\/2019\/12\/settore-giovanile-atalanta-rodrigo-guth-16-700x467.jpg 700w\" sizes=\"auto, (max-width: 750px) 100vw, 750px\" \/>                                                              <\/div>\n              <div class=\"box-text text-left\" style=\"padding:0px 0px 0px 0px;\">\n                 <p><\/p>\n              <\/div>\n            <\/div>\n            <\/a>          <\/div>\n         <\/div><div class=\"gallery-col col\" >\n          <div class=\"col-inner\">\n            <a class=\"\" href=\"https:\/\/www.sideaita.it\/wp-content\/uploads\/2019\/12\/settore-giovanile-atalanta-rodrigo-guth-17.jpg\" title=\"\">            <div class=\"box has-hover gallery-box box-none\">\n              <div class=\"box-image\" >\n                <img loading=\"lazy\" decoding=\"async\" width=\"750\" height=\"500\" src=\"https:\/\/www.sideaita.it\/wp-content\/uploads\/2019\/12\/settore-giovanile-atalanta-rodrigo-guth-17.jpg\" class=\"attachment-original size-original\" alt=\"sector juvenil-atalanta-rodrigo-guth\" ids=\"59080,59081,59082,59083,59084,59085,59086,59087,59088,59089,59090,59091,59093,59094,59095,59096,59097\" style=\"none\" lightbox_image_size=\"original\" type=\"slider-full\" slider_nav_style=\"circle\" auto_slide=\"7000\" image_size=\"original\" text_padding=\"0px 0px 0px 0px\" visibility=\"show-for-small\" srcset=\"https:\/\/www.sideaita.it\/wp-content\/uploads\/2019\/12\/settore-giovanile-atalanta-rodrigo-guth-17.jpg 750w, https:\/\/www.sideaita.it\/wp-content\/uploads\/2019\/12\/settore-giovanile-atalanta-rodrigo-guth-17-600x400.jpg 600w, https:\/\/www.sideaita.it\/wp-content\/uploads\/2019\/12\/settore-giovanile-atalanta-rodrigo-guth-17-700x467.jpg 700w\" sizes=\"auto, (max-width: 750px) 100vw, 750px\" \/>                                                              <\/div>\n              <div class=\"box-text text-left\" style=\"padding:0px 0px 0px 0px;\">\n                 <p><\/p>\n              <\/div>\n            <\/div>\n            <\/a>          <\/div>\n         <\/div><\/div>\n\t<div id=\"gap-1747569728\" class=\"gap-element clearfix\" style=\"display:block; height:auto;\">\n\t\t\n<style>\n#gap-1747569728 {\n  padding-top: 30px;\n}\n<\/style>\n\t<\/div>\n\t\n<div align=\"justify\">\n<h3>Del f\u00fatbol juvenil al f\u00fatbol profesional<\/h3>\n<p>Los \u00e9xitos de la cantera del Atalanta tienen su origen, sin duda, en los <strong>cultura del trabajo<\/strong> transmitido a sus j\u00f3venes, que adem\u00e1s parecen tener menos dificultades que otros para dar el salto al f\u00fatbol profesional (seg\u00fan <a href=\"https:\/\/football-observatory.com\/IMG\/sites\/b5wp\/2019\/wp271\/en\/\">un estudio del CIES<\/a> los nerazzurri figuran entre los clubes que m\u00e1s jugadores suministran a las cinco primeras ligas europeas): \"<em>Las razones de esta tendencia pueden ser muchas <\/em>- explica Pasini - <em>Una cosa es segura: el Atalanta es muy bueno encontrando y eligiendo jugadores de gran calidad y talento: no debemos pensar que tenemos una varita m\u00e1gica para hacer buenos a los jugadores. <strong>El \u00e1rea de exploraci\u00f3n es una aut\u00e9ntica joya para esta empresa.<\/strong> y nos echa una gran mano tray\u00e9ndonos excelentes jugadores, como Rodrigo. Otro elemento que sin duda contribuye es el objetivo que nos marcamos como Sector Juvenil, que es <strong>entrenar a los jugadores antes de ganar<\/strong>De hecho, los resultados no son m\u00e1s que una consecuencia del trabajo que se realiza para la mejora individual de los jugadores y esto creo que puede considerarse un elemento importante para llevarlos a estar m\u00e1s preparados para el f\u00fatbol profesional.<\/em>\".<\/p>\n<\/div>\n<div class=\"text-center\"><div class=\"is-divider divider clearfix\" style=\"max-width:200px;\"><\/div><\/div>\n\n  \n    <div class=\"row large-columns-4 medium-columns-3 small-columns-1 row-small row-full-width has-shadow row-box-shadow-1 slider row-slider slider-nav-reveal slider-nav-push\"  data-flickity-options='{&quot;imagesLoaded&quot;: true, &quot;groupCells&quot;: &quot;100%&quot;, &quot;dragThreshold&quot; : 5, &quot;cellAlign&quot;: &quot;left&quot;,&quot;wrapAround&quot;: true,&quot;prevNextButtons&quot;: true,&quot;percentPosition&quot;: true,&quot;pageDots&quot;: false, &quot;rightToLeft&quot;: false, &quot;autoPlay&quot; : 7000}' >\n\n  <div class=\"col post-item\" data-animate=\"fadeInLeft\">\n\t\t\t<div class=\"col-inner\">\n\t\t\t\t<div class=\"box box-normal box-text-bottom box-blog-post has-hover\">\n            \t\t\t\t\t<div class=\"box-image\" >\n  \t\t\t\t\t\t<div class=\"image-color image-overlay-remove-50 image-cover\" style=\"padding-top:144%;\">\n\t\t\t\t\t\t\t<a href=\"https:\/\/www.sideaita.it\/es\/2026\/06\/30\/agilita-delite-perche-cambiare-direzione-non-e-solo-una-questione-di-forza\/\" class=\"plain\" aria-label=\"Agilidad de \u00e9lite: por qu\u00e9 cambiar de direcci\u00f3n no es solo una cuesti\u00f3n de fuerza\">\n\t\t\t\t\t\t\t\t<img loading=\"lazy\" decoding=\"async\" width=\"711\" height=\"400\" src=\"https:\/\/www.sideaita.it\/wp-content\/uploads\/2026\/06\/sidea-stiffness-agilita-preparazione-atletica-strength-and-conditioning-calcio-training-1-711x400.jpg\" class=\"attachment-medium size-medium wp-post-image\" alt=\"sidea rigidez agilidad preparaci\u00f3n f\u00edsica fuerza y acondicionamiento f\u00fatbol entrenamiento 1\" srcset=\"https:\/\/www.sideaita.it\/wp-content\/uploads\/2026\/06\/sidea-stiffness-agilita-preparazione-atletica-strength-and-conditioning-calcio-training-1-711x400.jpg 711w, https:\/\/www.sideaita.it\/wp-content\/uploads\/2026\/06\/sidea-stiffness-agilita-preparazione-atletica-strength-and-conditioning-calcio-training-1-1400x788.jpg 1400w, https:\/\/www.sideaita.it\/wp-content\/uploads\/2026\/06\/sidea-stiffness-agilita-preparazione-atletica-strength-and-conditioning-calcio-training-1-768x432.jpg 768w, https:\/\/www.sideaita.it\/wp-content\/uploads\/2026\/06\/sidea-stiffness-agilita-preparazione-atletica-strength-and-conditioning-calcio-training-1-1536x864.jpg 1536w, https:\/\/www.sideaita.it\/wp-content\/uploads\/2026\/06\/sidea-stiffness-agilita-preparazione-atletica-strength-and-conditioning-calcio-training-1-18x10.jpg 18w, https:\/\/www.sideaita.it\/wp-content\/uploads\/2026\/06\/sidea-stiffness-agilita-preparazione-atletica-strength-and-conditioning-calcio-training-1-700x394.jpg 700w, https:\/\/www.sideaita.it\/wp-content\/uploads\/2026\/06\/sidea-stiffness-agilita-preparazione-atletica-strength-and-conditioning-calcio-training-1.jpg 1920w\" sizes=\"auto, (max-width: 711px) 100vw, 711px\" \/>\t\t\t\t\t\t\t<\/a>\n  \t\t\t\t\t\t\t<div class=\"overlay\" style=\"background-color: rgba(0, 0, 0, 0.56)\"><\/div>  \t\t\t\t\t\t\t  \t\t\t\t\t\t<\/div>\n  \t\t\t\t\t\t  \t\t\t\t\t<\/div>\n          \t\t\t\t\t<div class=\"box-text text-center\" >\n\t\t\t\t\t<div class=\"box-text-inner blog-post-inner\">\n\n\t\t\t\t\t\n\t\t\t\t\t\t\t\t\t\t<h5 class=\"post-title is-small uppercase\">\n\t\t\t\t\t\t<a href=\"https:\/\/www.sideaita.it\/es\/2026\/06\/30\/agilita-delite-perche-cambiare-direzione-non-e-solo-una-questione-di-forza\/\" class=\"plain\">Agilidad de \u00e9lite: por qu\u00e9 cambiar de direcci\u00f3n no es solo una cuesti\u00f3n de fuerza<\/a>\n\t\t\t\t\t<\/h5>\n\t\t\t\t\t<div class=\"post-meta is-small op-8\">30 de junio de 2026<\/div>\t\t\t\t\t<div class=\"is-divider\"><\/div>\n\t\t\t\t\t                    \n\t\t\t\t\t\t\t\t\t\t\t<a href=\"https:\/\/www.sideaita.it\/es\/2026\/06\/30\/agilita-delite-perche-cambiare-direzione-non-e-solo-una-questione-di-forza\/\" class=\"button  is-outline is-small mb-0\">\n\t\t\t\t\t\t\tLeer\t\t\t\t\t\t<\/a>\n\t\t\t\t\t\n\t\t\t\t\t\n\t\t\t\t\t<\/div>\n\t\t\t\t\t<\/div>\n\t\t\t\t\t\t\t\t\t<\/div>\n\t\t\t<\/div>\n\t\t<\/div><div class=\"col post-item\" data-animate=\"fadeInLeft\">\n\t\t\t<div class=\"col-inner\">\n\t\t\t\t<div class=\"box box-normal box-text-bottom box-blog-post has-hover\">\n            \t\t\t\t\t<div class=\"box-image\" >\n  \t\t\t\t\t\t<div class=\"image-color image-overlay-remove-50 image-cover\" style=\"padding-top:144%;\">\n\t\t\t\t\t\t\t<a href=\"https:\/\/www.sideaita.it\/es\/2026\/05\/15\/ipertrofia-e-forza-essere-piu-muscolosi-significa-davvero-essere-piu-forti\/\" class=\"plain\" aria-label=\"Hipertrofia y fuerza: \u00bfser m\u00e1s musculoso significa realmente ser m\u00e1s fuerte?\">\n\t\t\t\t\t\t\t\t<img loading=\"lazy\" decoding=\"async\" width=\"711\" height=\"400\" src=\"https:\/\/www.sideaita.it\/wp-content\/uploads\/2026\/02\/Sidea-summit-of-strength-strongfirst-fabio-zonin-1-711x400.jpg\" class=\"attachment-medium size-medium wp-post-image\" alt=\"Sidea cumbre de la fuerza strongfirst fabio zonin conferencia etapa 1\" srcset=\"https:\/\/www.sideaita.it\/wp-content\/uploads\/2026\/02\/Sidea-summit-of-strength-strongfirst-fabio-zonin-1-711x400.jpg 711w, https:\/\/www.sideaita.it\/wp-content\/uploads\/2026\/02\/Sidea-summit-of-strength-strongfirst-fabio-zonin-1-1400x788.jpg 1400w, https:\/\/www.sideaita.it\/wp-content\/uploads\/2026\/02\/Sidea-summit-of-strength-strongfirst-fabio-zonin-1-768x432.jpg 768w, https:\/\/www.sideaita.it\/wp-content\/uploads\/2026\/02\/Sidea-summit-of-strength-strongfirst-fabio-zonin-1-1536x864.jpg 1536w, https:\/\/www.sideaita.it\/wp-content\/uploads\/2026\/02\/Sidea-summit-of-strength-strongfirst-fabio-zonin-1-18x10.jpg 18w, https:\/\/www.sideaita.it\/wp-content\/uploads\/2026\/02\/Sidea-summit-of-strength-strongfirst-fabio-zonin-1-700x394.jpg 700w, https:\/\/www.sideaita.it\/wp-content\/uploads\/2026\/02\/Sidea-summit-of-strength-strongfirst-fabio-zonin-1.jpg 1920w\" sizes=\"auto, (max-width: 711px) 100vw, 711px\" \/>\t\t\t\t\t\t\t<\/a>\n  \t\t\t\t\t\t\t<div class=\"overlay\" style=\"background-color: rgba(0, 0, 0, 0.56)\"><\/div>  \t\t\t\t\t\t\t  \t\t\t\t\t\t<\/div>\n  \t\t\t\t\t\t  \t\t\t\t\t<\/div>\n          \t\t\t\t\t<div class=\"box-text text-center\" >\n\t\t\t\t\t<div class=\"box-text-inner blog-post-inner\">\n\n\t\t\t\t\t\n\t\t\t\t\t\t\t\t\t\t<h5 class=\"post-title is-small uppercase\">\n\t\t\t\t\t\t<a href=\"https:\/\/www.sideaita.it\/es\/2026\/05\/15\/ipertrofia-e-forza-essere-piu-muscolosi-significa-davvero-essere-piu-forti\/\" class=\"plain\">Hipertrofia y fuerza: \u00bfser m\u00e1s musculoso significa realmente ser m\u00e1s fuerte?<\/a>\n\t\t\t\t\t<\/h5>\n\t\t\t\t\t<div class=\"post-meta is-small op-8\">15 mayo 2026<\/div>\t\t\t\t\t<div class=\"is-divider\"><\/div>\n\t\t\t\t\t                    \n\t\t\t\t\t\t\t\t\t\t\t<a href=\"https:\/\/www.sideaita.it\/es\/2026\/05\/15\/ipertrofia-e-forza-essere-piu-muscolosi-significa-davvero-essere-piu-forti\/\" class=\"button  is-outline is-small mb-0\">\n\t\t\t\t\t\t\tLeer\t\t\t\t\t\t<\/a>\n\t\t\t\t\t\n\t\t\t\t\t\n\t\t\t\t\t<\/div>\n\t\t\t\t\t<\/div>\n\t\t\t\t\t\t\t\t\t<\/div>\n\t\t\t<\/div>\n\t\t<\/div><div class=\"col post-item\" data-animate=\"fadeInLeft\">\n\t\t\t<div class=\"col-inner\">\n\t\t\t\t<div class=\"box box-normal box-text-bottom box-blog-post has-hover\">\n            \t\t\t\t\t<div class=\"box-image\" >\n  \t\t\t\t\t\t<div class=\"image-color image-overlay-remove-50 image-cover\" style=\"padding-top:144%;\">\n\t\t\t\t\t\t\t<a href=\"https:\/\/www.sideaita.it\/es\/2026\/04\/02\/guida-pratica-per-preparare-la-tua-prima-gara-hyrox\/\" class=\"plain\" aria-label=\"Gu\u00eda pr\u00e1ctica para preparar tu primera carrera HYROX\">\n\t\t\t\t\t\t\t\t<img loading=\"lazy\" decoding=\"async\" width=\"711\" height=\"400\" src=\"https:\/\/www.sideaita.it\/wp-content\/uploads\/2026\/03\/Sidea-push-sled-hyrox-functional-training-711x400.jpg\" class=\"attachment-medium size-medium wp-post-image\" alt=\"Equipo de fitness profesional para entrenamientos de alta intensidad, ideal para mejorar la fuerza y la resistencia.\" srcset=\"https:\/\/www.sideaita.it\/wp-content\/uploads\/2026\/03\/Sidea-push-sled-hyrox-functional-training-711x400.jpg 711w, https:\/\/www.sideaita.it\/wp-content\/uploads\/2026\/03\/Sidea-push-sled-hyrox-functional-training-1400x788.jpg 1400w, https:\/\/www.sideaita.it\/wp-content\/uploads\/2026\/03\/Sidea-push-sled-hyrox-functional-training-768x432.jpg 768w, https:\/\/www.sideaita.it\/wp-content\/uploads\/2026\/03\/Sidea-push-sled-hyrox-functional-training-1536x864.jpg 1536w, https:\/\/www.sideaita.it\/wp-content\/uploads\/2026\/03\/Sidea-push-sled-hyrox-functional-training-18x10.jpg 18w, https:\/\/www.sideaita.it\/wp-content\/uploads\/2026\/03\/Sidea-push-sled-hyrox-functional-training-700x394.jpg 700w, https:\/\/www.sideaita.it\/wp-content\/uploads\/2026\/03\/Sidea-push-sled-hyrox-functional-training.jpg 1920w\" sizes=\"auto, (max-width: 711px) 100vw, 711px\" \/>\t\t\t\t\t\t\t<\/a>\n  \t\t\t\t\t\t\t<div class=\"overlay\" style=\"background-color: rgba(0, 0, 0, 0.56)\"><\/div>  \t\t\t\t\t\t\t  \t\t\t\t\t\t<\/div>\n  \t\t\t\t\t\t  \t\t\t\t\t<\/div>\n          \t\t\t\t\t<div class=\"box-text text-center\" >\n\t\t\t\t\t<div class=\"box-text-inner blog-post-inner\">\n\n\t\t\t\t\t\n\t\t\t\t\t\t\t\t\t\t<h5 class=\"post-title is-small uppercase\">\n\t\t\t\t\t\t<a href=\"https:\/\/www.sideaita.it\/es\/2026\/04\/02\/guida-pratica-per-preparare-la-tua-prima-gara-hyrox\/\" class=\"plain\">Gu\u00eda pr\u00e1ctica para preparar tu primera carrera HYROX<\/a>\n\t\t\t\t\t<\/h5>\n\t\t\t\t\t<div class=\"post-meta is-small op-8\">2 abril 2026<\/div>\t\t\t\t\t<div class=\"is-divider\"><\/div>\n\t\t\t\t\t                    \n\t\t\t\t\t\t\t\t\t\t\t<a href=\"https:\/\/www.sideaita.it\/es\/2026\/04\/02\/guida-pratica-per-preparare-la-tua-prima-gara-hyrox\/\" class=\"button  is-outline is-small mb-0\">\n\t\t\t\t\t\t\tLeer\t\t\t\t\t\t<\/a>\n\t\t\t\t\t\n\t\t\t\t\t\n\t\t\t\t\t<\/div>\n\t\t\t\t\t<\/div>\n\t\t\t\t\t\t\t\t\t<\/div>\n\t\t\t<\/div>\n\t\t<\/div><div class=\"col post-item\" data-animate=\"fadeInLeft\">\n\t\t\t<div class=\"col-inner\">\n\t\t\t\t<div class=\"box box-normal box-text-bottom box-blog-post has-hover\">\n            \t\t\t\t\t<div class=\"box-image\" >\n  \t\t\t\t\t\t<div class=\"image-color image-overlay-remove-50 image-cover\" style=\"padding-top:144%;\">\n\t\t\t\t\t\t\t<a href=\"https:\/\/www.sideaita.it\/es\/2026\/03\/20\/guida-hyrox-nutrizione-e-fisiologia-della-performance-ibrida-by-sidea\/\" class=\"plain\" aria-label=\"Gu\u00eda HYROX: Nutrici\u00f3n y fisiolog\u00eda del rendimiento h\u00edbrido por Sidea\">\n\t\t\t\t\t\t\t\t<img loading=\"lazy\" decoding=\"async\" width=\"711\" height=\"400\" src=\"https:\/\/www.sideaita.it\/wp-content\/uploads\/2025\/05\/stand-fibo-colonia-2025-push-sled-711x400.jpg\" class=\"attachment-medium size-medium wp-post-image\" alt=\"stand fibo colonia 2025 trineo de empuje\" srcset=\"https:\/\/www.sideaita.it\/wp-content\/uploads\/2025\/05\/stand-fibo-colonia-2025-push-sled-711x400.jpg 711w, https:\/\/www.sideaita.it\/wp-content\/uploads\/2025\/05\/stand-fibo-colonia-2025-push-sled-1400x788.jpg 1400w, https:\/\/www.sideaita.it\/wp-content\/uploads\/2025\/05\/stand-fibo-colonia-2025-push-sled-768x432.jpg 768w, https:\/\/www.sideaita.it\/wp-content\/uploads\/2025\/05\/stand-fibo-colonia-2025-push-sled-1536x864.jpg 1536w, https:\/\/www.sideaita.it\/wp-content\/uploads\/2025\/05\/stand-fibo-colonia-2025-push-sled-700x394.jpg 700w, https:\/\/www.sideaita.it\/wp-content\/uploads\/2025\/05\/stand-fibo-colonia-2025-push-sled.jpg 1920w\" sizes=\"auto, (max-width: 711px) 100vw, 711px\" \/>\t\t\t\t\t\t\t<\/a>\n  \t\t\t\t\t\t\t<div class=\"overlay\" style=\"background-color: rgba(0, 0, 0, 0.56)\"><\/div>  \t\t\t\t\t\t\t  \t\t\t\t\t\t<\/div>\n  \t\t\t\t\t\t  \t\t\t\t\t<\/div>\n          \t\t\t\t\t<div class=\"box-text text-center\" >\n\t\t\t\t\t<div class=\"box-text-inner blog-post-inner\">\n\n\t\t\t\t\t\n\t\t\t\t\t\t\t\t\t\t<h5 class=\"post-title is-small uppercase\">\n\t\t\t\t\t\t<a href=\"https:\/\/www.sideaita.it\/es\/2026\/03\/20\/guida-hyrox-nutrizione-e-fisiologia-della-performance-ibrida-by-sidea\/\" class=\"plain\">Gu\u00eda HYROX: Nutrici\u00f3n y fisiolog\u00eda del rendimiento h\u00edbrido por Sidea<\/a>\n\t\t\t\t\t<\/h5>\n\t\t\t\t\t<div class=\"post-meta is-small op-8\">20 de marzo de 2026<\/div>\t\t\t\t\t<div class=\"is-divider\"><\/div>\n\t\t\t\t\t                    \n\t\t\t\t\t\t\t\t\t\t\t<a href=\"https:\/\/www.sideaita.it\/es\/2026\/03\/20\/guida-hyrox-nutrizione-e-fisiologia-della-performance-ibrida-by-sidea\/\" class=\"button  is-outline is-small mb-0\">\n\t\t\t\t\t\t\tLeer\t\t\t\t\t\t<\/a>\n\t\t\t\t\t\n\t\t\t\t\t\n\t\t\t\t\t<\/div>\n\t\t\t\t\t<\/div>\n\t\t\t\t\t\t\t\t\t<\/div>\n\t\t\t<\/div>\n\t\t<\/div><div class=\"col post-item\" data-animate=\"fadeInLeft\">\n\t\t\t<div class=\"col-inner\">\n\t\t\t\t<div class=\"box box-normal box-text-bottom box-blog-post has-hover\">\n            \t\t\t\t\t<div class=\"box-image\" >\n  \t\t\t\t\t\t<div class=\"image-color image-overlay-remove-50 image-cover\" style=\"padding-top:144%;\">\n\t\t\t\t\t\t\t<a href=\"https:\/\/www.sideaita.it\/es\/2026\/02\/20\/panca-a-terra-con-braccio-teso-e-flesso\/\" class=\"plain\" aria-label=\"Fuerza de brazos flexionados y fuerza de brazos estirados\">\n\t\t\t\t\t\t\t\t<img loading=\"lazy\" decoding=\"async\" width=\"711\" height=\"400\" src=\"https:\/\/www.sideaita.it\/wp-content\/uploads\/2026\/02\/Sidea-summit-of-strength-strongfirst-Serena-conferenza-10-711x400.jpg\" class=\"attachment-medium size-medium wp-post-image\" alt=\"Sidea cumbre de la fuerza strongfirst Serena conferencia 10\" srcset=\"https:\/\/www.sideaita.it\/wp-content\/uploads\/2026\/02\/Sidea-summit-of-strength-strongfirst-Serena-conferenza-10-711x400.jpg 711w, https:\/\/www.sideaita.it\/wp-content\/uploads\/2026\/02\/Sidea-summit-of-strength-strongfirst-Serena-conferenza-10-1400x788.jpg 1400w, https:\/\/www.sideaita.it\/wp-content\/uploads\/2026\/02\/Sidea-summit-of-strength-strongfirst-Serena-conferenza-10-768x432.jpg 768w, https:\/\/www.sideaita.it\/wp-content\/uploads\/2026\/02\/Sidea-summit-of-strength-strongfirst-Serena-conferenza-10-1536x864.jpg 1536w, https:\/\/www.sideaita.it\/wp-content\/uploads\/2026\/02\/Sidea-summit-of-strength-strongfirst-Serena-conferenza-10-18x10.jpg 18w, https:\/\/www.sideaita.it\/wp-content\/uploads\/2026\/02\/Sidea-summit-of-strength-strongfirst-Serena-conferenza-10-700x394.jpg 700w, https:\/\/www.sideaita.it\/wp-content\/uploads\/2026\/02\/Sidea-summit-of-strength-strongfirst-Serena-conferenza-10.jpg 1920w\" sizes=\"auto, (max-width: 711px) 100vw, 711px\" \/>\t\t\t\t\t\t\t<\/a>\n  \t\t\t\t\t\t\t<div class=\"overlay\" style=\"background-color: rgba(0, 0, 0, 0.56)\"><\/div>  \t\t\t\t\t\t\t  \t\t\t\t\t\t<\/div>\n  \t\t\t\t\t\t  \t\t\t\t\t<\/div>\n          \t\t\t\t\t<div class=\"box-text text-center\" >\n\t\t\t\t\t<div class=\"box-text-inner blog-post-inner\">\n\n\t\t\t\t\t\n\t\t\t\t\t\t\t\t\t\t<h5 class=\"post-title is-small uppercase\">\n\t\t\t\t\t\t<a href=\"https:\/\/www.sideaita.it\/es\/2026\/02\/20\/panca-a-terra-con-braccio-teso-e-flesso\/\" class=\"plain\">Fuerza de brazos flexionados y fuerza de brazos estirados<\/a>\n\t\t\t\t\t<\/h5>\n\t\t\t\t\t<div class=\"post-meta is-small op-8\">20 febrero 2026<\/div>\t\t\t\t\t<div class=\"is-divider\"><\/div>\n\t\t\t\t\t                    \n\t\t\t\t\t\t\t\t\t\t\t<a href=\"https:\/\/www.sideaita.it\/es\/2026\/02\/20\/panca-a-terra-con-braccio-teso-e-flesso\/\" class=\"button  is-outline is-small mb-0\">\n\t\t\t\t\t\t\tLeer\t\t\t\t\t\t<\/a>\n\t\t\t\t\t\n\t\t\t\t\t\n\t\t\t\t\t<\/div>\n\t\t\t\t\t<\/div>\n\t\t\t\t\t\t\t\t\t<\/div>\n\t\t\t<\/div>\n\t\t<\/div><div class=\"col post-item\" data-animate=\"fadeInLeft\">\n\t\t\t<div class=\"col-inner\">\n\t\t\t\t<div class=\"box box-normal box-text-bottom box-blog-post has-hover\">\n            \t\t\t\t\t<div class=\"box-image\" >\n  \t\t\t\t\t\t<div class=\"image-color image-overlay-remove-50 image-cover\" style=\"padding-top:144%;\">\n\t\t\t\t\t\t\t<a href=\"https:\/\/www.sideaita.it\/es\/2026\/01\/16\/functional-training-dalle-origini-alla-scienza-del-movimento\/\" class=\"plain\" aria-label=\"Entrenamiento funcional: de los or\u00edgenes a la ciencia del movimiento\">\n\t\t\t\t\t\t\t\t<img loading=\"lazy\" decoding=\"async\" width=\"711\" height=\"400\" src=\"https:\/\/www.sideaita.it\/wp-content\/uploads\/2025\/07\/outrace-per-blog-sidea-leader-italiano-nellallenamento-funzionale-dal-design-alla-realizzazione-11-711x400.jpg\" class=\"attachment-medium size-medium wp-post-image\" alt=\"outrace para el blog sidea l\u00edder italiano en entrenamiento funcional - del dise\u00f1o a la realizaci\u00f3n (11)\" srcset=\"https:\/\/www.sideaita.it\/wp-content\/uploads\/2025\/07\/outrace-per-blog-sidea-leader-italiano-nellallenamento-funzionale-dal-design-alla-realizzazione-11-711x400.jpg 711w, https:\/\/www.sideaita.it\/wp-content\/uploads\/2025\/07\/outrace-per-blog-sidea-leader-italiano-nellallenamento-funzionale-dal-design-alla-realizzazione-11-1400x788.jpg 1400w, https:\/\/www.sideaita.it\/wp-content\/uploads\/2025\/07\/outrace-per-blog-sidea-leader-italiano-nellallenamento-funzionale-dal-design-alla-realizzazione-11-768x432.jpg 768w, https:\/\/www.sideaita.it\/wp-content\/uploads\/2025\/07\/outrace-per-blog-sidea-leader-italiano-nellallenamento-funzionale-dal-design-alla-realizzazione-11-1536x864.jpg 1536w, https:\/\/www.sideaita.it\/wp-content\/uploads\/2025\/07\/outrace-per-blog-sidea-leader-italiano-nellallenamento-funzionale-dal-design-alla-realizzazione-11-18x10.jpg 18w, https:\/\/www.sideaita.it\/wp-content\/uploads\/2025\/07\/outrace-per-blog-sidea-leader-italiano-nellallenamento-funzionale-dal-design-alla-realizzazione-11-700x394.jpg 700w, https:\/\/www.sideaita.it\/wp-content\/uploads\/2025\/07\/outrace-per-blog-sidea-leader-italiano-nellallenamento-funzionale-dal-design-alla-realizzazione-11.jpg 1920w\" sizes=\"auto, (max-width: 711px) 100vw, 711px\" \/>\t\t\t\t\t\t\t<\/a>\n  \t\t\t\t\t\t\t<div class=\"overlay\" style=\"background-color: rgba(0, 0, 0, 0.56)\"><\/div>  \t\t\t\t\t\t\t  \t\t\t\t\t\t<\/div>\n  \t\t\t\t\t\t  \t\t\t\t\t<\/div>\n          \t\t\t\t\t<div class=\"box-text text-center\" >\n\t\t\t\t\t<div class=\"box-text-inner blog-post-inner\">\n\n\t\t\t\t\t\n\t\t\t\t\t\t\t\t\t\t<h5 class=\"post-title is-small uppercase\">\n\t\t\t\t\t\t<a href=\"https:\/\/www.sideaita.it\/es\/2026\/01\/16\/functional-training-dalle-origini-alla-scienza-del-movimento\/\" class=\"plain\">Entrenamiento funcional: de los or\u00edgenes a la ciencia del movimiento<\/a>\n\t\t\t\t\t<\/h5>\n\t\t\t\t\t<div class=\"post-meta is-small op-8\">16 enero 2026<\/div>\t\t\t\t\t<div class=\"is-divider\"><\/div>\n\t\t\t\t\t                    \n\t\t\t\t\t\t\t\t\t\t\t<a href=\"https:\/\/www.sideaita.it\/es\/2026\/01\/16\/functional-training-dalle-origini-alla-scienza-del-movimento\/\" class=\"button  is-outline is-small mb-0\">\n\t\t\t\t\t\t\tLeer\t\t\t\t\t\t<\/a>\n\t\t\t\t\t\n\t\t\t\t\t\n\t\t\t\t\t<\/div>\n\t\t\t\t\t<\/div>\n\t\t\t\t\t\t\t\t\t<\/div>\n\t\t\t<\/div>\n\t\t<\/div><div class=\"col post-item\" data-animate=\"fadeInLeft\">\n\t\t\t<div class=\"col-inner\">\n\t\t\t\t<div class=\"box box-normal box-text-bottom box-blog-post has-hover\">\n            \t\t\t\t\t<div class=\"box-image\" >\n  \t\t\t\t\t\t<div class=\"image-color image-overlay-remove-50 image-cover\" style=\"padding-top:144%;\">\n\t\t\t\t\t\t\t<a href=\"https:\/\/www.sideaita.it\/es\/2025\/12\/30\/total-core-pin-training-la-scienza-della-forza-rotazionale-e-della-performance-3d\/\" class=\"plain\" aria-label=\"Entrenamiento con clavijas de n\u00facleo total: la ciencia de la fuerza rotacional y el rendimiento 3D\">\n\t\t\t\t\t\t\t\t<img loading=\"lazy\" decoding=\"async\" width=\"600\" height=\"400\" src=\"https:\/\/www.sideaita.it\/wp-content\/uploads\/2021\/07\/9029-Total-Core-Pin-copertina-600x400.jpg\" class=\"attachment-medium size-medium wp-post-image\" alt=\"Total-core-barbell-lever-landmine-landminer-weight-lifting-core-training-strength-training-landmine-press-barbell\" srcset=\"https:\/\/www.sideaita.it\/wp-content\/uploads\/2021\/07\/9029-Total-Core-Pin-copertina-600x400.jpg 600w, https:\/\/www.sideaita.it\/wp-content\/uploads\/2021\/07\/9029-Total-Core-Pin-copertina-1200x800.jpg 1200w, https:\/\/www.sideaita.it\/wp-content\/uploads\/2021\/07\/9029-Total-Core-Pin-copertina-768x512.jpg 768w, https:\/\/www.sideaita.it\/wp-content\/uploads\/2021\/07\/9029-Total-Core-Pin-copertina-1536x1024.jpg 1536w, https:\/\/www.sideaita.it\/wp-content\/uploads\/2021\/07\/9029-Total-Core-Pin-copertina-700x467.jpg 700w, https:\/\/www.sideaita.it\/wp-content\/uploads\/2021\/07\/9029-Total-Core-Pin-copertina.jpg 2000w\" sizes=\"auto, (max-width: 600px) 100vw, 600px\" \/>\t\t\t\t\t\t\t<\/a>\n  \t\t\t\t\t\t\t<div class=\"overlay\" style=\"background-color: rgba(0, 0, 0, 0.56)\"><\/div>  \t\t\t\t\t\t\t  \t\t\t\t\t\t<\/div>\n  \t\t\t\t\t\t  \t\t\t\t\t<\/div>\n          \t\t\t\t\t<div class=\"box-text text-center\" >\n\t\t\t\t\t<div class=\"box-text-inner blog-post-inner\">\n\n\t\t\t\t\t\n\t\t\t\t\t\t\t\t\t\t<h5 class=\"post-title is-small uppercase\">\n\t\t\t\t\t\t<a href=\"https:\/\/www.sideaita.it\/es\/2025\/12\/30\/total-core-pin-training-la-scienza-della-forza-rotazionale-e-della-performance-3d\/\" class=\"plain\">Entrenamiento con clavijas de n\u00facleo total: la ciencia de la fuerza rotacional y el rendimiento 3D<\/a>\n\t\t\t\t\t<\/h5>\n\t\t\t\t\t<div class=\"post-meta is-small op-8\">30 de diciembre de 2025<\/div>\t\t\t\t\t<div class=\"is-divider\"><\/div>\n\t\t\t\t\t                    \n\t\t\t\t\t\t\t\t\t\t\t<a href=\"https:\/\/www.sideaita.it\/es\/2025\/12\/30\/total-core-pin-training-la-scienza-della-forza-rotazionale-e-della-performance-3d\/\" class=\"button  is-outline is-small mb-0\">\n\t\t\t\t\t\t\tLeer\t\t\t\t\t\t<\/a>\n\t\t\t\t\t\n\t\t\t\t\t\n\t\t\t\t\t<\/div>\n\t\t\t\t\t<\/div>\n\t\t\t\t\t\t\t\t\t<\/div>\n\t\t\t<\/div>\n\t\t<\/div><div class=\"col post-item\" data-animate=\"fadeInLeft\">\n\t\t\t<div class=\"col-inner\">\n\t\t\t\t<div class=\"box box-normal box-text-bottom box-blog-post has-hover\">\n            \t\t\t\t\t<div class=\"box-image\" >\n  \t\t\t\t\t\t<div class=\"image-color image-overlay-remove-50 image-cover\" style=\"padding-top:144%;\">\n\t\t\t\t\t\t\t<a href=\"https:\/\/www.sideaita.it\/es\/2025\/10\/24\/dalla-romagna-al-podio-mondiale-la-rivincita-di-ferro-di-sofia-gatta\/\" class=\"plain\" aria-label=\"De Roma\u00f1a al podio mundial: el renacimiento del hierro de Sofia Gatta\">\n\t\t\t\t\t\t\t\t<img loading=\"lazy\" decoding=\"async\" width=\"711\" height=\"400\" src=\"https:\/\/www.sideaita.it\/wp-content\/uploads\/2025\/10\/sofia-con-medaglie-711x400.jpg\" class=\"attachment-medium size-medium wp-post-image\" alt=\"sof\u00eda con medallas\" srcset=\"https:\/\/www.sideaita.it\/wp-content\/uploads\/2025\/10\/sofia-con-medaglie-711x400.jpg 711w, https:\/\/www.sideaita.it\/wp-content\/uploads\/2025\/10\/sofia-con-medaglie-1400x788.jpg 1400w, https:\/\/www.sideaita.it\/wp-content\/uploads\/2025\/10\/sofia-con-medaglie-768x432.jpg 768w, https:\/\/www.sideaita.it\/wp-content\/uploads\/2025\/10\/sofia-con-medaglie-1536x864.jpg 1536w, https:\/\/www.sideaita.it\/wp-content\/uploads\/2025\/10\/sofia-con-medaglie-18x10.jpg 18w, https:\/\/www.sideaita.it\/wp-content\/uploads\/2025\/10\/sofia-con-medaglie-700x394.jpg 700w, https:\/\/www.sideaita.it\/wp-content\/uploads\/2025\/10\/sofia-con-medaglie.jpg 1920w\" sizes=\"auto, (max-width: 711px) 100vw, 711px\" \/>\t\t\t\t\t\t\t<\/a>\n  \t\t\t\t\t\t\t<div class=\"overlay\" style=\"background-color: rgba(0, 0, 0, 0.56)\"><\/div>  \t\t\t\t\t\t\t  \t\t\t\t\t\t<\/div>\n  \t\t\t\t\t\t  \t\t\t\t\t<\/div>\n          \t\t\t\t\t<div class=\"box-text text-center\" >\n\t\t\t\t\t<div class=\"box-text-inner blog-post-inner\">\n\n\t\t\t\t\t\n\t\t\t\t\t\t\t\t\t\t<h5 class=\"post-title is-small uppercase\">\n\t\t\t\t\t\t<a href=\"https:\/\/www.sideaita.it\/es\/2025\/10\/24\/dalla-romagna-al-podio-mondiale-la-rivincita-di-ferro-di-sofia-gatta\/\" class=\"plain\">De Roma\u00f1a al podio mundial: el renacimiento del hierro de Sofia Gatta<\/a>\n\t\t\t\t\t<\/h5>\n\t\t\t\t\t<div class=\"post-meta is-small op-8\">24 de octubre de 2025<\/div>\t\t\t\t\t<div class=\"is-divider\"><\/div>\n\t\t\t\t\t                    \n\t\t\t\t\t\t\t\t\t\t\t<a href=\"https:\/\/www.sideaita.it\/es\/2025\/10\/24\/dalla-romagna-al-podio-mondiale-la-rivincita-di-ferro-di-sofia-gatta\/\" class=\"button  is-outline is-small mb-0\">\n\t\t\t\t\t\t\tLeer\t\t\t\t\t\t<\/a>\n\t\t\t\t\t\n\t\t\t\t\t\n\t\t\t\t\t<\/div>\n\t\t\t\t\t<\/div>\n\t\t\t\t\t\t\t\t\t<\/div>\n\t\t\t<\/div>\n\t\t<\/div><\/div>\n\n  <div class=\"banner has-hover\" id=\"banner-870031670\">\n          <div class=\"banner-inner fill\">\n        <div class=\"banner-bg fill\" >\n            <img loading=\"lazy\" decoding=\"async\" width=\"1020\" height=\"319\" src=\"https:\/\/www.sideaita.it\/wp-content\/uploads\/2024\/02\/COPERTINA-MAILING-DISCHI-DA-PL-2--1400x438.jpg\" class=\"bg attachment-large size-large\" alt=\"CUBIERTA DISCOS DE CORREO DE PL 2\" \/>                        <div class=\"overlay\"><\/div>            \n                    <\/div>\n\t\t\n        <div class=\"banner-layers container\">\n            <div class=\"fill banner-link\"><\/div>            \n   <div id=\"text-box-338417217\" class=\"text-box banner-layer x50 md-x50 lg-x50 y50 md-y50 lg-y50 res-text\">\n                                <div class=\"text-box-content text dark\">\n              \n              <div class=\"text-inner text-center\">\n                  \n\t<div id=\"text-1972387253\" class=\"text\">\n\t\t\n<p><strong>BOLET\u00cdN SIDEA<\/strong><\/p>\n<p>Suscr\u00edbase a nuestro bolet\u00edn para recibir noticias, promociones e informaci\u00f3n sobre el mundo de Sidea.<br \/>\n\t\t\n<style>\n#text-1972387253 {\n  font-size: 1.45rem;\n  line-height: 1.25;\n}\n<\/style>\n\t<\/div>\n\t\n<a href=\"http:\/\/eepurl.com\/iD9wQo\" class=\"button white is-outline is-large\" style=\"border-radius:26px;\">\n\t\t<span>\u00daNASE A<\/span>\n\t<\/a>\n\n              <\/div>\n           <\/div>\n                            \n<style>\n#text-box-338417217 {\n  width: 60%;\n}\n#text-box-338417217 .text-box-content {\n  font-size: 100%;\n}\n<\/style>\n    <\/div>\n \n        <\/div>\n      <\/div>\n\n            \n<style>\n#banner-870031670 {\n  padding-top: 300px;\n  background-color: rgb(0, 0, 0);\n}\n#banner-870031670 .overlay {\n  background-color: rgba(0, 0, 0, 0.669);\n}\n<\/style>\n  <\/div>","protected":false},"excerpt":{"rendered":"<p>El papel del entrenamiento atl\u00e9tico en la cantera del Atalanta a trav\u00e9s de las palabras del defensa sub-19 Rodrigo Guth y del entrenador Pasini.<\/p>","protected":false},"author":3,"featured_media":59117,"comment_status":"open","ping_status":"open","sticky":false,"template":"","format":"standard","meta":{"footnotes":""},"categories":[4754],"tags":[3624,276],"class_list":["post-59025","post","type-post","status-publish","format-standard","has-post-thumbnail","hentry","category-preparazione-atletica","tag-preparazione-atletica","tag-sidea"],"yoast_head":"<!-- This site is optimized with the Yoast SEO Premium plugin v28.1 (Yoast SEO v28.1) - https:\/\/yoast.com\/product\/yoast-seo-premium-wordpress\/ -->\n<title>Settore Giovanile Atalanta: come si prepara il vivaio migliore d\u2019Italia - Sidea<\/title>\n<meta name=\"description\" content=\"Il ruolo della preparazione atletica nel Settore Giovanile dell&#039;Atalanta attraverso le parole del difensore dell&#039;U19 Rodrigo Guth e del preparatore Pasini.\" \/>\n<meta name=\"robots\" content=\"index, follow, max-snippet:-1, max-image-preview:large, max-video-preview:-1\" \/>\n<link rel=\"canonical\" href=\"https:\/\/www.sideaita.it\/es\/2019\/12\/06\/atalanta-preparacion-del-sector-de-la-juventud\/\" \/>\n<meta property=\"og:locale\" content=\"es_ES\" \/>\n<meta property=\"og:type\" content=\"article\" \/>\n<meta property=\"og:title\" content=\"L\u2019Atalanta e l\u2019arte del calcio giovanile: come si prepara il vivaio migliore d\u2019Italia - Sidea Fitness\" \/>\n<meta property=\"og:description\" content=\"Il ruolo della preparazione atletica nel Settore Giovanile dell&#039;Atalanta attraverso le parole del difensore dell&#039;U19 Rodrigo Guth e del preparatore Pasini.\" \/>\n<meta property=\"og:url\" content=\"https:\/\/www.sideaita.it\/es\/2019\/12\/06\/atalanta-preparacion-del-sector-de-la-juventud\/\" \/>\n<meta property=\"og:site_name\" content=\"Sidea | Attrezzatura Fitness Professionale\" \/>\n<meta property=\"article:publisher\" content=\"https:\/\/www.facebook.com\/sideaita\/\" \/>\n<meta property=\"article:published_time\" content=\"2019-12-06T08:14:10+00:00\" \/>\n<meta property=\"article:modified_time\" content=\"2024-06-11T10:54:01+00:00\" \/>\n<meta property=\"og:image\" content=\"https:\/\/www.sideaita.it\/wp-content\/uploads\/2019\/12\/settore-giovanile-atalanta-palestra.jpg\" \/>\n\t<meta property=\"og:image:width\" content=\"2500\" \/>\n\t<meta property=\"og:image:height\" content=\"1667\" \/>\n\t<meta property=\"og:image:type\" content=\"image\/jpeg\" \/>\n<meta name=\"author\" content=\"Sidea\" \/>\n<meta name=\"twitter:card\" content=\"summary_large_image\" \/>\n<meta name=\"twitter:title\" content=\"Atalanta: come si prepara il vivaio migliore d\u2019Italia - Sidea Fitness\" \/>\n<meta name=\"twitter:description\" content=\"Il ruolo della preparazione atletica nel Settore Giovanile dell&#039;Atalanta attraverso le parole del difensore dell&#039;U19 Rodrigo Guth e del preparatore Pasini.\" \/>\n<meta name=\"twitter:image\" content=\"https:\/\/www.sideaita.it\/wp-content\/uploads\/2019\/12\/settore-giovanile-atalanta-palestra.jpg\" \/>\n<meta name=\"twitter:label1\" content=\"Escrito por\" \/>\n\t<meta name=\"twitter:data1\" content=\"Sidea\" \/>\n\t<meta name=\"twitter:label2\" content=\"Tiempo de lectura\" \/>\n\t<meta name=\"twitter:data2\" content=\"7 minutos\" \/>\n<script type=\"application\/ld+json\" class=\"yoast-schema-graph\">{\"@context\":\"https:\\\/\\\/schema.org\",\"@graph\":[{\"@type\":\"Article\",\"@id\":\"https:\\\/\\\/www.sideaita.it\\\/2019\\\/12\\\/06\\\/settore-giovanile-atalanta-preparazione\\\/#article\",\"isPartOf\":{\"@id\":\"https:\\\/\\\/www.sideaita.it\\\/2019\\\/12\\\/06\\\/settore-giovanile-atalanta-preparazione\\\/\"},\"author\":{\"name\":\"Sidea\",\"@id\":\"https:\\\/\\\/www.sideaita.it\\\/#\\\/schema\\\/person\\\/dffac77f9ef1c6ee0bee663f15d9de31\"},\"headline\":\"L\u2019Atalanta e l\u2019arte del calcio giovanile: come si prepara il vivaio migliore d\u2019Italia\",\"datePublished\":\"2019-12-06T08:14:10+00:00\",\"dateModified\":\"2024-06-11T10:54:01+00:00\",\"mainEntityOfPage\":{\"@id\":\"https:\\\/\\\/www.sideaita.it\\\/2019\\\/12\\\/06\\\/settore-giovanile-atalanta-preparazione\\\/\"},\"wordCount\":1388,\"commentCount\":0,\"publisher\":{\"@id\":\"https:\\\/\\\/www.sideaita.it\\\/#organization\"},\"image\":{\"@id\":\"https:\\\/\\\/www.sideaita.it\\\/2019\\\/12\\\/06\\\/settore-giovanile-atalanta-preparazione\\\/#primaryimage\"},\"thumbnailUrl\":\"https:\\\/\\\/www.sideaita.it\\\/wp-content\\\/uploads\\\/2019\\\/12\\\/settore-giovanile-atalanta-rodrigo-guth-sidea.jpg\",\"keywords\":[\"News Sidea - preparazione atletica\",\"sidea\"],\"articleSection\":[\"Preparazione atletica\"],\"inLanguage\":\"es\",\"potentialAction\":[{\"@type\":\"CommentAction\",\"name\":\"Comment\",\"target\":[\"https:\\\/\\\/www.sideaita.it\\\/2019\\\/12\\\/06\\\/settore-giovanile-atalanta-preparazione\\\/#respond\"]}]},{\"@type\":\"WebPage\",\"@id\":\"https:\\\/\\\/www.sideaita.it\\\/2019\\\/12\\\/06\\\/settore-giovanile-atalanta-preparazione\\\/\",\"url\":\"https:\\\/\\\/www.sideaita.it\\\/2019\\\/12\\\/06\\\/settore-giovanile-atalanta-preparazione\\\/\",\"name\":\"Settore Giovanile Atalanta: come si prepara il vivaio migliore d\u2019Italia - Sidea\",\"isPartOf\":{\"@id\":\"https:\\\/\\\/www.sideaita.it\\\/#website\"},\"primaryImageOfPage\":{\"@id\":\"https:\\\/\\\/www.sideaita.it\\\/2019\\\/12\\\/06\\\/settore-giovanile-atalanta-preparazione\\\/#primaryimage\"},\"image\":{\"@id\":\"https:\\\/\\\/www.sideaita.it\\\/2019\\\/12\\\/06\\\/settore-giovanile-atalanta-preparazione\\\/#primaryimage\"},\"thumbnailUrl\":\"https:\\\/\\\/www.sideaita.it\\\/wp-content\\\/uploads\\\/2019\\\/12\\\/settore-giovanile-atalanta-rodrigo-guth-sidea.jpg\",\"datePublished\":\"2019-12-06T08:14:10+00:00\",\"dateModified\":\"2024-06-11T10:54:01+00:00\",\"description\":\"Il ruolo della preparazione atletica nel Settore Giovanile dell'Atalanta attraverso le parole del difensore dell'U19 Rodrigo Guth e del preparatore Pasini.\",\"breadcrumb\":{\"@id\":\"https:\\\/\\\/www.sideaita.it\\\/2019\\\/12\\\/06\\\/settore-giovanile-atalanta-preparazione\\\/#breadcrumb\"},\"inLanguage\":\"es\",\"potentialAction\":[{\"@type\":\"ReadAction\",\"target\":[\"https:\\\/\\\/www.sideaita.it\\\/2019\\\/12\\\/06\\\/settore-giovanile-atalanta-preparazione\\\/\"]}]},{\"@type\":\"ImageObject\",\"inLanguage\":\"es\",\"@id\":\"https:\\\/\\\/www.sideaita.it\\\/2019\\\/12\\\/06\\\/settore-giovanile-atalanta-preparazione\\\/#primaryimage\",\"url\":\"https:\\\/\\\/www.sideaita.it\\\/wp-content\\\/uploads\\\/2019\\\/12\\\/settore-giovanile-atalanta-rodrigo-guth-sidea.jpg\",\"contentUrl\":\"https:\\\/\\\/www.sideaita.it\\\/wp-content\\\/uploads\\\/2019\\\/12\\\/settore-giovanile-atalanta-rodrigo-guth-sidea.jpg\",\"width\":2500,\"height\":1667,\"caption\":\"settore-giovanile-atalanta-rodrigo-guth-sidea\"},{\"@type\":\"BreadcrumbList\",\"@id\":\"https:\\\/\\\/www.sideaita.it\\\/2019\\\/12\\\/06\\\/settore-giovanile-atalanta-preparazione\\\/#breadcrumb\",\"itemListElement\":[{\"@type\":\"ListItem\",\"position\":1,\"name\":\"Home\",\"item\":\"https:\\\/\\\/www.sideaita.it\\\/\"},{\"@type\":\"ListItem\",\"position\":2,\"name\":\"L\u2019Atalanta e l\u2019arte del calcio giovanile: come si prepara il vivaio migliore d\u2019Italia\"}]},{\"@type\":\"WebSite\",\"@id\":\"https:\\\/\\\/www.sideaita.it\\\/#website\",\"url\":\"https:\\\/\\\/www.sideaita.it\\\/\",\"name\":\"Sidea | Attrezzatura Fitness Professionale\",\"description\":\"SIDEA \u2013 Allenati, diventa pi\u00f9 forte, vivi meglio | Attrezzatura professionale per la preparazione fisica ed il functional training. Nata dalla passione per lo sport, sviluppata per le palestre.\",\"publisher\":{\"@id\":\"https:\\\/\\\/www.sideaita.it\\\/#organization\"},\"potentialAction\":[{\"@type\":\"SearchAction\",\"target\":{\"@type\":\"EntryPoint\",\"urlTemplate\":\"https:\\\/\\\/www.sideaita.it\\\/?s={search_term_string}\"},\"query-input\":{\"@type\":\"PropertyValueSpecification\",\"valueRequired\":true,\"valueName\":\"search_term_string\"}}],\"inLanguage\":\"es\"},{\"@type\":\"Organization\",\"@id\":\"https:\\\/\\\/www.sideaita.it\\\/#organization\",\"name\":\"Sidea Srl\",\"alternateName\":\"Sidea\",\"url\":\"https:\\\/\\\/www.sideaita.it\\\/\",\"logo\":{\"@type\":\"ImageObject\",\"inLanguage\":\"es\",\"@id\":\"https:\\\/\\\/www.sideaita.it\\\/#\\\/schema\\\/logo\\\/image\\\/\",\"url\":\"https:\\\/\\\/www.sideaita.it\\\/wp-content\\\/uploads\\\/2023\\\/06\\\/cropped-logo-solo-s-1440x1440-1.jpg\",\"contentUrl\":\"https:\\\/\\\/www.sideaita.it\\\/wp-content\\\/uploads\\\/2023\\\/06\\\/cropped-logo-solo-s-1440x1440-1.jpg\",\"width\":512,\"height\":512,\"caption\":\"Sidea Srl\"},\"image\":{\"@id\":\"https:\\\/\\\/www.sideaita.it\\\/#\\\/schema\\\/logo\\\/image\\\/\"},\"sameAs\":[\"https:\\\/\\\/www.facebook.com\\\/sideaita\\\/\",\"https:\\\/\\\/www.instagram.com\\\/sidea_fitness\\\/\",\"https:\\\/\\\/www.linkedin.com\\\/company\\\/sideafitness\\\/\",\"https:\\\/\\\/www.pinterest.it\\\/sideafitness\\\/\",\"https:\\\/\\\/www.youtube.com\\\/user\\\/FitnessIT\\\/\",\"https:\\\/\\\/www.tiktok.com\\\/@sidea_fitness\"],\"description\":\"SIDEA \u2013 Allenati, diventa pi\u00f9 forte, vivi meglio | Attrezzatura professionale per la preparazione fisica ed il functional training. Nata dalla passione per lo sport, sviluppata per le palestre.\",\"email\":\"sidea@sideaita.it\",\"legalName\":\"Sidea Srl\",\"vatID\":\"IT02693190403\",\"taxID\":\"IT02693190403\",\"hasMerchantReturnPolicy\":{\"@type\":\"MerchantReturnPolicy\",\"merchantReturnLink\":\"https:\\\/\\\/www.sideaita.it\\\/es\\\/termini-condizioni-di-vendita\\\/\"}},{\"@type\":\"Person\",\"@id\":\"https:\\\/\\\/www.sideaita.it\\\/#\\\/schema\\\/person\\\/dffac77f9ef1c6ee0bee663f15d9de31\",\"name\":\"Sidea\",\"image\":{\"@type\":\"ImageObject\",\"inLanguage\":\"es\",\"@id\":\"https:\\\/\\\/secure.gravatar.com\\\/avatar\\\/1f053fd372d4715dae69f2348830136846525c9c803cd9d3899b193518df4fe1?s=96&d=mm&r=g\",\"url\":\"https:\\\/\\\/secure.gravatar.com\\\/avatar\\\/1f053fd372d4715dae69f2348830136846525c9c803cd9d3899b193518df4fe1?s=96&d=mm&r=g\",\"contentUrl\":\"https:\\\/\\\/secure.gravatar.com\\\/avatar\\\/1f053fd372d4715dae69f2348830136846525c9c803cd9d3899b193518df4fe1?s=96&d=mm&r=g\",\"caption\":\"Sidea\"},\"sameAs\":[\"riccardo\"],\"url\":\"https:\\\/\\\/www.sideaita.it\\\/es\\\/author\\\/gioele\\\/\"}]}<\/script>\n<!-- \/ Yoast SEO Premium plugin. -->","yoast_head_json":{"title":"La cantera del Atalanta: as\u00ed se prepara el mejor vivero de Italia - Sidea","description":"El papel del entrenamiento atl\u00e9tico en la cantera del Atalanta a trav\u00e9s de las palabras del defensa sub-19 Rodrigo Guth y del entrenador Pasini.","robots":{"index":"index","follow":"follow","max-snippet":"max-snippet:-1","max-image-preview":"max-image-preview:large","max-video-preview":"max-video-preview:-1"},"canonical":"https:\/\/www.sideaita.it\/es\/2019\/12\/06\/atalanta-preparacion-del-sector-de-la-juventud\/","og_locale":"es_ES","og_type":"article","og_title":"L\u2019Atalanta e l\u2019arte del calcio giovanile: come si prepara il vivaio migliore d\u2019Italia - Sidea Fitness","og_description":"Il ruolo della preparazione atletica nel Settore Giovanile dell'Atalanta attraverso le parole del difensore dell'U19 Rodrigo Guth e del preparatore Pasini.","og_url":"https:\/\/www.sideaita.it\/es\/2019\/12\/06\/atalanta-preparacion-del-sector-de-la-juventud\/","og_site_name":"Sidea | Attrezzatura Fitness Professionale","article_publisher":"https:\/\/www.facebook.com\/sideaita\/","article_published_time":"2019-12-06T08:14:10+00:00","article_modified_time":"2024-06-11T10:54:01+00:00","og_image":[{"width":2500,"height":1667,"url":"https:\/\/www.sideaita.it\/wp-content\/uploads\/2019\/12\/settore-giovanile-atalanta-palestra.jpg","type":"image\/jpeg"}],"author":"Sidea","twitter_card":"summary_large_image","twitter_title":"Atalanta: come si prepara il vivaio migliore d\u2019Italia - Sidea Fitness","twitter_description":"Il ruolo della preparazione atletica nel Settore Giovanile dell'Atalanta attraverso le parole del difensore dell'U19 Rodrigo Guth e del preparatore Pasini.","twitter_image":"https:\/\/www.sideaita.it\/wp-content\/uploads\/2019\/12\/settore-giovanile-atalanta-palestra.jpg","twitter_misc":{"Escrito por":"Sidea","Tiempo de lectura":"7 minutos"},"schema":{"@context":"https:\/\/schema.org","@graph":[{"@type":"Article","@id":"https:\/\/www.sideaita.it\/2019\/12\/06\/settore-giovanile-atalanta-preparazione\/#article","isPartOf":{"@id":"https:\/\/www.sideaita.it\/2019\/12\/06\/settore-giovanile-atalanta-preparazione\/"},"author":{"name":"Sidea","@id":"https:\/\/www.sideaita.it\/#\/schema\/person\/dffac77f9ef1c6ee0bee663f15d9de31"},"headline":"L\u2019Atalanta e l\u2019arte del calcio giovanile: come si prepara il vivaio migliore d\u2019Italia","datePublished":"2019-12-06T08:14:10+00:00","dateModified":"2024-06-11T10:54:01+00:00","mainEntityOfPage":{"@id":"https:\/\/www.sideaita.it\/2019\/12\/06\/settore-giovanile-atalanta-preparazione\/"},"wordCount":1388,"commentCount":0,"publisher":{"@id":"https:\/\/www.sideaita.it\/#organization"},"image":{"@id":"https:\/\/www.sideaita.it\/2019\/12\/06\/settore-giovanile-atalanta-preparazione\/#primaryimage"},"thumbnailUrl":"https:\/\/www.sideaita.it\/wp-content\/uploads\/2019\/12\/settore-giovanile-atalanta-rodrigo-guth-sidea.jpg","keywords":["News Sidea - preparazione atletica","sidea"],"articleSection":["Preparazione atletica"],"inLanguage":"es","potentialAction":[{"@type":"CommentAction","name":"Comment","target":["https:\/\/www.sideaita.it\/2019\/12\/06\/settore-giovanile-atalanta-preparazione\/#respond"]}]},{"@type":"WebPage","@id":"https:\/\/www.sideaita.it\/2019\/12\/06\/settore-giovanile-atalanta-preparazione\/","url":"https:\/\/www.sideaita.it\/2019\/12\/06\/settore-giovanile-atalanta-preparazione\/","name":"La cantera del Atalanta: as\u00ed se prepara el mejor vivero de Italia - Sidea","isPartOf":{"@id":"https:\/\/www.sideaita.it\/#website"},"primaryImageOfPage":{"@id":"https:\/\/www.sideaita.it\/2019\/12\/06\/settore-giovanile-atalanta-preparazione\/#primaryimage"},"image":{"@id":"https:\/\/www.sideaita.it\/2019\/12\/06\/settore-giovanile-atalanta-preparazione\/#primaryimage"},"thumbnailUrl":"https:\/\/www.sideaita.it\/wp-content\/uploads\/2019\/12\/settore-giovanile-atalanta-rodrigo-guth-sidea.jpg","datePublished":"2019-12-06T08:14:10+00:00","dateModified":"2024-06-11T10:54:01+00:00","description":"El papel del entrenamiento atl\u00e9tico en la cantera del Atalanta a trav\u00e9s de las palabras del defensa sub-19 Rodrigo Guth y del entrenador Pasini.","breadcrumb":{"@id":"https:\/\/www.sideaita.it\/2019\/12\/06\/settore-giovanile-atalanta-preparazione\/#breadcrumb"},"inLanguage":"es","potentialAction":[{"@type":"ReadAction","target":["https:\/\/www.sideaita.it\/2019\/12\/06\/settore-giovanile-atalanta-preparazione\/"]}]},{"@type":"ImageObject","inLanguage":"es","@id":"https:\/\/www.sideaita.it\/2019\/12\/06\/settore-giovanile-atalanta-preparazione\/#primaryimage","url":"https:\/\/www.sideaita.it\/wp-content\/uploads\/2019\/12\/settore-giovanile-atalanta-rodrigo-guth-sidea.jpg","contentUrl":"https:\/\/www.sideaita.it\/wp-content\/uploads\/2019\/12\/settore-giovanile-atalanta-rodrigo-guth-sidea.jpg","width":2500,"height":1667,"caption":"settore-giovanile-atalanta-rodrigo-guth-sidea"},{"@type":"BreadcrumbList","@id":"https:\/\/www.sideaita.it\/2019\/12\/06\/settore-giovanile-atalanta-preparazione\/#breadcrumb","itemListElement":[{"@type":"ListItem","position":1,"name":"Home","item":"https:\/\/www.sideaita.it\/"},{"@type":"ListItem","position":2,"name":"L\u2019Atalanta e l\u2019arte del calcio giovanile: come si prepara il vivaio migliore d\u2019Italia"}]},{"@type":"WebSite","@id":"https:\/\/www.sideaita.it\/#website","url":"https:\/\/www.sideaita.it\/","name":"Sidea | Equipos de fitness profesionales","description":"SIDEA - Entrenar, fortalecerse, vivir mejor | Equipamiento profesional para la preparaci\u00f3n f\u00edsica y el entrenamiento funcional. Nacido de la pasi\u00f3n por el deporte, desarrollado para gimnasios.","publisher":{"@id":"https:\/\/www.sideaita.it\/#organization"},"potentialAction":[{"@type":"SearchAction","target":{"@type":"EntryPoint","urlTemplate":"https:\/\/www.sideaita.it\/?s={search_term_string}"},"query-input":{"@type":"PropertyValueSpecification","valueRequired":true,"valueName":"search_term_string"}}],"inLanguage":"es"},{"@type":"Organization","@id":"https:\/\/www.sideaita.it\/#organization","name":"Sidea Srl","alternateName":"Sidea","url":"https:\/\/www.sideaita.it\/","logo":{"@type":"ImageObject","inLanguage":"es","@id":"https:\/\/www.sideaita.it\/#\/schema\/logo\/image\/","url":"https:\/\/www.sideaita.it\/wp-content\/uploads\/2023\/06\/cropped-logo-solo-s-1440x1440-1.jpg","contentUrl":"https:\/\/www.sideaita.it\/wp-content\/uploads\/2023\/06\/cropped-logo-solo-s-1440x1440-1.jpg","width":512,"height":512,"caption":"Sidea Srl"},"image":{"@id":"https:\/\/www.sideaita.it\/#\/schema\/logo\/image\/"},"sameAs":["https:\/\/www.facebook.com\/sideaita\/","https:\/\/www.instagram.com\/sidea_fitness\/","https:\/\/www.linkedin.com\/company\/sideafitness\/","https:\/\/www.pinterest.it\/sideafitness\/","https:\/\/www.youtube.com\/user\/FitnessIT\/","https:\/\/www.tiktok.com\/@sidea_fitness"],"description":"SIDEA - Entrenar, fortalecerse, vivir mejor | Equipamiento profesional para la preparaci\u00f3n f\u00edsica y el entrenamiento funcional. Nacido de la pasi\u00f3n por el deporte, desarrollado para gimnasios.","email":"sidea@sideaita.it","legalName":"Sidea Srl","vatID":"IT02693190403","taxID":"IT02693190403","hasMerchantReturnPolicy":{"@type":"MerchantReturnPolicy","merchantReturnLink":"https:\/\/www.sideaita.it\/es\/termini-condizioni-di-vendita\/"}},{"@type":"Person","@id":"https:\/\/www.sideaita.it\/#\/schema\/person\/dffac77f9ef1c6ee0bee663f15d9de31","name":"Sidea","image":{"@type":"ImageObject","inLanguage":"es","@id":"https:\/\/secure.gravatar.com\/avatar\/1f053fd372d4715dae69f2348830136846525c9c803cd9d3899b193518df4fe1?s=96&d=mm&r=g","url":"https:\/\/secure.gravatar.com\/avatar\/1f053fd372d4715dae69f2348830136846525c9c803cd9d3899b193518df4fe1?s=96&d=mm&r=g","contentUrl":"https:\/\/secure.gravatar.com\/avatar\/1f053fd372d4715dae69f2348830136846525c9c803cd9d3899b193518df4fe1?s=96&d=mm&r=g","caption":"Sidea"},"sameAs":["riccardo"],"url":"https:\/\/www.sideaita.it\/es\/author\/gioele\/"}]}},"_links":{"self":[{"href":"https:\/\/www.sideaita.it\/es\/wp-json\/wp\/v2\/posts\/59025","targetHints":{"allow":["GET"]}}],"collection":[{"href":"https:\/\/www.sideaita.it\/es\/wp-json\/wp\/v2\/posts"}],"about":[{"href":"https:\/\/www.sideaita.it\/es\/wp-json\/wp\/v2\/types\/post"}],"author":[{"embeddable":true,"href":"https:\/\/www.sideaita.it\/es\/wp-json\/wp\/v2\/users\/3"}],"replies":[{"embeddable":true,"href":"https:\/\/www.sideaita.it\/es\/wp-json\/wp\/v2\/comments?post=59025"}],"version-history":[{"count":2,"href":"https:\/\/www.sideaita.it\/es\/wp-json\/wp\/v2\/posts\/59025\/revisions"}],"predecessor-version":[{"id":326285,"href":"https:\/\/www.sideaita.it\/es\/wp-json\/wp\/v2\/posts\/59025\/revisions\/326285"}],"wp:featuredmedia":[{"embeddable":true,"href":"https:\/\/www.sideaita.it\/es\/wp-json\/wp\/v2\/media\/59117"}],"wp:attachment":[{"href":"https:\/\/www.sideaita.it\/es\/wp-json\/wp\/v2\/media?parent=59025"}],"wp:term":[{"taxonomy":"category","embeddable":true,"href":"https:\/\/www.sideaita.it\/es\/wp-json\/wp\/v2\/categories?post=59025"},{"taxonomy":"post_tag","embeddable":true,"href":"https:\/\/www.sideaita.it\/es\/wp-json\/wp\/v2\/tags?post=59025"}],"curies":[{"name":"wp","href":"https:\/\/api.w.org\/{rel}","templated":true}]}}