{"id":70683,"date":"2020-02-24T10:21:46","date_gmt":"2020-02-24T09:21:46","guid":{"rendered":"https:\/\/www.sideaita.it\/?p=70683"},"modified":"2024-04-08T10:00:48","modified_gmt":"2024-04-08T08:00:48","slug":"dolor-de-espalda-ejercicios-de-trabajo","status":"publish","type":"post","link":"https:\/\/www.sideaita.it\/es\/2020\/02\/24\/mal-di-schiena-lavoro-esercizi\/","title":{"rendered":"Dolor de espalda en el trabajo: c\u00f3mo combatirlo con unos sencillos ejercicios"},"content":{"rendered":"<div align=\"justify\">\n<h5 style=\"text-align: right;\"><\/h5>\n<p>Una vida inactiva y un trabajo que nos mantiene sentados en nuestros escritorios durante largas horas son dos de las principales causas de la <strong>dolor de espalda<\/strong>. A menudo se achaca al levantamiento incorrecto de una pesa del suelo, otras veces al colch\u00f3n inc\u00f3modo, pero el verdadero problema se encuentra aguas arriba de todo esto y es <strong>p\u00e9rdida del tono central<\/strong> y la falta de <strong>flexibilidad<\/strong> y de <strong>movilidad<\/strong> de la cadena cin\u00e9tica posterior y anterior.<\/p>\n<h3>\u00bfQu\u00e9 es el n\u00facleo?<\/h3>\n<p>El core no es m\u00e1s que el conjunto de todos los m\u00fasculos que envuelven el cors\u00e9 abdominal y nos ayudan en el mantenimiento de la <strong>alineaci\u00f3n correcta de la columna vertebral<\/strong>. Muchas horas en la oficina sentados en una silla tienden a hacernos adoptar posturas inc\u00f3modas e incorrectas que afectan negativamente a nuestra postura.<\/p>\n<p>Si a eso a\u00f1adimos el trayecto en coche o en alg\u00fan transporte p\u00fablico, las horas que pasamos sentados se convierten en ocho, si no m\u00e1s. <strong>La actividad f\u00edsica se convierte en nuestro m\u00e1s fiel aliado para combatir este problema<\/strong> ya que tonifica los m\u00fasculos, mantiene lubricadas las articulaciones y mejora la vascularizaci\u00f3n perif\u00e9rica al nutrir los m\u00fasculos.<\/p>\n<h3>\u00bfQu\u00e9 tipo de actividad es la m\u00e1s recomendable para evitar el dolor de espalda?<\/h3>\n<p>No hay una actividad f\u00edsica que sea mejor que las dem\u00e1s, pero sin duda hay varias que pueden ayudar a <strong>prevenir<\/strong> y a <strong>cura<\/strong> este problema. Dependiendo de su situaci\u00f3n y nivel de forma f\u00edsica, puede emprender <a href=\"https:\/\/www.sideaita.it\/es\/categorias-de-equipos-de-fitness\/actividad-de-grupo\/\">actividades aer\u00f3bicas<\/a>de <a href=\"https:\/\/www.sideaita.it\/es\/categorias-de-equipos-de-fitness\/mancuernas-hexagonales-de-goma-mancuernas-aerobicas-de-vinilo\/\">pesas ligeras<\/a>, <a href=\"https:\/\/www.sideaita.it\/es\/categorias-de-equipos-de-fitness\/equipos-de-entrenamiento-funcional-gimnasios-profesionales-del-fitness\/\">entrenamiento funcional<\/a> e <a href=\"https:\/\/www.sideaita.it\/es\/categorias-de-equipos-de-fitness\/olistic-training\/\">actividades hol\u00edsticas<\/a> como pilates o yoga.<\/p>\n<p>Si su objetivo es <strong>prevenir el dolor de espalda<\/strong>puede elegir cualquiera de las actividades anteriores, ya que todas ellas <strong>vigorizar<\/strong>, <strong>movilizar<\/strong> y ayudar a mejorar la <strong>flexibilidad<\/strong> de nuestros m\u00fasculos. Si, por el contrario, ya tienes algunos s\u00edntomas de dolor de espalda, el consejo es <strong>empezar con actividades hol\u00edsticas<\/strong> y luego pasar a los dem\u00e1s.<\/p>\n<h3>Ejercicios para hacer en el trabajo<\/h3>\n<p>Esta es una rutina que puedes utilizar en peque\u00f1os descansos durante el trabajo y que te ayudar\u00e1 a <strong>despierta y fortalece tus m\u00fasculos centrales y mejora tu postura<\/strong>:<\/p>\n<ul>\n<li>Respiraci\u00f3n diafragm\u00e1tica con las manos sobre las piernas<\/li>\n<li>Extensiones de columna con las manos en las piernas<\/li>\n<li>Sentada para gatos y vacas<\/li>\n<li>Estiramiento de los isquiocrinos<\/li>\n<\/ul>\n<p>Realiza cada ejercicio durante unos 60 segundos y recup\u00e9rate durante 20 segundos.<\/p>\n<p>Otra ayuda contra el dolor de espalda que podemos utilizar c\u00f3modamente durante nuestra jornada laboral es precisamente <strong>el tipo de asiento<\/strong>. La <a href=\"https:\/\/www.sideaita.it\/es\/equipos-de-fitness\/0448-5-0448-9-balon-sentado-sidea-active\/\">Pelota sentada Sidea Active<\/a> de hecho, es una soluci\u00f3n eficaz para sentarse y mantenerse activo. Obliga a <strong>adaptaciones continuas<\/strong> porque, al ser una superficie esf\u00e9rica, cambia con cada m\u00ednimo movimiento. Esto tiene un efecto positivo en la activaci\u00f3n de toda la musculatura postural y permite restablecer las curvas fisiol\u00f3gicas de la columna vertebral.<\/p>\n<\/div>\n\n  \n    <div class=\"row  lightbox-multi-gallery large-columns-3 medium-columns- small-columns-2 row-full-width slider row-slider slider-nav-circle slider-nav-push\"  data-flickity-options='{&quot;imagesLoaded&quot;: true, &quot;groupCells&quot;: &quot;100%&quot;, &quot;dragThreshold&quot; : 5, &quot;cellAlign&quot;: &quot;left&quot;,&quot;wrapAround&quot;: true,&quot;prevNextButtons&quot;: true,&quot;percentPosition&quot;: true,&quot;pageDots&quot;: true, &quot;rightToLeft&quot;: false, &quot;autoPlay&quot; : 7000}' >\n\n  <div class=\"gallery-col col\" >\n          <div class=\"col-inner\">\n                        <div class=\"box has-hover gallery-box box-default\">\n              <div class=\"box-image\" >\n                <img loading=\"lazy\" decoding=\"async\" width=\"1000\" height=\"1000\" src=\"https:\/\/www.sideaita.it\/wp-content\/uploads\/2023\/10\/0448_5-0448_9-Active-Sitting-Ball-16.jpg\" class=\"attachment-original size-original\" alt=\"0448\/5-0448\/9 Pelota sentada Sidea Active\" ids=\"268615,268613,268606\" style=\"default\" lightbox=\"false\" type=\"slider\" columns=\"3\" slider_nav_style=\"circle\" slider_bullets=\"true\" auto_slide=\"7000\" image_size=\"original\" srcset=\"https:\/\/www.sideaita.it\/wp-content\/uploads\/2023\/10\/0448_5-0448_9-Active-Sitting-Ball-16.jpg 1000w, https:\/\/www.sideaita.it\/wp-content\/uploads\/2023\/10\/0448_5-0448_9-Active-Sitting-Ball-16-400x400.jpg 400w, https:\/\/www.sideaita.it\/wp-content\/uploads\/2023\/10\/0448_5-0448_9-Active-Sitting-Ball-16-800x800.jpg 800w, https:\/\/www.sideaita.it\/wp-content\/uploads\/2023\/10\/0448_5-0448_9-Active-Sitting-Ball-16-300x300.jpg 300w, https:\/\/www.sideaita.it\/wp-content\/uploads\/2023\/10\/0448_5-0448_9-Active-Sitting-Ball-16-768x768.jpg 768w, https:\/\/www.sideaita.it\/wp-content\/uploads\/2023\/10\/0448_5-0448_9-Active-Sitting-Ball-16-700x700.jpg 700w, https:\/\/www.sideaita.it\/wp-content\/uploads\/2023\/10\/0448_5-0448_9-Active-Sitting-Ball-16-100x100.jpg 100w\" sizes=\"auto, (max-width: 1000px) 100vw, 1000px\" title=\"0448\/5-0448\/9 Pelota sentada Sidea Active\" \/>                                                              <\/div>\n              <div class=\"box-text text-left\" >\n                 <p>0448_5 - 0448_9 Pelota sentada activa (16)<\/p>\n              <\/div>\n            <\/div>\n                      <\/div>\n         <\/div><div class=\"gallery-col col\" >\n          <div class=\"col-inner\">\n                        <div class=\"box has-hover gallery-box box-default\">\n              <div class=\"box-image\" >\n                <img loading=\"lazy\" decoding=\"async\" width=\"1000\" height=\"1000\" src=\"https:\/\/www.sideaita.it\/wp-content\/uploads\/2023\/10\/0448_5-0448_9-Active-Sitting-Ball-14.jpg\" class=\"attachment-original size-original\" alt=\"0448\/5-0448\/9 Pelota sentada Sidea Active\" ids=\"268615,268613,268606\" style=\"default\" lightbox=\"false\" type=\"slider\" columns=\"3\" slider_nav_style=\"circle\" slider_bullets=\"true\" auto_slide=\"7000\" image_size=\"original\" srcset=\"https:\/\/www.sideaita.it\/wp-content\/uploads\/2023\/10\/0448_5-0448_9-Active-Sitting-Ball-14.jpg 1000w, https:\/\/www.sideaita.it\/wp-content\/uploads\/2023\/10\/0448_5-0448_9-Active-Sitting-Ball-14-400x400.jpg 400w, https:\/\/www.sideaita.it\/wp-content\/uploads\/2023\/10\/0448_5-0448_9-Active-Sitting-Ball-14-800x800.jpg 800w, https:\/\/www.sideaita.it\/wp-content\/uploads\/2023\/10\/0448_5-0448_9-Active-Sitting-Ball-14-300x300.jpg 300w, https:\/\/www.sideaita.it\/wp-content\/uploads\/2023\/10\/0448_5-0448_9-Active-Sitting-Ball-14-768x768.jpg 768w, https:\/\/www.sideaita.it\/wp-content\/uploads\/2023\/10\/0448_5-0448_9-Active-Sitting-Ball-14-700x700.jpg 700w, https:\/\/www.sideaita.it\/wp-content\/uploads\/2023\/10\/0448_5-0448_9-Active-Sitting-Ball-14-100x100.jpg 100w\" sizes=\"auto, (max-width: 1000px) 100vw, 1000px\" title=\"0448\/5-0448\/9 Pelota sentada Sidea Active\" \/>                                                              <\/div>\n              <div class=\"box-text text-left\" >\n                 <p>0448_5 - 0448_9 Pelota sentada activa (14)<\/p>\n              <\/div>\n            <\/div>\n                      <\/div>\n         <\/div><div class=\"gallery-col col\" >\n          <div class=\"col-inner\">\n                        <div class=\"box has-hover gallery-box box-default\">\n              <div class=\"box-image\" >\n                <img loading=\"lazy\" decoding=\"async\" width=\"1000\" height=\"1000\" src=\"https:\/\/www.sideaita.it\/wp-content\/uploads\/2023\/10\/0448_5-0448_9-Active-Sitting-Ball-7.jpg\" class=\"attachment-original size-original\" alt=\"0448\/5-0448\/9 Pelota sentada Sidea Active\" ids=\"268615,268613,268606\" style=\"default\" lightbox=\"false\" type=\"slider\" columns=\"3\" slider_nav_style=\"circle\" slider_bullets=\"true\" auto_slide=\"7000\" image_size=\"original\" srcset=\"https:\/\/www.sideaita.it\/wp-content\/uploads\/2023\/10\/0448_5-0448_9-Active-Sitting-Ball-7.jpg 1000w, https:\/\/www.sideaita.it\/wp-content\/uploads\/2023\/10\/0448_5-0448_9-Active-Sitting-Ball-7-400x400.jpg 400w, https:\/\/www.sideaita.it\/wp-content\/uploads\/2023\/10\/0448_5-0448_9-Active-Sitting-Ball-7-800x800.jpg 800w, https:\/\/www.sideaita.it\/wp-content\/uploads\/2023\/10\/0448_5-0448_9-Active-Sitting-Ball-7-300x300.jpg 300w, https:\/\/www.sideaita.it\/wp-content\/uploads\/2023\/10\/0448_5-0448_9-Active-Sitting-Ball-7-768x768.jpg 768w, https:\/\/www.sideaita.it\/wp-content\/uploads\/2023\/10\/0448_5-0448_9-Active-Sitting-Ball-7-700x700.jpg 700w, https:\/\/www.sideaita.it\/wp-content\/uploads\/2023\/10\/0448_5-0448_9-Active-Sitting-Ball-7-100x100.jpg 100w\" sizes=\"auto, (max-width: 1000px) 100vw, 1000px\" title=\"0448\/5-0448\/9 Pelota sentada Sidea Active\" \/>                                                              <\/div>\n              <div class=\"box-text text-left\" >\n                 <p>0448_5 - 0448_9 Pelota sentada activa (7)<\/p>\n              <\/div>\n            <\/div>\n                      <\/div>\n         <\/div><\/div>\n<div align=\"justify\">\n<p>Pruebe esta rutina con <a href=\"https:\/\/www.sideaita.it\/es\/equipos-de-fitness\/0448-5-0448-9-balon-sentado-sidea-active\/\">Pelota sentada Sidea Active<\/a> e <a href=\"https:\/\/www.sideaita.it\/es\/categorias-de-equipos-de-fitness\/bandas-elasticas-de-fitness\/\">banda el\u00e1stica<\/a><\/p>\n<p>Haz esta rutina de ejercicios dos veces al d\u00eda, \u00a1s\u00f3lo son 5 minutos!<\/p>\n<ul>\n<li>Rotaciones del torso sentado en <a href=\"https:\/\/www.sideaita.it\/es\/equipos-de-fitness\/0448-5-0448-9-balon-sentado-sidea-active\/\">Pelota sentada Sidea Active<\/a><\/li>\n<li>Alargamiento del iliopsoas en apoyo sobre <a href=\"https:\/\/www.sideaita.it\/es\/equipos-de-fitness\/0448-5-0448-9-balon-sentado-sidea-active\/\">Pelota sentada Sidea Active<\/a><\/li>\n<li>Tirones por encima de la cabeza con <a href=\"https:\/\/www.sideaita.it\/es\/categorias-de-equipos-de-fitness\/bandas-elasticas-de-fitness\/\">banda el\u00e1stica<\/a> sentado en <a href=\"https:\/\/www.sideaita.it\/es\/equipos-de-fitness\/0448-5-0448-9-balon-sentado-sidea-active\/\">Pelota sentada Sidea Active<\/a><\/li>\n<li>Estiramiento isquiocr\u00e1tico con <a href=\"https:\/\/www.sideaita.it\/es\/categorias-de-equipos-de-fitness\/bandas-elasticas-de-fitness\/\">banda el\u00e1stica<\/a> sentado en <a href=\"https:\/\/www.sideaita.it\/es\/equipos-de-fitness\/0448-5-0448-9-balon-sentado-sidea-active\/\">Pelota sentada Sidea Active<\/a><\/li>\n<li>Tira con los codos apretados sentado en <a href=\"https:\/\/www.sideaita.it\/es\/equipos-de-fitness\/0448-5-0448-9-balon-sentado-sidea-active\/\">Sidea Active Sitting<\/a> Bola con <a href=\"https:\/\/www.sideaita.it\/es\/categorias-de-equipos-de-fitness\/bandas-elasticas-de-fitness\/\">banda el\u00e1stica<\/a><\/li>\n<\/ul>\n<p>Realiza cada ejercicio durante unos 60 segundos y recup\u00e9rate durante 20 segundos.<\/p>\n<h3>5 consejos \u00fatiles para prevenir el dolor de espalda<\/h3>\n<ul>\n<li><a href=\"https:\/\/www.cdc.gov\/nccdphp\/dnpao\/index.html\">Intenta dedicar unos <strong>120-150 minutos de actividad f\u00edsica<\/strong> por semana<\/a><\/li>\n<li>Bebe sobre <strong>2L de agua al d\u00eda<\/strong>mantenerte hidratado ayudar\u00e1 a tus articulaciones<\/li>\n<li>Ejecutar algunos <strong>rutinas de estiramiento<\/strong> todos los d\u00edas, ya sea por la ma\u00f1ana, durante el d\u00eda o por la noche<\/li>\n<li>Mantenga su <strong>peso<\/strong><\/li>\n<li>Siempre lleva <strong>calzado c\u00f3modo<\/strong> y adecuado para sus actividades.<\/li>\n<\/ul>\n<\/div>\n\n\t<section class=\"section\" id=\"section_145584517\">\n\t\t<div class=\"section-bg fill\" >\n\t\t\t\t\t\t\t\t\t<div class=\"section-bg-overlay absolute fill\"><\/div>\n\t\t\t\n\t<div class=\"is-border\"\n\t\tstyle=\"border-color:rgb(235, 235, 235);border-width:0px 0px 0px 0px;\">\n\t<\/div>\n\n\t\t<\/div>\n\n\t\t\n\n\t\t<div class=\"section-content relative\">\n\t\t\t\n<div class=\"row row-large align-middle align-center\"  id=\"row-559935572\">\n\n\t<div id=\"col-119569032\" class=\"col medium-6 small-12 large-6 col-divided\"  >\n\t\t\t\t<div class=\"col-inner box-shadow-2 box-shadow-5-hover\" style=\"background-color:rgb(255, 255, 255);\" >\n\t\t\t\n\t\t\t\n\t<div class=\"img has-hover x md-x lg-x y md-y lg-y\" id=\"image_1672929663\">\n\t\t\t\t\t\t\t\t<div class=\"img-inner image-overlay-remove image-cover dark\" style=\"padding-top:100%;\" data-no-translation=\"\">\n\t\t\t<img loading=\"lazy\" decoding=\"async\" width=\"888\" height=\"888\" src=\"https:\/\/www.sideaita.it\/wp-content\/uploads\/2019\/12\/sidea-matteo-zoffoli.jpg\" class=\"attachment-original size-original\" alt=\"sidea-matteo-zoffoli\" srcset=\"https:\/\/www.sideaita.it\/wp-content\/uploads\/2019\/12\/sidea-matteo-zoffoli.jpg 888w, https:\/\/www.sideaita.it\/wp-content\/uploads\/2019\/12\/sidea-matteo-zoffoli-400x400.jpg 400w, https:\/\/www.sideaita.it\/wp-content\/uploads\/2019\/12\/sidea-matteo-zoffoli-800x800.jpg 800w, https:\/\/www.sideaita.it\/wp-content\/uploads\/2019\/12\/sidea-matteo-zoffoli-300x300.jpg 300w, https:\/\/www.sideaita.it\/wp-content\/uploads\/2019\/12\/sidea-matteo-zoffoli-768x768.jpg 768w, https:\/\/www.sideaita.it\/wp-content\/uploads\/2019\/12\/sidea-matteo-zoffoli-700x700.jpg 700w, https:\/\/www.sideaita.it\/wp-content\/uploads\/2019\/12\/sidea-matteo-zoffoli-100x100.jpg 100w\" sizes=\"auto, (max-width: 888px) 100vw, 888px\" data-no-translation=\"\" \/>\t\t\t\t\t\t\t<div class=\"overlay\" style=\"background-color: rgba(0, 0, 0, 0.16)\"><\/div>\n\t\t\t\t\t\t\n\t\t\t\t\t<\/div>\n\t\t\t\t\t\t\t\t\n<style>\n#image_1672929663 {\n  width: 100%;\n}\n<\/style>\n\t<\/div>\n\t\n\t\t<\/div>\n\t\t\t\t\n<style>\n#col-119569032 > .col-inner {\n  padding: 0px 0px 0px 0px;\n  margin: 0px 0px -30px 0px;\n}\n<\/style>\n\t<\/div>\n\n\t\n\n\t<div id=\"col-2015025596\" class=\"col medium-6 small-12 large-6\"  >\n\t\t\t\t<div class=\"col-inner text-center dark\"  >\n\t\t\t\n\t\t\t\n<h2 style=\"text-align: left;\"><a href=\"https:\/\/www.instagram.com\/matteozoffoli\/\">Matteo Zoffoli<\/a><\/h2>\n<ul>\n<li style=\"text-align: left;\"><em>Entrenador de atletismo profesional y experto en entrenamiento de alta intensidad.<\/em><\/li>\n<li style=\"text-align: left;\"><em>Entrenador de atletismo del Cesena Calcio en las temporadas 2015-16, 2016-17, 2017-18 con el rol de entrenador de fuerza y acondicionamiento.<\/em><\/li>\n<li style=\"text-align: left;\"><em>Consultor de fitness para programaci\u00f3n y evaluaci\u00f3n de actividades de entrenamiento funcional, preparaci\u00f3n atl\u00e9tica y coaching en l\u00ednea.<\/em><\/li>\n<\/ul>\n<a href=\"https:\/\/www.sideaita.it\/es\/autor\/matteo\/\" target=\"_blank\" class=\"button primary\" rel=\"noopener\" style=\"border-radius:81px;\">\n\t\t<span>Leer art\u00edculos<\/span>\n\t<\/a>\n\n\t\t<\/div>\n\t\t\t\t\t<\/div>\n\n\t\n<\/div>\n\t\t<\/div>\n\n\t\t\n<style>\n#section_145584517 {\n  padding-top: 26px;\n  padding-bottom: 26px;\n  min-height: 0px;\n  background-color: rgb(171, 171, 171);\n}\n#section_145584517 .section-bg-overlay {\n  background-color: rgba(0, 0, 0, 0.78);\n}\n<\/style>\n\t<\/section>\n\t\n<div class=\"text-center\"><div class=\"is-divider divider clearfix\" style=\"max-width:200px;\"><\/div><\/div>\n\n  \n    <div class=\"row large-columns-4 medium-columns-3 small-columns-1 row-small row-full-width has-shadow row-box-shadow-1 slider row-slider slider-nav-reveal slider-nav-push\"  data-flickity-options='{&quot;imagesLoaded&quot;: true, &quot;groupCells&quot;: &quot;100%&quot;, &quot;dragThreshold&quot; : 5, &quot;cellAlign&quot;: &quot;left&quot;,&quot;wrapAround&quot;: true,&quot;prevNextButtons&quot;: true,&quot;percentPosition&quot;: true,&quot;pageDots&quot;: false, &quot;rightToLeft&quot;: false, &quot;autoPlay&quot; : 7000}' >\n\n  <div class=\"col post-item\" >\n\t\t\t<div class=\"col-inner\">\n\t\t\t\t<div class=\"box box-normal box-text-bottom box-blog-post has-hover\">\n            \t\t\t\t\t<div class=\"box-image\" >\n  \t\t\t\t\t\t<div class=\"image-color image-overlay-remove image-cover\" style=\"padding-top:144%;\">\n\t\t\t\t\t\t\t<a href=\"https:\/\/www.sideaita.it\/es\/2026\/06\/30\/agilita-delite-perche-cambiare-direzione-non-e-solo-una-questione-di-forza\/\" class=\"plain\" aria-label=\"Agilidad de \u00e9lite: por qu\u00e9 cambiar de direcci\u00f3n no es solo una cuesti\u00f3n de fuerza\">\n\t\t\t\t\t\t\t\t<img loading=\"lazy\" decoding=\"async\" width=\"711\" height=\"400\" src=\"https:\/\/www.sideaita.it\/wp-content\/uploads\/2026\/06\/sidea-stiffness-agilita-preparazione-atletica-strength-and-conditioning-calcio-training-1-711x400.jpg\" class=\"attachment-medium size-medium wp-post-image\" alt=\"sidea rigidez agilidad preparaci\u00f3n f\u00edsica fuerza y acondicionamiento f\u00fatbol entrenamiento 1\" srcset=\"https:\/\/www.sideaita.it\/wp-content\/uploads\/2026\/06\/sidea-stiffness-agilita-preparazione-atletica-strength-and-conditioning-calcio-training-1-711x400.jpg 711w, https:\/\/www.sideaita.it\/wp-content\/uploads\/2026\/06\/sidea-stiffness-agilita-preparazione-atletica-strength-and-conditioning-calcio-training-1-1400x788.jpg 1400w, https:\/\/www.sideaita.it\/wp-content\/uploads\/2026\/06\/sidea-stiffness-agilita-preparazione-atletica-strength-and-conditioning-calcio-training-1-768x432.jpg 768w, https:\/\/www.sideaita.it\/wp-content\/uploads\/2026\/06\/sidea-stiffness-agilita-preparazione-atletica-strength-and-conditioning-calcio-training-1-1536x864.jpg 1536w, https:\/\/www.sideaita.it\/wp-content\/uploads\/2026\/06\/sidea-stiffness-agilita-preparazione-atletica-strength-and-conditioning-calcio-training-1-18x10.jpg 18w, https:\/\/www.sideaita.it\/wp-content\/uploads\/2026\/06\/sidea-stiffness-agilita-preparazione-atletica-strength-and-conditioning-calcio-training-1-700x394.jpg 700w, https:\/\/www.sideaita.it\/wp-content\/uploads\/2026\/06\/sidea-stiffness-agilita-preparazione-atletica-strength-and-conditioning-calcio-training-1.jpg 1920w\" sizes=\"auto, (max-width: 711px) 100vw, 711px\" \/>\t\t\t\t\t\t\t<\/a>\n  \t\t\t\t\t\t\t<div class=\"overlay\" style=\"background-color: rgba(0, 0, 0, 0.56)\"><\/div>  \t\t\t\t\t\t\t  \t\t\t\t\t\t<\/div>\n  \t\t\t\t\t\t  \t\t\t\t\t<\/div>\n          \t\t\t\t\t<div class=\"box-text text-center\" >\n\t\t\t\t\t<div class=\"box-text-inner blog-post-inner\">\n\n\t\t\t\t\t\n\t\t\t\t\t\t\t\t\t\t<h5 class=\"post-title is-smaller uppercase\">\n\t\t\t\t\t\t<a href=\"https:\/\/www.sideaita.it\/es\/2026\/06\/30\/agilita-delite-perche-cambiare-direzione-non-e-solo-una-questione-di-forza\/\" class=\"plain\">Agilidad de \u00e9lite: por qu\u00e9 cambiar de direcci\u00f3n no es solo una cuesti\u00f3n de fuerza<\/a>\n\t\t\t\t\t<\/h5>\n\t\t\t\t\t<div class=\"post-meta is-small op-8\">30 de junio de 2026<\/div>\t\t\t\t\t<div class=\"is-divider\"><\/div>\n\t\t\t\t\t                    \n\t\t\t\t\t\t\t\t\t\t\t<a href=\"https:\/\/www.sideaita.it\/es\/2026\/06\/30\/agilita-delite-perche-cambiare-direzione-non-e-solo-una-questione-di-forza\/\" class=\"button  is-outline is-small mb-0\">\n\t\t\t\t\t\t\tLeer\t\t\t\t\t\t<\/a>\n\t\t\t\t\t\n\t\t\t\t\t\n\t\t\t\t\t<\/div>\n\t\t\t\t\t<\/div>\n\t\t\t\t\t\t\t\t\t<\/div>\n\t\t\t<\/div>\n\t\t<\/div><div class=\"col post-item\" >\n\t\t\t<div class=\"col-inner\">\n\t\t\t\t<div class=\"box box-normal box-text-bottom box-blog-post has-hover\">\n            \t\t\t\t\t<div class=\"box-image\" >\n  \t\t\t\t\t\t<div class=\"image-color image-overlay-remove image-cover\" style=\"padding-top:144%;\">\n\t\t\t\t\t\t\t<a href=\"https:\/\/www.sideaita.it\/es\/2026\/05\/15\/ipertrofia-e-forza-essere-piu-muscolosi-significa-davvero-essere-piu-forti\/\" class=\"plain\" aria-label=\"Hipertrofia y fuerza: \u00bfser m\u00e1s musculoso significa realmente ser m\u00e1s fuerte?\">\n\t\t\t\t\t\t\t\t<img loading=\"lazy\" decoding=\"async\" width=\"711\" height=\"400\" src=\"https:\/\/www.sideaita.it\/wp-content\/uploads\/2026\/02\/Sidea-summit-of-strength-strongfirst-fabio-zonin-1-711x400.jpg\" class=\"attachment-medium size-medium wp-post-image\" alt=\"Sidea cumbre de la fuerza strongfirst fabio zonin conferencia etapa 1\" srcset=\"https:\/\/www.sideaita.it\/wp-content\/uploads\/2026\/02\/Sidea-summit-of-strength-strongfirst-fabio-zonin-1-711x400.jpg 711w, https:\/\/www.sideaita.it\/wp-content\/uploads\/2026\/02\/Sidea-summit-of-strength-strongfirst-fabio-zonin-1-1400x788.jpg 1400w, https:\/\/www.sideaita.it\/wp-content\/uploads\/2026\/02\/Sidea-summit-of-strength-strongfirst-fabio-zonin-1-768x432.jpg 768w, https:\/\/www.sideaita.it\/wp-content\/uploads\/2026\/02\/Sidea-summit-of-strength-strongfirst-fabio-zonin-1-1536x864.jpg 1536w, https:\/\/www.sideaita.it\/wp-content\/uploads\/2026\/02\/Sidea-summit-of-strength-strongfirst-fabio-zonin-1-18x10.jpg 18w, https:\/\/www.sideaita.it\/wp-content\/uploads\/2026\/02\/Sidea-summit-of-strength-strongfirst-fabio-zonin-1-700x394.jpg 700w, https:\/\/www.sideaita.it\/wp-content\/uploads\/2026\/02\/Sidea-summit-of-strength-strongfirst-fabio-zonin-1.jpg 1920w\" sizes=\"auto, (max-width: 711px) 100vw, 711px\" \/>\t\t\t\t\t\t\t<\/a>\n  \t\t\t\t\t\t\t<div class=\"overlay\" style=\"background-color: rgba(0, 0, 0, 0.56)\"><\/div>  \t\t\t\t\t\t\t  \t\t\t\t\t\t<\/div>\n  \t\t\t\t\t\t  \t\t\t\t\t<\/div>\n          \t\t\t\t\t<div class=\"box-text text-center\" >\n\t\t\t\t\t<div class=\"box-text-inner blog-post-inner\">\n\n\t\t\t\t\t\n\t\t\t\t\t\t\t\t\t\t<h5 class=\"post-title is-smaller uppercase\">\n\t\t\t\t\t\t<a href=\"https:\/\/www.sideaita.it\/es\/2026\/05\/15\/ipertrofia-e-forza-essere-piu-muscolosi-significa-davvero-essere-piu-forti\/\" class=\"plain\">Hipertrofia y fuerza: \u00bfser m\u00e1s musculoso significa realmente ser m\u00e1s fuerte?<\/a>\n\t\t\t\t\t<\/h5>\n\t\t\t\t\t<div class=\"post-meta is-small op-8\">15 mayo 2026<\/div>\t\t\t\t\t<div class=\"is-divider\"><\/div>\n\t\t\t\t\t                    \n\t\t\t\t\t\t\t\t\t\t\t<a href=\"https:\/\/www.sideaita.it\/es\/2026\/05\/15\/ipertrofia-e-forza-essere-piu-muscolosi-significa-davvero-essere-piu-forti\/\" class=\"button  is-outline is-small mb-0\">\n\t\t\t\t\t\t\tLeer\t\t\t\t\t\t<\/a>\n\t\t\t\t\t\n\t\t\t\t\t\n\t\t\t\t\t<\/div>\n\t\t\t\t\t<\/div>\n\t\t\t\t\t\t\t\t\t<\/div>\n\t\t\t<\/div>\n\t\t<\/div><div class=\"col post-item\" >\n\t\t\t<div class=\"col-inner\">\n\t\t\t\t<div class=\"box box-normal box-text-bottom box-blog-post has-hover\">\n            \t\t\t\t\t<div class=\"box-image\" >\n  \t\t\t\t\t\t<div class=\"image-color image-overlay-remove image-cover\" style=\"padding-top:144%;\">\n\t\t\t\t\t\t\t<a href=\"https:\/\/www.sideaita.it\/es\/2026\/04\/02\/guida-pratica-per-preparare-la-tua-prima-gara-hyrox\/\" class=\"plain\" aria-label=\"Gu\u00eda pr\u00e1ctica para preparar tu primera carrera HYROX\">\n\t\t\t\t\t\t\t\t<img loading=\"lazy\" decoding=\"async\" width=\"711\" height=\"400\" src=\"https:\/\/www.sideaita.it\/wp-content\/uploads\/2026\/03\/Sidea-push-sled-hyrox-functional-training-711x400.jpg\" class=\"attachment-medium size-medium wp-post-image\" alt=\"Equipo de fitness profesional para entrenamientos de alta intensidad, ideal para mejorar la fuerza y la resistencia.\" srcset=\"https:\/\/www.sideaita.it\/wp-content\/uploads\/2026\/03\/Sidea-push-sled-hyrox-functional-training-711x400.jpg 711w, https:\/\/www.sideaita.it\/wp-content\/uploads\/2026\/03\/Sidea-push-sled-hyrox-functional-training-1400x788.jpg 1400w, https:\/\/www.sideaita.it\/wp-content\/uploads\/2026\/03\/Sidea-push-sled-hyrox-functional-training-768x432.jpg 768w, https:\/\/www.sideaita.it\/wp-content\/uploads\/2026\/03\/Sidea-push-sled-hyrox-functional-training-1536x864.jpg 1536w, https:\/\/www.sideaita.it\/wp-content\/uploads\/2026\/03\/Sidea-push-sled-hyrox-functional-training-18x10.jpg 18w, https:\/\/www.sideaita.it\/wp-content\/uploads\/2026\/03\/Sidea-push-sled-hyrox-functional-training-700x394.jpg 700w, https:\/\/www.sideaita.it\/wp-content\/uploads\/2026\/03\/Sidea-push-sled-hyrox-functional-training.jpg 1920w\" sizes=\"auto, (max-width: 711px) 100vw, 711px\" \/>\t\t\t\t\t\t\t<\/a>\n  \t\t\t\t\t\t\t<div class=\"overlay\" style=\"background-color: rgba(0, 0, 0, 0.56)\"><\/div>  \t\t\t\t\t\t\t  \t\t\t\t\t\t<\/div>\n  \t\t\t\t\t\t  \t\t\t\t\t<\/div>\n          \t\t\t\t\t<div class=\"box-text text-center\" >\n\t\t\t\t\t<div class=\"box-text-inner blog-post-inner\">\n\n\t\t\t\t\t\n\t\t\t\t\t\t\t\t\t\t<h5 class=\"post-title is-smaller uppercase\">\n\t\t\t\t\t\t<a href=\"https:\/\/www.sideaita.it\/es\/2026\/04\/02\/guida-pratica-per-preparare-la-tua-prima-gara-hyrox\/\" class=\"plain\">Gu\u00eda pr\u00e1ctica para preparar tu primera carrera HYROX<\/a>\n\t\t\t\t\t<\/h5>\n\t\t\t\t\t<div class=\"post-meta is-small op-8\">2 abril 2026<\/div>\t\t\t\t\t<div class=\"is-divider\"><\/div>\n\t\t\t\t\t                    \n\t\t\t\t\t\t\t\t\t\t\t<a href=\"https:\/\/www.sideaita.it\/es\/2026\/04\/02\/guida-pratica-per-preparare-la-tua-prima-gara-hyrox\/\" class=\"button  is-outline is-small mb-0\">\n\t\t\t\t\t\t\tLeer\t\t\t\t\t\t<\/a>\n\t\t\t\t\t\n\t\t\t\t\t\n\t\t\t\t\t<\/div>\n\t\t\t\t\t<\/div>\n\t\t\t\t\t\t\t\t\t<\/div>\n\t\t\t<\/div>\n\t\t<\/div><div class=\"col post-item\" >\n\t\t\t<div class=\"col-inner\">\n\t\t\t\t<div class=\"box box-normal box-text-bottom box-blog-post has-hover\">\n            \t\t\t\t\t<div class=\"box-image\" >\n  \t\t\t\t\t\t<div class=\"image-color image-overlay-remove image-cover\" style=\"padding-top:144%;\">\n\t\t\t\t\t\t\t<a href=\"https:\/\/www.sideaita.it\/es\/2026\/03\/20\/guida-hyrox-nutrizione-e-fisiologia-della-performance-ibrida-by-sidea\/\" class=\"plain\" aria-label=\"Gu\u00eda HYROX: Nutrici\u00f3n y fisiolog\u00eda del rendimiento h\u00edbrido por Sidea\">\n\t\t\t\t\t\t\t\t<img loading=\"lazy\" decoding=\"async\" width=\"711\" height=\"400\" src=\"https:\/\/www.sideaita.it\/wp-content\/uploads\/2025\/05\/stand-fibo-colonia-2025-push-sled-711x400.jpg\" class=\"attachment-medium size-medium wp-post-image\" alt=\"stand fibo colonia 2025 trineo de empuje\" srcset=\"https:\/\/www.sideaita.it\/wp-content\/uploads\/2025\/05\/stand-fibo-colonia-2025-push-sled-711x400.jpg 711w, https:\/\/www.sideaita.it\/wp-content\/uploads\/2025\/05\/stand-fibo-colonia-2025-push-sled-1400x788.jpg 1400w, https:\/\/www.sideaita.it\/wp-content\/uploads\/2025\/05\/stand-fibo-colonia-2025-push-sled-768x432.jpg 768w, https:\/\/www.sideaita.it\/wp-content\/uploads\/2025\/05\/stand-fibo-colonia-2025-push-sled-1536x864.jpg 1536w, https:\/\/www.sideaita.it\/wp-content\/uploads\/2025\/05\/stand-fibo-colonia-2025-push-sled-700x394.jpg 700w, https:\/\/www.sideaita.it\/wp-content\/uploads\/2025\/05\/stand-fibo-colonia-2025-push-sled.jpg 1920w\" sizes=\"auto, (max-width: 711px) 100vw, 711px\" \/>\t\t\t\t\t\t\t<\/a>\n  \t\t\t\t\t\t\t<div class=\"overlay\" style=\"background-color: rgba(0, 0, 0, 0.56)\"><\/div>  \t\t\t\t\t\t\t  \t\t\t\t\t\t<\/div>\n  \t\t\t\t\t\t  \t\t\t\t\t<\/div>\n          \t\t\t\t\t<div class=\"box-text text-center\" >\n\t\t\t\t\t<div class=\"box-text-inner blog-post-inner\">\n\n\t\t\t\t\t\n\t\t\t\t\t\t\t\t\t\t<h5 class=\"post-title is-smaller uppercase\">\n\t\t\t\t\t\t<a href=\"https:\/\/www.sideaita.it\/es\/2026\/03\/20\/guida-hyrox-nutrizione-e-fisiologia-della-performance-ibrida-by-sidea\/\" class=\"plain\">Gu\u00eda HYROX: Nutrici\u00f3n y fisiolog\u00eda del rendimiento h\u00edbrido por Sidea<\/a>\n\t\t\t\t\t<\/h5>\n\t\t\t\t\t<div class=\"post-meta is-small op-8\">20 de marzo de 2026<\/div>\t\t\t\t\t<div class=\"is-divider\"><\/div>\n\t\t\t\t\t                    \n\t\t\t\t\t\t\t\t\t\t\t<a href=\"https:\/\/www.sideaita.it\/es\/2026\/03\/20\/guida-hyrox-nutrizione-e-fisiologia-della-performance-ibrida-by-sidea\/\" class=\"button  is-outline is-small mb-0\">\n\t\t\t\t\t\t\tLeer\t\t\t\t\t\t<\/a>\n\t\t\t\t\t\n\t\t\t\t\t\n\t\t\t\t\t<\/div>\n\t\t\t\t\t<\/div>\n\t\t\t\t\t\t\t\t\t<\/div>\n\t\t\t<\/div>\n\t\t<\/div><div class=\"col post-item\" >\n\t\t\t<div class=\"col-inner\">\n\t\t\t\t<div class=\"box box-normal box-text-bottom box-blog-post has-hover\">\n            \t\t\t\t\t<div class=\"box-image\" >\n  \t\t\t\t\t\t<div class=\"image-color image-overlay-remove image-cover\" style=\"padding-top:144%;\">\n\t\t\t\t\t\t\t<a href=\"https:\/\/www.sideaita.it\/es\/2026\/02\/20\/panca-a-terra-con-braccio-teso-e-flesso\/\" class=\"plain\" aria-label=\"Fuerza de brazos flexionados y fuerza de brazos estirados\">\n\t\t\t\t\t\t\t\t<img loading=\"lazy\" decoding=\"async\" width=\"711\" height=\"400\" src=\"https:\/\/www.sideaita.it\/wp-content\/uploads\/2026\/02\/Sidea-summit-of-strength-strongfirst-Serena-conferenza-10-711x400.jpg\" class=\"attachment-medium size-medium wp-post-image\" alt=\"Sidea cumbre de la fuerza strongfirst Serena conferencia 10\" srcset=\"https:\/\/www.sideaita.it\/wp-content\/uploads\/2026\/02\/Sidea-summit-of-strength-strongfirst-Serena-conferenza-10-711x400.jpg 711w, https:\/\/www.sideaita.it\/wp-content\/uploads\/2026\/02\/Sidea-summit-of-strength-strongfirst-Serena-conferenza-10-1400x788.jpg 1400w, https:\/\/www.sideaita.it\/wp-content\/uploads\/2026\/02\/Sidea-summit-of-strength-strongfirst-Serena-conferenza-10-768x432.jpg 768w, https:\/\/www.sideaita.it\/wp-content\/uploads\/2026\/02\/Sidea-summit-of-strength-strongfirst-Serena-conferenza-10-1536x864.jpg 1536w, https:\/\/www.sideaita.it\/wp-content\/uploads\/2026\/02\/Sidea-summit-of-strength-strongfirst-Serena-conferenza-10-18x10.jpg 18w, https:\/\/www.sideaita.it\/wp-content\/uploads\/2026\/02\/Sidea-summit-of-strength-strongfirst-Serena-conferenza-10-700x394.jpg 700w, https:\/\/www.sideaita.it\/wp-content\/uploads\/2026\/02\/Sidea-summit-of-strength-strongfirst-Serena-conferenza-10.jpg 1920w\" sizes=\"auto, (max-width: 711px) 100vw, 711px\" \/>\t\t\t\t\t\t\t<\/a>\n  \t\t\t\t\t\t\t<div class=\"overlay\" style=\"background-color: rgba(0, 0, 0, 0.56)\"><\/div>  \t\t\t\t\t\t\t  \t\t\t\t\t\t<\/div>\n  \t\t\t\t\t\t  \t\t\t\t\t<\/div>\n          \t\t\t\t\t<div class=\"box-text text-center\" >\n\t\t\t\t\t<div class=\"box-text-inner blog-post-inner\">\n\n\t\t\t\t\t\n\t\t\t\t\t\t\t\t\t\t<h5 class=\"post-title is-smaller uppercase\">\n\t\t\t\t\t\t<a href=\"https:\/\/www.sideaita.it\/es\/2026\/02\/20\/panca-a-terra-con-braccio-teso-e-flesso\/\" class=\"plain\">Fuerza de brazos flexionados y fuerza de brazos estirados<\/a>\n\t\t\t\t\t<\/h5>\n\t\t\t\t\t<div class=\"post-meta is-small op-8\">20 febrero 2026<\/div>\t\t\t\t\t<div class=\"is-divider\"><\/div>\n\t\t\t\t\t                    \n\t\t\t\t\t\t\t\t\t\t\t<a href=\"https:\/\/www.sideaita.it\/es\/2026\/02\/20\/panca-a-terra-con-braccio-teso-e-flesso\/\" class=\"button  is-outline is-small mb-0\">\n\t\t\t\t\t\t\tLeer\t\t\t\t\t\t<\/a>\n\t\t\t\t\t\n\t\t\t\t\t\n\t\t\t\t\t<\/div>\n\t\t\t\t\t<\/div>\n\t\t\t\t\t\t\t\t\t<\/div>\n\t\t\t<\/div>\n\t\t<\/div><div class=\"col post-item\" >\n\t\t\t<div class=\"col-inner\">\n\t\t\t\t<div class=\"box box-normal box-text-bottom box-blog-post has-hover\">\n            \t\t\t\t\t<div class=\"box-image\" >\n  \t\t\t\t\t\t<div class=\"image-color image-overlay-remove image-cover\" style=\"padding-top:144%;\">\n\t\t\t\t\t\t\t<a href=\"https:\/\/www.sideaita.it\/es\/2026\/01\/16\/functional-training-dalle-origini-alla-scienza-del-movimento\/\" class=\"plain\" aria-label=\"Entrenamiento funcional: de los or\u00edgenes a la ciencia del movimiento\">\n\t\t\t\t\t\t\t\t<img loading=\"lazy\" decoding=\"async\" width=\"711\" height=\"400\" src=\"https:\/\/www.sideaita.it\/wp-content\/uploads\/2025\/07\/outrace-per-blog-sidea-leader-italiano-nellallenamento-funzionale-dal-design-alla-realizzazione-11-711x400.jpg\" class=\"attachment-medium size-medium wp-post-image\" alt=\"outrace para el blog sidea l\u00edder italiano en entrenamiento funcional - del dise\u00f1o a la realizaci\u00f3n (11)\" srcset=\"https:\/\/www.sideaita.it\/wp-content\/uploads\/2025\/07\/outrace-per-blog-sidea-leader-italiano-nellallenamento-funzionale-dal-design-alla-realizzazione-11-711x400.jpg 711w, https:\/\/www.sideaita.it\/wp-content\/uploads\/2025\/07\/outrace-per-blog-sidea-leader-italiano-nellallenamento-funzionale-dal-design-alla-realizzazione-11-1400x788.jpg 1400w, https:\/\/www.sideaita.it\/wp-content\/uploads\/2025\/07\/outrace-per-blog-sidea-leader-italiano-nellallenamento-funzionale-dal-design-alla-realizzazione-11-768x432.jpg 768w, https:\/\/www.sideaita.it\/wp-content\/uploads\/2025\/07\/outrace-per-blog-sidea-leader-italiano-nellallenamento-funzionale-dal-design-alla-realizzazione-11-1536x864.jpg 1536w, https:\/\/www.sideaita.it\/wp-content\/uploads\/2025\/07\/outrace-per-blog-sidea-leader-italiano-nellallenamento-funzionale-dal-design-alla-realizzazione-11-18x10.jpg 18w, https:\/\/www.sideaita.it\/wp-content\/uploads\/2025\/07\/outrace-per-blog-sidea-leader-italiano-nellallenamento-funzionale-dal-design-alla-realizzazione-11-700x394.jpg 700w, https:\/\/www.sideaita.it\/wp-content\/uploads\/2025\/07\/outrace-per-blog-sidea-leader-italiano-nellallenamento-funzionale-dal-design-alla-realizzazione-11.jpg 1920w\" sizes=\"auto, (max-width: 711px) 100vw, 711px\" \/>\t\t\t\t\t\t\t<\/a>\n  \t\t\t\t\t\t\t<div class=\"overlay\" style=\"background-color: rgba(0, 0, 0, 0.56)\"><\/div>  \t\t\t\t\t\t\t  \t\t\t\t\t\t<\/div>\n  \t\t\t\t\t\t  \t\t\t\t\t<\/div>\n          \t\t\t\t\t<div class=\"box-text text-center\" >\n\t\t\t\t\t<div class=\"box-text-inner blog-post-inner\">\n\n\t\t\t\t\t\n\t\t\t\t\t\t\t\t\t\t<h5 class=\"post-title is-smaller uppercase\">\n\t\t\t\t\t\t<a href=\"https:\/\/www.sideaita.it\/es\/2026\/01\/16\/functional-training-dalle-origini-alla-scienza-del-movimento\/\" class=\"plain\">Entrenamiento funcional: de los or\u00edgenes a la ciencia del movimiento<\/a>\n\t\t\t\t\t<\/h5>\n\t\t\t\t\t<div class=\"post-meta is-small op-8\">16 enero 2026<\/div>\t\t\t\t\t<div class=\"is-divider\"><\/div>\n\t\t\t\t\t                    \n\t\t\t\t\t\t\t\t\t\t\t<a href=\"https:\/\/www.sideaita.it\/es\/2026\/01\/16\/functional-training-dalle-origini-alla-scienza-del-movimento\/\" class=\"button  is-outline is-small mb-0\">\n\t\t\t\t\t\t\tLeer\t\t\t\t\t\t<\/a>\n\t\t\t\t\t\n\t\t\t\t\t\n\t\t\t\t\t<\/div>\n\t\t\t\t\t<\/div>\n\t\t\t\t\t\t\t\t\t<\/div>\n\t\t\t<\/div>\n\t\t<\/div><div class=\"col post-item\" >\n\t\t\t<div class=\"col-inner\">\n\t\t\t\t<div class=\"box box-normal box-text-bottom box-blog-post has-hover\">\n            \t\t\t\t\t<div class=\"box-image\" >\n  \t\t\t\t\t\t<div class=\"image-color image-overlay-remove image-cover\" style=\"padding-top:144%;\">\n\t\t\t\t\t\t\t<a href=\"https:\/\/www.sideaita.it\/es\/2025\/12\/30\/total-core-pin-training-la-scienza-della-forza-rotazionale-e-della-performance-3d\/\" class=\"plain\" aria-label=\"Entrenamiento con clavijas de n\u00facleo total: la ciencia de la fuerza rotacional y el rendimiento 3D\">\n\t\t\t\t\t\t\t\t<img loading=\"lazy\" decoding=\"async\" width=\"600\" height=\"400\" src=\"https:\/\/www.sideaita.it\/wp-content\/uploads\/2021\/07\/9029-Total-Core-Pin-copertina-600x400.jpg\" class=\"attachment-medium size-medium wp-post-image\" alt=\"Total-core-barbell-lever-landmine-landminer-weight-lifting-core-training-strength-training-landmine-press-barbell\" srcset=\"https:\/\/www.sideaita.it\/wp-content\/uploads\/2021\/07\/9029-Total-Core-Pin-copertina-600x400.jpg 600w, https:\/\/www.sideaita.it\/wp-content\/uploads\/2021\/07\/9029-Total-Core-Pin-copertina-1200x800.jpg 1200w, https:\/\/www.sideaita.it\/wp-content\/uploads\/2021\/07\/9029-Total-Core-Pin-copertina-768x512.jpg 768w, https:\/\/www.sideaita.it\/wp-content\/uploads\/2021\/07\/9029-Total-Core-Pin-copertina-1536x1024.jpg 1536w, https:\/\/www.sideaita.it\/wp-content\/uploads\/2021\/07\/9029-Total-Core-Pin-copertina-700x467.jpg 700w, https:\/\/www.sideaita.it\/wp-content\/uploads\/2021\/07\/9029-Total-Core-Pin-copertina.jpg 2000w\" sizes=\"auto, (max-width: 600px) 100vw, 600px\" \/>\t\t\t\t\t\t\t<\/a>\n  \t\t\t\t\t\t\t<div class=\"overlay\" style=\"background-color: rgba(0, 0, 0, 0.56)\"><\/div>  \t\t\t\t\t\t\t  \t\t\t\t\t\t<\/div>\n  \t\t\t\t\t\t  \t\t\t\t\t<\/div>\n          \t\t\t\t\t<div class=\"box-text text-center\" >\n\t\t\t\t\t<div class=\"box-text-inner blog-post-inner\">\n\n\t\t\t\t\t\n\t\t\t\t\t\t\t\t\t\t<h5 class=\"post-title is-smaller uppercase\">\n\t\t\t\t\t\t<a href=\"https:\/\/www.sideaita.it\/es\/2025\/12\/30\/total-core-pin-training-la-scienza-della-forza-rotazionale-e-della-performance-3d\/\" class=\"plain\">Entrenamiento con clavijas de n\u00facleo total: la ciencia de la fuerza rotacional y el rendimiento 3D<\/a>\n\t\t\t\t\t<\/h5>\n\t\t\t\t\t<div class=\"post-meta is-small op-8\">30 de diciembre de 2025<\/div>\t\t\t\t\t<div class=\"is-divider\"><\/div>\n\t\t\t\t\t                    \n\t\t\t\t\t\t\t\t\t\t\t<a href=\"https:\/\/www.sideaita.it\/es\/2025\/12\/30\/total-core-pin-training-la-scienza-della-forza-rotazionale-e-della-performance-3d\/\" class=\"button  is-outline is-small mb-0\">\n\t\t\t\t\t\t\tLeer\t\t\t\t\t\t<\/a>\n\t\t\t\t\t\n\t\t\t\t\t\n\t\t\t\t\t<\/div>\n\t\t\t\t\t<\/div>\n\t\t\t\t\t\t\t\t\t<\/div>\n\t\t\t<\/div>\n\t\t<\/div><div class=\"col post-item\" >\n\t\t\t<div class=\"col-inner\">\n\t\t\t\t<div class=\"box box-normal box-text-bottom box-blog-post has-hover\">\n            \t\t\t\t\t<div class=\"box-image\" >\n  \t\t\t\t\t\t<div class=\"image-color image-overlay-remove image-cover\" style=\"padding-top:144%;\">\n\t\t\t\t\t\t\t<a href=\"https:\/\/www.sideaita.it\/es\/2025\/10\/24\/dalla-romagna-al-podio-mondiale-la-rivincita-di-ferro-di-sofia-gatta\/\" class=\"plain\" aria-label=\"De Roma\u00f1a al podio mundial: el renacimiento del hierro de Sofia Gatta\">\n\t\t\t\t\t\t\t\t<img loading=\"lazy\" decoding=\"async\" width=\"711\" height=\"400\" src=\"https:\/\/www.sideaita.it\/wp-content\/uploads\/2025\/10\/sofia-con-medaglie-711x400.jpg\" class=\"attachment-medium size-medium wp-post-image\" alt=\"sof\u00eda con medallas\" srcset=\"https:\/\/www.sideaita.it\/wp-content\/uploads\/2025\/10\/sofia-con-medaglie-711x400.jpg 711w, https:\/\/www.sideaita.it\/wp-content\/uploads\/2025\/10\/sofia-con-medaglie-1400x788.jpg 1400w, https:\/\/www.sideaita.it\/wp-content\/uploads\/2025\/10\/sofia-con-medaglie-768x432.jpg 768w, https:\/\/www.sideaita.it\/wp-content\/uploads\/2025\/10\/sofia-con-medaglie-1536x864.jpg 1536w, https:\/\/www.sideaita.it\/wp-content\/uploads\/2025\/10\/sofia-con-medaglie-18x10.jpg 18w, https:\/\/www.sideaita.it\/wp-content\/uploads\/2025\/10\/sofia-con-medaglie-700x394.jpg 700w, https:\/\/www.sideaita.it\/wp-content\/uploads\/2025\/10\/sofia-con-medaglie.jpg 1920w\" sizes=\"auto, (max-width: 711px) 100vw, 711px\" \/>\t\t\t\t\t\t\t<\/a>\n  \t\t\t\t\t\t\t<div class=\"overlay\" style=\"background-color: rgba(0, 0, 0, 0.56)\"><\/div>  \t\t\t\t\t\t\t  \t\t\t\t\t\t<\/div>\n  \t\t\t\t\t\t  \t\t\t\t\t<\/div>\n          \t\t\t\t\t<div class=\"box-text text-center\" >\n\t\t\t\t\t<div class=\"box-text-inner blog-post-inner\">\n\n\t\t\t\t\t\n\t\t\t\t\t\t\t\t\t\t<h5 class=\"post-title is-smaller uppercase\">\n\t\t\t\t\t\t<a href=\"https:\/\/www.sideaita.it\/es\/2025\/10\/24\/dalla-romagna-al-podio-mondiale-la-rivincita-di-ferro-di-sofia-gatta\/\" class=\"plain\">De Roma\u00f1a al podio mundial: el renacimiento del hierro de Sofia Gatta<\/a>\n\t\t\t\t\t<\/h5>\n\t\t\t\t\t<div class=\"post-meta is-small op-8\">24 de octubre de 2025<\/div>\t\t\t\t\t<div class=\"is-divider\"><\/div>\n\t\t\t\t\t                    \n\t\t\t\t\t\t\t\t\t\t\t<a href=\"https:\/\/www.sideaita.it\/es\/2025\/10\/24\/dalla-romagna-al-podio-mondiale-la-rivincita-di-ferro-di-sofia-gatta\/\" class=\"button  is-outline is-small mb-0\">\n\t\t\t\t\t\t\tLeer\t\t\t\t\t\t<\/a>\n\t\t\t\t\t\n\t\t\t\t\t\n\t\t\t\t\t<\/div>\n\t\t\t\t\t<\/div>\n\t\t\t\t\t\t\t\t\t<\/div>\n\t\t\t<\/div>\n\t\t<\/div><\/div>\n\n  <div class=\"banner has-hover\" id=\"banner-250349754\">\n          <div class=\"banner-inner fill\">\n        <div class=\"banner-bg fill\" >\n            <img loading=\"lazy\" decoding=\"async\" width=\"1020\" height=\"319\" src=\"https:\/\/www.sideaita.it\/wp-content\/uploads\/2024\/02\/COPERTINA-MAILING-DISCHI-DA-PL-2--1400x438.jpg\" class=\"bg attachment-large size-large\" alt=\"CUBIERTA DISCOS DE CORREO DE PL 2\" \/>                        <div class=\"overlay\"><\/div>            \n                    <\/div>\n\t\t\n        <div class=\"banner-layers container\">\n            <div class=\"fill banner-link\"><\/div>            \n   <div id=\"text-box-486441396\" class=\"text-box banner-layer x50 md-x50 lg-x50 y50 md-y50 lg-y50 res-text\">\n                                <div class=\"text-box-content text dark\">\n              \n              <div class=\"text-inner text-center\">\n                  \n\t<div id=\"text-597912158\" class=\"text\">\n\t\t\n<p><strong>BOLET\u00cdN SIDEA<\/strong><\/p>\n<p>Suscr\u00edbase a nuestro bolet\u00edn para recibir noticias, promociones e informaci\u00f3n sobre el mundo de Sidea.<\/p>\n\t\t\n<style>\n#text-597912158 {\n  font-size: 1.45rem;\n  line-height: 1.25;\n}\n<\/style>\n\t<\/div>\n\t\n<a href=\"http:\/\/eepurl.com\/iD9wQo\" class=\"button white is-outline is-large\" style=\"border-radius:26px;\">\n\t\t<span>\u00daNASE A<\/span>\n\t<\/a>\n\n              <\/div>\n           <\/div>\n                            \n<style>\n#text-box-486441396 {\n  width: 60%;\n}\n#text-box-486441396 .text-box-content {\n  font-size: 100%;\n}\n<\/style>\n    <\/div>\n \n        <\/div>\n      <\/div>\n\n            \n<style>\n#banner-250349754 {\n  padding-top: 300px;\n  background-color: rgb(0, 0, 0);\n}\n#banner-250349754 .overlay {\n  background-color: rgba(0, 0, 0, 0.669);\n}\n<\/style>\n  <\/div>","protected":false},"excerpt":{"rendered":"<p>Pasar horas sentados en la oficina puede llevarnos a mantener posturas inc\u00f3modas: algunos ejercicios sencillos pueden ayudarnos a evitar el dolor de espalda en el trabajo.<\/p>","protected":false},"author":5,"featured_media":299966,"comment_status":"open","ping_status":"open","sticky":false,"template":"","format":"standard","meta":{"footnotes":""},"categories":[5190],"tags":[],"class_list":["post-70683","post","type-post","status-publish","format-standard","has-post-thumbnail","hentry","category-lifestyle"],"yoast_head":"<!-- This site is optimized with the Yoast SEO Premium plugin v28.1 (Yoast SEO v28.1) - https:\/\/yoast.com\/product\/yoast-seo-premium-wordpress\/ -->\n<title>Mal di schiena a lavoro: come combatterlo con semplici esercizi - Sidea<\/title>\n<meta name=\"description\" content=\"Passare ore seduti in ufficio pu\u00f2 portarci a tenere posizioni scomposte: alcuni semplici esercizi possono aiutarci a evitare il mal di schiena sul lavoro.\" \/>\n<meta name=\"robots\" content=\"index, follow, max-snippet:-1, max-image-preview:large, max-video-preview:-1\" \/>\n<link rel=\"canonical\" href=\"https:\/\/www.sideaita.it\/es\/2020\/02\/24\/dolor-de-espalda-ejercicios-de-trabajo\/\" \/>\n<meta property=\"og:locale\" content=\"es_ES\" \/>\n<meta property=\"og:type\" content=\"article\" \/>\n<meta property=\"og:title\" content=\"Mal di schiena al lavoro: come combatterlo con alcuni semplici esercizi\" \/>\n<meta property=\"og:description\" content=\"Passare ore seduti in ufficio pu\u00f2 portarci a tenere posizioni scomposte: alcuni semplici esercizi possono aiutarci a evitare il mal di schiena sul lavoro.\" \/>\n<meta property=\"og:url\" content=\"https:\/\/www.sideaita.it\/es\/2020\/02\/24\/dolor-de-espalda-ejercicios-de-trabajo\/\" \/>\n<meta property=\"og:site_name\" content=\"Sidea | Attrezzatura Fitness Professionale\" \/>\n<meta property=\"article:publisher\" content=\"https:\/\/www.facebook.com\/sideaita\/\" \/>\n<meta property=\"article:published_time\" content=\"2020-02-24T09:21:46+00:00\" \/>\n<meta property=\"article:modified_time\" content=\"2024-04-08T08:00:48+00:00\" \/>\n<meta property=\"og:image\" content=\"https:\/\/www.sideaita.it\/wp-content\/uploads\/2024\/02\/0448-ACTIVE-SITTING-BALL.jpg\" \/>\n\t<meta property=\"og:image:width\" content=\"1857\" \/>\n\t<meta property=\"og:image:height\" content=\"1238\" \/>\n\t<meta property=\"og:image:type\" content=\"image\/jpeg\" \/>\n<meta name=\"author\" content=\"Matteo Zoffoli\" \/>\n<meta name=\"twitter:card\" content=\"summary_large_image\" \/>\n<meta name=\"twitter:label1\" content=\"Escrito por\" \/>\n\t<meta name=\"twitter:data1\" content=\"Matteo Zoffoli\" \/>\n\t<meta name=\"twitter:label2\" content=\"Tiempo de lectura\" \/>\n\t<meta name=\"twitter:data2\" content=\"5 minutos\" \/>\n<script type=\"application\/ld+json\" class=\"yoast-schema-graph\">{\"@context\":\"https:\\\/\\\/schema.org\",\"@graph\":[{\"@type\":\"Article\",\"@id\":\"https:\\\/\\\/www.sideaita.it\\\/2020\\\/02\\\/24\\\/mal-di-schiena-lavoro-esercizi\\\/#article\",\"isPartOf\":{\"@id\":\"https:\\\/\\\/www.sideaita.it\\\/2020\\\/02\\\/24\\\/mal-di-schiena-lavoro-esercizi\\\/\"},\"author\":{\"name\":\"Matteo Zoffoli\",\"@id\":\"https:\\\/\\\/www.sideaita.it\\\/#\\\/schema\\\/person\\\/4ceab93f20444cb6d92a52e714e63abb\"},\"headline\":\"Mal di schiena al lavoro: come combatterlo con alcuni semplici esercizi\",\"datePublished\":\"2020-02-24T09:21:46+00:00\",\"dateModified\":\"2024-04-08T08:00:48+00:00\",\"mainEntityOfPage\":{\"@id\":\"https:\\\/\\\/www.sideaita.it\\\/2020\\\/02\\\/24\\\/mal-di-schiena-lavoro-esercizi\\\/\"},\"wordCount\":892,\"commentCount\":0,\"publisher\":{\"@id\":\"https:\\\/\\\/www.sideaita.it\\\/#organization\"},\"image\":{\"@id\":\"https:\\\/\\\/www.sideaita.it\\\/2020\\\/02\\\/24\\\/mal-di-schiena-lavoro-esercizi\\\/#primaryimage\"},\"thumbnailUrl\":\"https:\\\/\\\/www.sideaita.it\\\/wp-content\\\/uploads\\\/2024\\\/02\\\/0448-ACTIVE-SITTING-BALL.jpg\",\"articleSection\":[\"Lifestyle\"],\"inLanguage\":\"es\",\"potentialAction\":[{\"@type\":\"CommentAction\",\"name\":\"Comment\",\"target\":[\"https:\\\/\\\/www.sideaita.it\\\/2020\\\/02\\\/24\\\/mal-di-schiena-lavoro-esercizi\\\/#respond\"]}]},{\"@type\":\"WebPage\",\"@id\":\"https:\\\/\\\/www.sideaita.it\\\/2020\\\/02\\\/24\\\/mal-di-schiena-lavoro-esercizi\\\/\",\"url\":\"https:\\\/\\\/www.sideaita.it\\\/2020\\\/02\\\/24\\\/mal-di-schiena-lavoro-esercizi\\\/\",\"name\":\"Mal di schiena a lavoro: come combatterlo con semplici esercizi - Sidea\",\"isPartOf\":{\"@id\":\"https:\\\/\\\/www.sideaita.it\\\/#website\"},\"primaryImageOfPage\":{\"@id\":\"https:\\\/\\\/www.sideaita.it\\\/2020\\\/02\\\/24\\\/mal-di-schiena-lavoro-esercizi\\\/#primaryimage\"},\"image\":{\"@id\":\"https:\\\/\\\/www.sideaita.it\\\/2020\\\/02\\\/24\\\/mal-di-schiena-lavoro-esercizi\\\/#primaryimage\"},\"thumbnailUrl\":\"https:\\\/\\\/www.sideaita.it\\\/wp-content\\\/uploads\\\/2024\\\/02\\\/0448-ACTIVE-SITTING-BALL.jpg\",\"datePublished\":\"2020-02-24T09:21:46+00:00\",\"dateModified\":\"2024-04-08T08:00:48+00:00\",\"description\":\"Passare ore seduti in ufficio pu\u00f2 portarci a tenere posizioni scomposte: alcuni semplici esercizi possono aiutarci a evitare il mal di schiena sul lavoro.\",\"breadcrumb\":{\"@id\":\"https:\\\/\\\/www.sideaita.it\\\/2020\\\/02\\\/24\\\/mal-di-schiena-lavoro-esercizi\\\/#breadcrumb\"},\"inLanguage\":\"es\",\"potentialAction\":[{\"@type\":\"ReadAction\",\"target\":[\"https:\\\/\\\/www.sideaita.it\\\/2020\\\/02\\\/24\\\/mal-di-schiena-lavoro-esercizi\\\/\"]}]},{\"@type\":\"ImageObject\",\"inLanguage\":\"es\",\"@id\":\"https:\\\/\\\/www.sideaita.it\\\/2020\\\/02\\\/24\\\/mal-di-schiena-lavoro-esercizi\\\/#primaryimage\",\"url\":\"https:\\\/\\\/www.sideaita.it\\\/wp-content\\\/uploads\\\/2024\\\/02\\\/0448-ACTIVE-SITTING-BALL.jpg\",\"contentUrl\":\"https:\\\/\\\/www.sideaita.it\\\/wp-content\\\/uploads\\\/2024\\\/02\\\/0448-ACTIVE-SITTING-BALL.jpg\",\"width\":1857,\"height\":1238,\"caption\":\"0448 ACTIVE SITTING BALL\"},{\"@type\":\"BreadcrumbList\",\"@id\":\"https:\\\/\\\/www.sideaita.it\\\/2020\\\/02\\\/24\\\/mal-di-schiena-lavoro-esercizi\\\/#breadcrumb\",\"itemListElement\":[{\"@type\":\"ListItem\",\"position\":1,\"name\":\"Home\",\"item\":\"https:\\\/\\\/www.sideaita.it\\\/\"},{\"@type\":\"ListItem\",\"position\":2,\"name\":\"Mal di schiena al lavoro: come combatterlo con alcuni semplici esercizi\"}]},{\"@type\":\"WebSite\",\"@id\":\"https:\\\/\\\/www.sideaita.it\\\/#website\",\"url\":\"https:\\\/\\\/www.sideaita.it\\\/\",\"name\":\"Sidea | Attrezzatura Fitness Professionale\",\"description\":\"SIDEA \u2013 Allenati, diventa pi\u00f9 forte, vivi meglio | Attrezzatura professionale per la preparazione fisica ed il functional training. Nata dalla passione per lo sport, sviluppata per le palestre.\",\"publisher\":{\"@id\":\"https:\\\/\\\/www.sideaita.it\\\/#organization\"},\"potentialAction\":[{\"@type\":\"SearchAction\",\"target\":{\"@type\":\"EntryPoint\",\"urlTemplate\":\"https:\\\/\\\/www.sideaita.it\\\/?s={search_term_string}\"},\"query-input\":{\"@type\":\"PropertyValueSpecification\",\"valueRequired\":true,\"valueName\":\"search_term_string\"}}],\"inLanguage\":\"es\"},{\"@type\":\"Organization\",\"@id\":\"https:\\\/\\\/www.sideaita.it\\\/#organization\",\"name\":\"Sidea Srl\",\"alternateName\":\"Sidea\",\"url\":\"https:\\\/\\\/www.sideaita.it\\\/\",\"logo\":{\"@type\":\"ImageObject\",\"inLanguage\":\"es\",\"@id\":\"https:\\\/\\\/www.sideaita.it\\\/#\\\/schema\\\/logo\\\/image\\\/\",\"url\":\"https:\\\/\\\/www.sideaita.it\\\/wp-content\\\/uploads\\\/2023\\\/06\\\/cropped-logo-solo-s-1440x1440-1.jpg\",\"contentUrl\":\"https:\\\/\\\/www.sideaita.it\\\/wp-content\\\/uploads\\\/2023\\\/06\\\/cropped-logo-solo-s-1440x1440-1.jpg\",\"width\":512,\"height\":512,\"caption\":\"Sidea Srl\"},\"image\":{\"@id\":\"https:\\\/\\\/www.sideaita.it\\\/#\\\/schema\\\/logo\\\/image\\\/\"},\"sameAs\":[\"https:\\\/\\\/www.facebook.com\\\/sideaita\\\/\",\"https:\\\/\\\/www.instagram.com\\\/sidea_fitness\\\/\",\"https:\\\/\\\/www.linkedin.com\\\/company\\\/sideafitness\\\/\",\"https:\\\/\\\/www.pinterest.it\\\/sideafitness\\\/\",\"https:\\\/\\\/www.youtube.com\\\/user\\\/FitnessIT\\\/\",\"https:\\\/\\\/www.tiktok.com\\\/@sidea_fitness\"],\"description\":\"SIDEA \u2013 Allenati, diventa pi\u00f9 forte, vivi meglio | Attrezzatura professionale per la preparazione fisica ed il functional training. Nata dalla passione per lo sport, sviluppata per le palestre.\",\"email\":\"sidea@sideaita.it\",\"legalName\":\"Sidea Srl\",\"vatID\":\"IT02693190403\",\"taxID\":\"IT02693190403\",\"hasMerchantReturnPolicy\":{\"@type\":\"MerchantReturnPolicy\",\"merchantReturnLink\":\"https:\\\/\\\/www.sideaita.it\\\/es\\\/termini-condizioni-di-vendita\\\/\"}},{\"@type\":\"Person\",\"@id\":\"https:\\\/\\\/www.sideaita.it\\\/#\\\/schema\\\/person\\\/4ceab93f20444cb6d92a52e714e63abb\",\"name\":\"Matteo Zoffoli\",\"image\":{\"@type\":\"ImageObject\",\"inLanguage\":\"es\",\"@id\":\"https:\\\/\\\/secure.gravatar.com\\\/avatar\\\/4ae25bb2d4a22208a023467ae99f3b62c223816bd7b13c72521dc154d7b05d78?s=96&d=mm&r=g\",\"url\":\"https:\\\/\\\/secure.gravatar.com\\\/avatar\\\/4ae25bb2d4a22208a023467ae99f3b62c223816bd7b13c72521dc154d7b05d78?s=96&d=mm&r=g\",\"contentUrl\":\"https:\\\/\\\/secure.gravatar.com\\\/avatar\\\/4ae25bb2d4a22208a023467ae99f3b62c223816bd7b13c72521dc154d7b05d78?s=96&d=mm&r=g\",\"caption\":\"Matteo Zoffoli\"},\"url\":\"https:\\\/\\\/www.sideaita.it\\\/es\\\/author\\\/matteo\\\/\"}]}<\/script>\n<!-- \/ Yoast SEO Premium plugin. -->","yoast_head_json":{"title":"Dolor de espalda en el trabajo: c\u00f3mo combatirlo con sencillos ejercicios - Sidea","description":"Pasar horas sentados en la oficina puede llevarnos a mantener posturas inc\u00f3modas: algunos ejercicios sencillos pueden ayudarnos a evitar el dolor de espalda en el trabajo.","robots":{"index":"index","follow":"follow","max-snippet":"max-snippet:-1","max-image-preview":"max-image-preview:large","max-video-preview":"max-video-preview:-1"},"canonical":"https:\/\/www.sideaita.it\/es\/2020\/02\/24\/dolor-de-espalda-ejercicios-de-trabajo\/","og_locale":"es_ES","og_type":"article","og_title":"Mal di schiena al lavoro: come combatterlo con alcuni semplici esercizi","og_description":"Passare ore seduti in ufficio pu\u00f2 portarci a tenere posizioni scomposte: alcuni semplici esercizi possono aiutarci a evitare il mal di schiena sul lavoro.","og_url":"https:\/\/www.sideaita.it\/es\/2020\/02\/24\/dolor-de-espalda-ejercicios-de-trabajo\/","og_site_name":"Sidea | Attrezzatura Fitness Professionale","article_publisher":"https:\/\/www.facebook.com\/sideaita\/","article_published_time":"2020-02-24T09:21:46+00:00","article_modified_time":"2024-04-08T08:00:48+00:00","og_image":[{"width":1857,"height":1238,"url":"https:\/\/www.sideaita.it\/wp-content\/uploads\/2024\/02\/0448-ACTIVE-SITTING-BALL.jpg","type":"image\/jpeg"}],"author":"Matteo Zoffoli","twitter_card":"summary_large_image","twitter_misc":{"Escrito por":"Matteo Zoffoli","Tiempo de lectura":"5 minutos"},"schema":{"@context":"https:\/\/schema.org","@graph":[{"@type":"Article","@id":"https:\/\/www.sideaita.it\/2020\/02\/24\/mal-di-schiena-lavoro-esercizi\/#article","isPartOf":{"@id":"https:\/\/www.sideaita.it\/2020\/02\/24\/mal-di-schiena-lavoro-esercizi\/"},"author":{"name":"Matteo Zoffoli","@id":"https:\/\/www.sideaita.it\/#\/schema\/person\/4ceab93f20444cb6d92a52e714e63abb"},"headline":"Mal di schiena al lavoro: come combatterlo con alcuni semplici esercizi","datePublished":"2020-02-24T09:21:46+00:00","dateModified":"2024-04-08T08:00:48+00:00","mainEntityOfPage":{"@id":"https:\/\/www.sideaita.it\/2020\/02\/24\/mal-di-schiena-lavoro-esercizi\/"},"wordCount":892,"commentCount":0,"publisher":{"@id":"https:\/\/www.sideaita.it\/#organization"},"image":{"@id":"https:\/\/www.sideaita.it\/2020\/02\/24\/mal-di-schiena-lavoro-esercizi\/#primaryimage"},"thumbnailUrl":"https:\/\/www.sideaita.it\/wp-content\/uploads\/2024\/02\/0448-ACTIVE-SITTING-BALL.jpg","articleSection":["Lifestyle"],"inLanguage":"es","potentialAction":[{"@type":"CommentAction","name":"Comment","target":["https:\/\/www.sideaita.it\/2020\/02\/24\/mal-di-schiena-lavoro-esercizi\/#respond"]}]},{"@type":"WebPage","@id":"https:\/\/www.sideaita.it\/2020\/02\/24\/mal-di-schiena-lavoro-esercizi\/","url":"https:\/\/www.sideaita.it\/2020\/02\/24\/mal-di-schiena-lavoro-esercizi\/","name":"Dolor de espalda en el trabajo: c\u00f3mo combatirlo con sencillos ejercicios - Sidea","isPartOf":{"@id":"https:\/\/www.sideaita.it\/#website"},"primaryImageOfPage":{"@id":"https:\/\/www.sideaita.it\/2020\/02\/24\/mal-di-schiena-lavoro-esercizi\/#primaryimage"},"image":{"@id":"https:\/\/www.sideaita.it\/2020\/02\/24\/mal-di-schiena-lavoro-esercizi\/#primaryimage"},"thumbnailUrl":"https:\/\/www.sideaita.it\/wp-content\/uploads\/2024\/02\/0448-ACTIVE-SITTING-BALL.jpg","datePublished":"2020-02-24T09:21:46+00:00","dateModified":"2024-04-08T08:00:48+00:00","description":"Pasar horas sentados en la oficina puede llevarnos a mantener posturas inc\u00f3modas: algunos ejercicios sencillos pueden ayudarnos a evitar el dolor de espalda en el trabajo.","breadcrumb":{"@id":"https:\/\/www.sideaita.it\/2020\/02\/24\/mal-di-schiena-lavoro-esercizi\/#breadcrumb"},"inLanguage":"es","potentialAction":[{"@type":"ReadAction","target":["https:\/\/www.sideaita.it\/2020\/02\/24\/mal-di-schiena-lavoro-esercizi\/"]}]},{"@type":"ImageObject","inLanguage":"es","@id":"https:\/\/www.sideaita.it\/2020\/02\/24\/mal-di-schiena-lavoro-esercizi\/#primaryimage","url":"https:\/\/www.sideaita.it\/wp-content\/uploads\/2024\/02\/0448-ACTIVE-SITTING-BALL.jpg","contentUrl":"https:\/\/www.sideaita.it\/wp-content\/uploads\/2024\/02\/0448-ACTIVE-SITTING-BALL.jpg","width":1857,"height":1238,"caption":"0448 ACTIVE SITTING BALL"},{"@type":"BreadcrumbList","@id":"https:\/\/www.sideaita.it\/2020\/02\/24\/mal-di-schiena-lavoro-esercizi\/#breadcrumb","itemListElement":[{"@type":"ListItem","position":1,"name":"Home","item":"https:\/\/www.sideaita.it\/"},{"@type":"ListItem","position":2,"name":"Mal di schiena al lavoro: come combatterlo con alcuni semplici esercizi"}]},{"@type":"WebSite","@id":"https:\/\/www.sideaita.it\/#website","url":"https:\/\/www.sideaita.it\/","name":"Sidea | Equipos de fitness profesionales","description":"SIDEA - Entrenar, fortalecerse, vivir mejor | Equipamiento profesional para la preparaci\u00f3n f\u00edsica y el entrenamiento funcional. Nacido de la pasi\u00f3n por el deporte, desarrollado para gimnasios.","publisher":{"@id":"https:\/\/www.sideaita.it\/#organization"},"potentialAction":[{"@type":"SearchAction","target":{"@type":"EntryPoint","urlTemplate":"https:\/\/www.sideaita.it\/?s={search_term_string}"},"query-input":{"@type":"PropertyValueSpecification","valueRequired":true,"valueName":"search_term_string"}}],"inLanguage":"es"},{"@type":"Organization","@id":"https:\/\/www.sideaita.it\/#organization","name":"Sidea Srl","alternateName":"Sidea","url":"https:\/\/www.sideaita.it\/","logo":{"@type":"ImageObject","inLanguage":"es","@id":"https:\/\/www.sideaita.it\/#\/schema\/logo\/image\/","url":"https:\/\/www.sideaita.it\/wp-content\/uploads\/2023\/06\/cropped-logo-solo-s-1440x1440-1.jpg","contentUrl":"https:\/\/www.sideaita.it\/wp-content\/uploads\/2023\/06\/cropped-logo-solo-s-1440x1440-1.jpg","width":512,"height":512,"caption":"Sidea Srl"},"image":{"@id":"https:\/\/www.sideaita.it\/#\/schema\/logo\/image\/"},"sameAs":["https:\/\/www.facebook.com\/sideaita\/","https:\/\/www.instagram.com\/sidea_fitness\/","https:\/\/www.linkedin.com\/company\/sideafitness\/","https:\/\/www.pinterest.it\/sideafitness\/","https:\/\/www.youtube.com\/user\/FitnessIT\/","https:\/\/www.tiktok.com\/@sidea_fitness"],"description":"SIDEA - Entrenar, fortalecerse, vivir mejor | Equipamiento profesional para la preparaci\u00f3n f\u00edsica y el entrenamiento funcional. Nacido de la pasi\u00f3n por el deporte, desarrollado para gimnasios.","email":"sidea@sideaita.it","legalName":"Sidea Srl","vatID":"IT02693190403","taxID":"IT02693190403","hasMerchantReturnPolicy":{"@type":"MerchantReturnPolicy","merchantReturnLink":"https:\/\/www.sideaita.it\/es\/termini-condizioni-di-vendita\/"}},{"@type":"Person","@id":"https:\/\/www.sideaita.it\/#\/schema\/person\/4ceab93f20444cb6d92a52e714e63abb","name":"Matteo Zoffoli","image":{"@type":"ImageObject","inLanguage":"es","@id":"https:\/\/secure.gravatar.com\/avatar\/4ae25bb2d4a22208a023467ae99f3b62c223816bd7b13c72521dc154d7b05d78?s=96&d=mm&r=g","url":"https:\/\/secure.gravatar.com\/avatar\/4ae25bb2d4a22208a023467ae99f3b62c223816bd7b13c72521dc154d7b05d78?s=96&d=mm&r=g","contentUrl":"https:\/\/secure.gravatar.com\/avatar\/4ae25bb2d4a22208a023467ae99f3b62c223816bd7b13c72521dc154d7b05d78?s=96&d=mm&r=g","caption":"Matteo Zoffoli"},"url":"https:\/\/www.sideaita.it\/es\/author\/matteo\/"}]}},"_links":{"self":[{"href":"https:\/\/www.sideaita.it\/es\/wp-json\/wp\/v2\/posts\/70683","targetHints":{"allow":["GET"]}}],"collection":[{"href":"https:\/\/www.sideaita.it\/es\/wp-json\/wp\/v2\/posts"}],"about":[{"href":"https:\/\/www.sideaita.it\/es\/wp-json\/wp\/v2\/types\/post"}],"author":[{"embeddable":true,"href":"https:\/\/www.sideaita.it\/es\/wp-json\/wp\/v2\/users\/5"}],"replies":[{"embeddable":true,"href":"https:\/\/www.sideaita.it\/es\/wp-json\/wp\/v2\/comments?post=70683"}],"version-history":[{"count":7,"href":"https:\/\/www.sideaita.it\/es\/wp-json\/wp\/v2\/posts\/70683\/revisions"}],"predecessor-version":[{"id":312818,"href":"https:\/\/www.sideaita.it\/es\/wp-json\/wp\/v2\/posts\/70683\/revisions\/312818"}],"wp:featuredmedia":[{"embeddable":true,"href":"https:\/\/www.sideaita.it\/es\/wp-json\/wp\/v2\/media\/299966"}],"wp:attachment":[{"href":"https:\/\/www.sideaita.it\/es\/wp-json\/wp\/v2\/media?parent=70683"}],"wp:term":[{"taxonomy":"category","embeddable":true,"href":"https:\/\/www.sideaita.it\/es\/wp-json\/wp\/v2\/categories?post=70683"},{"taxonomy":"post_tag","embeddable":true,"href":"https:\/\/www.sideaita.it\/es\/wp-json\/wp\/v2\/tags?post=70683"}],"curies":[{"name":"wp","href":"https:\/\/api.w.org\/{rel}","templated":true}]}}