{"id":320408,"date":"2024-05-15T09:16:11","date_gmt":"2024-05-15T07:16:11","guid":{"rendered":"https:\/\/www.sideaita.it\/?p=320408"},"modified":"2025-06-18T17:03:15","modified_gmt":"2025-06-18T15:03:15","slug":"entretien-avec-arianna-comandini-fondatrice-et-directrice-artistique-du-nouveau-studio-de-danse-de-forli","status":"publish","type":"post","link":"https:\/\/www.sideaita.it\/fr\/2024\/05\/15\/intervista-ad-arianna-comandini-fondatrice-e-direttore-artistico-di-new-dance-studio-di-forli\/","title":{"rendered":"Entretien avec Arianna Comandini, fondatrice et directrice artistique de New Dance Studio \u00e0 Forl\u00ec"},"content":{"rendered":"<p style=\"text-align: left;\"><em>Les activit\u00e9s holistiques bas\u00e9es sur la musique sont un pilier de l'offre de remise en forme des salles de sport depuis des d\u00e9cennies. <\/em><\/p>\n<p style=\"text-align: left;\"><em>La gymnastique a\u00e9robic, en particulier, est n\u00e9e dans un contexte \u00e9tonnamment m\u00e9dical et acad\u00e9mique. C'est le Dr Kenneth Cooper, m\u00e9decin militaire, qui a invent\u00e9 le terme \"a\u00e9robic\" dans les ann\u00e9es 1960. Il a mis au point un programme d'exercices visant \u00e0 pr\u00e9venir les maladies coronariennes. L'id\u00e9e de Cooper est tr\u00e8s vite devenue populaire, s'est r\u00e9pandue dans les salles de sport et a cr\u00e9\u00e9 un ph\u00e9nom\u00e8ne mondial. Le succ\u00e8s de l'a\u00e9robic a \u00e9t\u00e9 tel qu'il a incit\u00e9 l'industrie des cassettes vid\u00e9o \u00e0 produire et \u00e0 distribuer de nombreux programmes d'entra\u00eenement, qui se sont diversifi\u00e9s dans des variantes telles que la danse a\u00e9robique, l'a\u00e9robic sportive, l'a\u00e9robic par \u00e9tapes et l'a\u00e9robic aquatique. Des c\u00e9l\u00e9brit\u00e9s telles que l'actrice Jane Fonda ont adopt\u00e9 cette forme d'exercice, la promouvant non seulement comme une m\u00e9thode d'entra\u00eenement physique mais aussi comme un style de vie, la transformant en un ph\u00e9nom\u00e8ne culturel des ann\u00e9es 1980.<\/em><\/p>\n<p style=\"text-align: left;\"><em><strong>Arianna Comandini<\/strong>Arianna, originaire de Forl\u00ec, s'occupe de fitness m\u00e9tabolique holistique sur une base musicale depuis plus de trente ans. \u00c9tant donn\u00e9 l'importance de ce type d'offre dans les salles de sport et ailleurs, nous avons pens\u00e9 qu'il \u00e9tait int\u00e9ressant de poser quelques questions \u00e0 Arianna sur son exp\u00e9rience avec le New Dance Studio.<\/em><\/p>\n<p>&nbsp;<\/p>\n\t<div class=\"img has-hover x md-x lg-x y md-y lg-y\" id=\"image_1652731970\">\n\t\t\t\t\t\t\t\t<div class=\"img-inner dark\" data-no-translation=\"\" >\n\t\t\t<img loading=\"lazy\" decoding=\"async\" width=\"1020\" height=\"510\" src=\"https:\/\/www.sideaita.it\/wp-content\/uploads\/2024\/05\/new-dance-studio-forli-5-1400x700.jpg\" class=\"attachment-large size-large\" alt=\"new dance studio forl\u00ec (5)\" srcset=\"https:\/\/www.sideaita.it\/wp-content\/uploads\/2024\/05\/new-dance-studio-forli-5-1400x700.jpg 1400w, https:\/\/www.sideaita.it\/wp-content\/uploads\/2024\/05\/new-dance-studio-forli-5-800x400.jpg 800w, https:\/\/www.sideaita.it\/wp-content\/uploads\/2024\/05\/new-dance-studio-forli-5-768x384.jpg 768w, https:\/\/www.sideaita.it\/wp-content\/uploads\/2024\/05\/new-dance-studio-forli-5-1536x768.jpg 1536w, https:\/\/www.sideaita.it\/wp-content\/uploads\/2024\/05\/new-dance-studio-forli-5-700x350.jpg 700w, https:\/\/www.sideaita.it\/wp-content\/uploads\/2024\/05\/new-dance-studio-forli-5.jpg 2000w\" sizes=\"auto, (max-width: 1020px) 100vw, 1020px\" data-no-translation=\"\" \/>\t\t\t\t\t\t\n\t\t\t\t\t<\/div>\n\t\t\t\t\t\t\t\t\n<style>\n#image_1652731970 {\n  width: 100%;\n}\n<\/style>\n\t<\/div>\n\t\n<p>&nbsp;<\/p>\n<h4><strong>Q : Arianna, le New Dance Studio est un lieu r\u00e9put\u00e9 pour combiner la danse, la gymnastique et le fitness. Qu'est-ce qui vous a pouss\u00e9e \u00e0 cr\u00e9er cette acad\u00e9mie en 2012 ?<\/strong><\/h4>\n<p>Ma passion pour la danse et le fitness a \u00e9t\u00e9 le principal moteur. Je voulais cr\u00e9er un environnement o\u00f9 l'\u00e9nergie du mouvement et de la musique s'unissent pour am\u00e9liorer le bien-\u00eatre physique et mental de nos \u00e9l\u00e8ves. New Dance Studio a \u00e9t\u00e9 cr\u00e9\u00e9 pour offrir une approche holistique, en personnalisant les cours en fonction des besoins de chaque individu, quel que soit son \u00e2ge, avec des cours collectifs ainsi que des mini-cours individuels et personnalis\u00e9s sur rendez-vous.<\/p>\n<p>&nbsp;<\/p>\n\t<div class=\"img has-hover x md-x lg-x y md-y lg-y\" id=\"image_2005623997\">\n\t\t\t\t\t\t\t\t<div class=\"img-inner dark\" data-no-translation=\"\" >\n\t\t\t<img loading=\"lazy\" decoding=\"async\" width=\"1020\" height=\"510\" src=\"https:\/\/www.sideaita.it\/wp-content\/uploads\/2024\/05\/new-dance-studio-forli-2-1400x700.jpg\" class=\"attachment-large size-large\" alt=\"new dance studio forl\u00ec (2)\" srcset=\"https:\/\/www.sideaita.it\/wp-content\/uploads\/2024\/05\/new-dance-studio-forli-2-1400x700.jpg 1400w, https:\/\/www.sideaita.it\/wp-content\/uploads\/2024\/05\/new-dance-studio-forli-2-800x400.jpg 800w, https:\/\/www.sideaita.it\/wp-content\/uploads\/2024\/05\/new-dance-studio-forli-2-768x384.jpg 768w, https:\/\/www.sideaita.it\/wp-content\/uploads\/2024\/05\/new-dance-studio-forli-2-1536x768.jpg 1536w, https:\/\/www.sideaita.it\/wp-content\/uploads\/2024\/05\/new-dance-studio-forli-2-700x350.jpg 700w, https:\/\/www.sideaita.it\/wp-content\/uploads\/2024\/05\/new-dance-studio-forli-2.jpg 2000w\" sizes=\"auto, (max-width: 1020px) 100vw, 1020px\" data-no-translation=\"\" \/>\t\t\t\t\t\t\n\t\t\t\t\t<\/div>\n\t\t\t\t\t\t\t\t\n<style>\n#image_2005623997 {\n  width: 100%;\n}\n<\/style>\n\t<\/div>\n\t\n<p>&nbsp;<\/p>\n<h4><strong>Q : Parlez-nous de votre m\u00e9thode de travail. Que signifie une approche holistique ?<\/strong><\/h4>\n<p>Les cours que nous organisons combinent l'exercice et la musique de mani\u00e8re \u00e0 am\u00e9liorer non seulement la sant\u00e9 physique gr\u00e2ce \u00e0 une activit\u00e9 intense, mais aussi la sant\u00e9 mentale gr\u00e2ce \u00e0 l'amusement et \u00e0 la socialisation. C'est la capacit\u00e9 \u00e0 combiner fitness et divertissement qui est l'une des principales raisons du succ\u00e8s de ce type d'entra\u00eenement, qui est d\u00e9sormais ind\u00e9pendant des modes et des saisons.<\/p>\n<p>Un autre aspect fondamental concerne la richesse et la diff\u00e9renciation des cours, afin d'offrir des exp\u00e9riences et des contenus diff\u00e9rents pour r\u00e9pondre aux attentes et aux int\u00e9r\u00eats des utilisateurs. En effet, nous proposons des cours \u00e0 haute intensit\u00e9 musculaire et d'endurance a\u00e9robie, des cours caract\u00e9ris\u00e9s par une plus grande implication technique, des cours dits \"chor\u00e9graphi\u00e9s\", o\u00f9 les exercices, avec et sans mat\u00e9riel, sont combin\u00e9s avec des mouvements de danse, et enfin des cours caract\u00e9ris\u00e9s par des techniques telles que l'\u00e9tirement myofascial et le Pilates postural, la mobilit\u00e9 et le Workout holistique, pour renforcer le lien entre le corps et l'esprit.<\/p>\n<p>Enfin, mais comme vous l'avez compris, c'est peut-\u00eatre l'aspect le plus important, l'\u00e9quipe de travail. Je m'appelle Arianna Comandini et j'ai de nombreuses ann\u00e9es d'exp\u00e9rience dans le domaine du fitness musical et de la technique Holistic Workout, Pilates, ainsi que pr\u00e9sidente et directrice artistique du New Dance Studio. Je travaille depuis des ann\u00e9es avec des collaborateurs experts, comme Andrea Guerra dans le domaine de la tonification et du fitness fonctionnel, ma fille Matilde Toresi, dipl\u00f4m\u00e9e en sciences de la motricit\u00e9, danseuse et professeur de chor\u00e9graphie de la danse moderne au show dance et d'autres styles comme le hip hop et le fitness musical, ainsi qu'avec la collaboration d'Ylenia Rizzato, certifi\u00e9e pour les activit\u00e9s de fitness pour les enfants.<\/p>\n<p>Un autre membre important du New Dance Studio et technicien Holistic Workout et Pilates Daniela Boschi a \u00e9t\u00e9 avec nous depuis 2012, et pour Country Fitness et \u00e9tape chor\u00e9graphique Monica Vallicelli.  La diff\u00e9renciation des cours, la capacit\u00e9 de combiner l'activit\u00e9 physique avec l'amusement et la socialisation, ne peut \u00eatre r\u00e9alis\u00e9e qu'\u00e0 travers une \u00e9quipe synergique et hautement sp\u00e9cialis\u00e9e. L'\u00e9quipe, anim\u00e9e par une passion commune pour le bien-\u00eatre physique, doit cr\u00e9er un environnement d'entra\u00eenement unique dans lequel l'exercice est parfaitement imbriqu\u00e9 dans le plaisir. La cl\u00e9 du succ\u00e8s, je crois, r\u00e9side dans la capacit\u00e9 \u00e0 partager les m\u00eames id\u00e9es de base et le m\u00eame esprit enthousiaste, ainsi que les connaissances techniques n\u00e9cessaires.<\/p>\n<p>&nbsp;<\/p>\n\t<div class=\"img has-hover x md-x lg-x y md-y lg-y\" id=\"image_1692246040\">\n\t\t\t\t\t\t\t\t<div class=\"img-inner dark\" data-no-translation=\"\" >\n\t\t\t<img loading=\"lazy\" decoding=\"async\" width=\"1020\" height=\"510\" src=\"https:\/\/www.sideaita.it\/wp-content\/uploads\/2024\/05\/new-dance-studio-forli-4-1400x700.jpg\" class=\"attachment-large size-large\" alt=\"new dance studio forl\u00ec (4)\" srcset=\"https:\/\/www.sideaita.it\/wp-content\/uploads\/2024\/05\/new-dance-studio-forli-4-1400x700.jpg 1400w, https:\/\/www.sideaita.it\/wp-content\/uploads\/2024\/05\/new-dance-studio-forli-4-800x400.jpg 800w, https:\/\/www.sideaita.it\/wp-content\/uploads\/2024\/05\/new-dance-studio-forli-4-768x384.jpg 768w, https:\/\/www.sideaita.it\/wp-content\/uploads\/2024\/05\/new-dance-studio-forli-4-1536x768.jpg 1536w, https:\/\/www.sideaita.it\/wp-content\/uploads\/2024\/05\/new-dance-studio-forli-4-700x350.jpg 700w, https:\/\/www.sideaita.it\/wp-content\/uploads\/2024\/05\/new-dance-studio-forli-4.jpg 2000w\" sizes=\"auto, (max-width: 1020px) 100vw, 1020px\" data-no-translation=\"\" \/>\t\t\t\t\t\t\n\t\t\t\t\t<\/div>\n\t\t\t\t\t\t\t\t\n<style>\n#image_1692246040 {\n  width: 100%;\n}\n<\/style>\n\t<\/div>\n\t\n<p>&nbsp;<\/p>\n<h4><strong>Q : L'approche holistique semble \u00eatre un th\u00e8me r\u00e9current dans votre studio. Pouvez-vous nous expliquer comment vous l'int\u00e9grez dans la programmation de New Dance Studio ?<\/strong><\/h4>\n<p>Pour nous, l'approche holistique signifie non seulement travailler sur le corps, mais aussi sur l'\u00e2me et l'esprit. Par le rythme et le mouvement, nous essayons de cr\u00e9er une exp\u00e9rience qui soulage le stress et favorise la sant\u00e9 mentale. L'\u00e9nergie g\u00e9n\u00e9r\u00e9e dans la classe est contagieuse et cr\u00e9e une communaut\u00e9 o\u00f9 chacun s'entraide dans un environnement tout \u00e0 fait familier.<\/p>\n<p>&nbsp;<\/p>\n\t<div class=\"img has-hover x md-x lg-x y md-y lg-y\" id=\"image_1122019552\">\n\t\t\t\t\t\t\t\t<div class=\"img-inner dark\" data-no-translation=\"\" >\n\t\t\t<img loading=\"lazy\" decoding=\"async\" width=\"1020\" height=\"510\" src=\"https:\/\/www.sideaita.it\/wp-content\/uploads\/2024\/05\/new-dance-studio-forli-1-1400x700.jpg\" class=\"attachment-large size-large\" alt=\"new dance studio forl\u00ec (1)\" srcset=\"https:\/\/www.sideaita.it\/wp-content\/uploads\/2024\/05\/new-dance-studio-forli-1-1400x700.jpg 1400w, https:\/\/www.sideaita.it\/wp-content\/uploads\/2024\/05\/new-dance-studio-forli-1-800x400.jpg 800w, https:\/\/www.sideaita.it\/wp-content\/uploads\/2024\/05\/new-dance-studio-forli-1-768x384.jpg 768w, https:\/\/www.sideaita.it\/wp-content\/uploads\/2024\/05\/new-dance-studio-forli-1-1536x768.jpg 1536w, https:\/\/www.sideaita.it\/wp-content\/uploads\/2024\/05\/new-dance-studio-forli-1-700x350.jpg 700w, https:\/\/www.sideaita.it\/wp-content\/uploads\/2024\/05\/new-dance-studio-forli-1.jpg 2000w\" sizes=\"auto, (max-width: 1020px) 100vw, 1020px\" data-no-translation=\"\" \/>\t\t\t\t\t\t\n\t\t\t\t\t<\/div>\n\t\t\t\t\t\t\t\t\n<style>\n#image_1122019552 {\n  width: 100%;\n}\n<\/style>\n\t<\/div>\n\t\n<p>&nbsp;<\/p>\n<h4><strong>Q : Quelles sont les activit\u00e9s les plus populaires \u00e0 New Dance Studio ?<\/strong><\/h4>\n<p>Outre les classiques tels que Movida Fitness et Choreographic Step, Country Fitness, Movida &amp; Choreography et Hip Hop under 15 sont tr\u00e8s populaires. Nous utilisons la musique populaire comme v\u00e9hicule pour cr\u00e9er des chor\u00e9graphies amusantes, m\u00eame sur des th\u00e8mes d'actualit\u00e9, qui am\u00e9liorent la capacit\u00e9 cardiovasculaire et m\u00e9tabolique. C'est une fa\u00e7on de voir l'exercice non pas comme une corv\u00e9e, mais comme un plaisir, presque un jeu et un amusement.<\/p>\n<p>&nbsp;<\/p>\n\t<div class=\"img has-hover x md-x lg-x y md-y lg-y\" id=\"image_489743378\">\n\t\t\t\t\t\t\t\t<div class=\"img-inner dark\" data-no-translation=\"\" >\n\t\t\t<img loading=\"lazy\" decoding=\"async\" width=\"1020\" height=\"510\" src=\"https:\/\/www.sideaita.it\/wp-content\/uploads\/2024\/05\/new-dance-studio-forli-3-1400x700.jpg\" class=\"attachment-large size-large\" alt=\"new dance studio forl\u00ec (3)\" srcset=\"https:\/\/www.sideaita.it\/wp-content\/uploads\/2024\/05\/new-dance-studio-forli-3-1400x700.jpg 1400w, https:\/\/www.sideaita.it\/wp-content\/uploads\/2024\/05\/new-dance-studio-forli-3-800x400.jpg 800w, https:\/\/www.sideaita.it\/wp-content\/uploads\/2024\/05\/new-dance-studio-forli-3-768x384.jpg 768w, https:\/\/www.sideaita.it\/wp-content\/uploads\/2024\/05\/new-dance-studio-forli-3-1536x768.jpg 1536w, https:\/\/www.sideaita.it\/wp-content\/uploads\/2024\/05\/new-dance-studio-forli-3-700x350.jpg 700w, https:\/\/www.sideaita.it\/wp-content\/uploads\/2024\/05\/new-dance-studio-forli-3.jpg 2000w\" sizes=\"auto, (max-width: 1020px) 100vw, 1020px\" data-no-translation=\"\" \/>\t\t\t\t\t\t\n\t\t\t\t\t<\/div>\n\t\t\t\t\t\t\t\t\n<style>\n#image_489743378 {\n  width: 100%;\n}\n<\/style>\n\t<\/div>\n\t\n<p>&nbsp;<\/p>\n<h4><strong>Q : Enfin, quels sont vos projets pour le New Dance Studio ?<\/strong><\/h4>\n<p>Nous sommes toujours \u00e0 la recherche de nouvelles fa\u00e7ons d'innover et de nous am\u00e9liorer. Notre force est toujours de rechercher la formation \u00e0 travers l'amusement et la socialisation pour un public allant de 3 \u00e0 99 ans. Nous souhaitons \u00e9largir notre offre avec de nouveaux cours et ateliers, et peut-\u00eatre ouvrir d'autres lieux.<\/p>\n<p>&nbsp;<\/p>\n<p style=\"text-align: center;\"><em>Merci, Arianna, d'avoir partag\u00e9 avec nous votre vision et votre passion. Il semble que le New Dance Studio soit vraiment un endroit sp\u00e9cial pour ceux qui recherchent une exp\u00e9rience de remise en forme compl\u00e8te et enrichissante.<\/em><\/p>\n<a href=\"https:\/\/www.instagram.com\/newdancestudioforli\/\" target=\"_blank\" class=\"button primary is-outline box-shadow-3 expand\" rel=\"noopener\" style=\"border-radius:99px;\">\n\t<i class=\"icon-instagram\" aria-hidden=\"true\"><\/i>\t<span>NOUVEAU STUDIO DE DANSE FORLI'<\/span>\n\t<\/a>\n\n\n  <div class=\"banner has-hover\" id=\"banner-572446129\">\n          <div class=\"banner-inner fill\">\n        <div class=\"banner-bg fill\" >\n            <img loading=\"lazy\" decoding=\"async\" width=\"1020\" height=\"319\" src=\"https:\/\/www.sideaita.it\/wp-content\/uploads\/2024\/02\/COPERTINA-MAILING-DISCHI-DA-PL-2--1400x438.jpg\" class=\"bg attachment-large size-large\" alt=\"DISQUES D&#039;ENVOI DE COUVERTURE DE LA PL 2\" \/>                        <div class=\"overlay\"><\/div>            \n                    <\/div>\n\t\t\n        <div class=\"banner-layers container\">\n            <div class=\"fill banner-link\"><\/div>            \n   <div id=\"text-box-1220453244\" class=\"text-box banner-layer x50 md-x50 lg-x50 y50 md-y50 lg-y50 res-text\">\n                                <div class=\"text-box-content text dark\">\n              \n              <div class=\"text-inner text-center\">\n                  \n\t<div id=\"text-1452158898\" class=\"text\">\n\t\t\n<p><strong>LETTRE D'INFORMATION SIDEA<\/strong><\/p>\n<p>Inscrivez-vous \u00e0 notre lettre d'information pour recevoir des nouvelles, des promotions et des informations sur le monde de Sidea.<br \/>\n\t\t\n<style>\n#text-1452158898 {\n  font-size: 1.45rem;\n  line-height: 1.25;\n}\n<\/style>\n\t<\/div>\n\t\n<a href=\"http:\/\/eepurl.com\/iD9wQo\" class=\"button white is-outline is-large\" style=\"border-radius:26px;\">\n\t\t<span>JOINDRE<\/span>\n\t<\/a>\n\n              <\/div>\n           <\/div>\n                            \n<style>\n#text-box-1220453244 {\n  width: 60%;\n}\n#text-box-1220453244 .text-box-content {\n  font-size: 100%;\n}\n<\/style>\n    <\/div>\n \n        <\/div>\n      <\/div>\n\n            \n<style>\n#banner-572446129 {\n  padding-top: 300px;\n  background-color: rgb(0, 0, 0);\n}\n#banner-572446129 .overlay {\n  background-color: rgba(0, 0, 0, 0.669);\n}\n<\/style>\n  <\/div>\n\n\n<p>&nbsp;<\/p>","protected":false},"excerpt":{"rendered":"<p>Le attivit\u00e0 olistiche su base musicale rappresentano da decenni un pilastro nelle offerte di fitness delle palestre. La ginnastica aerobica, in particolare, ha avuto origine in un contesto sorprendentemente medico e accademico. Fu il Dr. Kenneth Cooper, un medico militare, a coniare per primo il termine &#8220;aerobica&#8221; negli anni &#8217;60. Egli svilupp\u00f2 un programma di [&#8230;]\n","protected":false},"author":3,"featured_media":320417,"comment_status":"closed","ping_status":"open","sticky":false,"template":"","format":"standard","meta":{"footnotes":""},"categories":[5190],"tags":[],"class_list":["post-320408","post","type-post","status-publish","format-standard","has-post-thumbnail","hentry","category-lifestyle"],"yoast_head":"<!-- This site is optimized with the Yoast SEO Premium plugin v28.1 (Yoast SEO v28.1) - https:\/\/yoast.com\/product\/yoast-seo-premium-wordpress\/ -->\n<title>Le attivit\u00e0 olistiche su base musicale - Sidea | Attrezzatura Fitness Professionale<\/title>\n<meta name=\"description\" content=\"La ginnastica aerobica, in particolare, ha avuto origine in un contesto sorprendentemente medico e accademico. Fu il Dr. Kenneth...\" \/>\n<meta name=\"robots\" content=\"index, follow, max-snippet:-1, max-image-preview:large, max-video-preview:-1\" \/>\n<link rel=\"canonical\" href=\"https:\/\/www.sideaita.it\/fr\/2024\/05\/15\/entretien-avec-arianna-comandini-fondatrice-et-directrice-artistique-du-nouveau-studio-de-danse-de-forli\/\" \/>\n<meta property=\"og:locale\" content=\"fr_FR\" \/>\n<meta property=\"og:type\" content=\"article\" \/>\n<meta property=\"og:title\" content=\"Intervista ad Arianna Comandini, Fondatrice e Direttore Artistico di New Dance Studio di Forl\u00ec\" \/>\n<meta property=\"og:description\" content=\"La ginnastica aerobica, in particolare, ha avuto origine in un contesto sorprendentemente medico e accademico. Fu il Dr. Kenneth...\" \/>\n<meta property=\"og:url\" content=\"https:\/\/www.sideaita.it\/fr\/2024\/05\/15\/entretien-avec-arianna-comandini-fondatrice-et-directrice-artistique-du-nouveau-studio-de-danse-de-forli\/\" \/>\n<meta property=\"og:site_name\" content=\"Sidea | Attrezzatura Fitness Professionale\" \/>\n<meta property=\"article:publisher\" content=\"https:\/\/www.facebook.com\/sideaita\/\" \/>\n<meta property=\"article:published_time\" content=\"2024-05-15T07:16:11+00:00\" \/>\n<meta property=\"article:modified_time\" content=\"2025-06-18T15:03:15+00:00\" \/>\n<meta property=\"og:image\" content=\"https:\/\/www.sideaita.it\/wp-content\/uploads\/2024\/05\/copertina-blog-new-dance-studio-forli.jpg\" \/>\n\t<meta property=\"og:image:width\" content=\"2000\" \/>\n\t<meta property=\"og:image:height\" content=\"1000\" \/>\n\t<meta property=\"og:image:type\" content=\"image\/jpeg\" \/>\n<meta name=\"author\" content=\"Sidea\" \/>\n<meta name=\"twitter:card\" content=\"summary_large_image\" \/>\n<meta name=\"twitter:label1\" content=\"\u00c9crit par\" \/>\n\t<meta name=\"twitter:data1\" content=\"Sidea\" \/>\n\t<meta name=\"twitter:label2\" content=\"Dur\u00e9e de lecture estim\u00e9e\" \/>\n\t<meta name=\"twitter:data2\" content=\"6 minutes\" \/>\n<script type=\"application\/ld+json\" class=\"yoast-schema-graph\">{\"@context\":\"https:\\\/\\\/schema.org\",\"@graph\":[{\"@type\":\"Article\",\"@id\":\"https:\\\/\\\/www.sideaita.it\\\/2024\\\/05\\\/15\\\/intervista-ad-arianna-comandini-fondatrice-e-direttore-artistico-di-new-dance-studio-di-forli\\\/#article\",\"isPartOf\":{\"@id\":\"https:\\\/\\\/www.sideaita.it\\\/2024\\\/05\\\/15\\\/intervista-ad-arianna-comandini-fondatrice-e-direttore-artistico-di-new-dance-studio-di-forli\\\/\"},\"author\":{\"name\":\"Sidea\",\"@id\":\"https:\\\/\\\/www.sideaita.it\\\/#\\\/schema\\\/person\\\/dffac77f9ef1c6ee0bee663f15d9de31\"},\"headline\":\"Intervista ad Arianna Comandini, Fondatrice e Direttore Artistico di New Dance Studio di Forl\u00ec\",\"datePublished\":\"2024-05-15T07:16:11+00:00\",\"dateModified\":\"2025-06-18T15:03:15+00:00\",\"mainEntityOfPage\":{\"@id\":\"https:\\\/\\\/www.sideaita.it\\\/2024\\\/05\\\/15\\\/intervista-ad-arianna-comandini-fondatrice-e-direttore-artistico-di-new-dance-studio-di-forli\\\/\"},\"wordCount\":1053,\"publisher\":{\"@id\":\"https:\\\/\\\/www.sideaita.it\\\/#organization\"},\"image\":{\"@id\":\"https:\\\/\\\/www.sideaita.it\\\/2024\\\/05\\\/15\\\/intervista-ad-arianna-comandini-fondatrice-e-direttore-artistico-di-new-dance-studio-di-forli\\\/#primaryimage\"},\"thumbnailUrl\":\"https:\\\/\\\/www.sideaita.it\\\/wp-content\\\/uploads\\\/2024\\\/05\\\/copertina-blog-new-dance-studio-forli.jpg\",\"articleSection\":[\"Lifestyle\"],\"inLanguage\":\"fr-FR\"},{\"@type\":\"WebPage\",\"@id\":\"https:\\\/\\\/www.sideaita.it\\\/2024\\\/05\\\/15\\\/intervista-ad-arianna-comandini-fondatrice-e-direttore-artistico-di-new-dance-studio-di-forli\\\/\",\"url\":\"https:\\\/\\\/www.sideaita.it\\\/2024\\\/05\\\/15\\\/intervista-ad-arianna-comandini-fondatrice-e-direttore-artistico-di-new-dance-studio-di-forli\\\/\",\"name\":\"Le attivit\u00e0 olistiche su base musicale - Sidea | Attrezzatura Fitness Professionale\",\"isPartOf\":{\"@id\":\"https:\\\/\\\/www.sideaita.it\\\/#website\"},\"primaryImageOfPage\":{\"@id\":\"https:\\\/\\\/www.sideaita.it\\\/2024\\\/05\\\/15\\\/intervista-ad-arianna-comandini-fondatrice-e-direttore-artistico-di-new-dance-studio-di-forli\\\/#primaryimage\"},\"image\":{\"@id\":\"https:\\\/\\\/www.sideaita.it\\\/2024\\\/05\\\/15\\\/intervista-ad-arianna-comandini-fondatrice-e-direttore-artistico-di-new-dance-studio-di-forli\\\/#primaryimage\"},\"thumbnailUrl\":\"https:\\\/\\\/www.sideaita.it\\\/wp-content\\\/uploads\\\/2024\\\/05\\\/copertina-blog-new-dance-studio-forli.jpg\",\"datePublished\":\"2024-05-15T07:16:11+00:00\",\"dateModified\":\"2025-06-18T15:03:15+00:00\",\"description\":\"La ginnastica aerobica, in particolare, ha avuto origine in un contesto sorprendentemente medico e accademico. Fu il Dr. Kenneth...\",\"breadcrumb\":{\"@id\":\"https:\\\/\\\/www.sideaita.it\\\/2024\\\/05\\\/15\\\/intervista-ad-arianna-comandini-fondatrice-e-direttore-artistico-di-new-dance-studio-di-forli\\\/#breadcrumb\"},\"inLanguage\":\"fr-FR\",\"potentialAction\":[{\"@type\":\"ReadAction\",\"target\":[\"https:\\\/\\\/www.sideaita.it\\\/2024\\\/05\\\/15\\\/intervista-ad-arianna-comandini-fondatrice-e-direttore-artistico-di-new-dance-studio-di-forli\\\/\"]}]},{\"@type\":\"ImageObject\",\"inLanguage\":\"fr-FR\",\"@id\":\"https:\\\/\\\/www.sideaita.it\\\/2024\\\/05\\\/15\\\/intervista-ad-arianna-comandini-fondatrice-e-direttore-artistico-di-new-dance-studio-di-forli\\\/#primaryimage\",\"url\":\"https:\\\/\\\/www.sideaita.it\\\/wp-content\\\/uploads\\\/2024\\\/05\\\/copertina-blog-new-dance-studio-forli.jpg\",\"contentUrl\":\"https:\\\/\\\/www.sideaita.it\\\/wp-content\\\/uploads\\\/2024\\\/05\\\/copertina-blog-new-dance-studio-forli.jpg\",\"width\":2000,\"height\":1000,\"caption\":\"copertina blog new dance studio forl\u00ec\"},{\"@type\":\"BreadcrumbList\",\"@id\":\"https:\\\/\\\/www.sideaita.it\\\/2024\\\/05\\\/15\\\/intervista-ad-arianna-comandini-fondatrice-e-direttore-artistico-di-new-dance-studio-di-forli\\\/#breadcrumb\",\"itemListElement\":[{\"@type\":\"ListItem\",\"position\":1,\"name\":\"Home\",\"item\":\"https:\\\/\\\/www.sideaita.it\\\/\"},{\"@type\":\"ListItem\",\"position\":2,\"name\":\"Intervista ad Arianna Comandini, Fondatrice e Direttore Artistico di New Dance Studio di Forl\u00ec\"}]},{\"@type\":\"WebSite\",\"@id\":\"https:\\\/\\\/www.sideaita.it\\\/#website\",\"url\":\"https:\\\/\\\/www.sideaita.it\\\/\",\"name\":\"Sidea | Attrezzatura Fitness Professionale\",\"description\":\"SIDEA \u2013 Allenati, diventa pi\u00f9 forte, vivi meglio | Attrezzatura professionale per la preparazione fisica ed il functional training. Nata dalla passione per lo sport, sviluppata per le palestre.\",\"publisher\":{\"@id\":\"https:\\\/\\\/www.sideaita.it\\\/#organization\"},\"potentialAction\":[{\"@type\":\"SearchAction\",\"target\":{\"@type\":\"EntryPoint\",\"urlTemplate\":\"https:\\\/\\\/www.sideaita.it\\\/?s={search_term_string}\"},\"query-input\":{\"@type\":\"PropertyValueSpecification\",\"valueRequired\":true,\"valueName\":\"search_term_string\"}}],\"inLanguage\":\"fr-FR\"},{\"@type\":\"Organization\",\"@id\":\"https:\\\/\\\/www.sideaita.it\\\/#organization\",\"name\":\"Sidea Srl\",\"alternateName\":\"Sidea\",\"url\":\"https:\\\/\\\/www.sideaita.it\\\/\",\"logo\":{\"@type\":\"ImageObject\",\"inLanguage\":\"fr-FR\",\"@id\":\"https:\\\/\\\/www.sideaita.it\\\/#\\\/schema\\\/logo\\\/image\\\/\",\"url\":\"https:\\\/\\\/www.sideaita.it\\\/wp-content\\\/uploads\\\/2023\\\/06\\\/cropped-logo-solo-s-1440x1440-1.jpg\",\"contentUrl\":\"https:\\\/\\\/www.sideaita.it\\\/wp-content\\\/uploads\\\/2023\\\/06\\\/cropped-logo-solo-s-1440x1440-1.jpg\",\"width\":512,\"height\":512,\"caption\":\"Sidea Srl\"},\"image\":{\"@id\":\"https:\\\/\\\/www.sideaita.it\\\/#\\\/schema\\\/logo\\\/image\\\/\"},\"sameAs\":[\"https:\\\/\\\/www.facebook.com\\\/sideaita\\\/\",\"https:\\\/\\\/www.instagram.com\\\/sidea_fitness\\\/\",\"https:\\\/\\\/www.linkedin.com\\\/company\\\/sideafitness\\\/\",\"https:\\\/\\\/www.pinterest.it\\\/sideafitness\\\/\",\"https:\\\/\\\/www.youtube.com\\\/user\\\/FitnessIT\\\/\",\"https:\\\/\\\/www.tiktok.com\\\/@sidea_fitness\"],\"description\":\"SIDEA \u2013 Allenati, diventa pi\u00f9 forte, vivi meglio | Attrezzatura professionale per la preparazione fisica ed il functional training. Nata dalla passione per lo sport, sviluppata per le palestre.\",\"email\":\"sidea@sideaita.it\",\"legalName\":\"Sidea Srl\",\"vatID\":\"IT02693190403\",\"taxID\":\"IT02693190403\",\"hasMerchantReturnPolicy\":{\"@type\":\"MerchantReturnPolicy\",\"merchantReturnLink\":\"https:\\\/\\\/www.sideaita.it\\\/fr\\\/termini-condizioni-di-vendita\\\/\"}},{\"@type\":\"Person\",\"@id\":\"https:\\\/\\\/www.sideaita.it\\\/#\\\/schema\\\/person\\\/dffac77f9ef1c6ee0bee663f15d9de31\",\"name\":\"Sidea\",\"image\":{\"@type\":\"ImageObject\",\"inLanguage\":\"fr-FR\",\"@id\":\"https:\\\/\\\/secure.gravatar.com\\\/avatar\\\/1f053fd372d4715dae69f2348830136846525c9c803cd9d3899b193518df4fe1?s=96&d=mm&r=g\",\"url\":\"https:\\\/\\\/secure.gravatar.com\\\/avatar\\\/1f053fd372d4715dae69f2348830136846525c9c803cd9d3899b193518df4fe1?s=96&d=mm&r=g\",\"contentUrl\":\"https:\\\/\\\/secure.gravatar.com\\\/avatar\\\/1f053fd372d4715dae69f2348830136846525c9c803cd9d3899b193518df4fe1?s=96&d=mm&r=g\",\"caption\":\"Sidea\"},\"sameAs\":[\"riccardo\"],\"url\":\"https:\\\/\\\/www.sideaita.it\\\/fr\\\/author\\\/gioele\\\/\"}]}<\/script>\n<!-- \/ Yoast SEO Premium plugin. -->","yoast_head_json":{"title":"Activit\u00e9s holistiques sur une base musicale - Sidea | Professional Fitness Equipment","description":"La gymnastique a\u00e9robic, en particulier, a vu le jour dans un contexte \u00e9tonnamment m\u00e9dical et acad\u00e9mique. C'est le Dr Kenneth ...","robots":{"index":"index","follow":"follow","max-snippet":"max-snippet:-1","max-image-preview":"max-image-preview:large","max-video-preview":"max-video-preview:-1"},"canonical":"https:\/\/www.sideaita.it\/fr\/2024\/05\/15\/entretien-avec-arianna-comandini-fondatrice-et-directrice-artistique-du-nouveau-studio-de-danse-de-forli\/","og_locale":"fr_FR","og_type":"article","og_title":"Intervista ad Arianna Comandini, Fondatrice e Direttore Artistico di New Dance Studio di Forl\u00ec","og_description":"La ginnastica aerobica, in particolare, ha avuto origine in un contesto sorprendentemente medico e accademico. Fu il Dr. Kenneth...","og_url":"https:\/\/www.sideaita.it\/fr\/2024\/05\/15\/entretien-avec-arianna-comandini-fondatrice-et-directrice-artistique-du-nouveau-studio-de-danse-de-forli\/","og_site_name":"Sidea | Attrezzatura Fitness Professionale","article_publisher":"https:\/\/www.facebook.com\/sideaita\/","article_published_time":"2024-05-15T07:16:11+00:00","article_modified_time":"2025-06-18T15:03:15+00:00","og_image":[{"width":2000,"height":1000,"url":"https:\/\/www.sideaita.it\/wp-content\/uploads\/2024\/05\/copertina-blog-new-dance-studio-forli.jpg","type":"image\/jpeg"}],"author":"Sidea","twitter_card":"summary_large_image","twitter_misc":{"\u00c9crit par":"Sidea","Dur\u00e9e de lecture estim\u00e9e":"6 minutes"},"schema":{"@context":"https:\/\/schema.org","@graph":[{"@type":"Article","@id":"https:\/\/www.sideaita.it\/2024\/05\/15\/intervista-ad-arianna-comandini-fondatrice-e-direttore-artistico-di-new-dance-studio-di-forli\/#article","isPartOf":{"@id":"https:\/\/www.sideaita.it\/2024\/05\/15\/intervista-ad-arianna-comandini-fondatrice-e-direttore-artistico-di-new-dance-studio-di-forli\/"},"author":{"name":"Sidea","@id":"https:\/\/www.sideaita.it\/#\/schema\/person\/dffac77f9ef1c6ee0bee663f15d9de31"},"headline":"Intervista ad Arianna Comandini, Fondatrice e Direttore Artistico di New Dance Studio di Forl\u00ec","datePublished":"2024-05-15T07:16:11+00:00","dateModified":"2025-06-18T15:03:15+00:00","mainEntityOfPage":{"@id":"https:\/\/www.sideaita.it\/2024\/05\/15\/intervista-ad-arianna-comandini-fondatrice-e-direttore-artistico-di-new-dance-studio-di-forli\/"},"wordCount":1053,"publisher":{"@id":"https:\/\/www.sideaita.it\/#organization"},"image":{"@id":"https:\/\/www.sideaita.it\/2024\/05\/15\/intervista-ad-arianna-comandini-fondatrice-e-direttore-artistico-di-new-dance-studio-di-forli\/#primaryimage"},"thumbnailUrl":"https:\/\/www.sideaita.it\/wp-content\/uploads\/2024\/05\/copertina-blog-new-dance-studio-forli.jpg","articleSection":["Lifestyle"],"inLanguage":"fr-FR"},{"@type":"WebPage","@id":"https:\/\/www.sideaita.it\/2024\/05\/15\/intervista-ad-arianna-comandini-fondatrice-e-direttore-artistico-di-new-dance-studio-di-forli\/","url":"https:\/\/www.sideaita.it\/2024\/05\/15\/intervista-ad-arianna-comandini-fondatrice-e-direttore-artistico-di-new-dance-studio-di-forli\/","name":"Activit\u00e9s holistiques sur une base musicale - Sidea | Professional Fitness Equipment","isPartOf":{"@id":"https:\/\/www.sideaita.it\/#website"},"primaryImageOfPage":{"@id":"https:\/\/www.sideaita.it\/2024\/05\/15\/intervista-ad-arianna-comandini-fondatrice-e-direttore-artistico-di-new-dance-studio-di-forli\/#primaryimage"},"image":{"@id":"https:\/\/www.sideaita.it\/2024\/05\/15\/intervista-ad-arianna-comandini-fondatrice-e-direttore-artistico-di-new-dance-studio-di-forli\/#primaryimage"},"thumbnailUrl":"https:\/\/www.sideaita.it\/wp-content\/uploads\/2024\/05\/copertina-blog-new-dance-studio-forli.jpg","datePublished":"2024-05-15T07:16:11+00:00","dateModified":"2025-06-18T15:03:15+00:00","description":"La gymnastique a\u00e9robic, en particulier, a vu le jour dans un contexte \u00e9tonnamment m\u00e9dical et acad\u00e9mique. C'est le Dr Kenneth ...","breadcrumb":{"@id":"https:\/\/www.sideaita.it\/2024\/05\/15\/intervista-ad-arianna-comandini-fondatrice-e-direttore-artistico-di-new-dance-studio-di-forli\/#breadcrumb"},"inLanguage":"fr-FR","potentialAction":[{"@type":"ReadAction","target":["https:\/\/www.sideaita.it\/2024\/05\/15\/intervista-ad-arianna-comandini-fondatrice-e-direttore-artistico-di-new-dance-studio-di-forli\/"]}]},{"@type":"ImageObject","inLanguage":"fr-FR","@id":"https:\/\/www.sideaita.it\/2024\/05\/15\/intervista-ad-arianna-comandini-fondatrice-e-direttore-artistico-di-new-dance-studio-di-forli\/#primaryimage","url":"https:\/\/www.sideaita.it\/wp-content\/uploads\/2024\/05\/copertina-blog-new-dance-studio-forli.jpg","contentUrl":"https:\/\/www.sideaita.it\/wp-content\/uploads\/2024\/05\/copertina-blog-new-dance-studio-forli.jpg","width":2000,"height":1000,"caption":"copertina blog new dance studio forl\u00ec"},{"@type":"BreadcrumbList","@id":"https:\/\/www.sideaita.it\/2024\/05\/15\/intervista-ad-arianna-comandini-fondatrice-e-direttore-artistico-di-new-dance-studio-di-forli\/#breadcrumb","itemListElement":[{"@type":"ListItem","position":1,"name":"Home","item":"https:\/\/www.sideaita.it\/"},{"@type":"ListItem","position":2,"name":"Intervista ad Arianna Comandini, Fondatrice e Direttore Artistico di New Dance Studio di Forl\u00ec"}]},{"@type":"WebSite","@id":"https:\/\/www.sideaita.it\/#website","url":"https:\/\/www.sideaita.it\/","name":"Sidea | \u00c9quipement de fitness professionnel","description":"SIDEA - Train, get stronger, live better | Equipement professionnel pour la pr\u00e9paration physique et l'entra\u00eenement fonctionnel. N\u00e9 d'une passion pour le sport, d\u00e9velopp\u00e9 pour les salles de sport.","publisher":{"@id":"https:\/\/www.sideaita.it\/#organization"},"potentialAction":[{"@type":"SearchAction","target":{"@type":"EntryPoint","urlTemplate":"https:\/\/www.sideaita.it\/?s={search_term_string}"},"query-input":{"@type":"PropertyValueSpecification","valueRequired":true,"valueName":"search_term_string"}}],"inLanguage":"fr-FR"},{"@type":"Organization","@id":"https:\/\/www.sideaita.it\/#organization","name":"Sidea Srl","alternateName":"Sidea","url":"https:\/\/www.sideaita.it\/","logo":{"@type":"ImageObject","inLanguage":"fr-FR","@id":"https:\/\/www.sideaita.it\/#\/schema\/logo\/image\/","url":"https:\/\/www.sideaita.it\/wp-content\/uploads\/2023\/06\/cropped-logo-solo-s-1440x1440-1.jpg","contentUrl":"https:\/\/www.sideaita.it\/wp-content\/uploads\/2023\/06\/cropped-logo-solo-s-1440x1440-1.jpg","width":512,"height":512,"caption":"Sidea Srl"},"image":{"@id":"https:\/\/www.sideaita.it\/#\/schema\/logo\/image\/"},"sameAs":["https:\/\/www.facebook.com\/sideaita\/","https:\/\/www.instagram.com\/sidea_fitness\/","https:\/\/www.linkedin.com\/company\/sideafitness\/","https:\/\/www.pinterest.it\/sideafitness\/","https:\/\/www.youtube.com\/user\/FitnessIT\/","https:\/\/www.tiktok.com\/@sidea_fitness"],"description":"SIDEA - Train, get stronger, live better | Equipement professionnel pour la pr\u00e9paration physique et l'entra\u00eenement fonctionnel. N\u00e9 d'une passion pour le sport, d\u00e9velopp\u00e9 pour les salles de sport.","email":"sidea@sideaita.it","legalName":"Sidea Srl","vatID":"IT02693190403","taxID":"IT02693190403","hasMerchantReturnPolicy":{"@type":"MerchantReturnPolicy","merchantReturnLink":"https:\/\/www.sideaita.it\/fr\/termini-condizioni-di-vendita\/"}},{"@type":"Person","@id":"https:\/\/www.sideaita.it\/#\/schema\/person\/dffac77f9ef1c6ee0bee663f15d9de31","name":"Sidea","image":{"@type":"ImageObject","inLanguage":"fr-FR","@id":"https:\/\/secure.gravatar.com\/avatar\/1f053fd372d4715dae69f2348830136846525c9c803cd9d3899b193518df4fe1?s=96&d=mm&r=g","url":"https:\/\/secure.gravatar.com\/avatar\/1f053fd372d4715dae69f2348830136846525c9c803cd9d3899b193518df4fe1?s=96&d=mm&r=g","contentUrl":"https:\/\/secure.gravatar.com\/avatar\/1f053fd372d4715dae69f2348830136846525c9c803cd9d3899b193518df4fe1?s=96&d=mm&r=g","caption":"Sidea"},"sameAs":["riccardo"],"url":"https:\/\/www.sideaita.it\/fr\/author\/gioele\/"}]}},"_links":{"self":[{"href":"https:\/\/www.sideaita.it\/fr\/wp-json\/wp\/v2\/posts\/320408","targetHints":{"allow":["GET"]}}],"collection":[{"href":"https:\/\/www.sideaita.it\/fr\/wp-json\/wp\/v2\/posts"}],"about":[{"href":"https:\/\/www.sideaita.it\/fr\/wp-json\/wp\/v2\/types\/post"}],"author":[{"embeddable":true,"href":"https:\/\/www.sideaita.it\/fr\/wp-json\/wp\/v2\/users\/3"}],"replies":[{"embeddable":true,"href":"https:\/\/www.sideaita.it\/fr\/wp-json\/wp\/v2\/comments?post=320408"}],"version-history":[{"count":17,"href":"https:\/\/www.sideaita.it\/fr\/wp-json\/wp\/v2\/posts\/320408\/revisions"}],"predecessor-version":[{"id":424365,"href":"https:\/\/www.sideaita.it\/fr\/wp-json\/wp\/v2\/posts\/320408\/revisions\/424365"}],"wp:featuredmedia":[{"embeddable":true,"href":"https:\/\/www.sideaita.it\/fr\/wp-json\/wp\/v2\/media\/320417"}],"wp:attachment":[{"href":"https:\/\/www.sideaita.it\/fr\/wp-json\/wp\/v2\/media?parent=320408"}],"wp:term":[{"taxonomy":"category","embeddable":true,"href":"https:\/\/www.sideaita.it\/fr\/wp-json\/wp\/v2\/categories?post=320408"},{"taxonomy":"post_tag","embeddable":true,"href":"https:\/\/www.sideaita.it\/fr\/wp-json\/wp\/v2\/tags?post=320408"}],"curies":[{"name":"wp","href":"https:\/\/api.w.org\/{rel}","templated":true}]}}