{"id":59025,"date":"2019-12-06T09:14:10","date_gmt":"2019-12-06T08:14:10","guid":{"rendered":"https:\/\/www.sideaita.it\/?p=59025"},"modified":"2024-06-11T12:54:01","modified_gmt":"2024-06-11T10:54:01","slug":"preparation-du-secteur-de-la-jeunesse-atalante","status":"publish","type":"post","link":"https:\/\/www.sideaita.it\/fr\/2019\/12\/06\/settore-giovanile-atalanta-preparazione\/","title":{"rendered":"L'Atalanta et l'art du football de jeunes : comment se pr\u00e9pare la meilleure p\u00e9pini\u00e8re d'Italie"},"content":{"rendered":"<div align=\"justify\">\n<h5 style=\"text-align: right;\"><\/h5>\n<div align=\"justify\">\n<p>Chaque ann\u00e9e, des r\u00e9sultats importants \u00e0 tous les niveaux et des dizaines de jeunes qui alimentent les \u00e9quipes nationales : s'il s'agit de l'\u00e9quipe premi\u00e8re de l'Union europ\u00e9enne, il s'agit de l'\u00e9quipe de l'Union europ\u00e9enne.<strong>Atalante<\/strong>qui dispute cette ann\u00e9e la Ligue des champions pour la premi\u00e8re fois de son histoire et continue d'obtenir des r\u00e9sultats incroyables en Serie A, <strong>le v\u00e9ritable fleuron de la <a href=\"https:\/\/www.atalanta.it\/\">soci\u00e9t\u00e9 de Bergame<\/a> est et reste son propre secteur jeunesse<\/strong>qui, gr\u00e2ce \u00e0 des investissements continus et \u00e0 une organisation au niveau des meilleurs clubs d'Europe, acquiert de plus en plus une r\u00e9putation d'excellence. <strong>meilleure cr\u00e8che d'Italie<\/strong>. A l'int\u00e9rieur de la <strong>Centre sportif \"Bortolotti\" \u00e0 Zingonia<\/strong>En effet, les jeunes Nerazzurri peuvent compter sur des infrastructures et des \u00e9quipements dont peu peuvent se targuer, et les r\u00e9sultats arrivent avec une r\u00e9gularit\u00e9 qui t\u00e9moigne de l'excellent travail effectu\u00e9.<\/p>\n<\/div>\n<\/div>\n\n  \n    <div id=\"gallery-1894541604\" class=\"lightbox-multi-gallery hide-for-small slider slider-auto-height row-collapse slider-nav-circle\" data-flickity-options='{&quot;imagesLoaded&quot;: true, &quot;dragThreshold&quot; : 5, &quot;cellAlign&quot;: &quot;left&quot;,&quot;wrapAround&quot;: true,&quot;prevNextButtons&quot;: true,&quot;percentPosition&quot;: true,&quot;pageDots&quot;: true, &quot;rightToLeft&quot;: false, &quot;autoPlay&quot; : 7000}'>\n\n  <div class=\"gallery-col col\" >\n          <div class=\"col-inner\">\n                        <div class=\"box has-hover gallery-box box-none\">\n              <div class=\"box-image\" >\n                <img loading=\"lazy\" decoding=\"async\" width=\"750\" height=\"500\" src=\"https:\/\/www.sideaita.it\/wp-content\/uploads\/2019\/12\/settore-giovanile-atalanta-palestra-9.jpg\" class=\"attachment-original size-original\" alt=\"secteur jeunesse-atalanta-gym\" ids=\"59063,59056,59057,59055,59059,59060,59064,59061,59058,59062\" style=\"none\" lightbox=\"false\" type=\"slider-full\" slider_nav_style=\"circle\" slider_bullets=\"true\" auto_slide=\"7000\" image_size=\"original\" visibility=\"hide-for-small\" srcset=\"https:\/\/www.sideaita.it\/wp-content\/uploads\/2019\/12\/settore-giovanile-atalanta-palestra-9.jpg 750w, https:\/\/www.sideaita.it\/wp-content\/uploads\/2019\/12\/settore-giovanile-atalanta-palestra-9-600x400.jpg 600w, https:\/\/www.sideaita.it\/wp-content\/uploads\/2019\/12\/settore-giovanile-atalanta-palestra-9-700x467.jpg 700w\" sizes=\"auto, (max-width: 750px) 100vw, 750px\" \/>                                                              <\/div>\n              <div class=\"box-text text-left\" >\n                 <p><\/p>\n              <\/div>\n            <\/div>\n                      <\/div>\n         <\/div><div class=\"gallery-col col\" >\n          <div class=\"col-inner\">\n                        <div class=\"box has-hover gallery-box box-none\">\n              <div class=\"box-image\" >\n                <img loading=\"lazy\" decoding=\"async\" width=\"750\" height=\"500\" src=\"https:\/\/www.sideaita.it\/wp-content\/uploads\/2019\/12\/settore-giovanile-atalanta-palestra-2.jpg\" class=\"attachment-original size-original\" alt=\"Secteur jeunesse atalanta gym\" ids=\"59063,59056,59057,59055,59059,59060,59064,59061,59058,59062\" style=\"none\" lightbox=\"false\" type=\"slider-full\" slider_nav_style=\"circle\" slider_bullets=\"true\" auto_slide=\"7000\" image_size=\"original\" visibility=\"hide-for-small\" srcset=\"https:\/\/www.sideaita.it\/wp-content\/uploads\/2019\/12\/settore-giovanile-atalanta-palestra-2.jpg 750w, https:\/\/www.sideaita.it\/wp-content\/uploads\/2019\/12\/settore-giovanile-atalanta-palestra-2-600x400.jpg 600w, https:\/\/www.sideaita.it\/wp-content\/uploads\/2019\/12\/settore-giovanile-atalanta-palestra-2-700x467.jpg 700w\" sizes=\"auto, (max-width: 750px) 100vw, 750px\" \/>                                                              <\/div>\n              <div class=\"box-text text-left\" >\n                 <p><\/p>\n              <\/div>\n            <\/div>\n                      <\/div>\n         <\/div><div class=\"gallery-col col\" >\n          <div class=\"col-inner\">\n                        <div class=\"box has-hover gallery-box box-none\">\n              <div class=\"box-image\" >\n                <img loading=\"lazy\" decoding=\"async\" width=\"750\" height=\"500\" src=\"https:\/\/www.sideaita.it\/wp-content\/uploads\/2019\/12\/settore-giovanile-atalanta-palestra-3.jpg\" class=\"attachment-original size-original\" alt=\"Secteur jeunesse atalanta gym\" ids=\"59063,59056,59057,59055,59059,59060,59064,59061,59058,59062\" style=\"none\" lightbox=\"false\" type=\"slider-full\" slider_nav_style=\"circle\" slider_bullets=\"true\" auto_slide=\"7000\" image_size=\"original\" visibility=\"hide-for-small\" srcset=\"https:\/\/www.sideaita.it\/wp-content\/uploads\/2019\/12\/settore-giovanile-atalanta-palestra-3.jpg 750w, https:\/\/www.sideaita.it\/wp-content\/uploads\/2019\/12\/settore-giovanile-atalanta-palestra-3-600x400.jpg 600w, https:\/\/www.sideaita.it\/wp-content\/uploads\/2019\/12\/settore-giovanile-atalanta-palestra-3-700x467.jpg 700w\" sizes=\"auto, (max-width: 750px) 100vw, 750px\" \/>                                                              <\/div>\n              <div class=\"box-text text-left\" >\n                 <p><\/p>\n              <\/div>\n            <\/div>\n                      <\/div>\n         <\/div><div class=\"gallery-col col\" >\n          <div class=\"col-inner\">\n                        <div class=\"box has-hover gallery-box box-none\">\n              <div class=\"box-image\" >\n                <img loading=\"lazy\" decoding=\"async\" width=\"750\" height=\"500\" src=\"https:\/\/www.sideaita.it\/wp-content\/uploads\/2019\/12\/settore-giovanile-atalanta-palestra-1.jpg\" class=\"attachment-original size-original\" alt=\"secteur jeunesse-atalanta-gym\" ids=\"59063,59056,59057,59055,59059,59060,59064,59061,59058,59062\" style=\"none\" lightbox=\"false\" type=\"slider-full\" slider_nav_style=\"circle\" slider_bullets=\"true\" auto_slide=\"7000\" image_size=\"original\" visibility=\"hide-for-small\" srcset=\"https:\/\/www.sideaita.it\/wp-content\/uploads\/2019\/12\/settore-giovanile-atalanta-palestra-1.jpg 750w, https:\/\/www.sideaita.it\/wp-content\/uploads\/2019\/12\/settore-giovanile-atalanta-palestra-1-600x400.jpg 600w, https:\/\/www.sideaita.it\/wp-content\/uploads\/2019\/12\/settore-giovanile-atalanta-palestra-1-700x467.jpg 700w\" sizes=\"auto, (max-width: 750px) 100vw, 750px\" \/>                                                              <\/div>\n              <div class=\"box-text text-left\" >\n                 <p><\/p>\n              <\/div>\n            <\/div>\n                      <\/div>\n         <\/div><div class=\"gallery-col col\" >\n          <div class=\"col-inner\">\n                        <div class=\"box has-hover gallery-box box-none\">\n              <div class=\"box-image\" >\n                <img loading=\"lazy\" decoding=\"async\" width=\"750\" height=\"500\" src=\"https:\/\/www.sideaita.it\/wp-content\/uploads\/2019\/12\/settore-giovanile-atalanta-palestra-5.jpg\" class=\"attachment-original size-original\" alt=\"Secteur jeunesse atalanta gym\" ids=\"59063,59056,59057,59055,59059,59060,59064,59061,59058,59062\" style=\"none\" lightbox=\"false\" type=\"slider-full\" slider_nav_style=\"circle\" slider_bullets=\"true\" auto_slide=\"7000\" image_size=\"original\" visibility=\"hide-for-small\" srcset=\"https:\/\/www.sideaita.it\/wp-content\/uploads\/2019\/12\/settore-giovanile-atalanta-palestra-5.jpg 750w, https:\/\/www.sideaita.it\/wp-content\/uploads\/2019\/12\/settore-giovanile-atalanta-palestra-5-600x400.jpg 600w, https:\/\/www.sideaita.it\/wp-content\/uploads\/2019\/12\/settore-giovanile-atalanta-palestra-5-700x467.jpg 700w\" sizes=\"auto, (max-width: 750px) 100vw, 750px\" \/>                                                              <\/div>\n              <div class=\"box-text text-left\" >\n                 <p><\/p>\n              <\/div>\n            <\/div>\n                      <\/div>\n         <\/div><div class=\"gallery-col col\" >\n          <div class=\"col-inner\">\n                        <div class=\"box has-hover gallery-box box-none\">\n              <div class=\"box-image\" >\n                <img loading=\"lazy\" decoding=\"async\" width=\"750\" height=\"500\" src=\"https:\/\/www.sideaita.it\/wp-content\/uploads\/2019\/12\/settore-giovanile-atalanta-palestra-6.jpg\" class=\"attachment-original size-original\" alt=\"Secteur jeunesse atalanta gym\" ids=\"59063,59056,59057,59055,59059,59060,59064,59061,59058,59062\" style=\"none\" lightbox=\"false\" type=\"slider-full\" slider_nav_style=\"circle\" slider_bullets=\"true\" auto_slide=\"7000\" image_size=\"original\" visibility=\"hide-for-small\" srcset=\"https:\/\/www.sideaita.it\/wp-content\/uploads\/2019\/12\/settore-giovanile-atalanta-palestra-6.jpg 750w, https:\/\/www.sideaita.it\/wp-content\/uploads\/2019\/12\/settore-giovanile-atalanta-palestra-6-600x400.jpg 600w, https:\/\/www.sideaita.it\/wp-content\/uploads\/2019\/12\/settore-giovanile-atalanta-palestra-6-700x467.jpg 700w\" sizes=\"auto, (max-width: 750px) 100vw, 750px\" \/>                                                              <\/div>\n              <div class=\"box-text text-left\" >\n                 <p><\/p>\n              <\/div>\n            <\/div>\n                      <\/div>\n         <\/div><div class=\"gallery-col col\" >\n          <div class=\"col-inner\">\n                        <div class=\"box has-hover gallery-box box-none\">\n              <div class=\"box-image\" >\n                <img loading=\"lazy\" decoding=\"async\" width=\"750\" height=\"500\" src=\"https:\/\/www.sideaita.it\/wp-content\/uploads\/2019\/12\/settore-giovanile-atalanta-palestra-10.jpg\" class=\"attachment-original size-original\" alt=\"secteur jeunesse-atalanta-gym\" ids=\"59063,59056,59057,59055,59059,59060,59064,59061,59058,59062\" style=\"none\" lightbox=\"false\" type=\"slider-full\" slider_nav_style=\"circle\" slider_bullets=\"true\" auto_slide=\"7000\" image_size=\"original\" visibility=\"hide-for-small\" srcset=\"https:\/\/www.sideaita.it\/wp-content\/uploads\/2019\/12\/settore-giovanile-atalanta-palestra-10.jpg 750w, https:\/\/www.sideaita.it\/wp-content\/uploads\/2019\/12\/settore-giovanile-atalanta-palestra-10-600x400.jpg 600w, https:\/\/www.sideaita.it\/wp-content\/uploads\/2019\/12\/settore-giovanile-atalanta-palestra-10-700x467.jpg 700w\" sizes=\"auto, (max-width: 750px) 100vw, 750px\" \/>                                                              <\/div>\n              <div class=\"box-text text-left\" >\n                 <p><\/p>\n              <\/div>\n            <\/div>\n                      <\/div>\n         <\/div><div class=\"gallery-col col\" >\n          <div class=\"col-inner\">\n                        <div class=\"box has-hover gallery-box box-none\">\n              <div class=\"box-image\" >\n                <img loading=\"lazy\" decoding=\"async\" width=\"750\" height=\"500\" src=\"https:\/\/www.sideaita.it\/wp-content\/uploads\/2019\/12\/settore-giovanile-atalanta-palestra-7.jpg\" class=\"attachment-original size-original\" alt=\"secteur jeunesse-atalanta-gym\" ids=\"59063,59056,59057,59055,59059,59060,59064,59061,59058,59062\" style=\"none\" lightbox=\"false\" type=\"slider-full\" slider_nav_style=\"circle\" slider_bullets=\"true\" auto_slide=\"7000\" image_size=\"original\" visibility=\"hide-for-small\" srcset=\"https:\/\/www.sideaita.it\/wp-content\/uploads\/2019\/12\/settore-giovanile-atalanta-palestra-7.jpg 750w, https:\/\/www.sideaita.it\/wp-content\/uploads\/2019\/12\/settore-giovanile-atalanta-palestra-7-600x400.jpg 600w, https:\/\/www.sideaita.it\/wp-content\/uploads\/2019\/12\/settore-giovanile-atalanta-palestra-7-700x467.jpg 700w\" sizes=\"auto, (max-width: 750px) 100vw, 750px\" \/>                                                              <\/div>\n              <div class=\"box-text text-left\" >\n                 <p><\/p>\n              <\/div>\n            <\/div>\n                      <\/div>\n         <\/div><div class=\"gallery-col col\" >\n          <div class=\"col-inner\">\n                        <div class=\"box has-hover gallery-box box-none\">\n              <div class=\"box-image\" >\n                <img loading=\"lazy\" decoding=\"async\" width=\"750\" height=\"500\" src=\"https:\/\/www.sideaita.it\/wp-content\/uploads\/2019\/12\/settore-giovanile-atalanta-palestra-4.jpg\" class=\"attachment-original size-original\" alt=\"secteur jeunesse-atalanta-gym\" ids=\"59063,59056,59057,59055,59059,59060,59064,59061,59058,59062\" style=\"none\" lightbox=\"false\" type=\"slider-full\" slider_nav_style=\"circle\" slider_bullets=\"true\" auto_slide=\"7000\" image_size=\"original\" visibility=\"hide-for-small\" srcset=\"https:\/\/www.sideaita.it\/wp-content\/uploads\/2019\/12\/settore-giovanile-atalanta-palestra-4.jpg 750w, https:\/\/www.sideaita.it\/wp-content\/uploads\/2019\/12\/settore-giovanile-atalanta-palestra-4-600x400.jpg 600w, https:\/\/www.sideaita.it\/wp-content\/uploads\/2019\/12\/settore-giovanile-atalanta-palestra-4-700x467.jpg 700w\" sizes=\"auto, (max-width: 750px) 100vw, 750px\" \/>                                                              <\/div>\n              <div class=\"box-text text-left\" >\n                 <p><\/p>\n              <\/div>\n            <\/div>\n                      <\/div>\n         <\/div><div class=\"gallery-col col\" >\n          <div class=\"col-inner\">\n                        <div class=\"box has-hover gallery-box box-none\">\n              <div class=\"box-image\" >\n                <img loading=\"lazy\" decoding=\"async\" width=\"750\" height=\"500\" src=\"https:\/\/www.sideaita.it\/wp-content\/uploads\/2019\/12\/settore-giovanile-atalanta-palestra-8.jpg\" class=\"attachment-original size-original\" alt=\"Secteur jeunesse atalanta gym\" ids=\"59063,59056,59057,59055,59059,59060,59064,59061,59058,59062\" style=\"none\" lightbox=\"false\" type=\"slider-full\" slider_nav_style=\"circle\" slider_bullets=\"true\" auto_slide=\"7000\" image_size=\"original\" visibility=\"hide-for-small\" srcset=\"https:\/\/www.sideaita.it\/wp-content\/uploads\/2019\/12\/settore-giovanile-atalanta-palestra-8.jpg 750w, https:\/\/www.sideaita.it\/wp-content\/uploads\/2019\/12\/settore-giovanile-atalanta-palestra-8-600x400.jpg 600w, https:\/\/www.sideaita.it\/wp-content\/uploads\/2019\/12\/settore-giovanile-atalanta-palestra-8-700x467.jpg 700w\" sizes=\"auto, (max-width: 750px) 100vw, 750px\" \/>                                                              <\/div>\n              <div class=\"box-text text-left\" >\n                 <p><\/p>\n              <\/div>\n            <\/div>\n                      <\/div>\n         <\/div><\/div>\n\n  \n    <div id=\"gallery-389694452\" class=\"lightbox-multi-gallery show-for-small slider slider-auto-height row-collapse slider-nav-circle\" data-flickity-options='{&quot;imagesLoaded&quot;: true, &quot;dragThreshold&quot; : 5, &quot;cellAlign&quot;: &quot;left&quot;,&quot;wrapAround&quot;: true,&quot;prevNextButtons&quot;: true,&quot;percentPosition&quot;: true,&quot;pageDots&quot;: false, &quot;rightToLeft&quot;: false, &quot;autoPlay&quot; : 7000}'>\n\n  <div class=\"gallery-col col\" >\n          <div class=\"col-inner\">\n            <a class=\"\" href=\"https:\/\/www.sideaita.it\/wp-content\/uploads\/2019\/12\/settore-giovanile-atalanta-palestra-9.jpg\" title=\"\">            <div class=\"box has-hover gallery-box box-none\">\n              <div class=\"box-image\" >\n                <img loading=\"lazy\" decoding=\"async\" width=\"750\" height=\"500\" src=\"https:\/\/www.sideaita.it\/wp-content\/uploads\/2019\/12\/settore-giovanile-atalanta-palestra-9.jpg\" class=\"attachment-original size-original\" alt=\"secteur jeunesse-atalanta-gym\" ids=\"59063,59056,59057,59055,59059,59060,59064,59061,59058,59062\" style=\"none\" lightbox_image_size=\"original\" type=\"slider-full\" slider_nav_style=\"circle\" auto_slide=\"7000\" image_size=\"original\" visibility=\"show-for-small\" srcset=\"https:\/\/www.sideaita.it\/wp-content\/uploads\/2019\/12\/settore-giovanile-atalanta-palestra-9.jpg 750w, https:\/\/www.sideaita.it\/wp-content\/uploads\/2019\/12\/settore-giovanile-atalanta-palestra-9-600x400.jpg 600w, https:\/\/www.sideaita.it\/wp-content\/uploads\/2019\/12\/settore-giovanile-atalanta-palestra-9-700x467.jpg 700w\" sizes=\"auto, (max-width: 750px) 100vw, 750px\" \/>                                                              <\/div>\n              <div class=\"box-text text-left\" >\n                 <p><\/p>\n              <\/div>\n            <\/div>\n            <\/a>          <\/div>\n         <\/div><div class=\"gallery-col col\" >\n          <div class=\"col-inner\">\n            <a class=\"\" href=\"https:\/\/www.sideaita.it\/wp-content\/uploads\/2019\/12\/settore-giovanile-atalanta-palestra-2.jpg\" title=\"\">            <div class=\"box has-hover gallery-box box-none\">\n              <div class=\"box-image\" >\n                <img loading=\"lazy\" decoding=\"async\" width=\"750\" height=\"500\" src=\"https:\/\/www.sideaita.it\/wp-content\/uploads\/2019\/12\/settore-giovanile-atalanta-palestra-2.jpg\" class=\"attachment-original size-original\" alt=\"Secteur jeunesse atalanta gym\" ids=\"59063,59056,59057,59055,59059,59060,59064,59061,59058,59062\" style=\"none\" lightbox_image_size=\"original\" type=\"slider-full\" slider_nav_style=\"circle\" auto_slide=\"7000\" image_size=\"original\" visibility=\"show-for-small\" srcset=\"https:\/\/www.sideaita.it\/wp-content\/uploads\/2019\/12\/settore-giovanile-atalanta-palestra-2.jpg 750w, https:\/\/www.sideaita.it\/wp-content\/uploads\/2019\/12\/settore-giovanile-atalanta-palestra-2-600x400.jpg 600w, https:\/\/www.sideaita.it\/wp-content\/uploads\/2019\/12\/settore-giovanile-atalanta-palestra-2-700x467.jpg 700w\" sizes=\"auto, (max-width: 750px) 100vw, 750px\" \/>                                                              <\/div>\n              <div class=\"box-text text-left\" >\n                 <p><\/p>\n              <\/div>\n            <\/div>\n            <\/a>          <\/div>\n         <\/div><div class=\"gallery-col col\" >\n          <div class=\"col-inner\">\n            <a class=\"\" href=\"https:\/\/www.sideaita.it\/wp-content\/uploads\/2019\/12\/settore-giovanile-atalanta-palestra-3.jpg\" title=\"\">            <div class=\"box has-hover gallery-box box-none\">\n              <div class=\"box-image\" >\n                <img loading=\"lazy\" decoding=\"async\" width=\"750\" height=\"500\" src=\"https:\/\/www.sideaita.it\/wp-content\/uploads\/2019\/12\/settore-giovanile-atalanta-palestra-3.jpg\" class=\"attachment-original size-original\" alt=\"Secteur jeunesse atalanta gym\" ids=\"59063,59056,59057,59055,59059,59060,59064,59061,59058,59062\" style=\"none\" lightbox_image_size=\"original\" type=\"slider-full\" slider_nav_style=\"circle\" auto_slide=\"7000\" image_size=\"original\" visibility=\"show-for-small\" srcset=\"https:\/\/www.sideaita.it\/wp-content\/uploads\/2019\/12\/settore-giovanile-atalanta-palestra-3.jpg 750w, https:\/\/www.sideaita.it\/wp-content\/uploads\/2019\/12\/settore-giovanile-atalanta-palestra-3-600x400.jpg 600w, https:\/\/www.sideaita.it\/wp-content\/uploads\/2019\/12\/settore-giovanile-atalanta-palestra-3-700x467.jpg 700w\" sizes=\"auto, (max-width: 750px) 100vw, 750px\" \/>                                                              <\/div>\n              <div class=\"box-text text-left\" >\n                 <p><\/p>\n              <\/div>\n            <\/div>\n            <\/a>          <\/div>\n         <\/div><div class=\"gallery-col col\" >\n          <div class=\"col-inner\">\n            <a class=\"\" href=\"https:\/\/www.sideaita.it\/wp-content\/uploads\/2019\/12\/settore-giovanile-atalanta-palestra-1.jpg\" title=\"\">            <div class=\"box has-hover gallery-box box-none\">\n              <div class=\"box-image\" >\n                <img loading=\"lazy\" decoding=\"async\" width=\"750\" height=\"500\" src=\"https:\/\/www.sideaita.it\/wp-content\/uploads\/2019\/12\/settore-giovanile-atalanta-palestra-1.jpg\" class=\"attachment-original size-original\" alt=\"secteur jeunesse-atalanta-gym\" ids=\"59063,59056,59057,59055,59059,59060,59064,59061,59058,59062\" style=\"none\" lightbox_image_size=\"original\" type=\"slider-full\" slider_nav_style=\"circle\" auto_slide=\"7000\" image_size=\"original\" visibility=\"show-for-small\" srcset=\"https:\/\/www.sideaita.it\/wp-content\/uploads\/2019\/12\/settore-giovanile-atalanta-palestra-1.jpg 750w, https:\/\/www.sideaita.it\/wp-content\/uploads\/2019\/12\/settore-giovanile-atalanta-palestra-1-600x400.jpg 600w, https:\/\/www.sideaita.it\/wp-content\/uploads\/2019\/12\/settore-giovanile-atalanta-palestra-1-700x467.jpg 700w\" sizes=\"auto, (max-width: 750px) 100vw, 750px\" \/>                                                              <\/div>\n              <div class=\"box-text text-left\" >\n                 <p><\/p>\n              <\/div>\n            <\/div>\n            <\/a>          <\/div>\n         <\/div><div class=\"gallery-col col\" >\n          <div class=\"col-inner\">\n            <a class=\"\" href=\"https:\/\/www.sideaita.it\/wp-content\/uploads\/2019\/12\/settore-giovanile-atalanta-palestra-5.jpg\" title=\"\">            <div class=\"box has-hover gallery-box box-none\">\n              <div class=\"box-image\" >\n                <img loading=\"lazy\" decoding=\"async\" width=\"750\" height=\"500\" src=\"https:\/\/www.sideaita.it\/wp-content\/uploads\/2019\/12\/settore-giovanile-atalanta-palestra-5.jpg\" class=\"attachment-original size-original\" alt=\"Secteur jeunesse atalanta gym\" ids=\"59063,59056,59057,59055,59059,59060,59064,59061,59058,59062\" style=\"none\" lightbox_image_size=\"original\" type=\"slider-full\" slider_nav_style=\"circle\" auto_slide=\"7000\" image_size=\"original\" visibility=\"show-for-small\" srcset=\"https:\/\/www.sideaita.it\/wp-content\/uploads\/2019\/12\/settore-giovanile-atalanta-palestra-5.jpg 750w, https:\/\/www.sideaita.it\/wp-content\/uploads\/2019\/12\/settore-giovanile-atalanta-palestra-5-600x400.jpg 600w, https:\/\/www.sideaita.it\/wp-content\/uploads\/2019\/12\/settore-giovanile-atalanta-palestra-5-700x467.jpg 700w\" sizes=\"auto, (max-width: 750px) 100vw, 750px\" \/>                                                              <\/div>\n              <div class=\"box-text text-left\" >\n                 <p><\/p>\n              <\/div>\n            <\/div>\n            <\/a>          <\/div>\n         <\/div><div class=\"gallery-col col\" >\n          <div class=\"col-inner\">\n            <a class=\"\" href=\"https:\/\/www.sideaita.it\/wp-content\/uploads\/2019\/12\/settore-giovanile-atalanta-palestra-6.jpg\" title=\"\">            <div class=\"box has-hover gallery-box box-none\">\n              <div class=\"box-image\" >\n                <img loading=\"lazy\" decoding=\"async\" width=\"750\" height=\"500\" src=\"https:\/\/www.sideaita.it\/wp-content\/uploads\/2019\/12\/settore-giovanile-atalanta-palestra-6.jpg\" class=\"attachment-original size-original\" alt=\"Secteur jeunesse atalanta gym\" ids=\"59063,59056,59057,59055,59059,59060,59064,59061,59058,59062\" style=\"none\" lightbox_image_size=\"original\" type=\"slider-full\" slider_nav_style=\"circle\" auto_slide=\"7000\" image_size=\"original\" visibility=\"show-for-small\" srcset=\"https:\/\/www.sideaita.it\/wp-content\/uploads\/2019\/12\/settore-giovanile-atalanta-palestra-6.jpg 750w, https:\/\/www.sideaita.it\/wp-content\/uploads\/2019\/12\/settore-giovanile-atalanta-palestra-6-600x400.jpg 600w, https:\/\/www.sideaita.it\/wp-content\/uploads\/2019\/12\/settore-giovanile-atalanta-palestra-6-700x467.jpg 700w\" sizes=\"auto, (max-width: 750px) 100vw, 750px\" \/>                                                              <\/div>\n              <div class=\"box-text text-left\" >\n                 <p><\/p>\n              <\/div>\n            <\/div>\n            <\/a>          <\/div>\n         <\/div><div class=\"gallery-col col\" >\n          <div class=\"col-inner\">\n            <a class=\"\" href=\"https:\/\/www.sideaita.it\/wp-content\/uploads\/2019\/12\/settore-giovanile-atalanta-palestra-10.jpg\" title=\"\">            <div class=\"box has-hover gallery-box box-none\">\n              <div class=\"box-image\" >\n                <img loading=\"lazy\" decoding=\"async\" width=\"750\" height=\"500\" src=\"https:\/\/www.sideaita.it\/wp-content\/uploads\/2019\/12\/settore-giovanile-atalanta-palestra-10.jpg\" class=\"attachment-original size-original\" alt=\"secteur jeunesse-atalanta-gym\" ids=\"59063,59056,59057,59055,59059,59060,59064,59061,59058,59062\" style=\"none\" lightbox_image_size=\"original\" type=\"slider-full\" slider_nav_style=\"circle\" auto_slide=\"7000\" image_size=\"original\" visibility=\"show-for-small\" srcset=\"https:\/\/www.sideaita.it\/wp-content\/uploads\/2019\/12\/settore-giovanile-atalanta-palestra-10.jpg 750w, https:\/\/www.sideaita.it\/wp-content\/uploads\/2019\/12\/settore-giovanile-atalanta-palestra-10-600x400.jpg 600w, https:\/\/www.sideaita.it\/wp-content\/uploads\/2019\/12\/settore-giovanile-atalanta-palestra-10-700x467.jpg 700w\" sizes=\"auto, (max-width: 750px) 100vw, 750px\" \/>                                                              <\/div>\n              <div class=\"box-text text-left\" >\n                 <p><\/p>\n              <\/div>\n            <\/div>\n            <\/a>          <\/div>\n         <\/div><div class=\"gallery-col col\" >\n          <div class=\"col-inner\">\n            <a class=\"\" href=\"https:\/\/www.sideaita.it\/wp-content\/uploads\/2019\/12\/settore-giovanile-atalanta-palestra-7.jpg\" title=\"\">            <div class=\"box has-hover gallery-box box-none\">\n              <div class=\"box-image\" >\n                <img loading=\"lazy\" decoding=\"async\" width=\"750\" height=\"500\" src=\"https:\/\/www.sideaita.it\/wp-content\/uploads\/2019\/12\/settore-giovanile-atalanta-palestra-7.jpg\" class=\"attachment-original size-original\" alt=\"secteur jeunesse-atalanta-gym\" ids=\"59063,59056,59057,59055,59059,59060,59064,59061,59058,59062\" style=\"none\" lightbox_image_size=\"original\" type=\"slider-full\" slider_nav_style=\"circle\" auto_slide=\"7000\" image_size=\"original\" visibility=\"show-for-small\" srcset=\"https:\/\/www.sideaita.it\/wp-content\/uploads\/2019\/12\/settore-giovanile-atalanta-palestra-7.jpg 750w, https:\/\/www.sideaita.it\/wp-content\/uploads\/2019\/12\/settore-giovanile-atalanta-palestra-7-600x400.jpg 600w, https:\/\/www.sideaita.it\/wp-content\/uploads\/2019\/12\/settore-giovanile-atalanta-palestra-7-700x467.jpg 700w\" sizes=\"auto, (max-width: 750px) 100vw, 750px\" \/>                                                              <\/div>\n              <div class=\"box-text text-left\" >\n                 <p><\/p>\n              <\/div>\n            <\/div>\n            <\/a>          <\/div>\n         <\/div><div class=\"gallery-col col\" >\n          <div class=\"col-inner\">\n            <a class=\"\" href=\"https:\/\/www.sideaita.it\/wp-content\/uploads\/2019\/12\/settore-giovanile-atalanta-palestra-4.jpg\" title=\"\">            <div class=\"box has-hover gallery-box box-none\">\n              <div class=\"box-image\" >\n                <img loading=\"lazy\" decoding=\"async\" width=\"750\" height=\"500\" src=\"https:\/\/www.sideaita.it\/wp-content\/uploads\/2019\/12\/settore-giovanile-atalanta-palestra-4.jpg\" class=\"attachment-original size-original\" alt=\"secteur jeunesse-atalanta-gym\" ids=\"59063,59056,59057,59055,59059,59060,59064,59061,59058,59062\" style=\"none\" lightbox_image_size=\"original\" type=\"slider-full\" slider_nav_style=\"circle\" auto_slide=\"7000\" image_size=\"original\" visibility=\"show-for-small\" srcset=\"https:\/\/www.sideaita.it\/wp-content\/uploads\/2019\/12\/settore-giovanile-atalanta-palestra-4.jpg 750w, https:\/\/www.sideaita.it\/wp-content\/uploads\/2019\/12\/settore-giovanile-atalanta-palestra-4-600x400.jpg 600w, https:\/\/www.sideaita.it\/wp-content\/uploads\/2019\/12\/settore-giovanile-atalanta-palestra-4-700x467.jpg 700w\" sizes=\"auto, (max-width: 750px) 100vw, 750px\" \/>                                                              <\/div>\n              <div class=\"box-text text-left\" >\n                 <p><\/p>\n              <\/div>\n            <\/div>\n            <\/a>          <\/div>\n         <\/div><div class=\"gallery-col col\" >\n          <div class=\"col-inner\">\n            <a class=\"\" href=\"https:\/\/www.sideaita.it\/wp-content\/uploads\/2019\/12\/settore-giovanile-atalanta-palestra-8.jpg\" title=\"\">            <div class=\"box has-hover gallery-box box-none\">\n              <div class=\"box-image\" >\n                <img loading=\"lazy\" decoding=\"async\" width=\"750\" height=\"500\" src=\"https:\/\/www.sideaita.it\/wp-content\/uploads\/2019\/12\/settore-giovanile-atalanta-palestra-8.jpg\" class=\"attachment-original size-original\" alt=\"Secteur jeunesse atalanta gym\" ids=\"59063,59056,59057,59055,59059,59060,59064,59061,59058,59062\" style=\"none\" lightbox_image_size=\"original\" type=\"slider-full\" slider_nav_style=\"circle\" auto_slide=\"7000\" image_size=\"original\" visibility=\"show-for-small\" srcset=\"https:\/\/www.sideaita.it\/wp-content\/uploads\/2019\/12\/settore-giovanile-atalanta-palestra-8.jpg 750w, https:\/\/www.sideaita.it\/wp-content\/uploads\/2019\/12\/settore-giovanile-atalanta-palestra-8-600x400.jpg 600w, https:\/\/www.sideaita.it\/wp-content\/uploads\/2019\/12\/settore-giovanile-atalanta-palestra-8-700x467.jpg 700w\" sizes=\"auto, (max-width: 750px) 100vw, 750px\" \/>                                                              <\/div>\n              <div class=\"box-text text-left\" >\n                 <p><\/p>\n              <\/div>\n            <\/div>\n            <\/a>          <\/div>\n         <\/div><\/div>\n\t<div id=\"gap-894599409\" class=\"gap-element clearfix\" style=\"display:block; height:auto;\">\n\t\t\n<style>\n#gap-894599409 {\n  padding-top: 30px;\n}\n<\/style>\n\t<\/div>\n\t\n<div align=\"justify\">\n<h3>Points forts du secteur jeunesse d'Atalanta<\/h3>\n<p>\"<em>Il n'y a pas de v\u00e9ritable secret quant aux succ\u00e8s obtenus par ce secteur de la jeunesse.<\/em> - expliqu\u00e9 <strong>Alberto Pasini<\/strong>entra\u00eeneur sportif de l'\u00e9quipe Primavera de l'Atalanta et responsable des entra\u00eeneurs du secteur des jeunes. <em>En clair, les principales armes de cette soci\u00e9t\u00e9 sont celles des <strong>travail<\/strong>, de la<strong>l'organisation<\/strong> et le <strong>croire fermement en ce que nous faisons<\/strong>. D'ailleurs, il me semble \u00e9vident que le simple fait d'entrer \u00e0 Zingonia <strong>la qualit\u00e9 des infrastructures et des \u00e9quipements<\/strong> qui sont mis \u00e0 notre disposition, le r\u00e9sultat de la clairvoyance de ceux qui investissent et continuent d'investir dans cette p\u00e9pini\u00e8re. C'est parce qu'\u00e0 l'Atalanta, m\u00eame si l'\u00e9quipe premi\u00e8re fait des choses incroyables, <strong>le secteur de la jeunesse est toujours consid\u00e9r\u00e9 comme l'\u00e9l\u00e9ment principal de l'\u00e9conomie.<\/strong> de sa propre entreprise, et c'est quelque chose qui, d'apr\u00e8s ce que j'ai pu constater depuis que je travaille ici, continue d'augmenter avec le temps<\/em>\".<\/p>\n<p>Ces derniers mois, l'Atalanta a donn\u00e9 un signal tr\u00e8s fort de la confiance qu'elle accorde \u00e0 ses jeunes. <strong>la construction d'un nouveau b\u00e2timent au sein du Centre sportif de Zingonia, enti\u00e8rement destin\u00e9 au secteur de la jeunesse<\/strong> Le nouveau b\u00e2timent a \u00e9t\u00e9 con\u00e7u pour valoriser non seulement les athl\u00e8tes, mais aussi tous les dirigeants, le personnel technique et m\u00e9dical qui travaillent chaque jour pour l'acad\u00e9mie des jeunes Nerazzurri. \u00c0 l'int\u00e9rieur du nouveau b\u00e2timent, qui portera le nom de l'ancien responsable du secteur des jeunes Mino Favini, ont \u00e9galement \u00e9t\u00e9 am\u00e9nag\u00e9s <strong>un gymnase enti\u00e8rement d\u00e9di\u00e9 aux \u00e9quipes de jeunes des Nerazzurri<\/strong>\u00e9quip\u00e9 d'un <a href=\"https:\/\/www.sideaita.it\/fr\/categories-dequipements-de-fitness\/rackstation\/\">Rackstation Sidea<\/a> et de <a href=\"https:\/\/www.sideaita.it\/fr\/categories-dequipements-de-fitness\/revetement-de-sol-technique-en-caoutchouc-pour-salles-de-sport\/\">plates-formes d'halt\u00e9rophilie<\/a> personnalis\u00e9 aux couleurs de l'entreprise bergamasque.<\/p>\n<\/div>\n\n  <div class=\"banner has-hover hide-for-small\" id=\"banner-265566517\">\n          <div class=\"banner-inner fill\">\n        <div class=\"banner-bg fill\" >\n            <img loading=\"lazy\" decoding=\"async\" width=\"750\" height=\"500\" src=\"https:\/\/www.sideaita.it\/wp-content\/uploads\/2019\/12\/settore-giovanile-atalanta-palestra-4.jpg\" class=\"bg attachment-original size-original\" alt=\"secteur jeunesse-atalanta-gym\" \/>                                    \n\t<div class=\"is-border\"\n\t\tstyle=\"border-width:0px 0px 0px 0px;margin:0px 0px 30px 0px;\">\n\t<\/div>\n                    <\/div>\n\t\t\n        <div class=\"banner-layers container\">\n            <div class=\"fill banner-link\"><\/div>            \t<div class=\"hotspot-wrapper x65 md-x60 lg-x60 y25 md-y25 lg-y25 dark\">\n\t\t<div data-animate=\"bounceIn\">\n\t\t\t\t\t\t\t<a href=\"https:\/\/www.sideaita.it\/fr\/categories-dequipements-de-fitness\/rackstation\/\" class=\"hotspot tooltip\" title=\"9095 RackStation\" aria-label=\"9095 RackStation\" style=\"background-color:rgb(0,0,0);\">\n\t\t\t\t\t<i class=\"icon-search\" aria-hidden=\"true\"><\/i>\t\t\t\t<\/a>\n\t\t\t\t\t\t<\/div>\n\t<\/div>\n\t\t<div class=\"hotspot-wrapper x15 md-x15 lg-x15 y45 md-y45 lg-y45 dark\">\n\t\t<div data-animate=\"bounceIn\">\n\t\t\t\t\t\t\t\t<a href=\"#quick-view\" class=\"hotspot tooltip quick-view\" title=\"9015\/4 Premium Male Olympic Barre\" data-prod=\"465\" role=\"button\" aria-label=\"9015\/4 Premium Male Olympic Barre\" aria-expanded=\"false\" aria-haspopup=\"dialog\" data-flatsome-role-button>\n\t\t\t\t\t\t<i class=\"icon-search\" aria-hidden=\"true\"><\/i>\t\t\t\t\t<\/a>\n\t\t\t\t\t\t\t<\/div>\n\t<\/div>\n\t\t<div class=\"hotspot-wrapper x25 md-x25 lg-x25 y85 md-y75 lg-y75 dark\">\n\t\t<div data-animate=\"bounceIn\">\n\t\t\t\t\t\t\t\t<a href=\"#quick-view\" class=\"hotspot tooltip quick-view\" data-prod=\"1703\" role=\"button\" aria-expanded=\"false\" aria-haspopup=\"dialog\" data-flatsome-role-button>\n\t\t\t\t\t\t<i class=\"icon-search\" aria-hidden=\"true\"><\/i>\t\t\t\t\t<\/a>\n\t\t\t\t\t\t\t<\/div>\n\t<\/div>\n\t\t<div class=\"hotspot-wrapper x5 md-x10 lg-x10 y75 md-y75 lg-y75 dark\">\n\t\t<div data-animate=\"bounceIn\">\n\t\t\t\t\t\t\t\t<a href=\"#quick-view\" class=\"hotspot tooltip quick-view\" title=\"9105-9107 Plyobox Soft Impact\" data-prod=\"1339\" role=\"button\" aria-label=\"9105-9107 Plyobox Soft Impact\" aria-expanded=\"false\" aria-haspopup=\"dialog\" data-flatsome-role-button>\n\t\t\t\t\t\t<i class=\"icon-search\" aria-hidden=\"true\"><\/i>\t\t\t\t\t<\/a>\n\t\t\t\t\t\t\t<\/div>\n\t<\/div>\n\t\t<div class=\"hotspot-wrapper x50 md-x50 lg-x50 y90 md-y90 lg-y90 dark\">\n\t\t<div data-animate=\"bounceIn\">\n\t\t\t\t\t\t\t\t<a href=\"#quick-view\" class=\"hotspot tooltip quick-view\" title=\"9209 Rack de cages d&#039;entra\u00eenement\" data-prod=\"1153\" role=\"button\" aria-label=\"9209 Rack de cages d&#039;entra\u00eenement\" aria-expanded=\"false\" aria-haspopup=\"dialog\" data-flatsome-role-button>\n\t\t\t\t\t\t<i class=\"icon-search\" aria-hidden=\"true\"><\/i>\t\t\t\t\t<\/a>\n\t\t\t\t\t\t\t<\/div>\n\t<\/div>\n\t\t<div class=\"hotspot-wrapper x80 md-x80 lg-x80 y95 md-y90 lg-y90 dark\">\n\t\t<div data-animate=\"bounceIn\">\n\t\t\t\t\t\t\t\t<a href=\"#quick-view\" class=\"hotspot tooltip quick-view\" title=\"9203 EcoGym Garden 35mm\" data-prod=\"1128\" role=\"button\" aria-label=\"9203 EcoGym Garden 35mm\" aria-expanded=\"false\" aria-haspopup=\"dialog\" data-flatsome-role-button>\n\t\t\t\t\t\t<i class=\"icon-search\" aria-hidden=\"true\"><\/i>\t\t\t\t\t<\/a>\n\t\t\t\t\t\t\t<\/div>\n\t<\/div>\n\t\n\n\n\n\n\n\n        <\/div>\n      <\/div>\n\n              <div class=\"height-fix is-invisible\"><img loading=\"lazy\" decoding=\"async\" width=\"750\" height=\"500\" src=\"https:\/\/www.sideaita.it\/wp-content\/uploads\/2019\/12\/settore-giovanile-atalanta-palestra-4.jpg\" class=\"attachment-original size-original\" alt=\"secteur jeunesse-atalanta-gym\" srcset=\"https:\/\/www.sideaita.it\/wp-content\/uploads\/2019\/12\/settore-giovanile-atalanta-palestra-4.jpg 750w, https:\/\/www.sideaita.it\/wp-content\/uploads\/2019\/12\/settore-giovanile-atalanta-palestra-4-600x400.jpg 600w, https:\/\/www.sideaita.it\/wp-content\/uploads\/2019\/12\/settore-giovanile-atalanta-palestra-4-700x467.jpg 700w\" sizes=\"auto, (max-width: 750px) 100vw, 750px\" \/><\/div>\n              <\/div>\n\n\n\n  <div class=\"banner has-hover show-for-small\" id=\"banner-792495125\">\n          <div class=\"banner-inner fill\">\n        <div class=\"banner-bg fill\" >\n            <img loading=\"lazy\" decoding=\"async\" width=\"750\" height=\"500\" src=\"https:\/\/www.sideaita.it\/wp-content\/uploads\/2019\/12\/settore-giovanile-atalanta-palestra-4.jpg\" class=\"bg attachment-original size-original\" alt=\"secteur jeunesse-atalanta-gym\" \/>                                    \n\t<div class=\"is-border\"\n\t\tstyle=\"border-width:0px 0px 0px 0px;margin:0px 0px 30px 0px;\">\n\t<\/div>\n                    <\/div>\n\t\t\n        <div class=\"banner-layers container\">\n            <div class=\"fill banner-link\"><\/div>            \t<div class=\"hotspot-wrapper x65 md-x60 lg-x60 y25 md-y25 lg-y25 is-xsmall dark\">\n\t\t<div data-animate=\"bounceIn\">\n\t\t\t\t\t\t\t<a href=\"https:\/\/www.sideaita.it\/fr\/categories-dequipements-de-fitness\/rackstation\/\" class=\"hotspot tooltip\" title=\"9095 RackStation\" aria-label=\"9095 RackStation\" style=\"background-color:rgb(0,0,0);\">\n\t\t\t\t\t<i class=\"icon-search\" aria-hidden=\"true\"><\/i>\t\t\t\t<\/a>\n\t\t\t\t\t\t<\/div>\n\t<\/div>\n\t\t<div class=\"hotspot-wrapper x15 md-x15 lg-x15 y45 md-y45 lg-y45 is-xsmall dark\">\n\t\t<div data-animate=\"bounceIn\">\n\t\t\t\t\t\t\t\t<a href=\"#quick-view\" class=\"hotspot tooltip quick-view\" title=\"9015\/4 Premium Male Olympic Barre\" data-prod=\"465\" role=\"button\" aria-label=\"9015\/4 Premium Male Olympic Barre\" aria-expanded=\"false\" aria-haspopup=\"dialog\" data-flatsome-role-button>\n\t\t\t\t\t\t<i class=\"icon-search\" aria-hidden=\"true\"><\/i>\t\t\t\t\t<\/a>\n\t\t\t\t\t\t\t<\/div>\n\t<\/div>\n\t\t<div class=\"hotspot-wrapper x25 md-x25 lg-x25 y85 md-y75 lg-y75 is-xsmall dark\">\n\t\t<div data-animate=\"bounceIn\">\n\t\t\t\t\t\t\t\t<a href=\"#quick-view\" class=\"hotspot tooltip quick-view\" data-prod=\"1703\" role=\"button\" aria-expanded=\"false\" aria-haspopup=\"dialog\" data-flatsome-role-button>\n\t\t\t\t\t\t<i class=\"icon-search\" aria-hidden=\"true\"><\/i>\t\t\t\t\t<\/a>\n\t\t\t\t\t\t\t<\/div>\n\t<\/div>\n\t\t<div class=\"hotspot-wrapper x5 md-x10 lg-x10 y75 md-y75 lg-y75 is-xsmall dark\">\n\t\t<div data-animate=\"bounceIn\">\n\t\t\t\t\t\t\t\t<a href=\"#quick-view\" class=\"hotspot tooltip quick-view\" title=\"9105-9107 Plyobox Soft Impact\" data-prod=\"1339\" role=\"button\" aria-label=\"9105-9107 Plyobox Soft Impact\" aria-expanded=\"false\" aria-haspopup=\"dialog\" data-flatsome-role-button>\n\t\t\t\t\t\t<i class=\"icon-search\" aria-hidden=\"true\"><\/i>\t\t\t\t\t<\/a>\n\t\t\t\t\t\t\t<\/div>\n\t<\/div>\n\t\t<div class=\"hotspot-wrapper x50 md-x50 lg-x50 y90 md-y90 lg-y90 is-xsmall dark\">\n\t\t<div data-animate=\"bounceIn\">\n\t\t\t\t\t\t\t\t<a href=\"#quick-view\" class=\"hotspot tooltip quick-view\" title=\"9209 Rack de cages d&#039;entra\u00eenement\" data-prod=\"1153\" role=\"button\" aria-label=\"9209 Rack de cages d&#039;entra\u00eenement\" aria-expanded=\"false\" aria-haspopup=\"dialog\" data-flatsome-role-button>\n\t\t\t\t\t\t<i class=\"icon-search\" aria-hidden=\"true\"><\/i>\t\t\t\t\t<\/a>\n\t\t\t\t\t\t\t<\/div>\n\t<\/div>\n\t\t<div class=\"hotspot-wrapper x80 md-x80 lg-x80 y95 md-y90 lg-y90 is-xsmall dark\">\n\t\t<div data-animate=\"bounceIn\">\n\t\t\t\t\t\t\t\t<a href=\"#quick-view\" class=\"hotspot tooltip quick-view\" title=\"9203 EcoGym Garden 35mm\" data-prod=\"1128\" role=\"button\" aria-label=\"9203 EcoGym Garden 35mm\" aria-expanded=\"false\" aria-haspopup=\"dialog\" data-flatsome-role-button>\n\t\t\t\t\t\t<i class=\"icon-search\" aria-hidden=\"true\"><\/i>\t\t\t\t\t<\/a>\n\t\t\t\t\t\t\t<\/div>\n\t<\/div>\n\t\n\n\n\n\n\n\n        <\/div>\n      <\/div>\n\n              <div class=\"height-fix is-invisible\"><img loading=\"lazy\" decoding=\"async\" width=\"750\" height=\"500\" src=\"https:\/\/www.sideaita.it\/wp-content\/uploads\/2019\/12\/settore-giovanile-atalanta-palestra-4.jpg\" class=\"attachment-original size-original\" alt=\"secteur jeunesse-atalanta-gym\" srcset=\"https:\/\/www.sideaita.it\/wp-content\/uploads\/2019\/12\/settore-giovanile-atalanta-palestra-4.jpg 750w, https:\/\/www.sideaita.it\/wp-content\/uploads\/2019\/12\/settore-giovanile-atalanta-palestra-4-600x400.jpg 600w, https:\/\/www.sideaita.it\/wp-content\/uploads\/2019\/12\/settore-giovanile-atalanta-palestra-4-700x467.jpg 700w\" sizes=\"auto, (max-width: 750px) 100vw, 750px\" \/><\/div>\n              <\/div>\n\n\n\t<div id=\"gap-691547409\" class=\"gap-element clearfix\" style=\"display:block; height:auto;\">\n\t\t\n<style>\n#gap-691547409 {\n  padding-top: 30px;\n}\n<\/style>\n\t<\/div>\n\t\n<div align=\"justify\">\n<p>Un projet qui s'associe \u00e0 la <strong>nouvelle organisation<\/strong> de l'\u00e9quipe technique des \u00e9quipes de jeunes de l'Atalanta : ils ont \u00e9t\u00e9 <strong>12 domaines sp\u00e9cifiques li\u00e9s \u00e0 la pr\u00e9paration technico-tactique et sportive<\/strong> La formation des jeunes Nerazzurri, mais aussi les phases de r\u00e9cup\u00e9ration et de pr\u00e9vention des blessures, chacune dirig\u00e9e par un manager qui s'en occupe de mani\u00e8re transversale, en dictant des directives sp\u00e9cifiques \u00e0 toutes les \u00e9quipes, depuis les activit\u00e9s de base jusqu'\u00e0 la Primavera.<\/p>\n<h3>Du point de vue des joueurs : l'exp\u00e9rience de Rodrigo Guth<\/h3>\n<p>C'est pr\u00e9cis\u00e9ment \u00e0 l'\u00e9quipe des moins de 19 ans de l'Atalanta qu'appartient <strong>Rodrigo Guth<\/strong>Le d\u00e9fenseur de 19 ans est l'un des plus prometteurs de l'arri\u00e8re-garde des Nerazzurri et du championnat Primavera. Arriv\u00e9 \u00e0 Bergame il y a trois ans en provenance du Br\u00e9sil, il a eu l'occasion d'appr\u00e9cier la qualit\u00e9 du secteur des jeunes de l'Atalanta : \"[...].<em>Il ne s'agit pas seulement de la <strong>la qualit\u00e9 des infrastructures<\/strong>des champs au gymnase, mais aussi et surtout l'ensemble de la population. <strong>les personnes<\/strong>. Ici, \u00e0 Zingonia, j'ai tout de suite trouv\u00e9 une vraie famille pour m'accueillir. Cela m'a beaucoup aid\u00e9 \u00e0 m'adapter au football italien, qui est compl\u00e8tement diff\u00e9rent de celui pratiqu\u00e9 en Italie. <strong>Br\u00e9sil<\/strong>. Il existe \u00e9galement une grande diff\u00e9rence en termes de pr\u00e9paration : <strong>la formation en Italie est beaucoup plus courte mais aussi beaucoup plus intense<\/strong>. Tout est plus rapide, ce n'est jamais fait. Nous allons tous les jours \u00e0 la salle de sport, pour des s\u00e9ances d'activation et de renforcement, ce qui, au cours d'une saison, nous permet d'avoir plus d'endurance et de tenir physiquement et athl\u00e9tiquement jusqu'\u00e0 la fin.<\/em>\".<\/p>\n<p>Une combinaison, celle de <a href=\"https:\/\/www.sideaita.it\/fr\/2019\/12\/09\/preparation-footballistique-fonctionnelle-pour-les-jeunes-atalanta\/\">football pour les jeunes et entra\u00eenement purement physique et athl\u00e9tique dans le gymnase<\/a>qui n'est pas toujours facile \u00e0 combiner, surtout dans les cat\u00e9gories d'\u00e2ge inf\u00e9rieures : \"<em>Quand on est enfant, on ne pense pas aux b\u00e9n\u00e9fices que certains types d'entra\u00eenement peuvent nous apporter, on veut juste jouer avec le ballon, faire des petits matchs et des choses comme \u00e7a<\/em> - continue Rodrigo -<em>. <strong>Dans le football moderne, cependant, la partie physique est de plus en plus importante<\/strong> et quand on se rend compte que c'est bon pour soi, on se rend compte qu'il faut le faire m\u00eame si cela demande un effort ou si on ne l'aime pas.<\/em>\".<\/p>\n<\/div>\n\n  \n    <div id=\"gallery-1411468431\" class=\"lightbox-multi-gallery hide-for-small slider slider-auto-height row-collapse slider-nav-circle\" data-flickity-options='{&quot;imagesLoaded&quot;: true, &quot;dragThreshold&quot; : 5, &quot;cellAlign&quot;: &quot;left&quot;,&quot;wrapAround&quot;: true,&quot;prevNextButtons&quot;: true,&quot;percentPosition&quot;: true,&quot;pageDots&quot;: true, &quot;rightToLeft&quot;: false, &quot;autoPlay&quot; : 7000}'>\n\n  <div class=\"gallery-col col\" >\n          <div class=\"col-inner\">\n                        <div class=\"box has-hover gallery-box box-none\">\n              <div class=\"box-image\" >\n                <img loading=\"lazy\" decoding=\"async\" width=\"750\" height=\"500\" src=\"https:\/\/www.sideaita.it\/wp-content\/uploads\/2019\/12\/settore-giovanile-atalanta-rodrigo-guth.jpg\" class=\"attachment-original size-original\" alt=\"secteur jeunesse-atalanta-rodrigo-guth\" ids=\"59080,59081,59082,59083,59084,59085,59086,59087,59088,59089,59090,59091,59093,59094,59095,59096,59097\" style=\"none\" lightbox=\"false\" type=\"slider-full\" slider_nav_style=\"circle\" slider_bullets=\"true\" auto_slide=\"7000\" image_size=\"original\" text_padding=\"0px 0px 0px 0px\" visibility=\"hide-for-small\" srcset=\"https:\/\/www.sideaita.it\/wp-content\/uploads\/2019\/12\/settore-giovanile-atalanta-rodrigo-guth.jpg 750w, https:\/\/www.sideaita.it\/wp-content\/uploads\/2019\/12\/settore-giovanile-atalanta-rodrigo-guth-600x400.jpg 600w, https:\/\/www.sideaita.it\/wp-content\/uploads\/2019\/12\/settore-giovanile-atalanta-rodrigo-guth-700x467.jpg 700w\" sizes=\"auto, (max-width: 750px) 100vw, 750px\" \/>                                                              <\/div>\n              <div class=\"box-text text-left\" style=\"padding:0px 0px 0px 0px;\">\n                 <p>Rodrigo Guth - Atalanta Primavera<\/p>\n              <\/div>\n            <\/div>\n                      <\/div>\n         <\/div><div class=\"gallery-col col\" >\n          <div class=\"col-inner\">\n                        <div class=\"box has-hover gallery-box box-none\">\n              <div class=\"box-image\" >\n                <img loading=\"lazy\" decoding=\"async\" width=\"750\" height=\"500\" src=\"https:\/\/www.sideaita.it\/wp-content\/uploads\/2019\/12\/settore-giovanile-atalanta-rodrigo-guth-1.jpg\" class=\"attachment-original size-original\" alt=\"Atalanta secteur jeunes rodrigo guth\" ids=\"59080,59081,59082,59083,59084,59085,59086,59087,59088,59089,59090,59091,59093,59094,59095,59096,59097\" style=\"none\" lightbox=\"false\" type=\"slider-full\" slider_nav_style=\"circle\" slider_bullets=\"true\" auto_slide=\"7000\" image_size=\"original\" text_padding=\"0px 0px 0px 0px\" visibility=\"hide-for-small\" srcset=\"https:\/\/www.sideaita.it\/wp-content\/uploads\/2019\/12\/settore-giovanile-atalanta-rodrigo-guth-1.jpg 750w, https:\/\/www.sideaita.it\/wp-content\/uploads\/2019\/12\/settore-giovanile-atalanta-rodrigo-guth-1-600x400.jpg 600w, https:\/\/www.sideaita.it\/wp-content\/uploads\/2019\/12\/settore-giovanile-atalanta-rodrigo-guth-1-700x467.jpg 700w\" sizes=\"auto, (max-width: 750px) 100vw, 750px\" \/>                                                              <\/div>\n              <div class=\"box-text text-left\" style=\"padding:0px 0px 0px 0px;\">\n                 <p><\/p>\n              <\/div>\n            <\/div>\n                      <\/div>\n         <\/div><div class=\"gallery-col col\" >\n          <div class=\"col-inner\">\n                        <div class=\"box has-hover gallery-box box-none\">\n              <div class=\"box-image\" >\n                <img loading=\"lazy\" decoding=\"async\" width=\"750\" height=\"500\" src=\"https:\/\/www.sideaita.it\/wp-content\/uploads\/2019\/12\/settore-giovanile-atalanta-rodrigo-guth-2.jpg\" class=\"attachment-original size-original\" alt=\"secteur jeunesse-atalanta-rodrigo-guth\" ids=\"59080,59081,59082,59083,59084,59085,59086,59087,59088,59089,59090,59091,59093,59094,59095,59096,59097\" style=\"none\" lightbox=\"false\" type=\"slider-full\" slider_nav_style=\"circle\" slider_bullets=\"true\" auto_slide=\"7000\" image_size=\"original\" text_padding=\"0px 0px 0px 0px\" visibility=\"hide-for-small\" srcset=\"https:\/\/www.sideaita.it\/wp-content\/uploads\/2019\/12\/settore-giovanile-atalanta-rodrigo-guth-2.jpg 750w, https:\/\/www.sideaita.it\/wp-content\/uploads\/2019\/12\/settore-giovanile-atalanta-rodrigo-guth-2-600x400.jpg 600w, https:\/\/www.sideaita.it\/wp-content\/uploads\/2019\/12\/settore-giovanile-atalanta-rodrigo-guth-2-700x467.jpg 700w\" sizes=\"auto, (max-width: 750px) 100vw, 750px\" \/>                                                              <\/div>\n              <div class=\"box-text text-left\" style=\"padding:0px 0px 0px 0px;\">\n                 <p>Rodrigo Guth - Atalanta Primavera<\/p>\n              <\/div>\n            <\/div>\n                      <\/div>\n         <\/div><div class=\"gallery-col col\" >\n          <div class=\"col-inner\">\n                        <div class=\"box has-hover gallery-box box-none\">\n              <div class=\"box-image\" >\n                <img loading=\"lazy\" decoding=\"async\" width=\"750\" height=\"500\" src=\"https:\/\/www.sideaita.it\/wp-content\/uploads\/2019\/12\/settore-giovanile-atalanta-rodrigo-guth-3.jpg\" class=\"attachment-original size-original\" alt=\"secteur jeunesse-atalanta-rodrigo-guth\" ids=\"59080,59081,59082,59083,59084,59085,59086,59087,59088,59089,59090,59091,59093,59094,59095,59096,59097\" style=\"none\" lightbox=\"false\" type=\"slider-full\" slider_nav_style=\"circle\" slider_bullets=\"true\" auto_slide=\"7000\" image_size=\"original\" text_padding=\"0px 0px 0px 0px\" visibility=\"hide-for-small\" srcset=\"https:\/\/www.sideaita.it\/wp-content\/uploads\/2019\/12\/settore-giovanile-atalanta-rodrigo-guth-3.jpg 750w, https:\/\/www.sideaita.it\/wp-content\/uploads\/2019\/12\/settore-giovanile-atalanta-rodrigo-guth-3-600x400.jpg 600w, https:\/\/www.sideaita.it\/wp-content\/uploads\/2019\/12\/settore-giovanile-atalanta-rodrigo-guth-3-700x467.jpg 700w\" sizes=\"auto, (max-width: 750px) 100vw, 750px\" \/>                                                              <\/div>\n              <div class=\"box-text text-left\" style=\"padding:0px 0px 0px 0px;\">\n                 <p>Rodrigo Guth - Atalanta Primavera<\/p>\n              <\/div>\n            <\/div>\n                      <\/div>\n         <\/div><div class=\"gallery-col col\" >\n          <div class=\"col-inner\">\n                        <div class=\"box has-hover gallery-box box-none\">\n              <div class=\"box-image\" >\n                <img loading=\"lazy\" decoding=\"async\" width=\"750\" height=\"500\" src=\"https:\/\/www.sideaita.it\/wp-content\/uploads\/2019\/12\/settore-giovanile-atalanta-rodrigo-guth-4.jpg\" class=\"attachment-original size-original\" alt=\"pr\u00e9paration-football-secteur-jeunesse-atalanta-rodrigo-guth\" ids=\"59080,59081,59082,59083,59084,59085,59086,59087,59088,59089,59090,59091,59093,59094,59095,59096,59097\" style=\"none\" lightbox=\"false\" type=\"slider-full\" slider_nav_style=\"circle\" slider_bullets=\"true\" auto_slide=\"7000\" image_size=\"original\" text_padding=\"0px 0px 0px 0px\" visibility=\"hide-for-small\" srcset=\"https:\/\/www.sideaita.it\/wp-content\/uploads\/2019\/12\/settore-giovanile-atalanta-rodrigo-guth-4.jpg 750w, https:\/\/www.sideaita.it\/wp-content\/uploads\/2019\/12\/settore-giovanile-atalanta-rodrigo-guth-4-600x400.jpg 600w, https:\/\/www.sideaita.it\/wp-content\/uploads\/2019\/12\/settore-giovanile-atalanta-rodrigo-guth-4-700x467.jpg 700w\" sizes=\"auto, (max-width: 750px) 100vw, 750px\" \/>                                                              <\/div>\n              <div class=\"box-text text-left\" style=\"padding:0px 0px 0px 0px;\">\n                 <p><\/p>\n              <\/div>\n            <\/div>\n                      <\/div>\n         <\/div><div class=\"gallery-col col\" >\n          <div class=\"col-inner\">\n                        <div class=\"box has-hover gallery-box box-none\">\n              <div class=\"box-image\" >\n                <img loading=\"lazy\" decoding=\"async\" width=\"750\" height=\"500\" src=\"https:\/\/www.sideaita.it\/wp-content\/uploads\/2019\/12\/settore-giovanile-atalanta-rodrigo-guth-5.jpg\" class=\"attachment-original size-original\" alt=\"secteur jeunesse-atalanta-rodrigo-guth\" ids=\"59080,59081,59082,59083,59084,59085,59086,59087,59088,59089,59090,59091,59093,59094,59095,59096,59097\" style=\"none\" lightbox=\"false\" type=\"slider-full\" slider_nav_style=\"circle\" slider_bullets=\"true\" auto_slide=\"7000\" image_size=\"original\" text_padding=\"0px 0px 0px 0px\" visibility=\"hide-for-small\" srcset=\"https:\/\/www.sideaita.it\/wp-content\/uploads\/2019\/12\/settore-giovanile-atalanta-rodrigo-guth-5.jpg 750w, https:\/\/www.sideaita.it\/wp-content\/uploads\/2019\/12\/settore-giovanile-atalanta-rodrigo-guth-5-600x400.jpg 600w, https:\/\/www.sideaita.it\/wp-content\/uploads\/2019\/12\/settore-giovanile-atalanta-rodrigo-guth-5-700x467.jpg 700w\" sizes=\"auto, (max-width: 750px) 100vw, 750px\" \/>                                                              <\/div>\n              <div class=\"box-text text-left\" style=\"padding:0px 0px 0px 0px;\">\n                 <p><\/p>\n              <\/div>\n            <\/div>\n                      <\/div>\n         <\/div><div class=\"gallery-col col\" >\n          <div class=\"col-inner\">\n                        <div class=\"box has-hover gallery-box box-none\">\n              <div class=\"box-image\" >\n                <img loading=\"lazy\" decoding=\"async\" width=\"750\" height=\"500\" src=\"https:\/\/www.sideaita.it\/wp-content\/uploads\/2019\/12\/settore-giovanile-atalanta-rodrigo-guth-6.jpg\" class=\"attachment-original size-original\" alt=\"secteur jeunesse-atalanta-rodrigo-guth\" ids=\"59080,59081,59082,59083,59084,59085,59086,59087,59088,59089,59090,59091,59093,59094,59095,59096,59097\" style=\"none\" lightbox=\"false\" type=\"slider-full\" slider_nav_style=\"circle\" slider_bullets=\"true\" auto_slide=\"7000\" image_size=\"original\" text_padding=\"0px 0px 0px 0px\" visibility=\"hide-for-small\" srcset=\"https:\/\/www.sideaita.it\/wp-content\/uploads\/2019\/12\/settore-giovanile-atalanta-rodrigo-guth-6.jpg 750w, https:\/\/www.sideaita.it\/wp-content\/uploads\/2019\/12\/settore-giovanile-atalanta-rodrigo-guth-6-600x400.jpg 600w, https:\/\/www.sideaita.it\/wp-content\/uploads\/2019\/12\/settore-giovanile-atalanta-rodrigo-guth-6-700x467.jpg 700w\" sizes=\"auto, (max-width: 750px) 100vw, 750px\" \/>                                                              <\/div>\n              <div class=\"box-text text-left\" style=\"padding:0px 0px 0px 0px;\">\n                 <p><\/p>\n              <\/div>\n            <\/div>\n                      <\/div>\n         <\/div><div class=\"gallery-col col\" >\n          <div class=\"col-inner\">\n                        <div class=\"box has-hover gallery-box box-none\">\n              <div class=\"box-image\" >\n                <img loading=\"lazy\" decoding=\"async\" width=\"750\" height=\"500\" src=\"https:\/\/www.sideaita.it\/wp-content\/uploads\/2019\/12\/settore-giovanile-atalanta-rodrigo-guth-7.jpg\" class=\"attachment-original size-original\" alt=\"secteur jeunesse-atalanta-rodrigo-guth\" ids=\"59080,59081,59082,59083,59084,59085,59086,59087,59088,59089,59090,59091,59093,59094,59095,59096,59097\" style=\"none\" lightbox=\"false\" type=\"slider-full\" slider_nav_style=\"circle\" slider_bullets=\"true\" auto_slide=\"7000\" image_size=\"original\" text_padding=\"0px 0px 0px 0px\" visibility=\"hide-for-small\" srcset=\"https:\/\/www.sideaita.it\/wp-content\/uploads\/2019\/12\/settore-giovanile-atalanta-rodrigo-guth-7.jpg 750w, https:\/\/www.sideaita.it\/wp-content\/uploads\/2019\/12\/settore-giovanile-atalanta-rodrigo-guth-7-600x400.jpg 600w, https:\/\/www.sideaita.it\/wp-content\/uploads\/2019\/12\/settore-giovanile-atalanta-rodrigo-guth-7-700x467.jpg 700w\" sizes=\"auto, (max-width: 750px) 100vw, 750px\" \/>                                                              <\/div>\n              <div class=\"box-text text-left\" style=\"padding:0px 0px 0px 0px;\">\n                 <p><\/p>\n              <\/div>\n            <\/div>\n                      <\/div>\n         <\/div><div class=\"gallery-col col\" >\n          <div class=\"col-inner\">\n                        <div class=\"box has-hover gallery-box box-none\">\n              <div class=\"box-image\" >\n                <img loading=\"lazy\" decoding=\"async\" width=\"750\" height=\"500\" src=\"https:\/\/www.sideaita.it\/wp-content\/uploads\/2019\/12\/settore-giovanile-atalanta-rodrigo-guth-8.jpg\" class=\"attachment-original size-original\" alt=\"secteur jeunesse-atalanta-rodrigo-guth\" ids=\"59080,59081,59082,59083,59084,59085,59086,59087,59088,59089,59090,59091,59093,59094,59095,59096,59097\" style=\"none\" lightbox=\"false\" type=\"slider-full\" slider_nav_style=\"circle\" slider_bullets=\"true\" auto_slide=\"7000\" image_size=\"original\" text_padding=\"0px 0px 0px 0px\" visibility=\"hide-for-small\" srcset=\"https:\/\/www.sideaita.it\/wp-content\/uploads\/2019\/12\/settore-giovanile-atalanta-rodrigo-guth-8.jpg 750w, https:\/\/www.sideaita.it\/wp-content\/uploads\/2019\/12\/settore-giovanile-atalanta-rodrigo-guth-8-600x400.jpg 600w, https:\/\/www.sideaita.it\/wp-content\/uploads\/2019\/12\/settore-giovanile-atalanta-rodrigo-guth-8-700x467.jpg 700w\" sizes=\"auto, (max-width: 750px) 100vw, 750px\" \/>                                                              <\/div>\n              <div class=\"box-text text-left\" style=\"padding:0px 0px 0px 0px;\">\n                 <p>Rodrigo Guth - Atalanta Primavera<\/p>\n              <\/div>\n            <\/div>\n                      <\/div>\n         <\/div><div class=\"gallery-col col\" >\n          <div class=\"col-inner\">\n                        <div class=\"box has-hover gallery-box box-none\">\n              <div class=\"box-image\" >\n                <img loading=\"lazy\" decoding=\"async\" width=\"750\" height=\"500\" src=\"https:\/\/www.sideaita.it\/wp-content\/uploads\/2019\/12\/settore-giovanile-atalanta-rodrigo-guth-9.jpg\" class=\"attachment-original size-original\" alt=\"secteur jeunesse-atalanta-rodrigo-guth\" ids=\"59080,59081,59082,59083,59084,59085,59086,59087,59088,59089,59090,59091,59093,59094,59095,59096,59097\" style=\"none\" lightbox=\"false\" type=\"slider-full\" slider_nav_style=\"circle\" slider_bullets=\"true\" auto_slide=\"7000\" image_size=\"original\" text_padding=\"0px 0px 0px 0px\" visibility=\"hide-for-small\" srcset=\"https:\/\/www.sideaita.it\/wp-content\/uploads\/2019\/12\/settore-giovanile-atalanta-rodrigo-guth-9.jpg 750w, https:\/\/www.sideaita.it\/wp-content\/uploads\/2019\/12\/settore-giovanile-atalanta-rodrigo-guth-9-600x400.jpg 600w, https:\/\/www.sideaita.it\/wp-content\/uploads\/2019\/12\/settore-giovanile-atalanta-rodrigo-guth-9-700x467.jpg 700w\" sizes=\"auto, (max-width: 750px) 100vw, 750px\" \/>                                                              <\/div>\n              <div class=\"box-text text-left\" style=\"padding:0px 0px 0px 0px;\">\n                 <p><\/p>\n              <\/div>\n            <\/div>\n                      <\/div>\n         <\/div><div class=\"gallery-col col\" >\n          <div class=\"col-inner\">\n                        <div class=\"box has-hover gallery-box box-none\">\n              <div class=\"box-image\" >\n                <img loading=\"lazy\" decoding=\"async\" width=\"750\" height=\"500\" src=\"https:\/\/www.sideaita.it\/wp-content\/uploads\/2019\/12\/settore-giovanile-atalanta-rodrigo-guth-10.jpg\" class=\"attachment-original size-original\" alt=\"secteur jeunesse-atalanta-rodrigo-guth\" ids=\"59080,59081,59082,59083,59084,59085,59086,59087,59088,59089,59090,59091,59093,59094,59095,59096,59097\" style=\"none\" lightbox=\"false\" type=\"slider-full\" slider_nav_style=\"circle\" slider_bullets=\"true\" auto_slide=\"7000\" image_size=\"original\" text_padding=\"0px 0px 0px 0px\" visibility=\"hide-for-small\" srcset=\"https:\/\/www.sideaita.it\/wp-content\/uploads\/2019\/12\/settore-giovanile-atalanta-rodrigo-guth-10.jpg 750w, https:\/\/www.sideaita.it\/wp-content\/uploads\/2019\/12\/settore-giovanile-atalanta-rodrigo-guth-10-600x400.jpg 600w, https:\/\/www.sideaita.it\/wp-content\/uploads\/2019\/12\/settore-giovanile-atalanta-rodrigo-guth-10-700x467.jpg 700w\" sizes=\"auto, (max-width: 750px) 100vw, 750px\" \/>                                                              <\/div>\n              <div class=\"box-text text-left\" style=\"padding:0px 0px 0px 0px;\">\n                 <p><\/p>\n              <\/div>\n            <\/div>\n                      <\/div>\n         <\/div><div class=\"gallery-col col\" >\n          <div class=\"col-inner\">\n                        <div class=\"box has-hover gallery-box box-none\">\n              <div class=\"box-image\" >\n                <img loading=\"lazy\" decoding=\"async\" width=\"750\" height=\"500\" src=\"https:\/\/www.sideaita.it\/wp-content\/uploads\/2019\/12\/settore-giovanile-atalanta-rodrigo-guth-11.jpg\" class=\"attachment-original size-original\" alt=\"secteur jeunesse-atalanta-rodrigo-guth\" ids=\"59080,59081,59082,59083,59084,59085,59086,59087,59088,59089,59090,59091,59093,59094,59095,59096,59097\" style=\"none\" lightbox=\"false\" type=\"slider-full\" slider_nav_style=\"circle\" slider_bullets=\"true\" auto_slide=\"7000\" image_size=\"original\" text_padding=\"0px 0px 0px 0px\" visibility=\"hide-for-small\" srcset=\"https:\/\/www.sideaita.it\/wp-content\/uploads\/2019\/12\/settore-giovanile-atalanta-rodrigo-guth-11.jpg 750w, https:\/\/www.sideaita.it\/wp-content\/uploads\/2019\/12\/settore-giovanile-atalanta-rodrigo-guth-11-600x400.jpg 600w, https:\/\/www.sideaita.it\/wp-content\/uploads\/2019\/12\/settore-giovanile-atalanta-rodrigo-guth-11-700x467.jpg 700w\" sizes=\"auto, (max-width: 750px) 100vw, 750px\" \/>                                                              <\/div>\n              <div class=\"box-text text-left\" style=\"padding:0px 0px 0px 0px;\">\n                 <p><\/p>\n              <\/div>\n            <\/div>\n                      <\/div>\n         <\/div><div class=\"gallery-col col\" >\n          <div class=\"col-inner\">\n                        <div class=\"box has-hover gallery-box box-none\">\n              <div class=\"box-image\" >\n                <img loading=\"lazy\" decoding=\"async\" width=\"750\" height=\"500\" src=\"https:\/\/www.sideaita.it\/wp-content\/uploads\/2019\/12\/settore-giovanile-atalanta-rodrigo-guth-13.jpg\" class=\"attachment-original size-original\" alt=\"secteur jeunesse-atalanta-rodrigo-guth\" ids=\"59080,59081,59082,59083,59084,59085,59086,59087,59088,59089,59090,59091,59093,59094,59095,59096,59097\" style=\"none\" lightbox=\"false\" type=\"slider-full\" slider_nav_style=\"circle\" slider_bullets=\"true\" auto_slide=\"7000\" image_size=\"original\" text_padding=\"0px 0px 0px 0px\" visibility=\"hide-for-small\" srcset=\"https:\/\/www.sideaita.it\/wp-content\/uploads\/2019\/12\/settore-giovanile-atalanta-rodrigo-guth-13.jpg 750w, https:\/\/www.sideaita.it\/wp-content\/uploads\/2019\/12\/settore-giovanile-atalanta-rodrigo-guth-13-600x400.jpg 600w, https:\/\/www.sideaita.it\/wp-content\/uploads\/2019\/12\/settore-giovanile-atalanta-rodrigo-guth-13-700x467.jpg 700w\" sizes=\"auto, (max-width: 750px) 100vw, 750px\" \/>                                                              <\/div>\n              <div class=\"box-text text-left\" style=\"padding:0px 0px 0px 0px;\">\n                 <p>Rodrigo Guth - Atalanta Primavera<\/p>\n              <\/div>\n            <\/div>\n                      <\/div>\n         <\/div><div class=\"gallery-col col\" >\n          <div class=\"col-inner\">\n                        <div class=\"box has-hover gallery-box box-none\">\n              <div class=\"box-image\" >\n                <img loading=\"lazy\" decoding=\"async\" width=\"750\" height=\"500\" src=\"https:\/\/www.sideaita.it\/wp-content\/uploads\/2019\/12\/settore-giovanile-atalanta-rodrigo-guth-14.jpg\" class=\"attachment-original size-original\" alt=\"secteur jeunesse-atalanta-rodrigo-guth\" ids=\"59080,59081,59082,59083,59084,59085,59086,59087,59088,59089,59090,59091,59093,59094,59095,59096,59097\" style=\"none\" lightbox=\"false\" type=\"slider-full\" slider_nav_style=\"circle\" slider_bullets=\"true\" auto_slide=\"7000\" image_size=\"original\" text_padding=\"0px 0px 0px 0px\" visibility=\"hide-for-small\" srcset=\"https:\/\/www.sideaita.it\/wp-content\/uploads\/2019\/12\/settore-giovanile-atalanta-rodrigo-guth-14.jpg 750w, https:\/\/www.sideaita.it\/wp-content\/uploads\/2019\/12\/settore-giovanile-atalanta-rodrigo-guth-14-600x400.jpg 600w, https:\/\/www.sideaita.it\/wp-content\/uploads\/2019\/12\/settore-giovanile-atalanta-rodrigo-guth-14-700x467.jpg 700w\" sizes=\"auto, (max-width: 750px) 100vw, 750px\" \/>                                                              <\/div>\n              <div class=\"box-text text-left\" style=\"padding:0px 0px 0px 0px;\">\n                 <p><\/p>\n              <\/div>\n            <\/div>\n                      <\/div>\n         <\/div><div class=\"gallery-col col\" >\n          <div class=\"col-inner\">\n                        <div class=\"box has-hover gallery-box box-none\">\n              <div class=\"box-image\" >\n                <img loading=\"lazy\" decoding=\"async\" width=\"750\" height=\"500\" src=\"https:\/\/www.sideaita.it\/wp-content\/uploads\/2019\/12\/settore-giovanile-atalanta-rodrigo-guth-15.jpg\" class=\"attachment-original size-original\" alt=\"secteur jeunesse-atalanta-rodrigo-guth\" ids=\"59080,59081,59082,59083,59084,59085,59086,59087,59088,59089,59090,59091,59093,59094,59095,59096,59097\" style=\"none\" lightbox=\"false\" type=\"slider-full\" slider_nav_style=\"circle\" slider_bullets=\"true\" auto_slide=\"7000\" image_size=\"original\" text_padding=\"0px 0px 0px 0px\" visibility=\"hide-for-small\" srcset=\"https:\/\/www.sideaita.it\/wp-content\/uploads\/2019\/12\/settore-giovanile-atalanta-rodrigo-guth-15.jpg 750w, https:\/\/www.sideaita.it\/wp-content\/uploads\/2019\/12\/settore-giovanile-atalanta-rodrigo-guth-15-600x400.jpg 600w, https:\/\/www.sideaita.it\/wp-content\/uploads\/2019\/12\/settore-giovanile-atalanta-rodrigo-guth-15-700x467.jpg 700w\" sizes=\"auto, (max-width: 750px) 100vw, 750px\" \/>                                                              <\/div>\n              <div class=\"box-text text-left\" style=\"padding:0px 0px 0px 0px;\">\n                 <p><\/p>\n              <\/div>\n            <\/div>\n                      <\/div>\n         <\/div><div class=\"gallery-col col\" >\n          <div class=\"col-inner\">\n                        <div class=\"box has-hover gallery-box box-none\">\n              <div class=\"box-image\" >\n                <img loading=\"lazy\" decoding=\"async\" width=\"750\" height=\"500\" src=\"https:\/\/www.sideaita.it\/wp-content\/uploads\/2019\/12\/settore-giovanile-atalanta-rodrigo-guth-16.jpg\" class=\"attachment-original size-original\" alt=\"Atalanta secteur jeunes rodrigo guth\" ids=\"59080,59081,59082,59083,59084,59085,59086,59087,59088,59089,59090,59091,59093,59094,59095,59096,59097\" style=\"none\" lightbox=\"false\" type=\"slider-full\" slider_nav_style=\"circle\" slider_bullets=\"true\" auto_slide=\"7000\" image_size=\"original\" text_padding=\"0px 0px 0px 0px\" visibility=\"hide-for-small\" srcset=\"https:\/\/www.sideaita.it\/wp-content\/uploads\/2019\/12\/settore-giovanile-atalanta-rodrigo-guth-16.jpg 750w, https:\/\/www.sideaita.it\/wp-content\/uploads\/2019\/12\/settore-giovanile-atalanta-rodrigo-guth-16-600x400.jpg 600w, https:\/\/www.sideaita.it\/wp-content\/uploads\/2019\/12\/settore-giovanile-atalanta-rodrigo-guth-16-700x467.jpg 700w\" sizes=\"auto, (max-width: 750px) 100vw, 750px\" \/>                                                              <\/div>\n              <div class=\"box-text text-left\" style=\"padding:0px 0px 0px 0px;\">\n                 <p><\/p>\n              <\/div>\n            <\/div>\n                      <\/div>\n         <\/div><div class=\"gallery-col col\" >\n          <div class=\"col-inner\">\n                        <div class=\"box has-hover gallery-box box-none\">\n              <div class=\"box-image\" >\n                <img loading=\"lazy\" decoding=\"async\" width=\"750\" height=\"500\" src=\"https:\/\/www.sideaita.it\/wp-content\/uploads\/2019\/12\/settore-giovanile-atalanta-rodrigo-guth-17.jpg\" class=\"attachment-original size-original\" alt=\"secteur jeunesse-atalanta-rodrigo-guth\" ids=\"59080,59081,59082,59083,59084,59085,59086,59087,59088,59089,59090,59091,59093,59094,59095,59096,59097\" style=\"none\" lightbox=\"false\" type=\"slider-full\" slider_nav_style=\"circle\" slider_bullets=\"true\" auto_slide=\"7000\" image_size=\"original\" text_padding=\"0px 0px 0px 0px\" visibility=\"hide-for-small\" srcset=\"https:\/\/www.sideaita.it\/wp-content\/uploads\/2019\/12\/settore-giovanile-atalanta-rodrigo-guth-17.jpg 750w, https:\/\/www.sideaita.it\/wp-content\/uploads\/2019\/12\/settore-giovanile-atalanta-rodrigo-guth-17-600x400.jpg 600w, https:\/\/www.sideaita.it\/wp-content\/uploads\/2019\/12\/settore-giovanile-atalanta-rodrigo-guth-17-700x467.jpg 700w\" sizes=\"auto, (max-width: 750px) 100vw, 750px\" \/>                                                              <\/div>\n              <div class=\"box-text text-left\" style=\"padding:0px 0px 0px 0px;\">\n                 <p><\/p>\n              <\/div>\n            <\/div>\n                      <\/div>\n         <\/div><\/div>\n\n  \n    <div id=\"gallery-1121658378\" class=\"lightbox-multi-gallery show-for-small slider slider-auto-height row-collapse slider-nav-circle\" data-flickity-options='{&quot;imagesLoaded&quot;: true, &quot;dragThreshold&quot; : 5, &quot;cellAlign&quot;: &quot;left&quot;,&quot;wrapAround&quot;: true,&quot;prevNextButtons&quot;: true,&quot;percentPosition&quot;: true,&quot;pageDots&quot;: false, &quot;rightToLeft&quot;: false, &quot;autoPlay&quot; : 7000}'>\n\n  <div class=\"gallery-col col\" >\n          <div class=\"col-inner\">\n            <a class=\"\" href=\"https:\/\/www.sideaita.it\/wp-content\/uploads\/2019\/12\/settore-giovanile-atalanta-rodrigo-guth.jpg\" title=\"Rodrigo Guth - Atalanta Primavera\">            <div class=\"box has-hover gallery-box box-none\">\n              <div class=\"box-image\" >\n                <img loading=\"lazy\" decoding=\"async\" width=\"750\" height=\"500\" src=\"https:\/\/www.sideaita.it\/wp-content\/uploads\/2019\/12\/settore-giovanile-atalanta-rodrigo-guth.jpg\" class=\"attachment-original size-original\" alt=\"secteur jeunesse-atalanta-rodrigo-guth\" ids=\"59080,59081,59082,59083,59084,59085,59086,59087,59088,59089,59090,59091,59093,59094,59095,59096,59097\" style=\"none\" lightbox_image_size=\"original\" type=\"slider-full\" slider_nav_style=\"circle\" auto_slide=\"7000\" image_size=\"original\" text_padding=\"0px 0px 0px 0px\" visibility=\"show-for-small\" srcset=\"https:\/\/www.sideaita.it\/wp-content\/uploads\/2019\/12\/settore-giovanile-atalanta-rodrigo-guth.jpg 750w, https:\/\/www.sideaita.it\/wp-content\/uploads\/2019\/12\/settore-giovanile-atalanta-rodrigo-guth-600x400.jpg 600w, https:\/\/www.sideaita.it\/wp-content\/uploads\/2019\/12\/settore-giovanile-atalanta-rodrigo-guth-700x467.jpg 700w\" sizes=\"auto, (max-width: 750px) 100vw, 750px\" \/>                                                              <\/div>\n              <div class=\"box-text text-left\" style=\"padding:0px 0px 0px 0px;\">\n                 <p>Rodrigo Guth - Atalanta Primavera<\/p>\n              <\/div>\n            <\/div>\n            <\/a>          <\/div>\n         <\/div><div class=\"gallery-col col\" >\n          <div class=\"col-inner\">\n            <a class=\"\" href=\"https:\/\/www.sideaita.it\/wp-content\/uploads\/2019\/12\/settore-giovanile-atalanta-rodrigo-guth-1.jpg\" title=\"\">            <div class=\"box has-hover gallery-box box-none\">\n              <div class=\"box-image\" >\n                <img loading=\"lazy\" decoding=\"async\" width=\"750\" height=\"500\" src=\"https:\/\/www.sideaita.it\/wp-content\/uploads\/2019\/12\/settore-giovanile-atalanta-rodrigo-guth-1.jpg\" class=\"attachment-original size-original\" alt=\"Atalanta secteur jeunes rodrigo guth\" ids=\"59080,59081,59082,59083,59084,59085,59086,59087,59088,59089,59090,59091,59093,59094,59095,59096,59097\" style=\"none\" lightbox_image_size=\"original\" type=\"slider-full\" slider_nav_style=\"circle\" auto_slide=\"7000\" image_size=\"original\" text_padding=\"0px 0px 0px 0px\" visibility=\"show-for-small\" srcset=\"https:\/\/www.sideaita.it\/wp-content\/uploads\/2019\/12\/settore-giovanile-atalanta-rodrigo-guth-1.jpg 750w, https:\/\/www.sideaita.it\/wp-content\/uploads\/2019\/12\/settore-giovanile-atalanta-rodrigo-guth-1-600x400.jpg 600w, https:\/\/www.sideaita.it\/wp-content\/uploads\/2019\/12\/settore-giovanile-atalanta-rodrigo-guth-1-700x467.jpg 700w\" sizes=\"auto, (max-width: 750px) 100vw, 750px\" \/>                                                              <\/div>\n              <div class=\"box-text text-left\" style=\"padding:0px 0px 0px 0px;\">\n                 <p><\/p>\n              <\/div>\n            <\/div>\n            <\/a>          <\/div>\n         <\/div><div class=\"gallery-col col\" >\n          <div class=\"col-inner\">\n            <a class=\"\" href=\"https:\/\/www.sideaita.it\/wp-content\/uploads\/2019\/12\/settore-giovanile-atalanta-rodrigo-guth-2.jpg\" title=\"Rodrigo Guth - Atalanta Primavera\">            <div class=\"box has-hover gallery-box box-none\">\n              <div class=\"box-image\" >\n                <img loading=\"lazy\" decoding=\"async\" width=\"750\" height=\"500\" src=\"https:\/\/www.sideaita.it\/wp-content\/uploads\/2019\/12\/settore-giovanile-atalanta-rodrigo-guth-2.jpg\" class=\"attachment-original size-original\" alt=\"secteur jeunesse-atalanta-rodrigo-guth\" ids=\"59080,59081,59082,59083,59084,59085,59086,59087,59088,59089,59090,59091,59093,59094,59095,59096,59097\" style=\"none\" lightbox_image_size=\"original\" type=\"slider-full\" slider_nav_style=\"circle\" auto_slide=\"7000\" image_size=\"original\" text_padding=\"0px 0px 0px 0px\" visibility=\"show-for-small\" srcset=\"https:\/\/www.sideaita.it\/wp-content\/uploads\/2019\/12\/settore-giovanile-atalanta-rodrigo-guth-2.jpg 750w, https:\/\/www.sideaita.it\/wp-content\/uploads\/2019\/12\/settore-giovanile-atalanta-rodrigo-guth-2-600x400.jpg 600w, https:\/\/www.sideaita.it\/wp-content\/uploads\/2019\/12\/settore-giovanile-atalanta-rodrigo-guth-2-700x467.jpg 700w\" sizes=\"auto, (max-width: 750px) 100vw, 750px\" \/>                                                              <\/div>\n              <div class=\"box-text text-left\" style=\"padding:0px 0px 0px 0px;\">\n                 <p>Rodrigo Guth - Atalanta Primavera<\/p>\n              <\/div>\n            <\/div>\n            <\/a>          <\/div>\n         <\/div><div class=\"gallery-col col\" >\n          <div class=\"col-inner\">\n            <a class=\"\" href=\"https:\/\/www.sideaita.it\/wp-content\/uploads\/2019\/12\/settore-giovanile-atalanta-rodrigo-guth-3.jpg\" title=\"Rodrigo Guth - Atalanta Primavera\">            <div class=\"box has-hover gallery-box box-none\">\n              <div class=\"box-image\" >\n                <img loading=\"lazy\" decoding=\"async\" width=\"750\" height=\"500\" src=\"https:\/\/www.sideaita.it\/wp-content\/uploads\/2019\/12\/settore-giovanile-atalanta-rodrigo-guth-3.jpg\" class=\"attachment-original size-original\" alt=\"secteur jeunesse-atalanta-rodrigo-guth\" ids=\"59080,59081,59082,59083,59084,59085,59086,59087,59088,59089,59090,59091,59093,59094,59095,59096,59097\" style=\"none\" lightbox_image_size=\"original\" type=\"slider-full\" slider_nav_style=\"circle\" auto_slide=\"7000\" image_size=\"original\" text_padding=\"0px 0px 0px 0px\" visibility=\"show-for-small\" srcset=\"https:\/\/www.sideaita.it\/wp-content\/uploads\/2019\/12\/settore-giovanile-atalanta-rodrigo-guth-3.jpg 750w, https:\/\/www.sideaita.it\/wp-content\/uploads\/2019\/12\/settore-giovanile-atalanta-rodrigo-guth-3-600x400.jpg 600w, https:\/\/www.sideaita.it\/wp-content\/uploads\/2019\/12\/settore-giovanile-atalanta-rodrigo-guth-3-700x467.jpg 700w\" sizes=\"auto, (max-width: 750px) 100vw, 750px\" \/>                                                              <\/div>\n              <div class=\"box-text text-left\" style=\"padding:0px 0px 0px 0px;\">\n                 <p>Rodrigo Guth - Atalanta Primavera<\/p>\n              <\/div>\n            <\/div>\n            <\/a>          <\/div>\n         <\/div><div class=\"gallery-col col\" >\n          <div class=\"col-inner\">\n            <a class=\"\" href=\"https:\/\/www.sideaita.it\/wp-content\/uploads\/2019\/12\/settore-giovanile-atalanta-rodrigo-guth-4.jpg\" title=\"\">            <div class=\"box has-hover gallery-box box-none\">\n              <div class=\"box-image\" >\n                <img loading=\"lazy\" decoding=\"async\" width=\"750\" height=\"500\" src=\"https:\/\/www.sideaita.it\/wp-content\/uploads\/2019\/12\/settore-giovanile-atalanta-rodrigo-guth-4.jpg\" class=\"attachment-original size-original\" alt=\"pr\u00e9paration-football-secteur-jeunesse-atalanta-rodrigo-guth\" ids=\"59080,59081,59082,59083,59084,59085,59086,59087,59088,59089,59090,59091,59093,59094,59095,59096,59097\" style=\"none\" lightbox_image_size=\"original\" type=\"slider-full\" slider_nav_style=\"circle\" auto_slide=\"7000\" image_size=\"original\" text_padding=\"0px 0px 0px 0px\" visibility=\"show-for-small\" srcset=\"https:\/\/www.sideaita.it\/wp-content\/uploads\/2019\/12\/settore-giovanile-atalanta-rodrigo-guth-4.jpg 750w, https:\/\/www.sideaita.it\/wp-content\/uploads\/2019\/12\/settore-giovanile-atalanta-rodrigo-guth-4-600x400.jpg 600w, https:\/\/www.sideaita.it\/wp-content\/uploads\/2019\/12\/settore-giovanile-atalanta-rodrigo-guth-4-700x467.jpg 700w\" sizes=\"auto, (max-width: 750px) 100vw, 750px\" \/>                                                              <\/div>\n              <div class=\"box-text text-left\" style=\"padding:0px 0px 0px 0px;\">\n                 <p><\/p>\n              <\/div>\n            <\/div>\n            <\/a>          <\/div>\n         <\/div><div class=\"gallery-col col\" >\n          <div class=\"col-inner\">\n            <a class=\"\" href=\"https:\/\/www.sideaita.it\/wp-content\/uploads\/2019\/12\/settore-giovanile-atalanta-rodrigo-guth-5.jpg\" title=\"\">            <div class=\"box has-hover gallery-box box-none\">\n              <div class=\"box-image\" >\n                <img loading=\"lazy\" decoding=\"async\" width=\"750\" height=\"500\" src=\"https:\/\/www.sideaita.it\/wp-content\/uploads\/2019\/12\/settore-giovanile-atalanta-rodrigo-guth-5.jpg\" class=\"attachment-original size-original\" alt=\"secteur jeunesse-atalanta-rodrigo-guth\" ids=\"59080,59081,59082,59083,59084,59085,59086,59087,59088,59089,59090,59091,59093,59094,59095,59096,59097\" style=\"none\" lightbox_image_size=\"original\" type=\"slider-full\" slider_nav_style=\"circle\" auto_slide=\"7000\" image_size=\"original\" text_padding=\"0px 0px 0px 0px\" visibility=\"show-for-small\" srcset=\"https:\/\/www.sideaita.it\/wp-content\/uploads\/2019\/12\/settore-giovanile-atalanta-rodrigo-guth-5.jpg 750w, https:\/\/www.sideaita.it\/wp-content\/uploads\/2019\/12\/settore-giovanile-atalanta-rodrigo-guth-5-600x400.jpg 600w, https:\/\/www.sideaita.it\/wp-content\/uploads\/2019\/12\/settore-giovanile-atalanta-rodrigo-guth-5-700x467.jpg 700w\" sizes=\"auto, (max-width: 750px) 100vw, 750px\" \/>                                                              <\/div>\n              <div class=\"box-text text-left\" style=\"padding:0px 0px 0px 0px;\">\n                 <p><\/p>\n              <\/div>\n            <\/div>\n            <\/a>          <\/div>\n         <\/div><div class=\"gallery-col col\" >\n          <div class=\"col-inner\">\n            <a class=\"\" href=\"https:\/\/www.sideaita.it\/wp-content\/uploads\/2019\/12\/settore-giovanile-atalanta-rodrigo-guth-6.jpg\" title=\"\">            <div class=\"box has-hover gallery-box box-none\">\n              <div class=\"box-image\" >\n                <img loading=\"lazy\" decoding=\"async\" width=\"750\" height=\"500\" src=\"https:\/\/www.sideaita.it\/wp-content\/uploads\/2019\/12\/settore-giovanile-atalanta-rodrigo-guth-6.jpg\" class=\"attachment-original size-original\" alt=\"secteur jeunesse-atalanta-rodrigo-guth\" ids=\"59080,59081,59082,59083,59084,59085,59086,59087,59088,59089,59090,59091,59093,59094,59095,59096,59097\" style=\"none\" lightbox_image_size=\"original\" type=\"slider-full\" slider_nav_style=\"circle\" auto_slide=\"7000\" image_size=\"original\" text_padding=\"0px 0px 0px 0px\" visibility=\"show-for-small\" srcset=\"https:\/\/www.sideaita.it\/wp-content\/uploads\/2019\/12\/settore-giovanile-atalanta-rodrigo-guth-6.jpg 750w, https:\/\/www.sideaita.it\/wp-content\/uploads\/2019\/12\/settore-giovanile-atalanta-rodrigo-guth-6-600x400.jpg 600w, https:\/\/www.sideaita.it\/wp-content\/uploads\/2019\/12\/settore-giovanile-atalanta-rodrigo-guth-6-700x467.jpg 700w\" sizes=\"auto, (max-width: 750px) 100vw, 750px\" \/>                                                              <\/div>\n              <div class=\"box-text text-left\" style=\"padding:0px 0px 0px 0px;\">\n                 <p><\/p>\n              <\/div>\n            <\/div>\n            <\/a>          <\/div>\n         <\/div><div class=\"gallery-col col\" >\n          <div class=\"col-inner\">\n            <a class=\"\" href=\"https:\/\/www.sideaita.it\/wp-content\/uploads\/2019\/12\/settore-giovanile-atalanta-rodrigo-guth-7.jpg\" title=\"\">            <div class=\"box has-hover gallery-box box-none\">\n              <div class=\"box-image\" >\n                <img loading=\"lazy\" decoding=\"async\" width=\"750\" height=\"500\" src=\"https:\/\/www.sideaita.it\/wp-content\/uploads\/2019\/12\/settore-giovanile-atalanta-rodrigo-guth-7.jpg\" class=\"attachment-original size-original\" alt=\"secteur jeunesse-atalanta-rodrigo-guth\" ids=\"59080,59081,59082,59083,59084,59085,59086,59087,59088,59089,59090,59091,59093,59094,59095,59096,59097\" style=\"none\" lightbox_image_size=\"original\" type=\"slider-full\" slider_nav_style=\"circle\" auto_slide=\"7000\" image_size=\"original\" text_padding=\"0px 0px 0px 0px\" visibility=\"show-for-small\" srcset=\"https:\/\/www.sideaita.it\/wp-content\/uploads\/2019\/12\/settore-giovanile-atalanta-rodrigo-guth-7.jpg 750w, https:\/\/www.sideaita.it\/wp-content\/uploads\/2019\/12\/settore-giovanile-atalanta-rodrigo-guth-7-600x400.jpg 600w, https:\/\/www.sideaita.it\/wp-content\/uploads\/2019\/12\/settore-giovanile-atalanta-rodrigo-guth-7-700x467.jpg 700w\" sizes=\"auto, (max-width: 750px) 100vw, 750px\" \/>                                                              <\/div>\n              <div class=\"box-text text-left\" style=\"padding:0px 0px 0px 0px;\">\n                 <p><\/p>\n              <\/div>\n            <\/div>\n            <\/a>          <\/div>\n         <\/div><div class=\"gallery-col col\" >\n          <div class=\"col-inner\">\n            <a class=\"\" href=\"https:\/\/www.sideaita.it\/wp-content\/uploads\/2019\/12\/settore-giovanile-atalanta-rodrigo-guth-8.jpg\" title=\"Rodrigo Guth - Atalanta Primavera\">            <div class=\"box has-hover gallery-box box-none\">\n              <div class=\"box-image\" >\n                <img loading=\"lazy\" decoding=\"async\" width=\"750\" height=\"500\" src=\"https:\/\/www.sideaita.it\/wp-content\/uploads\/2019\/12\/settore-giovanile-atalanta-rodrigo-guth-8.jpg\" class=\"attachment-original size-original\" alt=\"secteur jeunesse-atalanta-rodrigo-guth\" ids=\"59080,59081,59082,59083,59084,59085,59086,59087,59088,59089,59090,59091,59093,59094,59095,59096,59097\" style=\"none\" lightbox_image_size=\"original\" type=\"slider-full\" slider_nav_style=\"circle\" auto_slide=\"7000\" image_size=\"original\" text_padding=\"0px 0px 0px 0px\" visibility=\"show-for-small\" srcset=\"https:\/\/www.sideaita.it\/wp-content\/uploads\/2019\/12\/settore-giovanile-atalanta-rodrigo-guth-8.jpg 750w, https:\/\/www.sideaita.it\/wp-content\/uploads\/2019\/12\/settore-giovanile-atalanta-rodrigo-guth-8-600x400.jpg 600w, https:\/\/www.sideaita.it\/wp-content\/uploads\/2019\/12\/settore-giovanile-atalanta-rodrigo-guth-8-700x467.jpg 700w\" sizes=\"auto, (max-width: 750px) 100vw, 750px\" \/>                                                              <\/div>\n              <div class=\"box-text text-left\" style=\"padding:0px 0px 0px 0px;\">\n                 <p>Rodrigo Guth - Atalanta Primavera<\/p>\n              <\/div>\n            <\/div>\n            <\/a>          <\/div>\n         <\/div><div class=\"gallery-col col\" >\n          <div class=\"col-inner\">\n            <a class=\"\" href=\"https:\/\/www.sideaita.it\/wp-content\/uploads\/2019\/12\/settore-giovanile-atalanta-rodrigo-guth-9.jpg\" title=\"\">            <div class=\"box has-hover gallery-box box-none\">\n              <div class=\"box-image\" >\n                <img loading=\"lazy\" decoding=\"async\" width=\"750\" height=\"500\" src=\"https:\/\/www.sideaita.it\/wp-content\/uploads\/2019\/12\/settore-giovanile-atalanta-rodrigo-guth-9.jpg\" class=\"attachment-original size-original\" alt=\"secteur jeunesse-atalanta-rodrigo-guth\" ids=\"59080,59081,59082,59083,59084,59085,59086,59087,59088,59089,59090,59091,59093,59094,59095,59096,59097\" style=\"none\" lightbox_image_size=\"original\" type=\"slider-full\" slider_nav_style=\"circle\" auto_slide=\"7000\" image_size=\"original\" text_padding=\"0px 0px 0px 0px\" visibility=\"show-for-small\" srcset=\"https:\/\/www.sideaita.it\/wp-content\/uploads\/2019\/12\/settore-giovanile-atalanta-rodrigo-guth-9.jpg 750w, https:\/\/www.sideaita.it\/wp-content\/uploads\/2019\/12\/settore-giovanile-atalanta-rodrigo-guth-9-600x400.jpg 600w, https:\/\/www.sideaita.it\/wp-content\/uploads\/2019\/12\/settore-giovanile-atalanta-rodrigo-guth-9-700x467.jpg 700w\" sizes=\"auto, (max-width: 750px) 100vw, 750px\" \/>                                                              <\/div>\n              <div class=\"box-text text-left\" style=\"padding:0px 0px 0px 0px;\">\n                 <p><\/p>\n              <\/div>\n            <\/div>\n            <\/a>          <\/div>\n         <\/div><div class=\"gallery-col col\" >\n          <div class=\"col-inner\">\n            <a class=\"\" href=\"https:\/\/www.sideaita.it\/wp-content\/uploads\/2019\/12\/settore-giovanile-atalanta-rodrigo-guth-10.jpg\" title=\"\">            <div class=\"box has-hover gallery-box box-none\">\n              <div class=\"box-image\" >\n                <img loading=\"lazy\" decoding=\"async\" width=\"750\" height=\"500\" src=\"https:\/\/www.sideaita.it\/wp-content\/uploads\/2019\/12\/settore-giovanile-atalanta-rodrigo-guth-10.jpg\" class=\"attachment-original size-original\" alt=\"secteur jeunesse-atalanta-rodrigo-guth\" ids=\"59080,59081,59082,59083,59084,59085,59086,59087,59088,59089,59090,59091,59093,59094,59095,59096,59097\" style=\"none\" lightbox_image_size=\"original\" type=\"slider-full\" slider_nav_style=\"circle\" auto_slide=\"7000\" image_size=\"original\" text_padding=\"0px 0px 0px 0px\" visibility=\"show-for-small\" srcset=\"https:\/\/www.sideaita.it\/wp-content\/uploads\/2019\/12\/settore-giovanile-atalanta-rodrigo-guth-10.jpg 750w, https:\/\/www.sideaita.it\/wp-content\/uploads\/2019\/12\/settore-giovanile-atalanta-rodrigo-guth-10-600x400.jpg 600w, https:\/\/www.sideaita.it\/wp-content\/uploads\/2019\/12\/settore-giovanile-atalanta-rodrigo-guth-10-700x467.jpg 700w\" sizes=\"auto, (max-width: 750px) 100vw, 750px\" \/>                                                              <\/div>\n              <div class=\"box-text text-left\" style=\"padding:0px 0px 0px 0px;\">\n                 <p><\/p>\n              <\/div>\n            <\/div>\n            <\/a>          <\/div>\n         <\/div><div class=\"gallery-col col\" >\n          <div class=\"col-inner\">\n            <a class=\"\" href=\"https:\/\/www.sideaita.it\/wp-content\/uploads\/2019\/12\/settore-giovanile-atalanta-rodrigo-guth-11.jpg\" title=\"\">            <div class=\"box has-hover gallery-box box-none\">\n              <div class=\"box-image\" >\n                <img loading=\"lazy\" decoding=\"async\" width=\"750\" height=\"500\" src=\"https:\/\/www.sideaita.it\/wp-content\/uploads\/2019\/12\/settore-giovanile-atalanta-rodrigo-guth-11.jpg\" class=\"attachment-original size-original\" alt=\"secteur jeunesse-atalanta-rodrigo-guth\" ids=\"59080,59081,59082,59083,59084,59085,59086,59087,59088,59089,59090,59091,59093,59094,59095,59096,59097\" style=\"none\" lightbox_image_size=\"original\" type=\"slider-full\" slider_nav_style=\"circle\" auto_slide=\"7000\" image_size=\"original\" text_padding=\"0px 0px 0px 0px\" visibility=\"show-for-small\" srcset=\"https:\/\/www.sideaita.it\/wp-content\/uploads\/2019\/12\/settore-giovanile-atalanta-rodrigo-guth-11.jpg 750w, https:\/\/www.sideaita.it\/wp-content\/uploads\/2019\/12\/settore-giovanile-atalanta-rodrigo-guth-11-600x400.jpg 600w, https:\/\/www.sideaita.it\/wp-content\/uploads\/2019\/12\/settore-giovanile-atalanta-rodrigo-guth-11-700x467.jpg 700w\" sizes=\"auto, (max-width: 750px) 100vw, 750px\" \/>                                                              <\/div>\n              <div class=\"box-text text-left\" style=\"padding:0px 0px 0px 0px;\">\n                 <p><\/p>\n              <\/div>\n            <\/div>\n            <\/a>          <\/div>\n         <\/div><div class=\"gallery-col col\" >\n          <div class=\"col-inner\">\n            <a class=\"\" href=\"https:\/\/www.sideaita.it\/wp-content\/uploads\/2019\/12\/settore-giovanile-atalanta-rodrigo-guth-13.jpg\" title=\"Rodrigo Guth - Atalanta Primavera\">            <div class=\"box has-hover gallery-box box-none\">\n              <div class=\"box-image\" >\n                <img loading=\"lazy\" decoding=\"async\" width=\"750\" height=\"500\" src=\"https:\/\/www.sideaita.it\/wp-content\/uploads\/2019\/12\/settore-giovanile-atalanta-rodrigo-guth-13.jpg\" class=\"attachment-original size-original\" alt=\"secteur jeunesse-atalanta-rodrigo-guth\" ids=\"59080,59081,59082,59083,59084,59085,59086,59087,59088,59089,59090,59091,59093,59094,59095,59096,59097\" style=\"none\" lightbox_image_size=\"original\" type=\"slider-full\" slider_nav_style=\"circle\" auto_slide=\"7000\" image_size=\"original\" text_padding=\"0px 0px 0px 0px\" visibility=\"show-for-small\" srcset=\"https:\/\/www.sideaita.it\/wp-content\/uploads\/2019\/12\/settore-giovanile-atalanta-rodrigo-guth-13.jpg 750w, https:\/\/www.sideaita.it\/wp-content\/uploads\/2019\/12\/settore-giovanile-atalanta-rodrigo-guth-13-600x400.jpg 600w, https:\/\/www.sideaita.it\/wp-content\/uploads\/2019\/12\/settore-giovanile-atalanta-rodrigo-guth-13-700x467.jpg 700w\" sizes=\"auto, (max-width: 750px) 100vw, 750px\" \/>                                                              <\/div>\n              <div class=\"box-text text-left\" style=\"padding:0px 0px 0px 0px;\">\n                 <p>Rodrigo Guth - Atalanta Primavera<\/p>\n              <\/div>\n            <\/div>\n            <\/a>          <\/div>\n         <\/div><div class=\"gallery-col col\" >\n          <div class=\"col-inner\">\n            <a class=\"\" href=\"https:\/\/www.sideaita.it\/wp-content\/uploads\/2019\/12\/settore-giovanile-atalanta-rodrigo-guth-14.jpg\" title=\"\">            <div class=\"box has-hover gallery-box box-none\">\n              <div class=\"box-image\" >\n                <img loading=\"lazy\" decoding=\"async\" width=\"750\" height=\"500\" src=\"https:\/\/www.sideaita.it\/wp-content\/uploads\/2019\/12\/settore-giovanile-atalanta-rodrigo-guth-14.jpg\" class=\"attachment-original size-original\" alt=\"secteur jeunesse-atalanta-rodrigo-guth\" ids=\"59080,59081,59082,59083,59084,59085,59086,59087,59088,59089,59090,59091,59093,59094,59095,59096,59097\" style=\"none\" lightbox_image_size=\"original\" type=\"slider-full\" slider_nav_style=\"circle\" auto_slide=\"7000\" image_size=\"original\" text_padding=\"0px 0px 0px 0px\" visibility=\"show-for-small\" srcset=\"https:\/\/www.sideaita.it\/wp-content\/uploads\/2019\/12\/settore-giovanile-atalanta-rodrigo-guth-14.jpg 750w, https:\/\/www.sideaita.it\/wp-content\/uploads\/2019\/12\/settore-giovanile-atalanta-rodrigo-guth-14-600x400.jpg 600w, https:\/\/www.sideaita.it\/wp-content\/uploads\/2019\/12\/settore-giovanile-atalanta-rodrigo-guth-14-700x467.jpg 700w\" sizes=\"auto, (max-width: 750px) 100vw, 750px\" \/>                                                              <\/div>\n              <div class=\"box-text text-left\" style=\"padding:0px 0px 0px 0px;\">\n                 <p><\/p>\n              <\/div>\n            <\/div>\n            <\/a>          <\/div>\n         <\/div><div class=\"gallery-col col\" >\n          <div class=\"col-inner\">\n            <a class=\"\" href=\"https:\/\/www.sideaita.it\/wp-content\/uploads\/2019\/12\/settore-giovanile-atalanta-rodrigo-guth-15.jpg\" title=\"\">            <div class=\"box has-hover gallery-box box-none\">\n              <div class=\"box-image\" >\n                <img loading=\"lazy\" decoding=\"async\" width=\"750\" height=\"500\" src=\"https:\/\/www.sideaita.it\/wp-content\/uploads\/2019\/12\/settore-giovanile-atalanta-rodrigo-guth-15.jpg\" class=\"attachment-original size-original\" alt=\"secteur jeunesse-atalanta-rodrigo-guth\" ids=\"59080,59081,59082,59083,59084,59085,59086,59087,59088,59089,59090,59091,59093,59094,59095,59096,59097\" style=\"none\" lightbox_image_size=\"original\" type=\"slider-full\" slider_nav_style=\"circle\" auto_slide=\"7000\" image_size=\"original\" text_padding=\"0px 0px 0px 0px\" visibility=\"show-for-small\" srcset=\"https:\/\/www.sideaita.it\/wp-content\/uploads\/2019\/12\/settore-giovanile-atalanta-rodrigo-guth-15.jpg 750w, https:\/\/www.sideaita.it\/wp-content\/uploads\/2019\/12\/settore-giovanile-atalanta-rodrigo-guth-15-600x400.jpg 600w, https:\/\/www.sideaita.it\/wp-content\/uploads\/2019\/12\/settore-giovanile-atalanta-rodrigo-guth-15-700x467.jpg 700w\" sizes=\"auto, (max-width: 750px) 100vw, 750px\" \/>                                                              <\/div>\n              <div class=\"box-text text-left\" style=\"padding:0px 0px 0px 0px;\">\n                 <p><\/p>\n              <\/div>\n            <\/div>\n            <\/a>          <\/div>\n         <\/div><div class=\"gallery-col col\" >\n          <div class=\"col-inner\">\n            <a class=\"\" href=\"https:\/\/www.sideaita.it\/wp-content\/uploads\/2019\/12\/settore-giovanile-atalanta-rodrigo-guth-16.jpg\" title=\"\">            <div class=\"box has-hover gallery-box box-none\">\n              <div class=\"box-image\" >\n                <img loading=\"lazy\" decoding=\"async\" width=\"750\" height=\"500\" src=\"https:\/\/www.sideaita.it\/wp-content\/uploads\/2019\/12\/settore-giovanile-atalanta-rodrigo-guth-16.jpg\" class=\"attachment-original size-original\" alt=\"Atalanta secteur jeunes rodrigo guth\" ids=\"59080,59081,59082,59083,59084,59085,59086,59087,59088,59089,59090,59091,59093,59094,59095,59096,59097\" style=\"none\" lightbox_image_size=\"original\" type=\"slider-full\" slider_nav_style=\"circle\" auto_slide=\"7000\" image_size=\"original\" text_padding=\"0px 0px 0px 0px\" visibility=\"show-for-small\" srcset=\"https:\/\/www.sideaita.it\/wp-content\/uploads\/2019\/12\/settore-giovanile-atalanta-rodrigo-guth-16.jpg 750w, https:\/\/www.sideaita.it\/wp-content\/uploads\/2019\/12\/settore-giovanile-atalanta-rodrigo-guth-16-600x400.jpg 600w, https:\/\/www.sideaita.it\/wp-content\/uploads\/2019\/12\/settore-giovanile-atalanta-rodrigo-guth-16-700x467.jpg 700w\" sizes=\"auto, (max-width: 750px) 100vw, 750px\" \/>                                                              <\/div>\n              <div class=\"box-text text-left\" style=\"padding:0px 0px 0px 0px;\">\n                 <p><\/p>\n              <\/div>\n            <\/div>\n            <\/a>          <\/div>\n         <\/div><div class=\"gallery-col col\" >\n          <div class=\"col-inner\">\n            <a class=\"\" href=\"https:\/\/www.sideaita.it\/wp-content\/uploads\/2019\/12\/settore-giovanile-atalanta-rodrigo-guth-17.jpg\" title=\"\">            <div class=\"box has-hover gallery-box box-none\">\n              <div class=\"box-image\" >\n                <img loading=\"lazy\" decoding=\"async\" width=\"750\" height=\"500\" src=\"https:\/\/www.sideaita.it\/wp-content\/uploads\/2019\/12\/settore-giovanile-atalanta-rodrigo-guth-17.jpg\" class=\"attachment-original size-original\" alt=\"secteur jeunesse-atalanta-rodrigo-guth\" ids=\"59080,59081,59082,59083,59084,59085,59086,59087,59088,59089,59090,59091,59093,59094,59095,59096,59097\" style=\"none\" lightbox_image_size=\"original\" type=\"slider-full\" slider_nav_style=\"circle\" auto_slide=\"7000\" image_size=\"original\" text_padding=\"0px 0px 0px 0px\" visibility=\"show-for-small\" srcset=\"https:\/\/www.sideaita.it\/wp-content\/uploads\/2019\/12\/settore-giovanile-atalanta-rodrigo-guth-17.jpg 750w, https:\/\/www.sideaita.it\/wp-content\/uploads\/2019\/12\/settore-giovanile-atalanta-rodrigo-guth-17-600x400.jpg 600w, https:\/\/www.sideaita.it\/wp-content\/uploads\/2019\/12\/settore-giovanile-atalanta-rodrigo-guth-17-700x467.jpg 700w\" sizes=\"auto, (max-width: 750px) 100vw, 750px\" \/>                                                              <\/div>\n              <div class=\"box-text text-left\" style=\"padding:0px 0px 0px 0px;\">\n                 <p><\/p>\n              <\/div>\n            <\/div>\n            <\/a>          <\/div>\n         <\/div><\/div>\n\t<div id=\"gap-1632563097\" class=\"gap-element clearfix\" style=\"display:block; height:auto;\">\n\t\t\n<style>\n#gap-1632563097 {\n  padding-top: 30px;\n}\n<\/style>\n\t<\/div>\n\t\n<div align=\"justify\">\n<h3>De la jeunesse au football professionnel<\/h3>\n<p>Les succ\u00e8s du secteur de la jeunesse de l'Atalanta trouvent donc certainement leur origine dans l'action de l'Union europ\u00e9enne. <strong>culture du travail<\/strong> Ces derniers semblent d'ailleurs avoir moins de difficult\u00e9s que d'autres \u00e0 passer au football professionnel (d'apr\u00e8s l'enqu\u00eate du <a href=\"https:\/\/football-observatory.com\/IMG\/sites\/b5wp\/2019\/wp271\/en\/\">une \u00e9tude du CIES<\/a> les Nerazzurri sont parmi les meilleurs clubs pour les joueurs fournis aux cinq premi\u00e8res ligues d'Europe) : \"<em>Les raisons de cette tendance peuvent \u00eatre multiples <\/em>- explique Pasini - <em>Ce qui est s\u00fbr, c'est que l'Atalanta est tr\u00e8s dou\u00e9e pour trouver et choisir des joueurs de grande qualit\u00e9 et de grand talent : nous ne devons pas penser que nous avons une baguette magique pour rendre les joueurs bons. <strong>La zone de rep\u00e9rage est un v\u00e9ritable atout pour cette entreprise.<\/strong> et nous donne un grand coup de main en nous apportant d'excellents joueurs, comme Rodrigo. Un autre \u00e9l\u00e9ment qui contribue certainement est l'objectif que nous nous sommes fix\u00e9 en tant que secteur de la jeunesse, qui est de <strong>former les joueurs avant de gagner<\/strong>Les r\u00e9sultats ne sont en fait rien d'autre que la cons\u00e9quence du travail effectu\u00e9 en vue de l'am\u00e9lioration individuelle des joueurs et je pense que cela peut \u00eatre consid\u00e9r\u00e9 comme un \u00e9l\u00e9ment important pour les amener \u00e0 \u00eatre mieux pr\u00e9par\u00e9s pour le football professionnel.<\/em>\".<\/p>\n<\/div>\n<div class=\"text-center\"><div class=\"is-divider divider clearfix\" style=\"max-width:200px;\"><\/div><\/div>\n\n  \n    <div class=\"row large-columns-4 medium-columns-3 small-columns-1 row-small row-full-width has-shadow row-box-shadow-1 slider row-slider slider-nav-reveal slider-nav-push\"  data-flickity-options='{&quot;imagesLoaded&quot;: true, &quot;groupCells&quot;: &quot;100%&quot;, &quot;dragThreshold&quot; : 5, &quot;cellAlign&quot;: &quot;left&quot;,&quot;wrapAround&quot;: true,&quot;prevNextButtons&quot;: true,&quot;percentPosition&quot;: true,&quot;pageDots&quot;: false, &quot;rightToLeft&quot;: false, &quot;autoPlay&quot; : 7000}' >\n\n  <div class=\"col post-item\" data-animate=\"fadeInLeft\">\n\t\t\t<div class=\"col-inner\">\n\t\t\t\t<div class=\"box box-normal box-text-bottom box-blog-post has-hover\">\n            \t\t\t\t\t<div class=\"box-image\" >\n  \t\t\t\t\t\t<div class=\"image-color image-overlay-remove-50 image-cover\" style=\"padding-top:144%;\">\n\t\t\t\t\t\t\t<a href=\"https:\/\/www.sideaita.it\/fr\/2026\/06\/30\/agilita-delite-perche-cambiare-direzione-non-e-solo-una-questione-di-forza\/\" class=\"plain\" aria-label=\"Agilit\u00e9 d&#039;\u00e9lite : pourquoi changer de direction n&#039;est pas seulement une question de force\">\n\t\t\t\t\t\t\t\t<img loading=\"lazy\" decoding=\"async\" width=\"711\" height=\"400\" src=\"https:\/\/www.sideaita.it\/wp-content\/uploads\/2026\/06\/sidea-stiffness-agilita-preparazione-atletica-strength-and-conditioning-calcio-training-1-711x400.jpg\" class=\"attachment-medium size-medium wp-post-image\" alt=\"sidea raideur agilit\u00e9 pr\u00e9paration physique force et conditionnement football entra\u00eenement 1\" srcset=\"https:\/\/www.sideaita.it\/wp-content\/uploads\/2026\/06\/sidea-stiffness-agilita-preparazione-atletica-strength-and-conditioning-calcio-training-1-711x400.jpg 711w, https:\/\/www.sideaita.it\/wp-content\/uploads\/2026\/06\/sidea-stiffness-agilita-preparazione-atletica-strength-and-conditioning-calcio-training-1-1400x788.jpg 1400w, https:\/\/www.sideaita.it\/wp-content\/uploads\/2026\/06\/sidea-stiffness-agilita-preparazione-atletica-strength-and-conditioning-calcio-training-1-768x432.jpg 768w, https:\/\/www.sideaita.it\/wp-content\/uploads\/2026\/06\/sidea-stiffness-agilita-preparazione-atletica-strength-and-conditioning-calcio-training-1-1536x864.jpg 1536w, https:\/\/www.sideaita.it\/wp-content\/uploads\/2026\/06\/sidea-stiffness-agilita-preparazione-atletica-strength-and-conditioning-calcio-training-1-18x10.jpg 18w, https:\/\/www.sideaita.it\/wp-content\/uploads\/2026\/06\/sidea-stiffness-agilita-preparazione-atletica-strength-and-conditioning-calcio-training-1-700x394.jpg 700w, https:\/\/www.sideaita.it\/wp-content\/uploads\/2026\/06\/sidea-stiffness-agilita-preparazione-atletica-strength-and-conditioning-calcio-training-1.jpg 1920w\" sizes=\"auto, (max-width: 711px) 100vw, 711px\" \/>\t\t\t\t\t\t\t<\/a>\n  \t\t\t\t\t\t\t<div class=\"overlay\" style=\"background-color: rgba(0, 0, 0, 0.56)\"><\/div>  \t\t\t\t\t\t\t  \t\t\t\t\t\t<\/div>\n  \t\t\t\t\t\t  \t\t\t\t\t<\/div>\n          \t\t\t\t\t<div class=\"box-text text-center\" >\n\t\t\t\t\t<div class=\"box-text-inner blog-post-inner\">\n\n\t\t\t\t\t\n\t\t\t\t\t\t\t\t\t\t<h5 class=\"post-title is-small uppercase\">\n\t\t\t\t\t\t<a href=\"https:\/\/www.sideaita.it\/fr\/2026\/06\/30\/agilita-delite-perche-cambiare-direzione-non-e-solo-una-questione-di-forza\/\" class=\"plain\">Agilit\u00e9 d'\u00e9lite : pourquoi changer de direction n'est pas seulement une question de force<\/a>\n\t\t\t\t\t<\/h5>\n\t\t\t\t\t<div class=\"post-meta is-small op-8\">30 juin 2026<\/div>\t\t\t\t\t<div class=\"is-divider\"><\/div>\n\t\t\t\t\t                    \n\t\t\t\t\t\t\t\t\t\t\t<a href=\"https:\/\/www.sideaita.it\/fr\/2026\/06\/30\/agilita-delite-perche-cambiare-direzione-non-e-solo-una-questione-di-forza\/\" class=\"button  is-outline is-small mb-0\">\n\t\t\t\t\t\t\tLire\t\t\t\t\t\t<\/a>\n\t\t\t\t\t\n\t\t\t\t\t\n\t\t\t\t\t<\/div>\n\t\t\t\t\t<\/div>\n\t\t\t\t\t\t\t\t\t<\/div>\n\t\t\t<\/div>\n\t\t<\/div><div class=\"col post-item\" data-animate=\"fadeInLeft\">\n\t\t\t<div class=\"col-inner\">\n\t\t\t\t<div class=\"box box-normal box-text-bottom box-blog-post has-hover\">\n            \t\t\t\t\t<div class=\"box-image\" >\n  \t\t\t\t\t\t<div class=\"image-color image-overlay-remove-50 image-cover\" style=\"padding-top:144%;\">\n\t\t\t\t\t\t\t<a href=\"https:\/\/www.sideaita.it\/fr\/2026\/05\/15\/ipertrofia-e-forza-essere-piu-muscolosi-significa-davvero-essere-piu-forti\/\" class=\"plain\" aria-label=\"Hypertrophie et force : \u00eatre plus muscl\u00e9 signifie-t-il vraiment \u00eatre plus fort ?\">\n\t\t\t\t\t\t\t\t<img loading=\"lazy\" decoding=\"async\" width=\"711\" height=\"400\" src=\"https:\/\/www.sideaita.it\/wp-content\/uploads\/2026\/02\/Sidea-summit-of-strength-strongfirst-fabio-zonin-1-711x400.jpg\" class=\"attachment-medium size-medium wp-post-image\" alt=\"Sidea summit of strength strongfirst fabio zonin conference stage 1\" srcset=\"https:\/\/www.sideaita.it\/wp-content\/uploads\/2026\/02\/Sidea-summit-of-strength-strongfirst-fabio-zonin-1-711x400.jpg 711w, https:\/\/www.sideaita.it\/wp-content\/uploads\/2026\/02\/Sidea-summit-of-strength-strongfirst-fabio-zonin-1-1400x788.jpg 1400w, https:\/\/www.sideaita.it\/wp-content\/uploads\/2026\/02\/Sidea-summit-of-strength-strongfirst-fabio-zonin-1-768x432.jpg 768w, https:\/\/www.sideaita.it\/wp-content\/uploads\/2026\/02\/Sidea-summit-of-strength-strongfirst-fabio-zonin-1-1536x864.jpg 1536w, https:\/\/www.sideaita.it\/wp-content\/uploads\/2026\/02\/Sidea-summit-of-strength-strongfirst-fabio-zonin-1-18x10.jpg 18w, https:\/\/www.sideaita.it\/wp-content\/uploads\/2026\/02\/Sidea-summit-of-strength-strongfirst-fabio-zonin-1-700x394.jpg 700w, https:\/\/www.sideaita.it\/wp-content\/uploads\/2026\/02\/Sidea-summit-of-strength-strongfirst-fabio-zonin-1.jpg 1920w\" sizes=\"auto, (max-width: 711px) 100vw, 711px\" \/>\t\t\t\t\t\t\t<\/a>\n  \t\t\t\t\t\t\t<div class=\"overlay\" style=\"background-color: rgba(0, 0, 0, 0.56)\"><\/div>  \t\t\t\t\t\t\t  \t\t\t\t\t\t<\/div>\n  \t\t\t\t\t\t  \t\t\t\t\t<\/div>\n          \t\t\t\t\t<div class=\"box-text text-center\" >\n\t\t\t\t\t<div class=\"box-text-inner blog-post-inner\">\n\n\t\t\t\t\t\n\t\t\t\t\t\t\t\t\t\t<h5 class=\"post-title is-small uppercase\">\n\t\t\t\t\t\t<a href=\"https:\/\/www.sideaita.it\/fr\/2026\/05\/15\/ipertrofia-e-forza-essere-piu-muscolosi-significa-davvero-essere-piu-forti\/\" class=\"plain\">Hypertrophie et force : \u00eatre plus muscl\u00e9 signifie-t-il vraiment \u00eatre plus fort ?<\/a>\n\t\t\t\t\t<\/h5>\n\t\t\t\t\t<div class=\"post-meta is-small op-8\">15 mai 2026<\/div>\t\t\t\t\t<div class=\"is-divider\"><\/div>\n\t\t\t\t\t                    \n\t\t\t\t\t\t\t\t\t\t\t<a href=\"https:\/\/www.sideaita.it\/fr\/2026\/05\/15\/ipertrofia-e-forza-essere-piu-muscolosi-significa-davvero-essere-piu-forti\/\" class=\"button  is-outline is-small mb-0\">\n\t\t\t\t\t\t\tLire\t\t\t\t\t\t<\/a>\n\t\t\t\t\t\n\t\t\t\t\t\n\t\t\t\t\t<\/div>\n\t\t\t\t\t<\/div>\n\t\t\t\t\t\t\t\t\t<\/div>\n\t\t\t<\/div>\n\t\t<\/div><div class=\"col post-item\" data-animate=\"fadeInLeft\">\n\t\t\t<div class=\"col-inner\">\n\t\t\t\t<div class=\"box box-normal box-text-bottom box-blog-post has-hover\">\n            \t\t\t\t\t<div class=\"box-image\" >\n  \t\t\t\t\t\t<div class=\"image-color image-overlay-remove-50 image-cover\" style=\"padding-top:144%;\">\n\t\t\t\t\t\t\t<a href=\"https:\/\/www.sideaita.it\/fr\/2026\/04\/02\/guida-pratica-per-preparare-la-tua-prima-gara-hyrox\/\" class=\"plain\" aria-label=\"Guide pratique pour la pr\u00e9paration de votre premi\u00e8re course HYROX\">\n\t\t\t\t\t\t\t\t<img loading=\"lazy\" decoding=\"async\" width=\"711\" height=\"400\" src=\"https:\/\/www.sideaita.it\/wp-content\/uploads\/2026\/03\/Sidea-push-sled-hyrox-functional-training-711x400.jpg\" class=\"attachment-medium size-medium wp-post-image\" alt=\"\u00c9quipement de fitness professionnel pour un entra\u00eenement de haute intensit\u00e9, id\u00e9al pour am\u00e9liorer la force et l&#039;endurance.\" srcset=\"https:\/\/www.sideaita.it\/wp-content\/uploads\/2026\/03\/Sidea-push-sled-hyrox-functional-training-711x400.jpg 711w, https:\/\/www.sideaita.it\/wp-content\/uploads\/2026\/03\/Sidea-push-sled-hyrox-functional-training-1400x788.jpg 1400w, https:\/\/www.sideaita.it\/wp-content\/uploads\/2026\/03\/Sidea-push-sled-hyrox-functional-training-768x432.jpg 768w, https:\/\/www.sideaita.it\/wp-content\/uploads\/2026\/03\/Sidea-push-sled-hyrox-functional-training-1536x864.jpg 1536w, https:\/\/www.sideaita.it\/wp-content\/uploads\/2026\/03\/Sidea-push-sled-hyrox-functional-training-18x10.jpg 18w, https:\/\/www.sideaita.it\/wp-content\/uploads\/2026\/03\/Sidea-push-sled-hyrox-functional-training-700x394.jpg 700w, https:\/\/www.sideaita.it\/wp-content\/uploads\/2026\/03\/Sidea-push-sled-hyrox-functional-training.jpg 1920w\" sizes=\"auto, (max-width: 711px) 100vw, 711px\" \/>\t\t\t\t\t\t\t<\/a>\n  \t\t\t\t\t\t\t<div class=\"overlay\" style=\"background-color: rgba(0, 0, 0, 0.56)\"><\/div>  \t\t\t\t\t\t\t  \t\t\t\t\t\t<\/div>\n  \t\t\t\t\t\t  \t\t\t\t\t<\/div>\n          \t\t\t\t\t<div class=\"box-text text-center\" >\n\t\t\t\t\t<div class=\"box-text-inner blog-post-inner\">\n\n\t\t\t\t\t\n\t\t\t\t\t\t\t\t\t\t<h5 class=\"post-title is-small uppercase\">\n\t\t\t\t\t\t<a href=\"https:\/\/www.sideaita.it\/fr\/2026\/04\/02\/guida-pratica-per-preparare-la-tua-prima-gara-hyrox\/\" class=\"plain\">Guide pratique pour la pr\u00e9paration de votre premi\u00e8re course HYROX<\/a>\n\t\t\t\t\t<\/h5>\n\t\t\t\t\t<div class=\"post-meta is-small op-8\">2 avril 2026<\/div>\t\t\t\t\t<div class=\"is-divider\"><\/div>\n\t\t\t\t\t                    \n\t\t\t\t\t\t\t\t\t\t\t<a href=\"https:\/\/www.sideaita.it\/fr\/2026\/04\/02\/guida-pratica-per-preparare-la-tua-prima-gara-hyrox\/\" class=\"button  is-outline is-small mb-0\">\n\t\t\t\t\t\t\tLire\t\t\t\t\t\t<\/a>\n\t\t\t\t\t\n\t\t\t\t\t\n\t\t\t\t\t<\/div>\n\t\t\t\t\t<\/div>\n\t\t\t\t\t\t\t\t\t<\/div>\n\t\t\t<\/div>\n\t\t<\/div><div class=\"col post-item\" data-animate=\"fadeInLeft\">\n\t\t\t<div class=\"col-inner\">\n\t\t\t\t<div class=\"box box-normal box-text-bottom box-blog-post has-hover\">\n            \t\t\t\t\t<div class=\"box-image\" >\n  \t\t\t\t\t\t<div class=\"image-color image-overlay-remove-50 image-cover\" style=\"padding-top:144%;\">\n\t\t\t\t\t\t\t<a href=\"https:\/\/www.sideaita.it\/fr\/2026\/03\/20\/guida-hyrox-nutrizione-e-fisiologia-della-performance-ibrida-by-sidea\/\" class=\"plain\" aria-label=\"Guide HYROX : Nutrition et physiologie de la performance hybride par Sidea\">\n\t\t\t\t\t\t\t\t<img loading=\"lazy\" decoding=\"async\" width=\"711\" height=\"400\" src=\"https:\/\/www.sideaita.it\/wp-content\/uploads\/2025\/05\/stand-fibo-colonia-2025-push-sled-711x400.jpg\" class=\"attachment-medium size-medium wp-post-image\" alt=\"fibo stand cologne 2025 push sled\" srcset=\"https:\/\/www.sideaita.it\/wp-content\/uploads\/2025\/05\/stand-fibo-colonia-2025-push-sled-711x400.jpg 711w, https:\/\/www.sideaita.it\/wp-content\/uploads\/2025\/05\/stand-fibo-colonia-2025-push-sled-1400x788.jpg 1400w, https:\/\/www.sideaita.it\/wp-content\/uploads\/2025\/05\/stand-fibo-colonia-2025-push-sled-768x432.jpg 768w, https:\/\/www.sideaita.it\/wp-content\/uploads\/2025\/05\/stand-fibo-colonia-2025-push-sled-1536x864.jpg 1536w, https:\/\/www.sideaita.it\/wp-content\/uploads\/2025\/05\/stand-fibo-colonia-2025-push-sled-700x394.jpg 700w, https:\/\/www.sideaita.it\/wp-content\/uploads\/2025\/05\/stand-fibo-colonia-2025-push-sled.jpg 1920w\" sizes=\"auto, (max-width: 711px) 100vw, 711px\" \/>\t\t\t\t\t\t\t<\/a>\n  \t\t\t\t\t\t\t<div class=\"overlay\" style=\"background-color: rgba(0, 0, 0, 0.56)\"><\/div>  \t\t\t\t\t\t\t  \t\t\t\t\t\t<\/div>\n  \t\t\t\t\t\t  \t\t\t\t\t<\/div>\n          \t\t\t\t\t<div class=\"box-text text-center\" >\n\t\t\t\t\t<div class=\"box-text-inner blog-post-inner\">\n\n\t\t\t\t\t\n\t\t\t\t\t\t\t\t\t\t<h5 class=\"post-title is-small uppercase\">\n\t\t\t\t\t\t<a href=\"https:\/\/www.sideaita.it\/fr\/2026\/03\/20\/guida-hyrox-nutrizione-e-fisiologia-della-performance-ibrida-by-sidea\/\" class=\"plain\">Guide HYROX : Nutrition et physiologie de la performance hybride par Sidea<\/a>\n\t\t\t\t\t<\/h5>\n\t\t\t\t\t<div class=\"post-meta is-small op-8\">20 mars 2026<\/div>\t\t\t\t\t<div class=\"is-divider\"><\/div>\n\t\t\t\t\t                    \n\t\t\t\t\t\t\t\t\t\t\t<a href=\"https:\/\/www.sideaita.it\/fr\/2026\/03\/20\/guida-hyrox-nutrizione-e-fisiologia-della-performance-ibrida-by-sidea\/\" class=\"button  is-outline is-small mb-0\">\n\t\t\t\t\t\t\tLire\t\t\t\t\t\t<\/a>\n\t\t\t\t\t\n\t\t\t\t\t\n\t\t\t\t\t<\/div>\n\t\t\t\t\t<\/div>\n\t\t\t\t\t\t\t\t\t<\/div>\n\t\t\t<\/div>\n\t\t<\/div><div class=\"col post-item\" data-animate=\"fadeInLeft\">\n\t\t\t<div class=\"col-inner\">\n\t\t\t\t<div class=\"box box-normal box-text-bottom box-blog-post has-hover\">\n            \t\t\t\t\t<div class=\"box-image\" >\n  \t\t\t\t\t\t<div class=\"image-color image-overlay-remove-50 image-cover\" style=\"padding-top:144%;\">\n\t\t\t\t\t\t\t<a href=\"https:\/\/www.sideaita.it\/fr\/2026\/02\/20\/panca-a-terra-con-braccio-teso-e-flesso\/\" class=\"plain\" aria-label=\"Force du bras fl\u00e9chi et force du bras droit\">\n\t\t\t\t\t\t\t\t<img loading=\"lazy\" decoding=\"async\" width=\"711\" height=\"400\" src=\"https:\/\/www.sideaita.it\/wp-content\/uploads\/2026\/02\/Sidea-summit-of-strength-strongfirst-Serena-conferenza-10-711x400.jpg\" class=\"attachment-medium size-medium wp-post-image\" alt=\"Sidea sommet de la force strongfirst Serena conf\u00e9rence 10\" srcset=\"https:\/\/www.sideaita.it\/wp-content\/uploads\/2026\/02\/Sidea-summit-of-strength-strongfirst-Serena-conferenza-10-711x400.jpg 711w, https:\/\/www.sideaita.it\/wp-content\/uploads\/2026\/02\/Sidea-summit-of-strength-strongfirst-Serena-conferenza-10-1400x788.jpg 1400w, https:\/\/www.sideaita.it\/wp-content\/uploads\/2026\/02\/Sidea-summit-of-strength-strongfirst-Serena-conferenza-10-768x432.jpg 768w, https:\/\/www.sideaita.it\/wp-content\/uploads\/2026\/02\/Sidea-summit-of-strength-strongfirst-Serena-conferenza-10-1536x864.jpg 1536w, https:\/\/www.sideaita.it\/wp-content\/uploads\/2026\/02\/Sidea-summit-of-strength-strongfirst-Serena-conferenza-10-18x10.jpg 18w, https:\/\/www.sideaita.it\/wp-content\/uploads\/2026\/02\/Sidea-summit-of-strength-strongfirst-Serena-conferenza-10-700x394.jpg 700w, https:\/\/www.sideaita.it\/wp-content\/uploads\/2026\/02\/Sidea-summit-of-strength-strongfirst-Serena-conferenza-10.jpg 1920w\" sizes=\"auto, (max-width: 711px) 100vw, 711px\" \/>\t\t\t\t\t\t\t<\/a>\n  \t\t\t\t\t\t\t<div class=\"overlay\" style=\"background-color: rgba(0, 0, 0, 0.56)\"><\/div>  \t\t\t\t\t\t\t  \t\t\t\t\t\t<\/div>\n  \t\t\t\t\t\t  \t\t\t\t\t<\/div>\n          \t\t\t\t\t<div class=\"box-text text-center\" >\n\t\t\t\t\t<div class=\"box-text-inner blog-post-inner\">\n\n\t\t\t\t\t\n\t\t\t\t\t\t\t\t\t\t<h5 class=\"post-title is-small uppercase\">\n\t\t\t\t\t\t<a href=\"https:\/\/www.sideaita.it\/fr\/2026\/02\/20\/panca-a-terra-con-braccio-teso-e-flesso\/\" class=\"plain\">Force du bras fl\u00e9chi et force du bras droit<\/a>\n\t\t\t\t\t<\/h5>\n\t\t\t\t\t<div class=\"post-meta is-small op-8\">20 f\u00e9vrier 2026<\/div>\t\t\t\t\t<div class=\"is-divider\"><\/div>\n\t\t\t\t\t                    \n\t\t\t\t\t\t\t\t\t\t\t<a href=\"https:\/\/www.sideaita.it\/fr\/2026\/02\/20\/panca-a-terra-con-braccio-teso-e-flesso\/\" class=\"button  is-outline is-small mb-0\">\n\t\t\t\t\t\t\tLire\t\t\t\t\t\t<\/a>\n\t\t\t\t\t\n\t\t\t\t\t\n\t\t\t\t\t<\/div>\n\t\t\t\t\t<\/div>\n\t\t\t\t\t\t\t\t\t<\/div>\n\t\t\t<\/div>\n\t\t<\/div><div class=\"col post-item\" data-animate=\"fadeInLeft\">\n\t\t\t<div class=\"col-inner\">\n\t\t\t\t<div class=\"box box-normal box-text-bottom box-blog-post has-hover\">\n            \t\t\t\t\t<div class=\"box-image\" >\n  \t\t\t\t\t\t<div class=\"image-color image-overlay-remove-50 image-cover\" style=\"padding-top:144%;\">\n\t\t\t\t\t\t\t<a href=\"https:\/\/www.sideaita.it\/fr\/2026\/01\/16\/functional-training-dalle-origini-alla-scienza-del-movimento\/\" class=\"plain\" aria-label=\"L&#039;entra\u00eenement fonctionnel : des origines \u00e0 la science du mouvement\">\n\t\t\t\t\t\t\t\t<img loading=\"lazy\" decoding=\"async\" width=\"711\" height=\"400\" src=\"https:\/\/www.sideaita.it\/wp-content\/uploads\/2025\/07\/outrace-per-blog-sidea-leader-italiano-nellallenamento-funzionale-dal-design-alla-realizzazione-11-711x400.jpg\" class=\"attachment-medium size-medium wp-post-image\" alt=\"outrace for blog sidea leader italien de l&#039;entra\u00eenement fonctionnel - de la conception \u00e0 la r\u00e9alisation (11)\" srcset=\"https:\/\/www.sideaita.it\/wp-content\/uploads\/2025\/07\/outrace-per-blog-sidea-leader-italiano-nellallenamento-funzionale-dal-design-alla-realizzazione-11-711x400.jpg 711w, https:\/\/www.sideaita.it\/wp-content\/uploads\/2025\/07\/outrace-per-blog-sidea-leader-italiano-nellallenamento-funzionale-dal-design-alla-realizzazione-11-1400x788.jpg 1400w, https:\/\/www.sideaita.it\/wp-content\/uploads\/2025\/07\/outrace-per-blog-sidea-leader-italiano-nellallenamento-funzionale-dal-design-alla-realizzazione-11-768x432.jpg 768w, https:\/\/www.sideaita.it\/wp-content\/uploads\/2025\/07\/outrace-per-blog-sidea-leader-italiano-nellallenamento-funzionale-dal-design-alla-realizzazione-11-1536x864.jpg 1536w, https:\/\/www.sideaita.it\/wp-content\/uploads\/2025\/07\/outrace-per-blog-sidea-leader-italiano-nellallenamento-funzionale-dal-design-alla-realizzazione-11-18x10.jpg 18w, https:\/\/www.sideaita.it\/wp-content\/uploads\/2025\/07\/outrace-per-blog-sidea-leader-italiano-nellallenamento-funzionale-dal-design-alla-realizzazione-11-700x394.jpg 700w, https:\/\/www.sideaita.it\/wp-content\/uploads\/2025\/07\/outrace-per-blog-sidea-leader-italiano-nellallenamento-funzionale-dal-design-alla-realizzazione-11.jpg 1920w\" sizes=\"auto, (max-width: 711px) 100vw, 711px\" \/>\t\t\t\t\t\t\t<\/a>\n  \t\t\t\t\t\t\t<div class=\"overlay\" style=\"background-color: rgba(0, 0, 0, 0.56)\"><\/div>  \t\t\t\t\t\t\t  \t\t\t\t\t\t<\/div>\n  \t\t\t\t\t\t  \t\t\t\t\t<\/div>\n          \t\t\t\t\t<div class=\"box-text text-center\" >\n\t\t\t\t\t<div class=\"box-text-inner blog-post-inner\">\n\n\t\t\t\t\t\n\t\t\t\t\t\t\t\t\t\t<h5 class=\"post-title is-small uppercase\">\n\t\t\t\t\t\t<a href=\"https:\/\/www.sideaita.it\/fr\/2026\/01\/16\/functional-training-dalle-origini-alla-scienza-del-movimento\/\" class=\"plain\">L'entra\u00eenement fonctionnel : des origines \u00e0 la science du mouvement<\/a>\n\t\t\t\t\t<\/h5>\n\t\t\t\t\t<div class=\"post-meta is-small op-8\">16 janvier 2026<\/div>\t\t\t\t\t<div class=\"is-divider\"><\/div>\n\t\t\t\t\t                    \n\t\t\t\t\t\t\t\t\t\t\t<a href=\"https:\/\/www.sideaita.it\/fr\/2026\/01\/16\/functional-training-dalle-origini-alla-scienza-del-movimento\/\" class=\"button  is-outline is-small mb-0\">\n\t\t\t\t\t\t\tLire\t\t\t\t\t\t<\/a>\n\t\t\t\t\t\n\t\t\t\t\t\n\t\t\t\t\t<\/div>\n\t\t\t\t\t<\/div>\n\t\t\t\t\t\t\t\t\t<\/div>\n\t\t\t<\/div>\n\t\t<\/div><div class=\"col post-item\" data-animate=\"fadeInLeft\">\n\t\t\t<div class=\"col-inner\">\n\t\t\t\t<div class=\"box box-normal box-text-bottom box-blog-post has-hover\">\n            \t\t\t\t\t<div class=\"box-image\" >\n  \t\t\t\t\t\t<div class=\"image-color image-overlay-remove-50 image-cover\" style=\"padding-top:144%;\">\n\t\t\t\t\t\t\t<a href=\"https:\/\/www.sideaita.it\/fr\/2025\/12\/30\/total-core-pin-training-la-scienza-della-forza-rotazionale-e-della-performance-3d\/\" class=\"plain\" aria-label=\"Total-core pin Training : Science de la force de rotation et de la performance 3D\">\n\t\t\t\t\t\t\t\t<img loading=\"lazy\" decoding=\"async\" width=\"600\" height=\"400\" src=\"https:\/\/www.sideaita.it\/wp-content\/uploads\/2021\/07\/9029-Total-Core-Pin-copertina-600x400.jpg\" class=\"attachment-medium size-medium wp-post-image\" alt=\"Total-core-pin-barbell-lever-landmine-landminer-weight-lifting-core-training-strength-training-landmine-press-barbell\" srcset=\"https:\/\/www.sideaita.it\/wp-content\/uploads\/2021\/07\/9029-Total-Core-Pin-copertina-600x400.jpg 600w, https:\/\/www.sideaita.it\/wp-content\/uploads\/2021\/07\/9029-Total-Core-Pin-copertina-1200x800.jpg 1200w, https:\/\/www.sideaita.it\/wp-content\/uploads\/2021\/07\/9029-Total-Core-Pin-copertina-768x512.jpg 768w, https:\/\/www.sideaita.it\/wp-content\/uploads\/2021\/07\/9029-Total-Core-Pin-copertina-1536x1024.jpg 1536w, https:\/\/www.sideaita.it\/wp-content\/uploads\/2021\/07\/9029-Total-Core-Pin-copertina-700x467.jpg 700w, https:\/\/www.sideaita.it\/wp-content\/uploads\/2021\/07\/9029-Total-Core-Pin-copertina.jpg 2000w\" sizes=\"auto, (max-width: 600px) 100vw, 600px\" \/>\t\t\t\t\t\t\t<\/a>\n  \t\t\t\t\t\t\t<div class=\"overlay\" style=\"background-color: rgba(0, 0, 0, 0.56)\"><\/div>  \t\t\t\t\t\t\t  \t\t\t\t\t\t<\/div>\n  \t\t\t\t\t\t  \t\t\t\t\t<\/div>\n          \t\t\t\t\t<div class=\"box-text text-center\" >\n\t\t\t\t\t<div class=\"box-text-inner blog-post-inner\">\n\n\t\t\t\t\t\n\t\t\t\t\t\t\t\t\t\t<h5 class=\"post-title is-small uppercase\">\n\t\t\t\t\t\t<a href=\"https:\/\/www.sideaita.it\/fr\/2025\/12\/30\/total-core-pin-training-la-scienza-della-forza-rotazionale-e-della-performance-3d\/\" class=\"plain\">Total-core pin Training : Science de la force de rotation et de la performance 3D<\/a>\n\t\t\t\t\t<\/h5>\n\t\t\t\t\t<div class=\"post-meta is-small op-8\">30 d\u00e9cembre 2025<\/div>\t\t\t\t\t<div class=\"is-divider\"><\/div>\n\t\t\t\t\t                    \n\t\t\t\t\t\t\t\t\t\t\t<a href=\"https:\/\/www.sideaita.it\/fr\/2025\/12\/30\/total-core-pin-training-la-scienza-della-forza-rotazionale-e-della-performance-3d\/\" class=\"button  is-outline is-small mb-0\">\n\t\t\t\t\t\t\tLire\t\t\t\t\t\t<\/a>\n\t\t\t\t\t\n\t\t\t\t\t\n\t\t\t\t\t<\/div>\n\t\t\t\t\t<\/div>\n\t\t\t\t\t\t\t\t\t<\/div>\n\t\t\t<\/div>\n\t\t<\/div><div class=\"col post-item\" data-animate=\"fadeInLeft\">\n\t\t\t<div class=\"col-inner\">\n\t\t\t\t<div class=\"box box-normal box-text-bottom box-blog-post has-hover\">\n            \t\t\t\t\t<div class=\"box-image\" >\n  \t\t\t\t\t\t<div class=\"image-color image-overlay-remove-50 image-cover\" style=\"padding-top:144%;\">\n\t\t\t\t\t\t\t<a href=\"https:\/\/www.sideaita.it\/fr\/2025\/10\/24\/dalla-romagna-al-podio-mondiale-la-rivincita-di-ferro-di-sofia-gatta\/\" class=\"plain\" aria-label=\"De la Romagne au podium mondial : le renouveau du fer de Sofia Gatta\">\n\t\t\t\t\t\t\t\t<img loading=\"lazy\" decoding=\"async\" width=\"711\" height=\"400\" src=\"https:\/\/www.sideaita.it\/wp-content\/uploads\/2025\/10\/sofia-con-medaglie-711x400.jpg\" class=\"attachment-medium size-medium wp-post-image\" alt=\"sofia avec des m\u00e9dailles\" srcset=\"https:\/\/www.sideaita.it\/wp-content\/uploads\/2025\/10\/sofia-con-medaglie-711x400.jpg 711w, https:\/\/www.sideaita.it\/wp-content\/uploads\/2025\/10\/sofia-con-medaglie-1400x788.jpg 1400w, https:\/\/www.sideaita.it\/wp-content\/uploads\/2025\/10\/sofia-con-medaglie-768x432.jpg 768w, https:\/\/www.sideaita.it\/wp-content\/uploads\/2025\/10\/sofia-con-medaglie-1536x864.jpg 1536w, https:\/\/www.sideaita.it\/wp-content\/uploads\/2025\/10\/sofia-con-medaglie-18x10.jpg 18w, https:\/\/www.sideaita.it\/wp-content\/uploads\/2025\/10\/sofia-con-medaglie-700x394.jpg 700w, https:\/\/www.sideaita.it\/wp-content\/uploads\/2025\/10\/sofia-con-medaglie.jpg 1920w\" sizes=\"auto, (max-width: 711px) 100vw, 711px\" \/>\t\t\t\t\t\t\t<\/a>\n  \t\t\t\t\t\t\t<div class=\"overlay\" style=\"background-color: rgba(0, 0, 0, 0.56)\"><\/div>  \t\t\t\t\t\t\t  \t\t\t\t\t\t<\/div>\n  \t\t\t\t\t\t  \t\t\t\t\t<\/div>\n          \t\t\t\t\t<div class=\"box-text text-center\" >\n\t\t\t\t\t<div class=\"box-text-inner blog-post-inner\">\n\n\t\t\t\t\t\n\t\t\t\t\t\t\t\t\t\t<h5 class=\"post-title is-small uppercase\">\n\t\t\t\t\t\t<a href=\"https:\/\/www.sideaita.it\/fr\/2025\/10\/24\/dalla-romagna-al-podio-mondiale-la-rivincita-di-ferro-di-sofia-gatta\/\" class=\"plain\">De la Romagne au podium mondial : le renouveau du fer de Sofia Gatta<\/a>\n\t\t\t\t\t<\/h5>\n\t\t\t\t\t<div class=\"post-meta is-small op-8\">24 octobre 2025<\/div>\t\t\t\t\t<div class=\"is-divider\"><\/div>\n\t\t\t\t\t                    \n\t\t\t\t\t\t\t\t\t\t\t<a href=\"https:\/\/www.sideaita.it\/fr\/2025\/10\/24\/dalla-romagna-al-podio-mondiale-la-rivincita-di-ferro-di-sofia-gatta\/\" class=\"button  is-outline is-small mb-0\">\n\t\t\t\t\t\t\tLire\t\t\t\t\t\t<\/a>\n\t\t\t\t\t\n\t\t\t\t\t\n\t\t\t\t\t<\/div>\n\t\t\t\t\t<\/div>\n\t\t\t\t\t\t\t\t\t<\/div>\n\t\t\t<\/div>\n\t\t<\/div><\/div>\n\n  <div class=\"banner has-hover\" id=\"banner-521981352\">\n          <div class=\"banner-inner fill\">\n        <div class=\"banner-bg fill\" >\n            <img loading=\"lazy\" decoding=\"async\" width=\"1020\" height=\"319\" src=\"https:\/\/www.sideaita.it\/wp-content\/uploads\/2024\/02\/COPERTINA-MAILING-DISCHI-DA-PL-2--1400x438.jpg\" class=\"bg attachment-large size-large\" alt=\"DISQUES D&#039;ENVOI DE COUVERTURE DE LA PL 2\" \/>                        <div class=\"overlay\"><\/div>            \n                    <\/div>\n\t\t\n        <div class=\"banner-layers container\">\n            <div class=\"fill banner-link\"><\/div>            \n   <div id=\"text-box-474099653\" class=\"text-box banner-layer x50 md-x50 lg-x50 y50 md-y50 lg-y50 res-text\">\n                                <div class=\"text-box-content text dark\">\n              \n              <div class=\"text-inner text-center\">\n                  \n\t<div id=\"text-2232855581\" class=\"text\">\n\t\t\n<p><strong>LETTRE D'INFORMATION SIDEA<\/strong><\/p>\n<p>Inscrivez-vous \u00e0 notre lettre d'information pour recevoir des nouvelles, des promotions et des informations sur le monde de Sidea.<br \/>\n\t\t\n<style>\n#text-2232855581 {\n  font-size: 1.45rem;\n  line-height: 1.25;\n}\n<\/style>\n\t<\/div>\n\t\n<a href=\"http:\/\/eepurl.com\/iD9wQo\" class=\"button white is-outline is-large\" style=\"border-radius:26px;\">\n\t\t<span>JOINDRE<\/span>\n\t<\/a>\n\n              <\/div>\n           <\/div>\n                            \n<style>\n#text-box-474099653 {\n  width: 60%;\n}\n#text-box-474099653 .text-box-content {\n  font-size: 100%;\n}\n<\/style>\n    <\/div>\n \n        <\/div>\n      <\/div>\n\n            \n<style>\n#banner-521981352 {\n  padding-top: 300px;\n  background-color: rgb(0, 0, 0);\n}\n#banner-521981352 .overlay {\n  background-color: rgba(0, 0, 0, 0.669);\n}\n<\/style>\n  <\/div>","protected":false},"excerpt":{"rendered":"<p>Le r\u00f4le de l'entra\u00eenement sportif dans le secteur des jeunes de l'Atalanta \u00e0 travers les mots du d\u00e9fenseur U19 Rodrigo Guth et de l'entra\u00eeneur Pasini.<\/p>","protected":false},"author":3,"featured_media":59117,"comment_status":"open","ping_status":"open","sticky":false,"template":"","format":"standard","meta":{"footnotes":""},"categories":[4754],"tags":[3624,276],"class_list":["post-59025","post","type-post","status-publish","format-standard","has-post-thumbnail","hentry","category-preparazione-atletica","tag-preparazione-atletica","tag-sidea"],"yoast_head":"<!-- This site is optimized with the Yoast SEO Premium plugin v28.1 (Yoast SEO v28.1) - https:\/\/yoast.com\/product\/yoast-seo-premium-wordpress\/ -->\n<title>Settore Giovanile Atalanta: come si prepara il vivaio migliore d\u2019Italia - Sidea<\/title>\n<meta name=\"description\" content=\"Il ruolo della preparazione atletica nel Settore Giovanile dell&#039;Atalanta attraverso le parole del difensore dell&#039;U19 Rodrigo Guth e del preparatore Pasini.\" \/>\n<meta name=\"robots\" content=\"index, follow, max-snippet:-1, max-image-preview:large, max-video-preview:-1\" \/>\n<link rel=\"canonical\" href=\"https:\/\/www.sideaita.it\/fr\/2019\/12\/06\/preparation-du-secteur-de-la-jeunesse-atalante\/\" \/>\n<meta property=\"og:locale\" content=\"fr_FR\" \/>\n<meta property=\"og:type\" content=\"article\" \/>\n<meta property=\"og:title\" content=\"L\u2019Atalanta e l\u2019arte del calcio giovanile: come si prepara il vivaio migliore d\u2019Italia - Sidea Fitness\" \/>\n<meta property=\"og:description\" content=\"Il ruolo della preparazione atletica nel Settore Giovanile dell&#039;Atalanta attraverso le parole del difensore dell&#039;U19 Rodrigo Guth e del preparatore Pasini.\" \/>\n<meta property=\"og:url\" content=\"https:\/\/www.sideaita.it\/fr\/2019\/12\/06\/preparation-du-secteur-de-la-jeunesse-atalante\/\" \/>\n<meta property=\"og:site_name\" content=\"Sidea | Attrezzatura Fitness Professionale\" \/>\n<meta property=\"article:publisher\" content=\"https:\/\/www.facebook.com\/sideaita\/\" \/>\n<meta property=\"article:published_time\" content=\"2019-12-06T08:14:10+00:00\" \/>\n<meta property=\"article:modified_time\" content=\"2024-06-11T10:54:01+00:00\" \/>\n<meta property=\"og:image\" content=\"https:\/\/www.sideaita.it\/wp-content\/uploads\/2019\/12\/settore-giovanile-atalanta-palestra.jpg\" \/>\n\t<meta property=\"og:image:width\" content=\"2500\" \/>\n\t<meta property=\"og:image:height\" content=\"1667\" \/>\n\t<meta property=\"og:image:type\" content=\"image\/jpeg\" \/>\n<meta name=\"author\" content=\"Sidea\" \/>\n<meta name=\"twitter:card\" content=\"summary_large_image\" \/>\n<meta name=\"twitter:title\" content=\"Atalanta: come si prepara il vivaio migliore d\u2019Italia - Sidea Fitness\" \/>\n<meta name=\"twitter:description\" content=\"Il ruolo della preparazione atletica nel Settore Giovanile dell&#039;Atalanta attraverso le parole del difensore dell&#039;U19 Rodrigo Guth e del preparatore Pasini.\" \/>\n<meta name=\"twitter:image\" content=\"https:\/\/www.sideaita.it\/wp-content\/uploads\/2019\/12\/settore-giovanile-atalanta-palestra.jpg\" \/>\n<meta name=\"twitter:label1\" content=\"\u00c9crit par\" \/>\n\t<meta name=\"twitter:data1\" content=\"Sidea\" \/>\n\t<meta name=\"twitter:label2\" content=\"Dur\u00e9e de lecture estim\u00e9e\" \/>\n\t<meta name=\"twitter:data2\" content=\"7 minutes\" \/>\n<script type=\"application\/ld+json\" class=\"yoast-schema-graph\">{\"@context\":\"https:\\\/\\\/schema.org\",\"@graph\":[{\"@type\":\"Article\",\"@id\":\"https:\\\/\\\/www.sideaita.it\\\/2019\\\/12\\\/06\\\/settore-giovanile-atalanta-preparazione\\\/#article\",\"isPartOf\":{\"@id\":\"https:\\\/\\\/www.sideaita.it\\\/2019\\\/12\\\/06\\\/settore-giovanile-atalanta-preparazione\\\/\"},\"author\":{\"name\":\"Sidea\",\"@id\":\"https:\\\/\\\/www.sideaita.it\\\/#\\\/schema\\\/person\\\/dffac77f9ef1c6ee0bee663f15d9de31\"},\"headline\":\"L\u2019Atalanta e l\u2019arte del calcio giovanile: come si prepara il vivaio migliore d\u2019Italia\",\"datePublished\":\"2019-12-06T08:14:10+00:00\",\"dateModified\":\"2024-06-11T10:54:01+00:00\",\"mainEntityOfPage\":{\"@id\":\"https:\\\/\\\/www.sideaita.it\\\/2019\\\/12\\\/06\\\/settore-giovanile-atalanta-preparazione\\\/\"},\"wordCount\":1388,\"commentCount\":0,\"publisher\":{\"@id\":\"https:\\\/\\\/www.sideaita.it\\\/#organization\"},\"image\":{\"@id\":\"https:\\\/\\\/www.sideaita.it\\\/2019\\\/12\\\/06\\\/settore-giovanile-atalanta-preparazione\\\/#primaryimage\"},\"thumbnailUrl\":\"https:\\\/\\\/www.sideaita.it\\\/wp-content\\\/uploads\\\/2019\\\/12\\\/settore-giovanile-atalanta-rodrigo-guth-sidea.jpg\",\"keywords\":[\"News Sidea - preparazione atletica\",\"sidea\"],\"articleSection\":[\"Preparazione atletica\"],\"inLanguage\":\"fr-FR\",\"potentialAction\":[{\"@type\":\"CommentAction\",\"name\":\"Comment\",\"target\":[\"https:\\\/\\\/www.sideaita.it\\\/2019\\\/12\\\/06\\\/settore-giovanile-atalanta-preparazione\\\/#respond\"]}]},{\"@type\":\"WebPage\",\"@id\":\"https:\\\/\\\/www.sideaita.it\\\/2019\\\/12\\\/06\\\/settore-giovanile-atalanta-preparazione\\\/\",\"url\":\"https:\\\/\\\/www.sideaita.it\\\/2019\\\/12\\\/06\\\/settore-giovanile-atalanta-preparazione\\\/\",\"name\":\"Settore Giovanile Atalanta: come si prepara il vivaio migliore d\u2019Italia - Sidea\",\"isPartOf\":{\"@id\":\"https:\\\/\\\/www.sideaita.it\\\/#website\"},\"primaryImageOfPage\":{\"@id\":\"https:\\\/\\\/www.sideaita.it\\\/2019\\\/12\\\/06\\\/settore-giovanile-atalanta-preparazione\\\/#primaryimage\"},\"image\":{\"@id\":\"https:\\\/\\\/www.sideaita.it\\\/2019\\\/12\\\/06\\\/settore-giovanile-atalanta-preparazione\\\/#primaryimage\"},\"thumbnailUrl\":\"https:\\\/\\\/www.sideaita.it\\\/wp-content\\\/uploads\\\/2019\\\/12\\\/settore-giovanile-atalanta-rodrigo-guth-sidea.jpg\",\"datePublished\":\"2019-12-06T08:14:10+00:00\",\"dateModified\":\"2024-06-11T10:54:01+00:00\",\"description\":\"Il ruolo della preparazione atletica nel Settore Giovanile dell'Atalanta attraverso le parole del difensore dell'U19 Rodrigo Guth e del preparatore Pasini.\",\"breadcrumb\":{\"@id\":\"https:\\\/\\\/www.sideaita.it\\\/2019\\\/12\\\/06\\\/settore-giovanile-atalanta-preparazione\\\/#breadcrumb\"},\"inLanguage\":\"fr-FR\",\"potentialAction\":[{\"@type\":\"ReadAction\",\"target\":[\"https:\\\/\\\/www.sideaita.it\\\/2019\\\/12\\\/06\\\/settore-giovanile-atalanta-preparazione\\\/\"]}]},{\"@type\":\"ImageObject\",\"inLanguage\":\"fr-FR\",\"@id\":\"https:\\\/\\\/www.sideaita.it\\\/2019\\\/12\\\/06\\\/settore-giovanile-atalanta-preparazione\\\/#primaryimage\",\"url\":\"https:\\\/\\\/www.sideaita.it\\\/wp-content\\\/uploads\\\/2019\\\/12\\\/settore-giovanile-atalanta-rodrigo-guth-sidea.jpg\",\"contentUrl\":\"https:\\\/\\\/www.sideaita.it\\\/wp-content\\\/uploads\\\/2019\\\/12\\\/settore-giovanile-atalanta-rodrigo-guth-sidea.jpg\",\"width\":2500,\"height\":1667,\"caption\":\"settore-giovanile-atalanta-rodrigo-guth-sidea\"},{\"@type\":\"BreadcrumbList\",\"@id\":\"https:\\\/\\\/www.sideaita.it\\\/2019\\\/12\\\/06\\\/settore-giovanile-atalanta-preparazione\\\/#breadcrumb\",\"itemListElement\":[{\"@type\":\"ListItem\",\"position\":1,\"name\":\"Home\",\"item\":\"https:\\\/\\\/www.sideaita.it\\\/\"},{\"@type\":\"ListItem\",\"position\":2,\"name\":\"L\u2019Atalanta e l\u2019arte del calcio giovanile: come si prepara il vivaio migliore d\u2019Italia\"}]},{\"@type\":\"WebSite\",\"@id\":\"https:\\\/\\\/www.sideaita.it\\\/#website\",\"url\":\"https:\\\/\\\/www.sideaita.it\\\/\",\"name\":\"Sidea | Attrezzatura Fitness Professionale\",\"description\":\"SIDEA \u2013 Allenati, diventa pi\u00f9 forte, vivi meglio | Attrezzatura professionale per la preparazione fisica ed il functional training. Nata dalla passione per lo sport, sviluppata per le palestre.\",\"publisher\":{\"@id\":\"https:\\\/\\\/www.sideaita.it\\\/#organization\"},\"potentialAction\":[{\"@type\":\"SearchAction\",\"target\":{\"@type\":\"EntryPoint\",\"urlTemplate\":\"https:\\\/\\\/www.sideaita.it\\\/?s={search_term_string}\"},\"query-input\":{\"@type\":\"PropertyValueSpecification\",\"valueRequired\":true,\"valueName\":\"search_term_string\"}}],\"inLanguage\":\"fr-FR\"},{\"@type\":\"Organization\",\"@id\":\"https:\\\/\\\/www.sideaita.it\\\/#organization\",\"name\":\"Sidea Srl\",\"alternateName\":\"Sidea\",\"url\":\"https:\\\/\\\/www.sideaita.it\\\/\",\"logo\":{\"@type\":\"ImageObject\",\"inLanguage\":\"fr-FR\",\"@id\":\"https:\\\/\\\/www.sideaita.it\\\/#\\\/schema\\\/logo\\\/image\\\/\",\"url\":\"https:\\\/\\\/www.sideaita.it\\\/wp-content\\\/uploads\\\/2023\\\/06\\\/cropped-logo-solo-s-1440x1440-1.jpg\",\"contentUrl\":\"https:\\\/\\\/www.sideaita.it\\\/wp-content\\\/uploads\\\/2023\\\/06\\\/cropped-logo-solo-s-1440x1440-1.jpg\",\"width\":512,\"height\":512,\"caption\":\"Sidea Srl\"},\"image\":{\"@id\":\"https:\\\/\\\/www.sideaita.it\\\/#\\\/schema\\\/logo\\\/image\\\/\"},\"sameAs\":[\"https:\\\/\\\/www.facebook.com\\\/sideaita\\\/\",\"https:\\\/\\\/www.instagram.com\\\/sidea_fitness\\\/\",\"https:\\\/\\\/www.linkedin.com\\\/company\\\/sideafitness\\\/\",\"https:\\\/\\\/www.pinterest.it\\\/sideafitness\\\/\",\"https:\\\/\\\/www.youtube.com\\\/user\\\/FitnessIT\\\/\",\"https:\\\/\\\/www.tiktok.com\\\/@sidea_fitness\"],\"description\":\"SIDEA \u2013 Allenati, diventa pi\u00f9 forte, vivi meglio | Attrezzatura professionale per la preparazione fisica ed il functional training. Nata dalla passione per lo sport, sviluppata per le palestre.\",\"email\":\"sidea@sideaita.it\",\"legalName\":\"Sidea Srl\",\"vatID\":\"IT02693190403\",\"taxID\":\"IT02693190403\",\"hasMerchantReturnPolicy\":{\"@type\":\"MerchantReturnPolicy\",\"merchantReturnLink\":\"https:\\\/\\\/www.sideaita.it\\\/fr\\\/termini-condizioni-di-vendita\\\/\"}},{\"@type\":\"Person\",\"@id\":\"https:\\\/\\\/www.sideaita.it\\\/#\\\/schema\\\/person\\\/dffac77f9ef1c6ee0bee663f15d9de31\",\"name\":\"Sidea\",\"image\":{\"@type\":\"ImageObject\",\"inLanguage\":\"fr-FR\",\"@id\":\"https:\\\/\\\/secure.gravatar.com\\\/avatar\\\/1f053fd372d4715dae69f2348830136846525c9c803cd9d3899b193518df4fe1?s=96&d=mm&r=g\",\"url\":\"https:\\\/\\\/secure.gravatar.com\\\/avatar\\\/1f053fd372d4715dae69f2348830136846525c9c803cd9d3899b193518df4fe1?s=96&d=mm&r=g\",\"contentUrl\":\"https:\\\/\\\/secure.gravatar.com\\\/avatar\\\/1f053fd372d4715dae69f2348830136846525c9c803cd9d3899b193518df4fe1?s=96&d=mm&r=g\",\"caption\":\"Sidea\"},\"sameAs\":[\"riccardo\"],\"url\":\"https:\\\/\\\/www.sideaita.it\\\/fr\\\/author\\\/gioele\\\/\"}]}<\/script>\n<!-- \/ Yoast SEO Premium plugin. -->","yoast_head_json":{"title":"Le secteur jeunes de l'Atalanta : comment se pr\u00e9pare la meilleure p\u00e9pini\u00e8re d'Italie - Sidea","description":"Le r\u00f4le de l'entra\u00eenement sportif dans le secteur des jeunes de l'Atalanta \u00e0 travers les mots du d\u00e9fenseur U19 Rodrigo Guth et de l'entra\u00eeneur Pasini.","robots":{"index":"index","follow":"follow","max-snippet":"max-snippet:-1","max-image-preview":"max-image-preview:large","max-video-preview":"max-video-preview:-1"},"canonical":"https:\/\/www.sideaita.it\/fr\/2019\/12\/06\/preparation-du-secteur-de-la-jeunesse-atalante\/","og_locale":"fr_FR","og_type":"article","og_title":"L\u2019Atalanta e l\u2019arte del calcio giovanile: come si prepara il vivaio migliore d\u2019Italia - Sidea Fitness","og_description":"Il ruolo della preparazione atletica nel Settore Giovanile dell'Atalanta attraverso le parole del difensore dell'U19 Rodrigo Guth e del preparatore Pasini.","og_url":"https:\/\/www.sideaita.it\/fr\/2019\/12\/06\/preparation-du-secteur-de-la-jeunesse-atalante\/","og_site_name":"Sidea | Attrezzatura Fitness Professionale","article_publisher":"https:\/\/www.facebook.com\/sideaita\/","article_published_time":"2019-12-06T08:14:10+00:00","article_modified_time":"2024-06-11T10:54:01+00:00","og_image":[{"width":2500,"height":1667,"url":"https:\/\/www.sideaita.it\/wp-content\/uploads\/2019\/12\/settore-giovanile-atalanta-palestra.jpg","type":"image\/jpeg"}],"author":"Sidea","twitter_card":"summary_large_image","twitter_title":"Atalanta: come si prepara il vivaio migliore d\u2019Italia - Sidea Fitness","twitter_description":"Il ruolo della preparazione atletica nel Settore Giovanile dell'Atalanta attraverso le parole del difensore dell'U19 Rodrigo Guth e del preparatore Pasini.","twitter_image":"https:\/\/www.sideaita.it\/wp-content\/uploads\/2019\/12\/settore-giovanile-atalanta-palestra.jpg","twitter_misc":{"\u00c9crit par":"Sidea","Dur\u00e9e de lecture estim\u00e9e":"7 minutes"},"schema":{"@context":"https:\/\/schema.org","@graph":[{"@type":"Article","@id":"https:\/\/www.sideaita.it\/2019\/12\/06\/settore-giovanile-atalanta-preparazione\/#article","isPartOf":{"@id":"https:\/\/www.sideaita.it\/2019\/12\/06\/settore-giovanile-atalanta-preparazione\/"},"author":{"name":"Sidea","@id":"https:\/\/www.sideaita.it\/#\/schema\/person\/dffac77f9ef1c6ee0bee663f15d9de31"},"headline":"L\u2019Atalanta e l\u2019arte del calcio giovanile: come si prepara il vivaio migliore d\u2019Italia","datePublished":"2019-12-06T08:14:10+00:00","dateModified":"2024-06-11T10:54:01+00:00","mainEntityOfPage":{"@id":"https:\/\/www.sideaita.it\/2019\/12\/06\/settore-giovanile-atalanta-preparazione\/"},"wordCount":1388,"commentCount":0,"publisher":{"@id":"https:\/\/www.sideaita.it\/#organization"},"image":{"@id":"https:\/\/www.sideaita.it\/2019\/12\/06\/settore-giovanile-atalanta-preparazione\/#primaryimage"},"thumbnailUrl":"https:\/\/www.sideaita.it\/wp-content\/uploads\/2019\/12\/settore-giovanile-atalanta-rodrigo-guth-sidea.jpg","keywords":["News Sidea - preparazione atletica","sidea"],"articleSection":["Preparazione atletica"],"inLanguage":"fr-FR","potentialAction":[{"@type":"CommentAction","name":"Comment","target":["https:\/\/www.sideaita.it\/2019\/12\/06\/settore-giovanile-atalanta-preparazione\/#respond"]}]},{"@type":"WebPage","@id":"https:\/\/www.sideaita.it\/2019\/12\/06\/settore-giovanile-atalanta-preparazione\/","url":"https:\/\/www.sideaita.it\/2019\/12\/06\/settore-giovanile-atalanta-preparazione\/","name":"Le secteur jeunes de l'Atalanta : comment se pr\u00e9pare la meilleure p\u00e9pini\u00e8re d'Italie - Sidea","isPartOf":{"@id":"https:\/\/www.sideaita.it\/#website"},"primaryImageOfPage":{"@id":"https:\/\/www.sideaita.it\/2019\/12\/06\/settore-giovanile-atalanta-preparazione\/#primaryimage"},"image":{"@id":"https:\/\/www.sideaita.it\/2019\/12\/06\/settore-giovanile-atalanta-preparazione\/#primaryimage"},"thumbnailUrl":"https:\/\/www.sideaita.it\/wp-content\/uploads\/2019\/12\/settore-giovanile-atalanta-rodrigo-guth-sidea.jpg","datePublished":"2019-12-06T08:14:10+00:00","dateModified":"2024-06-11T10:54:01+00:00","description":"Le r\u00f4le de l'entra\u00eenement sportif dans le secteur des jeunes de l'Atalanta \u00e0 travers les mots du d\u00e9fenseur U19 Rodrigo Guth et de l'entra\u00eeneur Pasini.","breadcrumb":{"@id":"https:\/\/www.sideaita.it\/2019\/12\/06\/settore-giovanile-atalanta-preparazione\/#breadcrumb"},"inLanguage":"fr-FR","potentialAction":[{"@type":"ReadAction","target":["https:\/\/www.sideaita.it\/2019\/12\/06\/settore-giovanile-atalanta-preparazione\/"]}]},{"@type":"ImageObject","inLanguage":"fr-FR","@id":"https:\/\/www.sideaita.it\/2019\/12\/06\/settore-giovanile-atalanta-preparazione\/#primaryimage","url":"https:\/\/www.sideaita.it\/wp-content\/uploads\/2019\/12\/settore-giovanile-atalanta-rodrigo-guth-sidea.jpg","contentUrl":"https:\/\/www.sideaita.it\/wp-content\/uploads\/2019\/12\/settore-giovanile-atalanta-rodrigo-guth-sidea.jpg","width":2500,"height":1667,"caption":"settore-giovanile-atalanta-rodrigo-guth-sidea"},{"@type":"BreadcrumbList","@id":"https:\/\/www.sideaita.it\/2019\/12\/06\/settore-giovanile-atalanta-preparazione\/#breadcrumb","itemListElement":[{"@type":"ListItem","position":1,"name":"Home","item":"https:\/\/www.sideaita.it\/"},{"@type":"ListItem","position":2,"name":"L\u2019Atalanta e l\u2019arte del calcio giovanile: come si prepara il vivaio migliore d\u2019Italia"}]},{"@type":"WebSite","@id":"https:\/\/www.sideaita.it\/#website","url":"https:\/\/www.sideaita.it\/","name":"Sidea | \u00c9quipement de fitness professionnel","description":"SIDEA - Train, get stronger, live better | Equipement professionnel pour la pr\u00e9paration physique et l'entra\u00eenement fonctionnel. N\u00e9 d'une passion pour le sport, d\u00e9velopp\u00e9 pour les salles de sport.","publisher":{"@id":"https:\/\/www.sideaita.it\/#organization"},"potentialAction":[{"@type":"SearchAction","target":{"@type":"EntryPoint","urlTemplate":"https:\/\/www.sideaita.it\/?s={search_term_string}"},"query-input":{"@type":"PropertyValueSpecification","valueRequired":true,"valueName":"search_term_string"}}],"inLanguage":"fr-FR"},{"@type":"Organization","@id":"https:\/\/www.sideaita.it\/#organization","name":"Sidea Srl","alternateName":"Sidea","url":"https:\/\/www.sideaita.it\/","logo":{"@type":"ImageObject","inLanguage":"fr-FR","@id":"https:\/\/www.sideaita.it\/#\/schema\/logo\/image\/","url":"https:\/\/www.sideaita.it\/wp-content\/uploads\/2023\/06\/cropped-logo-solo-s-1440x1440-1.jpg","contentUrl":"https:\/\/www.sideaita.it\/wp-content\/uploads\/2023\/06\/cropped-logo-solo-s-1440x1440-1.jpg","width":512,"height":512,"caption":"Sidea Srl"},"image":{"@id":"https:\/\/www.sideaita.it\/#\/schema\/logo\/image\/"},"sameAs":["https:\/\/www.facebook.com\/sideaita\/","https:\/\/www.instagram.com\/sidea_fitness\/","https:\/\/www.linkedin.com\/company\/sideafitness\/","https:\/\/www.pinterest.it\/sideafitness\/","https:\/\/www.youtube.com\/user\/FitnessIT\/","https:\/\/www.tiktok.com\/@sidea_fitness"],"description":"SIDEA - Train, get stronger, live better | Equipement professionnel pour la pr\u00e9paration physique et l'entra\u00eenement fonctionnel. N\u00e9 d'une passion pour le sport, d\u00e9velopp\u00e9 pour les salles de sport.","email":"sidea@sideaita.it","legalName":"Sidea Srl","vatID":"IT02693190403","taxID":"IT02693190403","hasMerchantReturnPolicy":{"@type":"MerchantReturnPolicy","merchantReturnLink":"https:\/\/www.sideaita.it\/fr\/termini-condizioni-di-vendita\/"}},{"@type":"Person","@id":"https:\/\/www.sideaita.it\/#\/schema\/person\/dffac77f9ef1c6ee0bee663f15d9de31","name":"Sidea","image":{"@type":"ImageObject","inLanguage":"fr-FR","@id":"https:\/\/secure.gravatar.com\/avatar\/1f053fd372d4715dae69f2348830136846525c9c803cd9d3899b193518df4fe1?s=96&d=mm&r=g","url":"https:\/\/secure.gravatar.com\/avatar\/1f053fd372d4715dae69f2348830136846525c9c803cd9d3899b193518df4fe1?s=96&d=mm&r=g","contentUrl":"https:\/\/secure.gravatar.com\/avatar\/1f053fd372d4715dae69f2348830136846525c9c803cd9d3899b193518df4fe1?s=96&d=mm&r=g","caption":"Sidea"},"sameAs":["riccardo"],"url":"https:\/\/www.sideaita.it\/fr\/author\/gioele\/"}]}},"_links":{"self":[{"href":"https:\/\/www.sideaita.it\/fr\/wp-json\/wp\/v2\/posts\/59025","targetHints":{"allow":["GET"]}}],"collection":[{"href":"https:\/\/www.sideaita.it\/fr\/wp-json\/wp\/v2\/posts"}],"about":[{"href":"https:\/\/www.sideaita.it\/fr\/wp-json\/wp\/v2\/types\/post"}],"author":[{"embeddable":true,"href":"https:\/\/www.sideaita.it\/fr\/wp-json\/wp\/v2\/users\/3"}],"replies":[{"embeddable":true,"href":"https:\/\/www.sideaita.it\/fr\/wp-json\/wp\/v2\/comments?post=59025"}],"version-history":[{"count":2,"href":"https:\/\/www.sideaita.it\/fr\/wp-json\/wp\/v2\/posts\/59025\/revisions"}],"predecessor-version":[{"id":326285,"href":"https:\/\/www.sideaita.it\/fr\/wp-json\/wp\/v2\/posts\/59025\/revisions\/326285"}],"wp:featuredmedia":[{"embeddable":true,"href":"https:\/\/www.sideaita.it\/fr\/wp-json\/wp\/v2\/media\/59117"}],"wp:attachment":[{"href":"https:\/\/www.sideaita.it\/fr\/wp-json\/wp\/v2\/media?parent=59025"}],"wp:term":[{"taxonomy":"category","embeddable":true,"href":"https:\/\/www.sideaita.it\/fr\/wp-json\/wp\/v2\/categories?post=59025"},{"taxonomy":"post_tag","embeddable":true,"href":"https:\/\/www.sideaita.it\/fr\/wp-json\/wp\/v2\/tags?post=59025"}],"curies":[{"name":"wp","href":"https:\/\/api.w.org\/{rel}","templated":true}]}}