{"id":65954,"date":"2020-01-21T10:06:48","date_gmt":"2020-01-21T09:06:48","guid":{"rendered":"https:\/\/www.sideaita.it\/?p=65954"},"modified":"2024-06-11T12:52:20","modified_gmt":"2024-06-11T10:52:20","slug":"entrainement-nutrition-remise-en-forme-fetes","status":"publish","type":"post","link":"https:\/\/www.sideaita.it\/fr\/2020\/01\/21\/allenamento-alimentazione-tornare-in-forma-feste\/","title":{"rendered":"Entra\u00eenement \u00e0 haute intensit\u00e9 et nutrition : comment retrouver la forme apr\u00e8s les f\u00eates"},"content":{"rendered":"<div align=\"justify\">\n<h5 style=\"text-align: right;\"><\/h5>\n<p>Les vacances sont termin\u00e9es mais les exc\u00e8s des c\u00e9l\u00e9brations sont rest\u00e9s en nous et peinent \u00e0 partir. La course effr\u00e9n\u00e9e \u00e0 la salle de sport a commenc\u00e9, le fant\u00f4me de l'\u00e9preuve du maillot de bain est loin mais commence \u00e0 se faire sentir. Un r\u00e9gime de fer ou un cours de fitness ne r\u00e9soudront pourtant pas le probl\u00e8me car <strong>pour retrouver la forme, il faut s'entra\u00eener r\u00e9guli\u00e8rement et changer de mode de vie<\/strong>.<\/p>\n<h3><span style=\"font-style: normal !msorm;\">Quelle est l'activit\u00e9 la plus recommand\u00e9e pour commencer au mieux ce voyage ?<\/span><\/h3>\n<p>L'un des rem\u00e8des les plus courants, mais aussi les plus erron\u00e9s, est certainement l'entra\u00eenement cardio prolong\u00e9 pendant des heures. Le raisonnement \"<em>autant de calories ing\u00e9r\u00e9es = autant de calories \u00e0 consommer<\/em>\"n'est pas tout \u00e0 fait erron\u00e9e mais <strong>se concentrer uniquement sur l'activit\u00e9 cardiovasculaire ne permet pas de retrouver la forme \u00e0 court terme<\/strong>.<\/p>\n<p>Une bonne solution pourrait \u00eatre <strong>l'alternance d'activit\u00e9s cardio et d'exercices avec des poids<\/strong>. Pendant la p\u00e9riode des f\u00eates, non seulement vous augmentez votre apport calorique, mais vous diminuez \u00e9galement votre activit\u00e9 physique. Une bonne musculation vous aidera \u00e0 <strong>r\u00e9activer vos muscles<\/strong> et \u00e0 <strong>stimuler l'ensemble de la composante hormonale associ\u00e9e \u00e0 ce type d'entra\u00eenement<\/strong>.<\/p>\n<p>Essayez d'alterner <strong>10 minutes d'activit\u00e9 cardiovasculaire<\/strong>d'intensit\u00e9 moyenne, avec des blocs de <strong>15 minutes de musculation<\/strong>. R\u00e9p\u00e9tez cette combinaison 2 \u00e0 3 fois : avec l'activit\u00e9 cardio, vous augmentez la consommation de calories tandis qu'avec l'activit\u00e9 cardio, vous augmentez la consommation de calories. <a href=\"https:\/\/www.sideaita.it\/fr\/categories-dequipements-de-fitness\/equipement-dentrainement-physique-robuste\/\">poids<\/a> vous conserverez votre tonus musculaire et votre force.<\/p>\n<\/div>\n\n  <div class=\"banner has-hover\" id=\"banner-1005542447\">\n          <div class=\"banner-inner fill\">\n        <div class=\"banner-bg fill\" >\n            <img loading=\"lazy\" decoding=\"async\" width=\"750\" height=\"512\" src=\"https:\/\/www.sideaita.it\/wp-content\/uploads\/2020\/01\/tornare-in-forma-feste-sidea-1.jpg\" class=\"bg attachment-original size-original\" alt=\"retour en forme du parti\" \/>                                    \n                    <\/div>\n\t\t\n        <div class=\"banner-layers container\">\n            <div class=\"fill banner-link\"><\/div>            \t<div class=\"hotspot-wrapper x40 md-x40 lg-x40 y80 md-y80 lg-y80 dark\">\n\t\t<div data-animate=\"bounceIn\">\n\t\t\t\t\t\t\t\t<a href=\"#quick-view\" class=\"hotspot tooltip quick-view\" title=\"2095\/1 Base+Bag Fitness Boxing Noir\" data-prod=\"613\" role=\"button\" aria-label=\"2095\/1 Base+Bag Fitness Boxing Noir\" aria-expanded=\"false\" aria-haspopup=\"dialog\" data-flatsome-role-button>\n\t\t\t\t\t\t<i class=\"icon-search\" aria-hidden=\"true\"><\/i>\t\t\t\t\t<\/a>\n\t\t\t\t\t\t\t<\/div>\n\t<\/div>\n\t\t<div class=\"hotspot-wrapper x60 md-x60 lg-x60 y20 md-y20 lg-y20 dark\">\n\t\t<div data-animate=\"bounceIn\">\n\t\t\t\t\t\t\t\t<a href=\"#quick-view\" class=\"hotspot tooltip quick-view\" title=\"2108 Gants de boxe 12OZ\" data-prod=\"5702\" role=\"button\" aria-label=\"2108 Gants de boxe 12OZ\" aria-expanded=\"false\" aria-haspopup=\"dialog\" data-flatsome-role-button>\n\t\t\t\t\t\t<i class=\"icon-search\" aria-hidden=\"true\"><\/i>\t\t\t\t\t<\/a>\n\t\t\t\t\t\t\t<\/div>\n\t<\/div>\n\t\n\n\n        <\/div>\n      <\/div>\n\n              <div class=\"height-fix is-invisible\"><img loading=\"lazy\" decoding=\"async\" width=\"750\" height=\"512\" src=\"https:\/\/www.sideaita.it\/wp-content\/uploads\/2020\/01\/tornare-in-forma-feste-sidea-1.jpg\" class=\"attachment-original size-original\" alt=\"retour en forme du parti\" srcset=\"https:\/\/www.sideaita.it\/wp-content\/uploads\/2020\/01\/tornare-in-forma-feste-sidea-1.jpg 750w, https:\/\/www.sideaita.it\/wp-content\/uploads\/2020\/01\/tornare-in-forma-feste-sidea-1-586x400.jpg 586w, https:\/\/www.sideaita.it\/wp-content\/uploads\/2020\/01\/tornare-in-forma-feste-sidea-1-700x478.jpg 700w\" sizes=\"auto, (max-width: 750px) 100vw, 750px\" \/><\/div>\n              <\/div>\n\n\n<div align=\"justify\">\n<h3><span style=\"font-style: normal !msorm;\">Une activit\u00e9 de haute intensit\u00e9 pour se remettre en forme apr\u00e8s les f\u00eates ?<\/span><\/h3>\n<p><strong>Une autre erreur consiste \u00e0 augmenter soudainement l'intensit\u00e9 de l'entra\u00eenement<\/strong> pour compenser la gourmandise des f\u00eates. Beaucoup de gens s'inscrivent \u00e0 des cours o\u00f9 ils font des exercices \u00e0 haute intensit\u00e9 ou des circuits pr\u00e9cis\u00e9ment pour vouloir consommer toutes les calories exc\u00e9dentaires.<\/p>\n<p>C'est une grave erreur pour deux raisons principales :<\/p>\n<ol>\n<li>Apr\u00e8s une p\u00e9riode d'inactivit\u00e9 ou d'activit\u00e9 r\u00e9duite, il est vraiment contre-productif d'entreprendre un entra\u00eenement \u00e0 haute intensit\u00e9 car <strong>il est peu probable que l'organisme maintienne l'intensit\u00e9 propos\u00e9e<\/strong> perdre \u00e9galement en technicit\u00e9. Il peut en r\u00e9sulter des blessures, l'impossibilit\u00e9 de terminer l'entra\u00eenement et la n\u00e9cessit\u00e9 de plusieurs jours de repos avant la session suivante.<\/li>\n<li>Les grosses crises de boulimie peuvent laisser quelques kilos en trop en guise de \"cadeau\". Ces kilos devront certainement \u00eatre d\u00e9plac\u00e9s et des exercices tels que <a href=\"https:\/\/www.sideaita.it\/fr\/categories-dequipements-de-fitness\/entrainement-a-la-vitesse-et-a-lagilite\/\">saute, bondit, fait des sprints<\/a> etc. pourrait s'av\u00e9rer \u00eatre <strong>excessive sur les articulations et les muscles<\/strong>.<\/li>\n<\/ol>\n<p>Si vous avez d\u00e9j\u00e0 l'habitude de vous entra\u00eener <strong>H.I.I.T<\/strong> ou similaires, mon conseil est donc de continuer \u00e0 les fabriquer mais <strong>en r\u00e9duisant \u00e0 la fois la dur\u00e9e de l'entra\u00eenement et le T.U.T. pendant au moins les deux premi\u00e8res semaines<\/strong> (temps sous tension) pour chaque exercice individuel. Pour les n\u00e9ophytes de cette m\u00e9thodologie, en revanche, il est conseill\u00e9 de consacrer quelques semaines \u00e0 un programme d'entra\u00eenement. <strong>formation mixte<\/strong>l'activit\u00e9 a\u00e9robique et l'entra\u00eenement aux poids, avant de commencer cet entra\u00eenement.<\/p>\n<h3><span style=\"font-style: normal !msorm;\">Dissipons un autre mythe<\/span>, <span style=\"font-style: normal !msorm;\">abs oui ou non ? <\/span><\/h3>\n<p>L'une des questions que l'on me pose le plus souvent est la suivante : \"<em>Si j'ai un exc\u00e8s de poids, dois-je faire des redressements assis ? Cela n'augmente-t-il pas encore la circonf\u00e9rence de mon abdomen ? Si je ne fais que des abdominaux, est-ce que je br\u00fble la graisse du dessus ?<\/em>\"<\/p>\n<p><strong>L'abdomen<\/strong> est certainement l'un des muscles et l'une des zones qui suscitent le plus d'int\u00e9r\u00eat de la part des gens, mais cela ne signifie pas qu'il s'agit d'une partie distincte et qu'elle \"pense ou fonctionne\" \u00e0 sa mani\u00e8re. <strong>\u00c9liminer l'exc\u00e8s de graisse ne consiste pas seulement \u00e0 faire des abdominaux<\/strong>Vous aurez donc mal au dos !<\/p>\n<p>La tonification de l'abdomen par des exercices visant \u00e0 l'activer vous aidera \u00e0 maintenir une posture correcte et \u00e0 effectuer tous les autres exercices correctement et en toute s\u00e9curit\u00e9. Il n'augmentera pas sa taille mais, combin\u00e9 aux autres activit\u00e9s, il donnera du troph\u00e9e et de la force \u00e0 votre corps. <strong>le r\u00e9sultat sera de vous voir en forme<\/strong>.<\/p>\n<p>Pour r\u00e9sumer, essayez d'effectuer <strong>60 \u00e0 70 minutes d'activit\u00e9 physique par s\u00e9ance, en alternant les composantes a\u00e9robies et ana\u00e9robies.<\/strong>. Apr\u00e8s les vacances, je sugg\u00e8re de faire au moins deux s\u00e9ances d'entra\u00eenement par semaine et d'augmenter la dur\u00e9e et l'intensit\u00e9 de l'entra\u00eenement \u00e0 la fin de la deuxi\u00e8me semaine.<\/p>\n<\/div>\n\n  <div class=\"banner has-hover\" id=\"banner-2131730035\">\n          <div class=\"banner-inner fill\">\n        <div class=\"banner-bg fill\" >\n            <img loading=\"lazy\" decoding=\"async\" width=\"750\" height=\"500\" src=\"https:\/\/www.sideaita.it\/wp-content\/uploads\/2020\/01\/tornare-in-forma-feste-sidea-2.jpg\" class=\"bg attachment-original size-original\" alt=\"retour en forme du parti\" \/>                                    \n                    <\/div>\n\t\t\n        <div class=\"banner-layers container\">\n            <div class=\"fill banner-link\"><\/div>            \t<div class=\"hotspot-wrapper x25 md-x25 lg-x25 y80 md-y80 lg-y80 dark\">\n\t\t<div data-animate=\"bounceIn\">\n\t\t\t\t\t\t\t\t<a href=\"#quick-view\" class=\"hotspot tooltip quick-view\" title=\"0495-0498 Boules de m\u00e9dailles avec poign\u00e9es\" data-prod=\"1040\" role=\"button\" aria-label=\"0495-0498 Boules de m\u00e9dailles avec poign\u00e9es\" aria-expanded=\"false\" aria-haspopup=\"dialog\" data-flatsome-role-button>\n\t\t\t\t\t\t<i class=\"icon-search\" aria-hidden=\"true\"><\/i>\t\t\t\t\t<\/a>\n\t\t\t\t\t\t\t<\/div>\n\t<\/div>\n\t\n\n        <\/div>\n      <\/div>\n\n              <div class=\"height-fix is-invisible\"><img loading=\"lazy\" decoding=\"async\" width=\"750\" height=\"500\" src=\"https:\/\/www.sideaita.it\/wp-content\/uploads\/2020\/01\/tornare-in-forma-feste-sidea-2.jpg\" class=\"attachment-original size-original\" alt=\"retour en forme du parti\" srcset=\"https:\/\/www.sideaita.it\/wp-content\/uploads\/2020\/01\/tornare-in-forma-feste-sidea-2.jpg 750w, https:\/\/www.sideaita.it\/wp-content\/uploads\/2020\/01\/tornare-in-forma-feste-sidea-2-600x400.jpg 600w, https:\/\/www.sideaita.it\/wp-content\/uploads\/2020\/01\/tornare-in-forma-feste-sidea-2-700x467.jpg 700w\" sizes=\"auto, (max-width: 750px) 100vw, 750px\" \/><\/div>\n              <\/div>\n\n\n<div align=\"justify\">\n<h3><span style=\"font-style: normal !msorm;\">P<\/span><span style=\"font-style: normal !msorm;\">Passons maintenant \u00e0 la<\/span><span style=\"font-style: normal !msorm;\">alimentation \u00e9lectrique : le <\/span><span style=\"font-style: normal !msorm;\">Le je\u00fbne apr\u00e8s les f\u00eates vous aide-t-il \u00e0 retrouver rapidement la forme ?<\/span><\/h3>\n<p>Une technique courante pour retrouver la forme apr\u00e8s les f\u00eates consiste \u00e0 s'abstenir de manger pendant des heures.<\/p>\n<p><strong>Le je\u00fbne ne vous aidera pas \u00e0 atteindre votre objectif en moins de temps.<\/strong>Au contraire, cela jouera en votre d\u00e9faveur, car cela provoquera une <strong>un d\u00e9s\u00e9quilibre m\u00e9tabolique grave<\/strong> en diminuant votre m\u00e9tabolisme de base (c'est-\u00e0-dire l'\u00e9nergie que votre corps br\u00fble au repos) et en vous donnant tr\u00e8s faim. Comme vous le savez, lorsque vous avez faim, vous avez tendance \u00e0 manger davantage d\u00e8s que vous c\u00e9dez \u00e0 la faim extr\u00eame. La recommandation est plut\u00f4t de <strong>diminuer l\u00e9g\u00e8rement l'apport calorique tout en maintenant un niveau \u00e9lev\u00e9 de sati\u00e9t\u00e9<\/strong> avec des aliments \"intelligents\" comme ceux qui sont riches en fibres, tels que <strong>l\u00e9gume<\/strong>, <strong>fruits<\/strong> e <strong>c\u00e9r\u00e9ales compl\u00e8tes<\/strong>ainsi que les aliments qui nous permettent de maintenir la sensation de sati\u00e9t\u00e9 plus longtemps, tels que les sources de prot\u00e9ines comme le <strong>poisson<\/strong> e <strong>viande<\/strong>.<\/p>\n<h3><span style=\"font-weight: normal !msorm;\">Qu'en est-il du r\u00e9gime c\u00e9tog\u00e8ne ? <\/span><\/h3>\n<p>Une autre tendance en forte croissance est celle des <strong>\u00e9liminer compl\u00e8tement les glucides<\/strong>comme s'ils \u00e9taient le diable sur notre table. <strong>Une autre tendance, une autre erreur<\/strong>! Les hydrates de carbone sont une source de nutrition n\u00e9cessaire \u00e0 notre organisme. <strong>ne peuvent et ne doivent pas manquer dans le r\u00e9gime alimentaire<\/strong>: l'espace \u00e0 <strong>les c\u00e9r\u00e9ales compl\u00e8tes, les l\u00e9gumineuses, les l\u00e9gumes fibreux et les fruits<\/strong>Ils sont des alli\u00e9s sant\u00e9 gr\u00e2ce aux fibres, aux min\u00e9raux et aux vitamines qu'ils contiennent. Ils sont \u00e9galement des compagnons d'entra\u00eenement gr\u00e2ce \u00e0 l'excellente \u00e9nergie qu'ils peuvent fournir s'ils sont consomm\u00e9s quelques heures avant une s\u00e9ance de sport.<\/p>\n<h3><span style=\"font-weight: normal !msorm;\">Le secret r\u00e9side dans l'\u00e9quilibre<\/span><\/h3>\n<p>Il n'y a qu'un seul r\u00e9gime pour retrouver la forme : celui qui consiste \u00e0 <strong>l'\u00e9quilibre entre les glucides, les lipides et les prot\u00e9ines<\/strong>par ordre de quantit\u00e9, et qui comprend \u00e9galement une <strong>une hydratation constante et prudente<\/strong>. N'oubliez jamais d'apporter une bouteille d'eau pleine \u00e0 la salle de sport, en plus d'assurer une consommation quotidienne d'environ... <strong>2 L<\/strong>bien \u00e9chelonn\u00e9s tout au long de la journ\u00e9e.<\/p>\n<\/div>\n<p><em>Article r\u00e9alis\u00e9 en collaboration avec la di\u00e9t\u00e9ticienne Valeria Verona<\/em><\/p>\n\n\t<section class=\"section\" id=\"section_138608088\">\n\t\t<div class=\"section-bg fill\" >\n\t\t\t\t\t\t\t\t\t<div class=\"section-bg-overlay absolute fill\"><\/div>\n\t\t\t\n\t<div class=\"is-border\"\n\t\tstyle=\"border-color:rgb(235, 235, 235);border-width:0px 0px 0px 0px;\">\n\t<\/div>\n\n\t\t<\/div>\n\n\t\t\n\n\t\t<div class=\"section-content relative\">\n\t\t\t\n<div class=\"row row-large align-middle align-center\"  id=\"row-418576992\">\n\n\t<div id=\"col-914559401\" class=\"col medium-6 small-12 large-6 col-divided\"  >\n\t\t\t\t<div class=\"col-inner box-shadow-2 box-shadow-5-hover\" style=\"background-color:rgb(255, 255, 255);\" >\n\t\t\t\n\t\t\t\n\t<div class=\"img has-hover x md-x lg-x y md-y lg-y\" id=\"image_1607766378\">\n\t\t\t\t\t\t\t\t<div class=\"img-inner image-overlay-remove image-cover dark\" style=\"padding-top:100%;\" data-no-translation=\"\">\n\t\t\t<img loading=\"lazy\" decoding=\"async\" width=\"888\" height=\"888\" src=\"https:\/\/www.sideaita.it\/wp-content\/uploads\/2019\/12\/sidea-matteo-zoffoli.jpg\" class=\"attachment-original size-original\" alt=\"sidea-matteo-zoffoli\" srcset=\"https:\/\/www.sideaita.it\/wp-content\/uploads\/2019\/12\/sidea-matteo-zoffoli.jpg 888w, https:\/\/www.sideaita.it\/wp-content\/uploads\/2019\/12\/sidea-matteo-zoffoli-400x400.jpg 400w, https:\/\/www.sideaita.it\/wp-content\/uploads\/2019\/12\/sidea-matteo-zoffoli-800x800.jpg 800w, https:\/\/www.sideaita.it\/wp-content\/uploads\/2019\/12\/sidea-matteo-zoffoli-300x300.jpg 300w, https:\/\/www.sideaita.it\/wp-content\/uploads\/2019\/12\/sidea-matteo-zoffoli-768x768.jpg 768w, https:\/\/www.sideaita.it\/wp-content\/uploads\/2019\/12\/sidea-matteo-zoffoli-700x700.jpg 700w, https:\/\/www.sideaita.it\/wp-content\/uploads\/2019\/12\/sidea-matteo-zoffoli-100x100.jpg 100w\" sizes=\"auto, (max-width: 888px) 100vw, 888px\" data-no-translation=\"\" \/>\t\t\t\t\t\t\t<div class=\"overlay\" style=\"background-color: rgba(0, 0, 0, 0.16)\"><\/div>\n\t\t\t\t\t\t\n\t\t\t\t\t<\/div>\n\t\t\t\t\t\t\t\t\n<style>\n#image_1607766378 {\n  width: 100%;\n}\n<\/style>\n\t<\/div>\n\t\n\t\t<\/div>\n\t\t\t\t\n<style>\n#col-914559401 > .col-inner {\n  padding: 0px 0px 0px 0px;\n  margin: 0px 0px -30px 0px;\n}\n<\/style>\n\t<\/div>\n\n\t\n\n\t<div id=\"col-726369025\" class=\"col medium-6 small-12 large-6\"  >\n\t\t\t\t<div class=\"col-inner text-center dark\"  >\n\t\t\t\n\t\t\t\n<h2 style=\"text-align: left;\"><a href=\"https:\/\/www.instagram.com\/matteozoffoli\/\">Matteo Zoffoli<\/a><\/h2>\n<ul>\n<li style=\"text-align: left;\"><em>Entra\u00eeneur sportif professionnel et expert en entra\u00eenement \u00e0 haute intensit\u00e9.<\/em><\/li>\n<li style=\"text-align: left;\"><em>Entra\u00eeneur athl\u00e9tique du Cesena Calcio pour les saisons 2015-16, 2016-17, 2017-18 avec le r\u00f4le d'entra\u00eeneur de la force et de la condition physique.<\/em><\/li>\n<li style=\"text-align: left;\"><em>Consultant en fitness pour la programmation et l'\u00e9valuation d'activit\u00e9s d'entra\u00eenement fonctionnel, la pr\u00e9paration athl\u00e9tique et le coaching en ligne.<\/em><\/li>\n<\/ul>\n<a href=\"https:\/\/www.sideaita.it\/fr\/auteur\/matteo\/\" target=\"_blank\" class=\"button primary\" rel=\"noopener\" style=\"border-radius:81px;\">\n\t\t<span>Lire les articles<\/span>\n\t<\/a>\n\n\t\t<\/div>\n\t\t\t\t\t<\/div>\n\n\t\n<\/div>\n\t\t<\/div>\n\n\t\t\n<style>\n#section_138608088 {\n  padding-top: 26px;\n  padding-bottom: 26px;\n  min-height: 0px;\n  background-color: rgb(171, 171, 171);\n}\n#section_138608088 .section-bg-overlay {\n  background-color: rgba(0, 0, 0, 0.78);\n}\n<\/style>\n\t<\/section>\n\t\n<div class=\"text-center\"><div class=\"is-divider divider clearfix\" style=\"max-width:200px;\"><\/div><\/div>\n\n  \n    <div class=\"row large-columns-4 medium-columns-3 small-columns-1 row-small row-full-width has-shadow row-box-shadow-1 slider row-slider slider-nav-reveal slider-nav-push\"  data-flickity-options='{&quot;imagesLoaded&quot;: true, &quot;groupCells&quot;: &quot;100%&quot;, &quot;dragThreshold&quot; : 5, &quot;cellAlign&quot;: &quot;left&quot;,&quot;wrapAround&quot;: true,&quot;prevNextButtons&quot;: true,&quot;percentPosition&quot;: true,&quot;pageDots&quot;: false, &quot;rightToLeft&quot;: false, &quot;autoPlay&quot; : 7000}' >\n\n  <div class=\"col post-item\" >\n\t\t\t<div class=\"col-inner\">\n\t\t\t\t<div class=\"box box-normal box-text-bottom box-blog-post has-hover\">\n            \t\t\t\t\t<div class=\"box-image\" >\n  \t\t\t\t\t\t<div class=\"image-color image-overlay-remove image-cover\" style=\"padding-top:144%;\">\n\t\t\t\t\t\t\t<a href=\"https:\/\/www.sideaita.it\/fr\/2026\/06\/30\/agilita-delite-perche-cambiare-direzione-non-e-solo-una-questione-di-forza\/\" class=\"plain\" aria-label=\"Agilit\u00e9 d&#039;\u00e9lite : pourquoi changer de direction n&#039;est pas seulement une question de force\">\n\t\t\t\t\t\t\t\t<img loading=\"lazy\" decoding=\"async\" width=\"711\" height=\"400\" src=\"https:\/\/www.sideaita.it\/wp-content\/uploads\/2026\/06\/sidea-stiffness-agilita-preparazione-atletica-strength-and-conditioning-calcio-training-1-711x400.jpg\" class=\"attachment-medium size-medium wp-post-image\" alt=\"sidea raideur agilit\u00e9 pr\u00e9paration physique force et conditionnement football entra\u00eenement 1\" srcset=\"https:\/\/www.sideaita.it\/wp-content\/uploads\/2026\/06\/sidea-stiffness-agilita-preparazione-atletica-strength-and-conditioning-calcio-training-1-711x400.jpg 711w, https:\/\/www.sideaita.it\/wp-content\/uploads\/2026\/06\/sidea-stiffness-agilita-preparazione-atletica-strength-and-conditioning-calcio-training-1-1400x788.jpg 1400w, https:\/\/www.sideaita.it\/wp-content\/uploads\/2026\/06\/sidea-stiffness-agilita-preparazione-atletica-strength-and-conditioning-calcio-training-1-768x432.jpg 768w, https:\/\/www.sideaita.it\/wp-content\/uploads\/2026\/06\/sidea-stiffness-agilita-preparazione-atletica-strength-and-conditioning-calcio-training-1-1536x864.jpg 1536w, https:\/\/www.sideaita.it\/wp-content\/uploads\/2026\/06\/sidea-stiffness-agilita-preparazione-atletica-strength-and-conditioning-calcio-training-1-18x10.jpg 18w, https:\/\/www.sideaita.it\/wp-content\/uploads\/2026\/06\/sidea-stiffness-agilita-preparazione-atletica-strength-and-conditioning-calcio-training-1-700x394.jpg 700w, https:\/\/www.sideaita.it\/wp-content\/uploads\/2026\/06\/sidea-stiffness-agilita-preparazione-atletica-strength-and-conditioning-calcio-training-1.jpg 1920w\" sizes=\"auto, (max-width: 711px) 100vw, 711px\" \/>\t\t\t\t\t\t\t<\/a>\n  \t\t\t\t\t\t\t<div class=\"overlay\" style=\"background-color: rgba(0, 0, 0, 0.56)\"><\/div>  \t\t\t\t\t\t\t  \t\t\t\t\t\t<\/div>\n  \t\t\t\t\t\t  \t\t\t\t\t<\/div>\n          \t\t\t\t\t<div class=\"box-text text-center\" >\n\t\t\t\t\t<div class=\"box-text-inner blog-post-inner\">\n\n\t\t\t\t\t\n\t\t\t\t\t\t\t\t\t\t<h5 class=\"post-title is-smaller uppercase\">\n\t\t\t\t\t\t<a href=\"https:\/\/www.sideaita.it\/fr\/2026\/06\/30\/agilita-delite-perche-cambiare-direzione-non-e-solo-una-questione-di-forza\/\" class=\"plain\">Agilit\u00e9 d'\u00e9lite : pourquoi changer de direction n'est pas seulement une question de force<\/a>\n\t\t\t\t\t<\/h5>\n\t\t\t\t\t<div class=\"post-meta is-small op-8\">30 juin 2026<\/div>\t\t\t\t\t<div class=\"is-divider\"><\/div>\n\t\t\t\t\t                    \n\t\t\t\t\t\t\t\t\t\t\t<a href=\"https:\/\/www.sideaita.it\/fr\/2026\/06\/30\/agilita-delite-perche-cambiare-direzione-non-e-solo-una-questione-di-forza\/\" class=\"button  is-outline is-small mb-0\">\n\t\t\t\t\t\t\tLire\t\t\t\t\t\t<\/a>\n\t\t\t\t\t\n\t\t\t\t\t\n\t\t\t\t\t<\/div>\n\t\t\t\t\t<\/div>\n\t\t\t\t\t\t\t\t\t<\/div>\n\t\t\t<\/div>\n\t\t<\/div><div class=\"col post-item\" >\n\t\t\t<div class=\"col-inner\">\n\t\t\t\t<div class=\"box box-normal box-text-bottom box-blog-post has-hover\">\n            \t\t\t\t\t<div class=\"box-image\" >\n  \t\t\t\t\t\t<div class=\"image-color image-overlay-remove image-cover\" style=\"padding-top:144%;\">\n\t\t\t\t\t\t\t<a href=\"https:\/\/www.sideaita.it\/fr\/2026\/05\/15\/ipertrofia-e-forza-essere-piu-muscolosi-significa-davvero-essere-piu-forti\/\" class=\"plain\" aria-label=\"Hypertrophie et force : \u00eatre plus muscl\u00e9 signifie-t-il vraiment \u00eatre plus fort ?\">\n\t\t\t\t\t\t\t\t<img loading=\"lazy\" decoding=\"async\" width=\"711\" height=\"400\" src=\"https:\/\/www.sideaita.it\/wp-content\/uploads\/2026\/02\/Sidea-summit-of-strength-strongfirst-fabio-zonin-1-711x400.jpg\" class=\"attachment-medium size-medium wp-post-image\" alt=\"Sidea summit of strength strongfirst fabio zonin conference stage 1\" srcset=\"https:\/\/www.sideaita.it\/wp-content\/uploads\/2026\/02\/Sidea-summit-of-strength-strongfirst-fabio-zonin-1-711x400.jpg 711w, https:\/\/www.sideaita.it\/wp-content\/uploads\/2026\/02\/Sidea-summit-of-strength-strongfirst-fabio-zonin-1-1400x788.jpg 1400w, https:\/\/www.sideaita.it\/wp-content\/uploads\/2026\/02\/Sidea-summit-of-strength-strongfirst-fabio-zonin-1-768x432.jpg 768w, https:\/\/www.sideaita.it\/wp-content\/uploads\/2026\/02\/Sidea-summit-of-strength-strongfirst-fabio-zonin-1-1536x864.jpg 1536w, https:\/\/www.sideaita.it\/wp-content\/uploads\/2026\/02\/Sidea-summit-of-strength-strongfirst-fabio-zonin-1-18x10.jpg 18w, https:\/\/www.sideaita.it\/wp-content\/uploads\/2026\/02\/Sidea-summit-of-strength-strongfirst-fabio-zonin-1-700x394.jpg 700w, https:\/\/www.sideaita.it\/wp-content\/uploads\/2026\/02\/Sidea-summit-of-strength-strongfirst-fabio-zonin-1.jpg 1920w\" sizes=\"auto, (max-width: 711px) 100vw, 711px\" \/>\t\t\t\t\t\t\t<\/a>\n  \t\t\t\t\t\t\t<div class=\"overlay\" style=\"background-color: rgba(0, 0, 0, 0.56)\"><\/div>  \t\t\t\t\t\t\t  \t\t\t\t\t\t<\/div>\n  \t\t\t\t\t\t  \t\t\t\t\t<\/div>\n          \t\t\t\t\t<div class=\"box-text text-center\" >\n\t\t\t\t\t<div class=\"box-text-inner blog-post-inner\">\n\n\t\t\t\t\t\n\t\t\t\t\t\t\t\t\t\t<h5 class=\"post-title is-smaller uppercase\">\n\t\t\t\t\t\t<a href=\"https:\/\/www.sideaita.it\/fr\/2026\/05\/15\/ipertrofia-e-forza-essere-piu-muscolosi-significa-davvero-essere-piu-forti\/\" class=\"plain\">Hypertrophie et force : \u00eatre plus muscl\u00e9 signifie-t-il vraiment \u00eatre plus fort ?<\/a>\n\t\t\t\t\t<\/h5>\n\t\t\t\t\t<div class=\"post-meta is-small op-8\">15 mai 2026<\/div>\t\t\t\t\t<div class=\"is-divider\"><\/div>\n\t\t\t\t\t                    \n\t\t\t\t\t\t\t\t\t\t\t<a href=\"https:\/\/www.sideaita.it\/fr\/2026\/05\/15\/ipertrofia-e-forza-essere-piu-muscolosi-significa-davvero-essere-piu-forti\/\" class=\"button  is-outline is-small mb-0\">\n\t\t\t\t\t\t\tLire\t\t\t\t\t\t<\/a>\n\t\t\t\t\t\n\t\t\t\t\t\n\t\t\t\t\t<\/div>\n\t\t\t\t\t<\/div>\n\t\t\t\t\t\t\t\t\t<\/div>\n\t\t\t<\/div>\n\t\t<\/div><div class=\"col post-item\" >\n\t\t\t<div class=\"col-inner\">\n\t\t\t\t<div class=\"box box-normal box-text-bottom box-blog-post has-hover\">\n            \t\t\t\t\t<div class=\"box-image\" >\n  \t\t\t\t\t\t<div class=\"image-color image-overlay-remove image-cover\" style=\"padding-top:144%;\">\n\t\t\t\t\t\t\t<a href=\"https:\/\/www.sideaita.it\/fr\/2026\/04\/02\/guida-pratica-per-preparare-la-tua-prima-gara-hyrox\/\" class=\"plain\" aria-label=\"Guide pratique pour la pr\u00e9paration de votre premi\u00e8re course HYROX\">\n\t\t\t\t\t\t\t\t<img loading=\"lazy\" decoding=\"async\" width=\"711\" height=\"400\" src=\"https:\/\/www.sideaita.it\/wp-content\/uploads\/2026\/03\/Sidea-push-sled-hyrox-functional-training-711x400.jpg\" class=\"attachment-medium size-medium wp-post-image\" alt=\"\u00c9quipement de fitness professionnel pour un entra\u00eenement de haute intensit\u00e9, id\u00e9al pour am\u00e9liorer la force et l&#039;endurance.\" srcset=\"https:\/\/www.sideaita.it\/wp-content\/uploads\/2026\/03\/Sidea-push-sled-hyrox-functional-training-711x400.jpg 711w, https:\/\/www.sideaita.it\/wp-content\/uploads\/2026\/03\/Sidea-push-sled-hyrox-functional-training-1400x788.jpg 1400w, https:\/\/www.sideaita.it\/wp-content\/uploads\/2026\/03\/Sidea-push-sled-hyrox-functional-training-768x432.jpg 768w, https:\/\/www.sideaita.it\/wp-content\/uploads\/2026\/03\/Sidea-push-sled-hyrox-functional-training-1536x864.jpg 1536w, https:\/\/www.sideaita.it\/wp-content\/uploads\/2026\/03\/Sidea-push-sled-hyrox-functional-training-18x10.jpg 18w, https:\/\/www.sideaita.it\/wp-content\/uploads\/2026\/03\/Sidea-push-sled-hyrox-functional-training-700x394.jpg 700w, https:\/\/www.sideaita.it\/wp-content\/uploads\/2026\/03\/Sidea-push-sled-hyrox-functional-training.jpg 1920w\" sizes=\"auto, (max-width: 711px) 100vw, 711px\" \/>\t\t\t\t\t\t\t<\/a>\n  \t\t\t\t\t\t\t<div class=\"overlay\" style=\"background-color: rgba(0, 0, 0, 0.56)\"><\/div>  \t\t\t\t\t\t\t  \t\t\t\t\t\t<\/div>\n  \t\t\t\t\t\t  \t\t\t\t\t<\/div>\n          \t\t\t\t\t<div class=\"box-text text-center\" >\n\t\t\t\t\t<div class=\"box-text-inner blog-post-inner\">\n\n\t\t\t\t\t\n\t\t\t\t\t\t\t\t\t\t<h5 class=\"post-title is-smaller uppercase\">\n\t\t\t\t\t\t<a href=\"https:\/\/www.sideaita.it\/fr\/2026\/04\/02\/guida-pratica-per-preparare-la-tua-prima-gara-hyrox\/\" class=\"plain\">Guide pratique pour la pr\u00e9paration de votre premi\u00e8re course HYROX<\/a>\n\t\t\t\t\t<\/h5>\n\t\t\t\t\t<div class=\"post-meta is-small op-8\">2 avril 2026<\/div>\t\t\t\t\t<div class=\"is-divider\"><\/div>\n\t\t\t\t\t                    \n\t\t\t\t\t\t\t\t\t\t\t<a href=\"https:\/\/www.sideaita.it\/fr\/2026\/04\/02\/guida-pratica-per-preparare-la-tua-prima-gara-hyrox\/\" class=\"button  is-outline is-small mb-0\">\n\t\t\t\t\t\t\tLire\t\t\t\t\t\t<\/a>\n\t\t\t\t\t\n\t\t\t\t\t\n\t\t\t\t\t<\/div>\n\t\t\t\t\t<\/div>\n\t\t\t\t\t\t\t\t\t<\/div>\n\t\t\t<\/div>\n\t\t<\/div><div class=\"col post-item\" >\n\t\t\t<div class=\"col-inner\">\n\t\t\t\t<div class=\"box box-normal box-text-bottom box-blog-post has-hover\">\n            \t\t\t\t\t<div class=\"box-image\" >\n  \t\t\t\t\t\t<div class=\"image-color image-overlay-remove image-cover\" style=\"padding-top:144%;\">\n\t\t\t\t\t\t\t<a href=\"https:\/\/www.sideaita.it\/fr\/2026\/03\/20\/guida-hyrox-nutrizione-e-fisiologia-della-performance-ibrida-by-sidea\/\" class=\"plain\" aria-label=\"Guide HYROX : Nutrition et physiologie de la performance hybride par Sidea\">\n\t\t\t\t\t\t\t\t<img loading=\"lazy\" decoding=\"async\" width=\"711\" height=\"400\" src=\"https:\/\/www.sideaita.it\/wp-content\/uploads\/2025\/05\/stand-fibo-colonia-2025-push-sled-711x400.jpg\" class=\"attachment-medium size-medium wp-post-image\" alt=\"fibo stand cologne 2025 push sled\" srcset=\"https:\/\/www.sideaita.it\/wp-content\/uploads\/2025\/05\/stand-fibo-colonia-2025-push-sled-711x400.jpg 711w, https:\/\/www.sideaita.it\/wp-content\/uploads\/2025\/05\/stand-fibo-colonia-2025-push-sled-1400x788.jpg 1400w, https:\/\/www.sideaita.it\/wp-content\/uploads\/2025\/05\/stand-fibo-colonia-2025-push-sled-768x432.jpg 768w, https:\/\/www.sideaita.it\/wp-content\/uploads\/2025\/05\/stand-fibo-colonia-2025-push-sled-1536x864.jpg 1536w, https:\/\/www.sideaita.it\/wp-content\/uploads\/2025\/05\/stand-fibo-colonia-2025-push-sled-700x394.jpg 700w, https:\/\/www.sideaita.it\/wp-content\/uploads\/2025\/05\/stand-fibo-colonia-2025-push-sled.jpg 1920w\" sizes=\"auto, (max-width: 711px) 100vw, 711px\" \/>\t\t\t\t\t\t\t<\/a>\n  \t\t\t\t\t\t\t<div class=\"overlay\" style=\"background-color: rgba(0, 0, 0, 0.56)\"><\/div>  \t\t\t\t\t\t\t  \t\t\t\t\t\t<\/div>\n  \t\t\t\t\t\t  \t\t\t\t\t<\/div>\n          \t\t\t\t\t<div class=\"box-text text-center\" >\n\t\t\t\t\t<div class=\"box-text-inner blog-post-inner\">\n\n\t\t\t\t\t\n\t\t\t\t\t\t\t\t\t\t<h5 class=\"post-title is-smaller uppercase\">\n\t\t\t\t\t\t<a href=\"https:\/\/www.sideaita.it\/fr\/2026\/03\/20\/guida-hyrox-nutrizione-e-fisiologia-della-performance-ibrida-by-sidea\/\" class=\"plain\">Guide HYROX : Nutrition et physiologie de la performance hybride par Sidea<\/a>\n\t\t\t\t\t<\/h5>\n\t\t\t\t\t<div class=\"post-meta is-small op-8\">20 mars 2026<\/div>\t\t\t\t\t<div class=\"is-divider\"><\/div>\n\t\t\t\t\t                    \n\t\t\t\t\t\t\t\t\t\t\t<a href=\"https:\/\/www.sideaita.it\/fr\/2026\/03\/20\/guida-hyrox-nutrizione-e-fisiologia-della-performance-ibrida-by-sidea\/\" class=\"button  is-outline is-small mb-0\">\n\t\t\t\t\t\t\tLire\t\t\t\t\t\t<\/a>\n\t\t\t\t\t\n\t\t\t\t\t\n\t\t\t\t\t<\/div>\n\t\t\t\t\t<\/div>\n\t\t\t\t\t\t\t\t\t<\/div>\n\t\t\t<\/div>\n\t\t<\/div><div class=\"col post-item\" >\n\t\t\t<div class=\"col-inner\">\n\t\t\t\t<div class=\"box box-normal box-text-bottom box-blog-post has-hover\">\n            \t\t\t\t\t<div class=\"box-image\" >\n  \t\t\t\t\t\t<div class=\"image-color image-overlay-remove image-cover\" style=\"padding-top:144%;\">\n\t\t\t\t\t\t\t<a href=\"https:\/\/www.sideaita.it\/fr\/2026\/02\/20\/panca-a-terra-con-braccio-teso-e-flesso\/\" class=\"plain\" aria-label=\"Force du bras fl\u00e9chi et force du bras droit\">\n\t\t\t\t\t\t\t\t<img loading=\"lazy\" decoding=\"async\" width=\"711\" height=\"400\" src=\"https:\/\/www.sideaita.it\/wp-content\/uploads\/2026\/02\/Sidea-summit-of-strength-strongfirst-Serena-conferenza-10-711x400.jpg\" class=\"attachment-medium size-medium wp-post-image\" alt=\"Sidea sommet de la force strongfirst Serena conf\u00e9rence 10\" srcset=\"https:\/\/www.sideaita.it\/wp-content\/uploads\/2026\/02\/Sidea-summit-of-strength-strongfirst-Serena-conferenza-10-711x400.jpg 711w, https:\/\/www.sideaita.it\/wp-content\/uploads\/2026\/02\/Sidea-summit-of-strength-strongfirst-Serena-conferenza-10-1400x788.jpg 1400w, https:\/\/www.sideaita.it\/wp-content\/uploads\/2026\/02\/Sidea-summit-of-strength-strongfirst-Serena-conferenza-10-768x432.jpg 768w, https:\/\/www.sideaita.it\/wp-content\/uploads\/2026\/02\/Sidea-summit-of-strength-strongfirst-Serena-conferenza-10-1536x864.jpg 1536w, https:\/\/www.sideaita.it\/wp-content\/uploads\/2026\/02\/Sidea-summit-of-strength-strongfirst-Serena-conferenza-10-18x10.jpg 18w, https:\/\/www.sideaita.it\/wp-content\/uploads\/2026\/02\/Sidea-summit-of-strength-strongfirst-Serena-conferenza-10-700x394.jpg 700w, https:\/\/www.sideaita.it\/wp-content\/uploads\/2026\/02\/Sidea-summit-of-strength-strongfirst-Serena-conferenza-10.jpg 1920w\" sizes=\"auto, (max-width: 711px) 100vw, 711px\" \/>\t\t\t\t\t\t\t<\/a>\n  \t\t\t\t\t\t\t<div class=\"overlay\" style=\"background-color: rgba(0, 0, 0, 0.56)\"><\/div>  \t\t\t\t\t\t\t  \t\t\t\t\t\t<\/div>\n  \t\t\t\t\t\t  \t\t\t\t\t<\/div>\n          \t\t\t\t\t<div class=\"box-text text-center\" >\n\t\t\t\t\t<div class=\"box-text-inner blog-post-inner\">\n\n\t\t\t\t\t\n\t\t\t\t\t\t\t\t\t\t<h5 class=\"post-title is-smaller uppercase\">\n\t\t\t\t\t\t<a href=\"https:\/\/www.sideaita.it\/fr\/2026\/02\/20\/panca-a-terra-con-braccio-teso-e-flesso\/\" class=\"plain\">Force du bras fl\u00e9chi et force du bras droit<\/a>\n\t\t\t\t\t<\/h5>\n\t\t\t\t\t<div class=\"post-meta is-small op-8\">20 f\u00e9vrier 2026<\/div>\t\t\t\t\t<div class=\"is-divider\"><\/div>\n\t\t\t\t\t                    \n\t\t\t\t\t\t\t\t\t\t\t<a href=\"https:\/\/www.sideaita.it\/fr\/2026\/02\/20\/panca-a-terra-con-braccio-teso-e-flesso\/\" class=\"button  is-outline is-small mb-0\">\n\t\t\t\t\t\t\tLire\t\t\t\t\t\t<\/a>\n\t\t\t\t\t\n\t\t\t\t\t\n\t\t\t\t\t<\/div>\n\t\t\t\t\t<\/div>\n\t\t\t\t\t\t\t\t\t<\/div>\n\t\t\t<\/div>\n\t\t<\/div><div class=\"col post-item\" >\n\t\t\t<div class=\"col-inner\">\n\t\t\t\t<div class=\"box box-normal box-text-bottom box-blog-post has-hover\">\n            \t\t\t\t\t<div class=\"box-image\" >\n  \t\t\t\t\t\t<div class=\"image-color image-overlay-remove image-cover\" style=\"padding-top:144%;\">\n\t\t\t\t\t\t\t<a href=\"https:\/\/www.sideaita.it\/fr\/2026\/01\/16\/functional-training-dalle-origini-alla-scienza-del-movimento\/\" class=\"plain\" aria-label=\"L&#039;entra\u00eenement fonctionnel : des origines \u00e0 la science du mouvement\">\n\t\t\t\t\t\t\t\t<img loading=\"lazy\" decoding=\"async\" width=\"711\" height=\"400\" src=\"https:\/\/www.sideaita.it\/wp-content\/uploads\/2025\/07\/outrace-per-blog-sidea-leader-italiano-nellallenamento-funzionale-dal-design-alla-realizzazione-11-711x400.jpg\" class=\"attachment-medium size-medium wp-post-image\" alt=\"outrace for blog sidea leader italien de l&#039;entra\u00eenement fonctionnel - de la conception \u00e0 la r\u00e9alisation (11)\" srcset=\"https:\/\/www.sideaita.it\/wp-content\/uploads\/2025\/07\/outrace-per-blog-sidea-leader-italiano-nellallenamento-funzionale-dal-design-alla-realizzazione-11-711x400.jpg 711w, https:\/\/www.sideaita.it\/wp-content\/uploads\/2025\/07\/outrace-per-blog-sidea-leader-italiano-nellallenamento-funzionale-dal-design-alla-realizzazione-11-1400x788.jpg 1400w, https:\/\/www.sideaita.it\/wp-content\/uploads\/2025\/07\/outrace-per-blog-sidea-leader-italiano-nellallenamento-funzionale-dal-design-alla-realizzazione-11-768x432.jpg 768w, https:\/\/www.sideaita.it\/wp-content\/uploads\/2025\/07\/outrace-per-blog-sidea-leader-italiano-nellallenamento-funzionale-dal-design-alla-realizzazione-11-1536x864.jpg 1536w, https:\/\/www.sideaita.it\/wp-content\/uploads\/2025\/07\/outrace-per-blog-sidea-leader-italiano-nellallenamento-funzionale-dal-design-alla-realizzazione-11-18x10.jpg 18w, https:\/\/www.sideaita.it\/wp-content\/uploads\/2025\/07\/outrace-per-blog-sidea-leader-italiano-nellallenamento-funzionale-dal-design-alla-realizzazione-11-700x394.jpg 700w, https:\/\/www.sideaita.it\/wp-content\/uploads\/2025\/07\/outrace-per-blog-sidea-leader-italiano-nellallenamento-funzionale-dal-design-alla-realizzazione-11.jpg 1920w\" sizes=\"auto, (max-width: 711px) 100vw, 711px\" \/>\t\t\t\t\t\t\t<\/a>\n  \t\t\t\t\t\t\t<div class=\"overlay\" style=\"background-color: rgba(0, 0, 0, 0.56)\"><\/div>  \t\t\t\t\t\t\t  \t\t\t\t\t\t<\/div>\n  \t\t\t\t\t\t  \t\t\t\t\t<\/div>\n          \t\t\t\t\t<div class=\"box-text text-center\" >\n\t\t\t\t\t<div class=\"box-text-inner blog-post-inner\">\n\n\t\t\t\t\t\n\t\t\t\t\t\t\t\t\t\t<h5 class=\"post-title is-smaller uppercase\">\n\t\t\t\t\t\t<a href=\"https:\/\/www.sideaita.it\/fr\/2026\/01\/16\/functional-training-dalle-origini-alla-scienza-del-movimento\/\" class=\"plain\">L'entra\u00eenement fonctionnel : des origines \u00e0 la science du mouvement<\/a>\n\t\t\t\t\t<\/h5>\n\t\t\t\t\t<div class=\"post-meta is-small op-8\">16 janvier 2026<\/div>\t\t\t\t\t<div class=\"is-divider\"><\/div>\n\t\t\t\t\t                    \n\t\t\t\t\t\t\t\t\t\t\t<a href=\"https:\/\/www.sideaita.it\/fr\/2026\/01\/16\/functional-training-dalle-origini-alla-scienza-del-movimento\/\" class=\"button  is-outline is-small mb-0\">\n\t\t\t\t\t\t\tLire\t\t\t\t\t\t<\/a>\n\t\t\t\t\t\n\t\t\t\t\t\n\t\t\t\t\t<\/div>\n\t\t\t\t\t<\/div>\n\t\t\t\t\t\t\t\t\t<\/div>\n\t\t\t<\/div>\n\t\t<\/div><div class=\"col post-item\" >\n\t\t\t<div class=\"col-inner\">\n\t\t\t\t<div class=\"box box-normal box-text-bottom box-blog-post has-hover\">\n            \t\t\t\t\t<div class=\"box-image\" >\n  \t\t\t\t\t\t<div class=\"image-color image-overlay-remove image-cover\" style=\"padding-top:144%;\">\n\t\t\t\t\t\t\t<a href=\"https:\/\/www.sideaita.it\/fr\/2025\/12\/30\/total-core-pin-training-la-scienza-della-forza-rotazionale-e-della-performance-3d\/\" class=\"plain\" aria-label=\"Total-core pin Training : Science de la force de rotation et de la performance 3D\">\n\t\t\t\t\t\t\t\t<img loading=\"lazy\" decoding=\"async\" width=\"600\" height=\"400\" src=\"https:\/\/www.sideaita.it\/wp-content\/uploads\/2021\/07\/9029-Total-Core-Pin-copertina-600x400.jpg\" class=\"attachment-medium size-medium wp-post-image\" alt=\"Total-core-pin-barbell-lever-landmine-landminer-weight-lifting-core-training-strength-training-landmine-press-barbell\" srcset=\"https:\/\/www.sideaita.it\/wp-content\/uploads\/2021\/07\/9029-Total-Core-Pin-copertina-600x400.jpg 600w, https:\/\/www.sideaita.it\/wp-content\/uploads\/2021\/07\/9029-Total-Core-Pin-copertina-1200x800.jpg 1200w, https:\/\/www.sideaita.it\/wp-content\/uploads\/2021\/07\/9029-Total-Core-Pin-copertina-768x512.jpg 768w, https:\/\/www.sideaita.it\/wp-content\/uploads\/2021\/07\/9029-Total-Core-Pin-copertina-1536x1024.jpg 1536w, https:\/\/www.sideaita.it\/wp-content\/uploads\/2021\/07\/9029-Total-Core-Pin-copertina-700x467.jpg 700w, https:\/\/www.sideaita.it\/wp-content\/uploads\/2021\/07\/9029-Total-Core-Pin-copertina.jpg 2000w\" sizes=\"auto, (max-width: 600px) 100vw, 600px\" \/>\t\t\t\t\t\t\t<\/a>\n  \t\t\t\t\t\t\t<div class=\"overlay\" style=\"background-color: rgba(0, 0, 0, 0.56)\"><\/div>  \t\t\t\t\t\t\t  \t\t\t\t\t\t<\/div>\n  \t\t\t\t\t\t  \t\t\t\t\t<\/div>\n          \t\t\t\t\t<div class=\"box-text text-center\" >\n\t\t\t\t\t<div class=\"box-text-inner blog-post-inner\">\n\n\t\t\t\t\t\n\t\t\t\t\t\t\t\t\t\t<h5 class=\"post-title is-smaller uppercase\">\n\t\t\t\t\t\t<a href=\"https:\/\/www.sideaita.it\/fr\/2025\/12\/30\/total-core-pin-training-la-scienza-della-forza-rotazionale-e-della-performance-3d\/\" class=\"plain\">Total-core pin Training : Science de la force de rotation et de la performance 3D<\/a>\n\t\t\t\t\t<\/h5>\n\t\t\t\t\t<div class=\"post-meta is-small op-8\">30 d\u00e9cembre 2025<\/div>\t\t\t\t\t<div class=\"is-divider\"><\/div>\n\t\t\t\t\t                    \n\t\t\t\t\t\t\t\t\t\t\t<a href=\"https:\/\/www.sideaita.it\/fr\/2025\/12\/30\/total-core-pin-training-la-scienza-della-forza-rotazionale-e-della-performance-3d\/\" class=\"button  is-outline is-small mb-0\">\n\t\t\t\t\t\t\tLire\t\t\t\t\t\t<\/a>\n\t\t\t\t\t\n\t\t\t\t\t\n\t\t\t\t\t<\/div>\n\t\t\t\t\t<\/div>\n\t\t\t\t\t\t\t\t\t<\/div>\n\t\t\t<\/div>\n\t\t<\/div><div class=\"col post-item\" >\n\t\t\t<div class=\"col-inner\">\n\t\t\t\t<div class=\"box box-normal box-text-bottom box-blog-post has-hover\">\n            \t\t\t\t\t<div class=\"box-image\" >\n  \t\t\t\t\t\t<div class=\"image-color image-overlay-remove image-cover\" style=\"padding-top:144%;\">\n\t\t\t\t\t\t\t<a href=\"https:\/\/www.sideaita.it\/fr\/2025\/10\/24\/dalla-romagna-al-podio-mondiale-la-rivincita-di-ferro-di-sofia-gatta\/\" class=\"plain\" aria-label=\"De la Romagne au podium mondial : le renouveau du fer de Sofia Gatta\">\n\t\t\t\t\t\t\t\t<img loading=\"lazy\" decoding=\"async\" width=\"711\" height=\"400\" src=\"https:\/\/www.sideaita.it\/wp-content\/uploads\/2025\/10\/sofia-con-medaglie-711x400.jpg\" class=\"attachment-medium size-medium wp-post-image\" alt=\"sofia avec des m\u00e9dailles\" srcset=\"https:\/\/www.sideaita.it\/wp-content\/uploads\/2025\/10\/sofia-con-medaglie-711x400.jpg 711w, https:\/\/www.sideaita.it\/wp-content\/uploads\/2025\/10\/sofia-con-medaglie-1400x788.jpg 1400w, https:\/\/www.sideaita.it\/wp-content\/uploads\/2025\/10\/sofia-con-medaglie-768x432.jpg 768w, https:\/\/www.sideaita.it\/wp-content\/uploads\/2025\/10\/sofia-con-medaglie-1536x864.jpg 1536w, https:\/\/www.sideaita.it\/wp-content\/uploads\/2025\/10\/sofia-con-medaglie-18x10.jpg 18w, https:\/\/www.sideaita.it\/wp-content\/uploads\/2025\/10\/sofia-con-medaglie-700x394.jpg 700w, https:\/\/www.sideaita.it\/wp-content\/uploads\/2025\/10\/sofia-con-medaglie.jpg 1920w\" sizes=\"auto, (max-width: 711px) 100vw, 711px\" \/>\t\t\t\t\t\t\t<\/a>\n  \t\t\t\t\t\t\t<div class=\"overlay\" style=\"background-color: rgba(0, 0, 0, 0.56)\"><\/div>  \t\t\t\t\t\t\t  \t\t\t\t\t\t<\/div>\n  \t\t\t\t\t\t  \t\t\t\t\t<\/div>\n          \t\t\t\t\t<div class=\"box-text text-center\" >\n\t\t\t\t\t<div class=\"box-text-inner blog-post-inner\">\n\n\t\t\t\t\t\n\t\t\t\t\t\t\t\t\t\t<h5 class=\"post-title is-smaller uppercase\">\n\t\t\t\t\t\t<a href=\"https:\/\/www.sideaita.it\/fr\/2025\/10\/24\/dalla-romagna-al-podio-mondiale-la-rivincita-di-ferro-di-sofia-gatta\/\" class=\"plain\">De la Romagne au podium mondial : le renouveau du fer de Sofia Gatta<\/a>\n\t\t\t\t\t<\/h5>\n\t\t\t\t\t<div class=\"post-meta is-small op-8\">24 octobre 2025<\/div>\t\t\t\t\t<div class=\"is-divider\"><\/div>\n\t\t\t\t\t                    \n\t\t\t\t\t\t\t\t\t\t\t<a href=\"https:\/\/www.sideaita.it\/fr\/2025\/10\/24\/dalla-romagna-al-podio-mondiale-la-rivincita-di-ferro-di-sofia-gatta\/\" class=\"button  is-outline is-small mb-0\">\n\t\t\t\t\t\t\tLire\t\t\t\t\t\t<\/a>\n\t\t\t\t\t\n\t\t\t\t\t\n\t\t\t\t\t<\/div>\n\t\t\t\t\t<\/div>\n\t\t\t\t\t\t\t\t\t<\/div>\n\t\t\t<\/div>\n\t\t<\/div><\/div>\n\n  <div class=\"banner has-hover\" id=\"banner-1005020599\">\n          <div class=\"banner-inner fill\">\n        <div class=\"banner-bg fill\" >\n            <img loading=\"lazy\" decoding=\"async\" width=\"1020\" height=\"319\" src=\"https:\/\/www.sideaita.it\/wp-content\/uploads\/2024\/02\/COPERTINA-MAILING-DISCHI-DA-PL-2--1400x438.jpg\" class=\"bg attachment-large size-large\" alt=\"DISQUES D&#039;ENVOI DE COUVERTURE DE LA PL 2\" \/>                        <div class=\"overlay\"><\/div>            \n                    <\/div>\n\t\t\n        <div class=\"banner-layers container\">\n            <div class=\"fill banner-link\"><\/div>            \n   <div id=\"text-box-1162545320\" class=\"text-box banner-layer x50 md-x50 lg-x50 y50 md-y50 lg-y50 res-text\">\n                                <div class=\"text-box-content text dark\">\n              \n              <div class=\"text-inner text-center\">\n                  \n\t<div id=\"text-40472596\" class=\"text\">\n\t\t\n<p><strong>LETTRE D'INFORMATION SIDEA<\/strong><\/p>\n<p>Inscrivez-vous \u00e0 notre lettre d'information pour recevoir des nouvelles, des promotions et des informations sur le monde de Sidea.<br \/>\n\t\t\n<style>\n#text-40472596 {\n  font-size: 1.45rem;\n  line-height: 1.25;\n}\n<\/style>\n\t<\/div>\n\t\n<a href=\"http:\/\/eepurl.com\/iD9wQo\" class=\"button white is-outline is-large\" style=\"border-radius:26px;\">\n\t\t<span>JOINDRE<\/span>\n\t<\/a>\n\n              <\/div>\n           <\/div>\n                            \n<style>\n#text-box-1162545320 {\n  width: 60%;\n}\n#text-box-1162545320 .text-box-content {\n  font-size: 100%;\n}\n<\/style>\n    <\/div>\n \n        <\/div>\n      <\/div>\n\n            \n<style>\n#banner-1005020599 {\n  padding-top: 300px;\n  background-color: rgb(0, 0, 0);\n}\n#banner-1005020599 .overlay {\n  background-color: rgba(0, 0, 0, 0.669);\n}\n<\/style>\n  <\/div>","protected":false},"excerpt":{"rendered":"<p>Un r\u00e9gime strict ou des cours de fitness ne suffisent pas : pour retrouver la forme apr\u00e8s les f\u00eates, il faut s'entra\u00eener r\u00e9guli\u00e8rement et changer de mode de vie.<\/p>","protected":false},"author":5,"featured_media":65958,"comment_status":"open","ping_status":"open","sticky":false,"template":"","format":"standard","meta":{"footnotes":""},"categories":[5190],"tags":[],"class_list":["post-65954","post","type-post","status-publish","format-standard","has-post-thumbnail","hentry","category-lifestyle"],"yoast_head":"<!-- This site is optimized with the Yoast SEO Premium plugin v28.1 (Yoast SEO v28.1) - https:\/\/yoast.com\/product\/yoast-seo-premium-wordpress\/ -->\n<title>Allenamento e alimentazione: come tornare in forma dopo le feste - Sidea<\/title>\n<meta name=\"description\" content=\"Dieta ferrea o corsi di fitness da soli non bastano: per tornare in forma dopo le feste occorre allenarsi con costanza e modificare il proprio stile di vita\" \/>\n<meta name=\"robots\" content=\"index, follow, max-snippet:-1, max-image-preview:large, max-video-preview:-1\" \/>\n<link rel=\"canonical\" href=\"https:\/\/www.sideaita.it\/fr\/2020\/01\/21\/entrainement-nutrition-remise-en-forme-fetes\/\" \/>\n<meta property=\"og:locale\" content=\"fr_FR\" \/>\n<meta property=\"og:type\" content=\"article\" \/>\n<meta property=\"og:title\" content=\"Allenamento ad alta intensit\u00e0 e alimentazione: come tornare in forma dopo le feste\" \/>\n<meta property=\"og:description\" content=\"Dieta ferrea o corsi di fitness da soli non bastano: per tornare in forma dopo le feste occorre allenarsi con costanza e modificare il proprio stile di vita\" \/>\n<meta property=\"og:url\" content=\"https:\/\/www.sideaita.it\/fr\/2020\/01\/21\/entrainement-nutrition-remise-en-forme-fetes\/\" \/>\n<meta property=\"og:site_name\" content=\"Sidea | Attrezzatura Fitness Professionale\" \/>\n<meta property=\"article:publisher\" content=\"https:\/\/www.facebook.com\/sideaita\/\" \/>\n<meta property=\"article:published_time\" content=\"2020-01-21T09:06:48+00:00\" \/>\n<meta property=\"article:modified_time\" content=\"2024-06-11T10:52:20+00:00\" \/>\n<meta property=\"og:image\" content=\"https:\/\/www.sideaita.it\/wp-content\/uploads\/2020\/01\/tornare-in-forma-feste-sidea.jpg\" \/>\n\t<meta property=\"og:image:width\" content=\"2500\" \/>\n\t<meta property=\"og:image:height\" content=\"1668\" \/>\n\t<meta property=\"og:image:type\" content=\"image\/jpeg\" \/>\n<meta name=\"author\" content=\"Matteo Zoffoli\" \/>\n<meta name=\"twitter:card\" content=\"summary_large_image\" \/>\n<meta name=\"twitter:label1\" content=\"\u00c9crit par\" \/>\n\t<meta name=\"twitter:data1\" content=\"Matteo Zoffoli\" \/>\n\t<meta name=\"twitter:label2\" content=\"Dur\u00e9e de lecture estim\u00e9e\" \/>\n\t<meta name=\"twitter:data2\" content=\"7 minutes\" \/>\n<script type=\"application\/ld+json\" class=\"yoast-schema-graph\">{\"@context\":\"https:\\\/\\\/schema.org\",\"@graph\":[{\"@type\":\"Article\",\"@id\":\"https:\\\/\\\/www.sideaita.it\\\/2020\\\/01\\\/21\\\/allenamento-alimentazione-tornare-in-forma-feste\\\/#article\",\"isPartOf\":{\"@id\":\"https:\\\/\\\/www.sideaita.it\\\/2020\\\/01\\\/21\\\/allenamento-alimentazione-tornare-in-forma-feste\\\/\"},\"author\":{\"name\":\"Matteo Zoffoli\",\"@id\":\"https:\\\/\\\/www.sideaita.it\\\/#\\\/schema\\\/person\\\/4ceab93f20444cb6d92a52e714e63abb\"},\"headline\":\"Allenamento ad alta intensit\u00e0 e alimentazione: come tornare in forma dopo le feste\",\"datePublished\":\"2020-01-21T09:06:48+00:00\",\"dateModified\":\"2024-06-11T10:52:20+00:00\",\"mainEntityOfPage\":{\"@id\":\"https:\\\/\\\/www.sideaita.it\\\/2020\\\/01\\\/21\\\/allenamento-alimentazione-tornare-in-forma-feste\\\/\"},\"wordCount\":1289,\"commentCount\":1,\"publisher\":{\"@id\":\"https:\\\/\\\/www.sideaita.it\\\/#organization\"},\"image\":{\"@id\":\"https:\\\/\\\/www.sideaita.it\\\/2020\\\/01\\\/21\\\/allenamento-alimentazione-tornare-in-forma-feste\\\/#primaryimage\"},\"thumbnailUrl\":\"https:\\\/\\\/www.sideaita.it\\\/wp-content\\\/uploads\\\/2020\\\/01\\\/tornare-in-forma-feste-sidea.jpg\",\"articleSection\":[\"Lifestyle\"],\"inLanguage\":\"fr-FR\",\"potentialAction\":[{\"@type\":\"CommentAction\",\"name\":\"Comment\",\"target\":[\"https:\\\/\\\/www.sideaita.it\\\/2020\\\/01\\\/21\\\/allenamento-alimentazione-tornare-in-forma-feste\\\/#respond\"]}]},{\"@type\":\"WebPage\",\"@id\":\"https:\\\/\\\/www.sideaita.it\\\/2020\\\/01\\\/21\\\/allenamento-alimentazione-tornare-in-forma-feste\\\/\",\"url\":\"https:\\\/\\\/www.sideaita.it\\\/2020\\\/01\\\/21\\\/allenamento-alimentazione-tornare-in-forma-feste\\\/\",\"name\":\"Allenamento e alimentazione: come tornare in forma dopo le feste - Sidea\",\"isPartOf\":{\"@id\":\"https:\\\/\\\/www.sideaita.it\\\/#website\"},\"primaryImageOfPage\":{\"@id\":\"https:\\\/\\\/www.sideaita.it\\\/2020\\\/01\\\/21\\\/allenamento-alimentazione-tornare-in-forma-feste\\\/#primaryimage\"},\"image\":{\"@id\":\"https:\\\/\\\/www.sideaita.it\\\/2020\\\/01\\\/21\\\/allenamento-alimentazione-tornare-in-forma-feste\\\/#primaryimage\"},\"thumbnailUrl\":\"https:\\\/\\\/www.sideaita.it\\\/wp-content\\\/uploads\\\/2020\\\/01\\\/tornare-in-forma-feste-sidea.jpg\",\"datePublished\":\"2020-01-21T09:06:48+00:00\",\"dateModified\":\"2024-06-11T10:52:20+00:00\",\"description\":\"Dieta ferrea o corsi di fitness da soli non bastano: per tornare in forma dopo le feste occorre allenarsi con costanza e modificare il proprio stile di vita\",\"breadcrumb\":{\"@id\":\"https:\\\/\\\/www.sideaita.it\\\/2020\\\/01\\\/21\\\/allenamento-alimentazione-tornare-in-forma-feste\\\/#breadcrumb\"},\"inLanguage\":\"fr-FR\",\"potentialAction\":[{\"@type\":\"ReadAction\",\"target\":[\"https:\\\/\\\/www.sideaita.it\\\/2020\\\/01\\\/21\\\/allenamento-alimentazione-tornare-in-forma-feste\\\/\"]}]},{\"@type\":\"ImageObject\",\"inLanguage\":\"fr-FR\",\"@id\":\"https:\\\/\\\/www.sideaita.it\\\/2020\\\/01\\\/21\\\/allenamento-alimentazione-tornare-in-forma-feste\\\/#primaryimage\",\"url\":\"https:\\\/\\\/www.sideaita.it\\\/wp-content\\\/uploads\\\/2020\\\/01\\\/tornare-in-forma-feste-sidea.jpg\",\"contentUrl\":\"https:\\\/\\\/www.sideaita.it\\\/wp-content\\\/uploads\\\/2020\\\/01\\\/tornare-in-forma-feste-sidea.jpg\",\"width\":2500,\"height\":1668,\"caption\":\"tornare-in-forma-feste-sidea\"},{\"@type\":\"BreadcrumbList\",\"@id\":\"https:\\\/\\\/www.sideaita.it\\\/2020\\\/01\\\/21\\\/allenamento-alimentazione-tornare-in-forma-feste\\\/#breadcrumb\",\"itemListElement\":[{\"@type\":\"ListItem\",\"position\":1,\"name\":\"Home\",\"item\":\"https:\\\/\\\/www.sideaita.it\\\/\"},{\"@type\":\"ListItem\",\"position\":2,\"name\":\"Allenamento ad alta intensit\u00e0 e alimentazione: come tornare in forma dopo le feste\"}]},{\"@type\":\"WebSite\",\"@id\":\"https:\\\/\\\/www.sideaita.it\\\/#website\",\"url\":\"https:\\\/\\\/www.sideaita.it\\\/\",\"name\":\"Sidea | Attrezzatura Fitness Professionale\",\"description\":\"SIDEA \u2013 Allenati, diventa pi\u00f9 forte, vivi meglio | Attrezzatura professionale per la preparazione fisica ed il functional training. Nata dalla passione per lo sport, sviluppata per le palestre.\",\"publisher\":{\"@id\":\"https:\\\/\\\/www.sideaita.it\\\/#organization\"},\"potentialAction\":[{\"@type\":\"SearchAction\",\"target\":{\"@type\":\"EntryPoint\",\"urlTemplate\":\"https:\\\/\\\/www.sideaita.it\\\/?s={search_term_string}\"},\"query-input\":{\"@type\":\"PropertyValueSpecification\",\"valueRequired\":true,\"valueName\":\"search_term_string\"}}],\"inLanguage\":\"fr-FR\"},{\"@type\":\"Organization\",\"@id\":\"https:\\\/\\\/www.sideaita.it\\\/#organization\",\"name\":\"Sidea Srl\",\"alternateName\":\"Sidea\",\"url\":\"https:\\\/\\\/www.sideaita.it\\\/\",\"logo\":{\"@type\":\"ImageObject\",\"inLanguage\":\"fr-FR\",\"@id\":\"https:\\\/\\\/www.sideaita.it\\\/#\\\/schema\\\/logo\\\/image\\\/\",\"url\":\"https:\\\/\\\/www.sideaita.it\\\/wp-content\\\/uploads\\\/2023\\\/06\\\/cropped-logo-solo-s-1440x1440-1.jpg\",\"contentUrl\":\"https:\\\/\\\/www.sideaita.it\\\/wp-content\\\/uploads\\\/2023\\\/06\\\/cropped-logo-solo-s-1440x1440-1.jpg\",\"width\":512,\"height\":512,\"caption\":\"Sidea Srl\"},\"image\":{\"@id\":\"https:\\\/\\\/www.sideaita.it\\\/#\\\/schema\\\/logo\\\/image\\\/\"},\"sameAs\":[\"https:\\\/\\\/www.facebook.com\\\/sideaita\\\/\",\"https:\\\/\\\/www.instagram.com\\\/sidea_fitness\\\/\",\"https:\\\/\\\/www.linkedin.com\\\/company\\\/sideafitness\\\/\",\"https:\\\/\\\/www.pinterest.it\\\/sideafitness\\\/\",\"https:\\\/\\\/www.youtube.com\\\/user\\\/FitnessIT\\\/\",\"https:\\\/\\\/www.tiktok.com\\\/@sidea_fitness\"],\"description\":\"SIDEA \u2013 Allenati, diventa pi\u00f9 forte, vivi meglio | Attrezzatura professionale per la preparazione fisica ed il functional training. Nata dalla passione per lo sport, sviluppata per le palestre.\",\"email\":\"sidea@sideaita.it\",\"legalName\":\"Sidea Srl\",\"vatID\":\"IT02693190403\",\"taxID\":\"IT02693190403\",\"hasMerchantReturnPolicy\":{\"@type\":\"MerchantReturnPolicy\",\"merchantReturnLink\":\"https:\\\/\\\/www.sideaita.it\\\/fr\\\/termini-condizioni-di-vendita\\\/\"}},{\"@type\":\"Person\",\"@id\":\"https:\\\/\\\/www.sideaita.it\\\/#\\\/schema\\\/person\\\/4ceab93f20444cb6d92a52e714e63abb\",\"name\":\"Matteo Zoffoli\",\"image\":{\"@type\":\"ImageObject\",\"inLanguage\":\"fr-FR\",\"@id\":\"https:\\\/\\\/secure.gravatar.com\\\/avatar\\\/4ae25bb2d4a22208a023467ae99f3b62c223816bd7b13c72521dc154d7b05d78?s=96&d=mm&r=g\",\"url\":\"https:\\\/\\\/secure.gravatar.com\\\/avatar\\\/4ae25bb2d4a22208a023467ae99f3b62c223816bd7b13c72521dc154d7b05d78?s=96&d=mm&r=g\",\"contentUrl\":\"https:\\\/\\\/secure.gravatar.com\\\/avatar\\\/4ae25bb2d4a22208a023467ae99f3b62c223816bd7b13c72521dc154d7b05d78?s=96&d=mm&r=g\",\"caption\":\"Matteo Zoffoli\"},\"url\":\"https:\\\/\\\/www.sideaita.it\\\/fr\\\/author\\\/matteo\\\/\"}]}<\/script>\n<!-- \/ Yoast SEO Premium plugin. -->","yoast_head_json":{"title":"Entra\u00eenement et nutrition : comment retrouver la forme apr\u00e8s les vacances - Sidea","description":"Un r\u00e9gime strict ou des cours de fitness ne suffisent pas : pour retrouver la forme apr\u00e8s les f\u00eates, il faut s'entra\u00eener r\u00e9guli\u00e8rement et modifier son mode de vie.","robots":{"index":"index","follow":"follow","max-snippet":"max-snippet:-1","max-image-preview":"max-image-preview:large","max-video-preview":"max-video-preview:-1"},"canonical":"https:\/\/www.sideaita.it\/fr\/2020\/01\/21\/entrainement-nutrition-remise-en-forme-fetes\/","og_locale":"fr_FR","og_type":"article","og_title":"Allenamento ad alta intensit\u00e0 e alimentazione: come tornare in forma dopo le feste","og_description":"Dieta ferrea o corsi di fitness da soli non bastano: per tornare in forma dopo le feste occorre allenarsi con costanza e modificare il proprio stile di vita","og_url":"https:\/\/www.sideaita.it\/fr\/2020\/01\/21\/entrainement-nutrition-remise-en-forme-fetes\/","og_site_name":"Sidea | Attrezzatura Fitness Professionale","article_publisher":"https:\/\/www.facebook.com\/sideaita\/","article_published_time":"2020-01-21T09:06:48+00:00","article_modified_time":"2024-06-11T10:52:20+00:00","og_image":[{"width":2500,"height":1668,"url":"https:\/\/www.sideaita.it\/wp-content\/uploads\/2020\/01\/tornare-in-forma-feste-sidea.jpg","type":"image\/jpeg"}],"author":"Matteo Zoffoli","twitter_card":"summary_large_image","twitter_misc":{"\u00c9crit par":"Matteo Zoffoli","Dur\u00e9e de lecture estim\u00e9e":"7 minutes"},"schema":{"@context":"https:\/\/schema.org","@graph":[{"@type":"Article","@id":"https:\/\/www.sideaita.it\/2020\/01\/21\/allenamento-alimentazione-tornare-in-forma-feste\/#article","isPartOf":{"@id":"https:\/\/www.sideaita.it\/2020\/01\/21\/allenamento-alimentazione-tornare-in-forma-feste\/"},"author":{"name":"Matteo Zoffoli","@id":"https:\/\/www.sideaita.it\/#\/schema\/person\/4ceab93f20444cb6d92a52e714e63abb"},"headline":"Allenamento ad alta intensit\u00e0 e alimentazione: come tornare in forma dopo le feste","datePublished":"2020-01-21T09:06:48+00:00","dateModified":"2024-06-11T10:52:20+00:00","mainEntityOfPage":{"@id":"https:\/\/www.sideaita.it\/2020\/01\/21\/allenamento-alimentazione-tornare-in-forma-feste\/"},"wordCount":1289,"commentCount":1,"publisher":{"@id":"https:\/\/www.sideaita.it\/#organization"},"image":{"@id":"https:\/\/www.sideaita.it\/2020\/01\/21\/allenamento-alimentazione-tornare-in-forma-feste\/#primaryimage"},"thumbnailUrl":"https:\/\/www.sideaita.it\/wp-content\/uploads\/2020\/01\/tornare-in-forma-feste-sidea.jpg","articleSection":["Lifestyle"],"inLanguage":"fr-FR","potentialAction":[{"@type":"CommentAction","name":"Comment","target":["https:\/\/www.sideaita.it\/2020\/01\/21\/allenamento-alimentazione-tornare-in-forma-feste\/#respond"]}]},{"@type":"WebPage","@id":"https:\/\/www.sideaita.it\/2020\/01\/21\/allenamento-alimentazione-tornare-in-forma-feste\/","url":"https:\/\/www.sideaita.it\/2020\/01\/21\/allenamento-alimentazione-tornare-in-forma-feste\/","name":"Entra\u00eenement et nutrition : comment retrouver la forme apr\u00e8s les vacances - Sidea","isPartOf":{"@id":"https:\/\/www.sideaita.it\/#website"},"primaryImageOfPage":{"@id":"https:\/\/www.sideaita.it\/2020\/01\/21\/allenamento-alimentazione-tornare-in-forma-feste\/#primaryimage"},"image":{"@id":"https:\/\/www.sideaita.it\/2020\/01\/21\/allenamento-alimentazione-tornare-in-forma-feste\/#primaryimage"},"thumbnailUrl":"https:\/\/www.sideaita.it\/wp-content\/uploads\/2020\/01\/tornare-in-forma-feste-sidea.jpg","datePublished":"2020-01-21T09:06:48+00:00","dateModified":"2024-06-11T10:52:20+00:00","description":"Un r\u00e9gime strict ou des cours de fitness ne suffisent pas : pour retrouver la forme apr\u00e8s les f\u00eates, il faut s'entra\u00eener r\u00e9guli\u00e8rement et modifier son mode de vie.","breadcrumb":{"@id":"https:\/\/www.sideaita.it\/2020\/01\/21\/allenamento-alimentazione-tornare-in-forma-feste\/#breadcrumb"},"inLanguage":"fr-FR","potentialAction":[{"@type":"ReadAction","target":["https:\/\/www.sideaita.it\/2020\/01\/21\/allenamento-alimentazione-tornare-in-forma-feste\/"]}]},{"@type":"ImageObject","inLanguage":"fr-FR","@id":"https:\/\/www.sideaita.it\/2020\/01\/21\/allenamento-alimentazione-tornare-in-forma-feste\/#primaryimage","url":"https:\/\/www.sideaita.it\/wp-content\/uploads\/2020\/01\/tornare-in-forma-feste-sidea.jpg","contentUrl":"https:\/\/www.sideaita.it\/wp-content\/uploads\/2020\/01\/tornare-in-forma-feste-sidea.jpg","width":2500,"height":1668,"caption":"tornare-in-forma-feste-sidea"},{"@type":"BreadcrumbList","@id":"https:\/\/www.sideaita.it\/2020\/01\/21\/allenamento-alimentazione-tornare-in-forma-feste\/#breadcrumb","itemListElement":[{"@type":"ListItem","position":1,"name":"Home","item":"https:\/\/www.sideaita.it\/"},{"@type":"ListItem","position":2,"name":"Allenamento ad alta intensit\u00e0 e alimentazione: come tornare in forma dopo le feste"}]},{"@type":"WebSite","@id":"https:\/\/www.sideaita.it\/#website","url":"https:\/\/www.sideaita.it\/","name":"Sidea | \u00c9quipement de fitness professionnel","description":"SIDEA - Train, get stronger, live better | Equipement professionnel pour la pr\u00e9paration physique et l'entra\u00eenement fonctionnel. N\u00e9 d'une passion pour le sport, d\u00e9velopp\u00e9 pour les salles de sport.","publisher":{"@id":"https:\/\/www.sideaita.it\/#organization"},"potentialAction":[{"@type":"SearchAction","target":{"@type":"EntryPoint","urlTemplate":"https:\/\/www.sideaita.it\/?s={search_term_string}"},"query-input":{"@type":"PropertyValueSpecification","valueRequired":true,"valueName":"search_term_string"}}],"inLanguage":"fr-FR"},{"@type":"Organization","@id":"https:\/\/www.sideaita.it\/#organization","name":"Sidea Srl","alternateName":"Sidea","url":"https:\/\/www.sideaita.it\/","logo":{"@type":"ImageObject","inLanguage":"fr-FR","@id":"https:\/\/www.sideaita.it\/#\/schema\/logo\/image\/","url":"https:\/\/www.sideaita.it\/wp-content\/uploads\/2023\/06\/cropped-logo-solo-s-1440x1440-1.jpg","contentUrl":"https:\/\/www.sideaita.it\/wp-content\/uploads\/2023\/06\/cropped-logo-solo-s-1440x1440-1.jpg","width":512,"height":512,"caption":"Sidea Srl"},"image":{"@id":"https:\/\/www.sideaita.it\/#\/schema\/logo\/image\/"},"sameAs":["https:\/\/www.facebook.com\/sideaita\/","https:\/\/www.instagram.com\/sidea_fitness\/","https:\/\/www.linkedin.com\/company\/sideafitness\/","https:\/\/www.pinterest.it\/sideafitness\/","https:\/\/www.youtube.com\/user\/FitnessIT\/","https:\/\/www.tiktok.com\/@sidea_fitness"],"description":"SIDEA - Train, get stronger, live better | Equipement professionnel pour la pr\u00e9paration physique et l'entra\u00eenement fonctionnel. N\u00e9 d'une passion pour le sport, d\u00e9velopp\u00e9 pour les salles de sport.","email":"sidea@sideaita.it","legalName":"Sidea Srl","vatID":"IT02693190403","taxID":"IT02693190403","hasMerchantReturnPolicy":{"@type":"MerchantReturnPolicy","merchantReturnLink":"https:\/\/www.sideaita.it\/fr\/termini-condizioni-di-vendita\/"}},{"@type":"Person","@id":"https:\/\/www.sideaita.it\/#\/schema\/person\/4ceab93f20444cb6d92a52e714e63abb","name":"Matteo Zoffoli","image":{"@type":"ImageObject","inLanguage":"fr-FR","@id":"https:\/\/secure.gravatar.com\/avatar\/4ae25bb2d4a22208a023467ae99f3b62c223816bd7b13c72521dc154d7b05d78?s=96&d=mm&r=g","url":"https:\/\/secure.gravatar.com\/avatar\/4ae25bb2d4a22208a023467ae99f3b62c223816bd7b13c72521dc154d7b05d78?s=96&d=mm&r=g","contentUrl":"https:\/\/secure.gravatar.com\/avatar\/4ae25bb2d4a22208a023467ae99f3b62c223816bd7b13c72521dc154d7b05d78?s=96&d=mm&r=g","caption":"Matteo Zoffoli"},"url":"https:\/\/www.sideaita.it\/fr\/author\/matteo\/"}]}},"_links":{"self":[{"href":"https:\/\/www.sideaita.it\/fr\/wp-json\/wp\/v2\/posts\/65954","targetHints":{"allow":["GET"]}}],"collection":[{"href":"https:\/\/www.sideaita.it\/fr\/wp-json\/wp\/v2\/posts"}],"about":[{"href":"https:\/\/www.sideaita.it\/fr\/wp-json\/wp\/v2\/types\/post"}],"author":[{"embeddable":true,"href":"https:\/\/www.sideaita.it\/fr\/wp-json\/wp\/v2\/users\/5"}],"replies":[{"embeddable":true,"href":"https:\/\/www.sideaita.it\/fr\/wp-json\/wp\/v2\/comments?post=65954"}],"version-history":[{"count":2,"href":"https:\/\/www.sideaita.it\/fr\/wp-json\/wp\/v2\/posts\/65954\/revisions"}],"predecessor-version":[{"id":326283,"href":"https:\/\/www.sideaita.it\/fr\/wp-json\/wp\/v2\/posts\/65954\/revisions\/326283"}],"wp:featuredmedia":[{"embeddable":true,"href":"https:\/\/www.sideaita.it\/fr\/wp-json\/wp\/v2\/media\/65958"}],"wp:attachment":[{"href":"https:\/\/www.sideaita.it\/fr\/wp-json\/wp\/v2\/media?parent=65954"}],"wp:term":[{"taxonomy":"category","embeddable":true,"href":"https:\/\/www.sideaita.it\/fr\/wp-json\/wp\/v2\/categories?post=65954"},{"taxonomy":"post_tag","embeddable":true,"href":"https:\/\/www.sideaita.it\/fr\/wp-json\/wp\/v2\/tags?post=65954"}],"curies":[{"name":"wp","href":"https:\/\/api.w.org\/{rel}","templated":true}]}}